{"id":183247,"date":"2024-12-05T14:24:26","date_gmt":"2024-12-05T19:24:26","guid":{"rendered":"https:\/\/news.canadamotorjobs.com\/?p=183247"},"modified":"2024-12-05T14:29:37","modified_gmt":"2024-12-05T19:29:37","slug":"une-nouvelle-defaite-juridique-pour-elon-musk","status":"publish","type":"post","link":"https:\/\/news.canadamotorjobs.com\/fr\/une-nouvelle-defaite-juridique-pour-elon-musk\/","title":{"rendered":"Une nouvelle d\u00e9faite juridique pour Elon Musk"},"content":{"rendered":"<\/p>\n<p>L\u2019entente salariale colossale d\u2019Elon Musk, le directeur g\u00e9n\u00e9ral de Tesla, a \u00e9t\u00e9 rejet\u00e9e une nouvelle fois par un juge du Delaware, malgr\u00e9 l\u2019approbation des actionnaires lors du vote de juin dernier. Ce dernier validait des options d\u2019achat d\u2019actions d\u2019une valeur d\u2019environ 100 milliards en fonction du prix de cl\u00f4ture des actions de Tesla au 2 d\u00e9cembre.<\/p>\n<p><strong>Le rejet de la motion par la juge McCormick<\/strong><\/p>\n<p>Dans sa d\u00e9cision du 2 d\u00e9cembre, la juge Kathaleen McCormick, de la Cour de Chancellerie du Delaware, a rejet\u00e9 la motion de r\u00e9vision formul\u00e9e par Tesla. Elle a pr\u00e9cis\u00e9 que le vote des actionnaires en faveur de la compensation salariale, qui avait eu lieu cet \u00e9t\u00e9, ne modifiait pas sa premi\u00e8re d\u00e9cision.<\/p>\n<p>La juge avait d\u00e9j\u00e0 statu\u00e9, en janvier, que le forfait propos\u00e9 \u00e0 Musk \u00e9tait excessif et inappropri\u00e9, notamment en raison du manque d\u2019ind\u00e9pendance du conseil d\u2019administration de Tesla par rapport \u00e0 son dirigeant.<\/p>\n<p><strong>La r\u00e9action d\u2019Elon Musk<\/strong><\/p>\n<p>\u00c0 l\u2019issue de cette nouvelle d\u00e9cision judiciaire, le principal int\u00e9ress\u00e9 n\u2019a pas tard\u00e9 \u00e0 r\u00e9agir. Sur le r\u00e9seau social X (anciennement Twitter) qu\u2019il poss\u00e8de, il a exprim\u00e9 son m\u00e9contentement : \u00ab Corruption absolue \u00bb.<\/p>\n<p><strong>Une somme astronomique<\/strong><\/p>\n<p>Initialement, l\u2019entente salariale accord\u00e9e \u00e0 Musk en 2018 \u00e9tait \u00e9valu\u00e9e \u00e0 2,6 milliards. Cependant, la juge McCormick avait annul\u00e9 cette offre en janvier, en raison de son caract\u00e8re excessif. Depuis, la valeur des actions de Tesla a fortement augment\u00e9, et le forfait a maintenant atteint une somme astronomique, culminant \u00e0 56 milliards.<\/p>\n<p><\/p>\n<figure><img decoding=\"async\" src=\"https:\/\/news.canadamotorjobs.com\/wp-content\/uploads\/2024\/12\/Tesla_Factory_FB_Image-5.jpg\" alt=\"Une usine Tesla\" \/><figcaption>Une usine Tesla | Auto123.com<\/figcaption><\/figure>\n<p>Tesla n\u2019a pas comment\u00e9 la d\u00e9cision judiciaire, mais a fait part de son m\u00e9contentement sur X, o\u00f9 elle a affirm\u00e9 : \u00ab Un juge du Delaware a annul\u00e9 une super majorit\u00e9 des actionnaires de Tesla qui avaient vot\u00e9 \u00e0 deux reprises pour r\u00e9mun\u00e9rer Elon Musk \u00e0 la hauteur de sa valeur. \u00bb<\/p>\n<p><strong>Les arguments des avocats de Tesla<\/strong><\/p>\n<p>Les avocats d\u2019Elon Musk ont demand\u00e9 \u00e0 la cour de r\u00e9viser sa d\u00e9cision, arguant que la volont\u00e9 des actionnaires devait l\u2019emporter sur celle du juge. Dans leur argumentation, ils ont soulign\u00e9 que la majorit\u00e9 des actionnaires (77 %) avait soutenu la proposition, et ont estim\u00e9 que cette d\u00e9cision devait \u00eatre prise en compte par le tribunal.<\/p>\n<p>Toutefois, la juge McCormick a maintenu sa position, estimant que permettre \u00e0 une partie perdante de cr\u00e9er de nouveaux faits pour r\u00e9viser un jugement serait dangereux et entra\u00eenerait des litiges interminables.<\/p>\n<p>En outre, la juge a ordonn\u00e9 \u00e0 Tesla de payer les frais d\u2019avocats des plaignants dans cette affaire \u00e0 hauteur de 345 millions, bien que ces derniers aient initialement r\u00e9clam\u00e9 6 milliards.<\/p>\n<p><strong>Une situation complexe pour Tesla et ses actionnaires<\/strong><\/p>\n<p>Cette d\u00e9cision intervient apr\u00e8s que la fortune personnelle d\u2019Elon Musk a atteint un niveau record, d\u00e9passant les 340,4 milliards qu\u2019il avait accumul\u00e9s en novembre 2021. La mont\u00e9e en fl\u00e8che du cours de l\u2019action Tesla, combin\u00e9e \u00e0 l\u2019impact de la relation du directeur g\u00e9n\u00e9ral avec le pr\u00e9sident d\u00e9sign\u00e9, dont il est conseill\u00e9, a contribu\u00e9 \u00e0 cette croissance de sa richesse.<\/p>\n<p>Ce rejet par la cour pourrait avoir des implications importantes pour la gouvernance de Tesla et la mani\u00e8re dont l\u2019entreprise sera dirig\u00e9e \u00e0 l\u2019avenir.<\/p>\n<p><strong>Vers un appel ?<\/strong><\/p>\n<p>Tesla a annonc\u00e9 son intention de faire appel de cette d\u00e9cision, soulignant que la d\u00e9cision de la cour pourrait affaiblir l\u2019autorit\u00e9 des actionnaires dans les entreprises du Delaware, en faveur des juges et des avocats des plaignants.<\/p>\n<p><\/p>\n<p style=\"padding-top: 15px\">Contenu original de <a href=\"https:\/\/www.auto123.com\/fr\/actualites\/rejet-compensation-salarial-musk-juge\/72143\/\">auto123<\/a>.<\/p>\n<p>Le texte <a rel=\"nofollow\" href=\"https:\/\/annuelauto.ca\/une-nouvelle-defaite-juridique-pour-elon-musk\/\">Une nouvelle d\u00e9faite juridique pour Elon Musk<\/a> provient de <a rel=\"nofollow\" href=\"https:\/\/annuelauto.ca\">L&#8217;annuel de l&#8217;automobile &#8211; Actualit\u00e9 automobile<\/a><\/p>\n<p><\/p>\n","protected":false},"excerpt":{"rendered":"<p>L\u2019entente salariale colossale d\u2019Elon Musk, le directeur g\u00e9n\u00e9ral de Tesla, a \u00e9t\u00e9 rejet\u00e9e une nouvelle fois par un juge du Delaware, malgr\u00e9 l\u2019approbation des actionnaires lors du vote de juin dernier. Ce dernier validait des options d\u2019achat d\u2019actions d\u2019une valeur d\u2019environ 100 milliards en fonction du prix de cl\u00f4ture des actions de Tesla au 2 [&hellip;]<\/p>\n","protected":false},"author":8,"featured_media":183249,"comment_status":"close","ping_status":"closed","sticky":false,"template":"","format":"standard","meta":{"_monsterinsights_skip_tracking":false,"_monsterinsights_sitenote_active":false,"_monsterinsights_sitenote_note":"","_monsterinsights_sitenote_category":0,"footnotes":""},"categories":[101],"tags":[],"yoast_head":"<!-- This site is optimized with the Yoast SEO plugin v23.2 - https:\/\/yoast.com\/wordpress\/plugins\/seo\/ -->\n<title>Une nouvelle d\u00e9faite juridique pour Elon Musk - CanadaMotorJobs.com<\/title>\n<meta name=\"description\" content=\"Une nouvelle d\u00e9faite juridique pour Elon Musk - Benoit Charette - Annuel automobile - CanadaMotorJobs.com.\" \/>\n<meta name=\"robots\" content=\"index, follow, max-snippet:-1, max-image-preview:large, max-video-preview:-1\" \/>\n<meta property=\"og:locale\" content=\"fr_CA\" \/>\n<meta property=\"og:type\" content=\"article\" \/>\n<meta property=\"og:title\" content=\"Une nouvelle d\u00e9faite juridique pour Elon Musk - CanadaMotorJobs.com\" \/>\n<meta property=\"og:description\" content=\"Une nouvelle d\u00e9faite juridique pour Elon Musk - Benoit Charette - Annuel automobile - CanadaMotorJobs.com.\" \/>\n<meta property=\"og:url\" content=\"https:\/\/news.canadamotorjobs.com\/fr\/une-nouvelle-defaite-juridique-pour-elon-musk\/\" \/>\n<meta property=\"og:site_name\" content=\"CanadaMotorJobs.com\" \/>\n<meta property=\"article:publisher\" content=\"https:\/\/www.facebook.com\/canadamotorjobs\/\" \/>\n<meta property=\"article:published_time\" content=\"2024-12-05T19:24:26+00:00\" \/>\n<meta property=\"article:modified_time\" content=\"2024-12-05T19:29:37+00:00\" \/>\n<meta property=\"og:image\" content=\"https:\/\/news.canadamotorjobs.com\/wp-content\/uploads\/2024\/12\/Tesla_Factory_FB_Image.jpg\" \/>\n\t<meta property=\"og:image:width\" content=\"1200\" \/>\n\t<meta property=\"og:image:height\" content=\"617\" \/>\n\t<meta property=\"og:image:type\" content=\"image\/jpeg\" \/>\n<meta name=\"author\" content=\"Benoit Charette\" \/>\n<meta name=\"twitter:card\" content=\"summary_large_image\" \/>\n<meta name=\"twitter:creator\" content=\"@canadamotorjobs\" \/>\n<meta name=\"twitter:site\" content=\"@canadamotorjobs\" \/>\n<meta name=\"twitter:label1\" content=\"\u00c9crit par\" \/>\n\t<meta name=\"twitter:data1\" content=\"Benoit Charette\" \/>\n\t<meta name=\"twitter:label2\" content=\"Estimation du temps de lecture\" \/>\n\t<meta name=\"twitter:data2\" content=\"3 minutes\" \/>\n<!-- \/ Yoast SEO plugin. -->","yoast_head_json":{"title":"Une nouvelle d\u00e9faite juridique pour Elon Musk - CanadaMotorJobs.com","description":"Une nouvelle d\u00e9faite juridique pour Elon Musk - Benoit Charette - Annuel automobile - CanadaMotorJobs.com.","robots":{"index":"index","follow":"follow","max-snippet":"max-snippet:-1","max-image-preview":"max-image-preview:large","max-video-preview":"max-video-preview:-1"},"og_locale":"fr_CA","og_type":"article","og_title":"Une nouvelle d\u00e9faite juridique pour Elon Musk - CanadaMotorJobs.com","og_description":"Une nouvelle d\u00e9faite juridique pour Elon Musk - Benoit Charette - Annuel automobile - CanadaMotorJobs.com.","og_url":"https:\/\/news.canadamotorjobs.com\/fr\/une-nouvelle-defaite-juridique-pour-elon-musk\/","og_site_name":"CanadaMotorJobs.com","article_publisher":"https:\/\/www.facebook.com\/canadamotorjobs\/","article_published_time":"2024-12-05T19:24:26+00:00","article_modified_time":"2024-12-05T19:29:37+00:00","og_image":[{"width":1200,"height":617,"url":"https:\/\/news.canadamotorjobs.com\/wp-content\/uploads\/2024\/12\/Tesla_Factory_FB_Image.jpg","type":"image\/jpeg"}],"author":"Benoit Charette","twitter_card":"summary_large_image","twitter_creator":"@canadamotorjobs","twitter_site":"@canadamotorjobs","twitter_misc":{"\u00c9crit par":"Benoit Charette","Estimation du temps de lecture":"3 minutes"},"schema":{"@context":"https:\/\/schema.org","@graph":[{"@type":"Article","@id":"https:\/\/news.canadamotorjobs.com\/fr\/une-nouvelle-defaite-juridique-pour-elon-musk\/#article","isPartOf":{"@id":"https:\/\/news.canadamotorjobs.com\/fr\/une-nouvelle-defaite-juridique-pour-elon-musk\/"},"author":{"name":"Benoit Charette","@id":"https:\/\/news.canadamotorjobs.com\/#\/schema\/person\/51793d1f87d44011d7bcc2ed99269a90"},"headline":"Une nouvelle d\u00e9faite juridique pour Elon Musk","datePublished":"2024-12-05T19:24:26+00:00","dateModified":"2024-12-05T19:29:37+00:00","mainEntityOfPage":{"@id":"https:\/\/news.canadamotorjobs.com\/fr\/une-nouvelle-defaite-juridique-pour-elon-musk\/"},"wordCount":629,"publisher":{"@id":"https:\/\/news.canadamotorjobs.com\/#organization"},"image":{"@id":"https:\/\/news.canadamotorjobs.com\/fr\/une-nouvelle-defaite-juridique-pour-elon-musk\/#primaryimage"},"thumbnailUrl":"https:\/\/news.canadamotorjobs.com\/wp-content\/uploads\/2024\/12\/Tesla_Factory_FB_Image.jpg","articleSection":["Annuel automobile"],"inLanguage":"fr-CA"},{"@type":"WebPage","@id":"https:\/\/news.canadamotorjobs.com\/fr\/une-nouvelle-defaite-juridique-pour-elon-musk\/","url":"https:\/\/news.canadamotorjobs.com\/fr\/une-nouvelle-defaite-juridique-pour-elon-musk\/","name":"Une nouvelle d\u00e9faite juridique pour Elon Musk - CanadaMotorJobs.com","isPartOf":{"@id":"https:\/\/news.canadamotorjobs.com\/#website"},"primaryImageOfPage":{"@id":"https:\/\/news.canadamotorjobs.com\/fr\/une-nouvelle-defaite-juridique-pour-elon-musk\/#primaryimage"},"image":{"@id":"https:\/\/news.canadamotorjobs.com\/fr\/une-nouvelle-defaite-juridique-pour-elon-musk\/#primaryimage"},"thumbnailUrl":"https:\/\/news.canadamotorjobs.com\/wp-content\/uploads\/2024\/12\/Tesla_Factory_FB_Image.jpg","datePublished":"2024-12-05T19:24:26+00:00","dateModified":"2024-12-05T19:29:37+00:00","description":"Une nouvelle d\u00e9faite juridique pour Elon Musk - Benoit Charette - Annuel automobile - CanadaMotorJobs.com.","breadcrumb":{"@id":"https:\/\/news.canadamotorjobs.com\/fr\/une-nouvelle-defaite-juridique-pour-elon-musk\/#breadcrumb"},"inLanguage":"fr-CA","potentialAction":[{"@type":"ReadAction","target":["https:\/\/news.canadamotorjobs.com\/fr\/une-nouvelle-defaite-juridique-pour-elon-musk\/"]}]},{"@type":"ImageObject","inLanguage":"fr-CA","@id":"https:\/\/news.canadamotorjobs.com\/fr\/une-nouvelle-defaite-juridique-pour-elon-musk\/#primaryimage","url":"https:\/\/news.canadamotorjobs.com\/wp-content\/uploads\/2024\/12\/Tesla_Factory_FB_Image.jpg","contentUrl":"https:\/\/news.canadamotorjobs.com\/wp-content\/uploads\/2024\/12\/Tesla_Factory_FB_Image.jpg","width":1200,"height":617},{"@type":"BreadcrumbList","@id":"https:\/\/news.canadamotorjobs.com\/fr\/une-nouvelle-defaite-juridique-pour-elon-musk\/#breadcrumb","itemListElement":[{"@type":"ListItem","position":1,"name":"Home","item":"https:\/\/news.canadamotorjobs.com\/fr\/blog\/"},{"@type":"ListItem","position":2,"name":"Une nouvelle d\u00e9faite juridique pour Elon Musk"}]},{"@type":"WebSite","@id":"https:\/\/news.canadamotorjobs.com\/#website","url":"https:\/\/news.canadamotorjobs.com\/","name":"CanadaMotorJobs.com","description":"Automotive Jobs","publisher":{"@id":"https:\/\/news.canadamotorjobs.com\/#organization"},"potentialAction":[{"@type":"SearchAction","target":{"@type":"EntryPoint","urlTemplate":"https:\/\/news.canadamotorjobs.com\/?s={search_term_string}"},"query-input":"required name=search_term_string"}],"inLanguage":"fr-CA"},{"@type":"Organization","@id":"https:\/\/news.canadamotorjobs.com\/#organization","name":"Canada Motor Jobs","url":"https:\/\/news.canadamotorjobs.com\/","logo":{"@type":"ImageObject","inLanguage":"fr-CA","@id":"https:\/\/news.canadamotorjobs.com\/#\/schema\/logo\/image\/","url":"https:\/\/news.canadamotorjobs.com\/wp-content\/uploads\/2022\/10\/logo-canada-motor-jobs-1.png","contentUrl":"https:\/\/news.canadamotorjobs.com\/wp-content\/uploads\/2022\/10\/logo-canada-motor-jobs-1.png","width":800,"height":400,"caption":"Canada Motor Jobs"},"image":{"@id":"https:\/\/news.canadamotorjobs.com\/#\/schema\/logo\/image\/"},"sameAs":["https:\/\/www.facebook.com\/canadamotorjobs\/","https:\/\/x.com\/canadamotorjobs","https:\/\/www.instagram.com\/canadamotorjobs\/","https:\/\/www.linkedin.com\/company\/canadamotorjobs"]},{"@type":"Person","@id":"https:\/\/news.canadamotorjobs.com\/#\/schema\/person\/51793d1f87d44011d7bcc2ed99269a90","name":"Benoit Charette","image":{"@type":"ImageObject","inLanguage":"fr-CA","@id":"https:\/\/news.canadamotorjobs.com\/#\/schema\/person\/image\/","url":"https:\/\/secure.gravatar.com\/avatar\/45f3d2eebcccd909668d7ce7ea7267b6?s=96&d=mm&r=g","contentUrl":"https:\/\/secure.gravatar.com\/avatar\/45f3d2eebcccd909668d7ce7ea7267b6?s=96&d=mm&r=g","caption":"Benoit Charette"},"description":"Benoit Charette \/ Propri\u00e9taire et r\u00e9dacteur en chef Benoit Charette pratique le journalisme automobile depuis bient\u00f4t 30 ans. Il a fait ses classes au c\u00f4t\u00e9 de Daniel H\u00e9raud et au Carnet de route de 1992 \u00e0 2001. Il est fondateur, copropri\u00e9taire et r\u00e9dacteur en chef de L\u2019Annuel de l\u2019automobile, qu\u2019il publie depuis 2001. Il a anim\u00e9 les \u00e9missions RPM et RPM+ sur V et les L\u00e9gendes de la route sur Historia. \u00c0 la radio depuis 1986, il reprend l\u2019antenne cette ann\u00e9e sur les ondes de Cogeco et participe pour la deuxi\u00e8me ann\u00e9e \u00e0 l\u2019\u00e9mission Passion Auto sur RDS en plus de mettre en ligne le site Web officiel de L\u2019Annuel de l\u2019automobile sur annuelauto.ca.","sameAs":["https:\/\/annuelauto.ca\/"],"url":"https:\/\/news.canadamotorjobs.com\/fr\/author\/benoit-charette\/"}]}},"_links":{"self":[{"href":"https:\/\/news.canadamotorjobs.com\/fr\/wp-json\/wp\/v2\/posts\/183247"}],"collection":[{"href":"https:\/\/news.canadamotorjobs.com\/fr\/wp-json\/wp\/v2\/posts"}],"about":[{"href":"https:\/\/news.canadamotorjobs.com\/fr\/wp-json\/wp\/v2\/types\/post"}],"author":[{"embeddable":true,"href":"https:\/\/news.canadamotorjobs.com\/fr\/wp-json\/wp\/v2\/users\/8"}],"replies":[{"embeddable":true,"href":"https:\/\/news.canadamotorjobs.com\/fr\/wp-json\/wp\/v2\/comments?post=183247"}],"version-history":[{"count":3,"href":"https:\/\/news.canadamotorjobs.com\/fr\/wp-json\/wp\/v2\/posts\/183247\/revisions"}],"predecessor-version":[{"id":183274,"href":"https:\/\/news.canadamotorjobs.com\/fr\/wp-json\/wp\/v2\/posts\/183247\/revisions\/183274"}],"wp:featuredmedia":[{"embeddable":true,"href":"https:\/\/news.canadamotorjobs.com\/fr\/wp-json\/wp\/v2\/media\/183249"}],"wp:attachment":[{"href":"https:\/\/news.canadamotorjobs.com\/fr\/wp-json\/wp\/v2\/media?parent=183247"}],"wp:term":[{"taxonomy":"category","embeddable":true,"href":"https:\/\/news.canadamotorjobs.com\/fr\/wp-json\/wp\/v2\/categories?post=183247"},{"taxonomy":"post_tag","embeddable":true,"href":"https:\/\/news.canadamotorjobs.com\/fr\/wp-json\/wp\/v2\/tags?post=183247"}],"curies":[{"name":"wp","href":"https:\/\/api.w.org\/{rel}","templated":true}]}}