{"id":183135,"date":"2024-12-05T14:24:27","date_gmt":"2024-12-05T19:24:27","guid":{"rendered":"https:\/\/news.canadamotorjobs.com\/?p=183135"},"modified":"2024-12-05T14:28:56","modified_gmt":"2024-12-05T19:28:56","slug":"neuf-usines-a-larret-chez-volkswagen-en-allemagne","status":"publish","type":"post","link":"https:\/\/news.canadamotorjobs.com\/fr\/neuf-usines-a-larret-chez-volkswagen-en-allemagne\/","title":{"rendered":"Neuf usines \u00e0 l\u2019arr\u00eat chez Volkswagen en Allemagne"},"content":{"rendered":"<\/p>\n<p>Les employ\u00e9s de neuf usines allemandes de Volkswagen ont cess\u00e9 le travail ce lundi lors de gr\u00e8ves de deux heures, bloquant les cha\u00eenes de montage. Ces actions surviennent dans un contexte de profond d\u00e9saccord entre la direction et les syndicats sur l\u2019avenir du plus grand constructeur automobile d\u2019Europe.<\/p>\n<p>Le mouvement social a d\u00e9but\u00e9 dans les usines de Wolfsburg, si\u00e8ge historique de Volkswagen, et s\u2019\u00e9tend \u00e0 d\u2019autres sites cl\u00e9s, comme ceux de Hanovre et de Zwickau, o\u00f9 la production est enti\u00e8rement consacr\u00e9e aux v\u00e9hicules \u00e9lectriques.<\/p>\n<p>Des tensions exacerb\u00e9es par des baisses de salaire et des menaces de fermeture<\/p>\n<p>La col\u00e8re des travailleurs fait suite \u00e0 l\u2019annonce de la direction qui demande une r\u00e9duction de 10 % des salaires et envisage la fermeture de plusieurs sites en Allemagne, une premi\u00e8re en 87 ans d\u2019histoire. Volkswagen justifie ces mesures par la n\u00e9cessit\u00e9 de r\u00e9duire les co\u00fbts face \u00e0 une faible demande, une transition \u00e9lectrique plus lente que pr\u00e9vu et la concurrence f\u00e9roce des constructeurs chinois.<\/p>\n<p>Daniela Cavallo, pr\u00e9sidente du conseil d\u2019entreprise de Volkswagen, a affirm\u00e9 que ces propositions franchissent les \u00ab lignes rouges \u00bb des employ\u00e9s, en ajoutant que les fermetures d\u2019usines et les licenciements massifs sont inacceptables.<\/p>\n<p><\/p>\n<figure><img decoding=\"async\" src=\"https:\/\/news.canadamotorjobs.com\/wp-content\/uploads\/2024\/12\/volkwagen-wolfburg-plant-001-5.jpg\" alt=\"Dans l&#039;usine de Volkswagen \u00e0 Wolfsburg\" \/><figcaption>Dans l&#8217;usine de Volkswagen \u00e0 Wolfsburg | Auto123.com<\/figcaption><\/figure>\n<p><strong><\/strong><\/p>\n<p><strong>Un impact \u00e9conomique et industriel majeur<\/strong><\/p>\n<p>La gr\u00e8ve a entra\u00een\u00e9 l\u2019arr\u00eat de la production de centaines de v\u00e9hicules, dont la c\u00e9l\u00e8bre Golf, \u00e0 Wolfsburg, o\u00f9 70 000 personnes travaillent. Ces interruptions, qui pourraient s\u2019intensifier avec des gr\u00e8ves prolong\u00e9es ou illimit\u00e9es, risquent d\u2019aggraver la chute de la production de Volkswagen, d\u00e9j\u00e0 affect\u00e9e par une baisse des livraisons et des b\u00e9n\u00e9fices.<\/p>\n<p>Thorsten Groeger, n\u00e9gociateur pour le syndicat IG Metall, a d\u00e9clar\u00e9 ceci sur un ton qui ne laisse aucun doute sur les intentions du groupe :<\/p>\n<p>\u00ab Ignorer les travailleurs, c\u2019est de jouer avec le feu et nous savons transformer des \u00e9tincelles en flammes. \u00bb<\/p>\n<p><strong>Une mobilisation qui d\u00e9nonce une gestion jug\u00e9e in\u00e9quitable<\/strong><\/p>\n<p>Les gr\u00e9vistes reprochent \u00e0 la direction de faire porter le poids des erreurs strat\u00e9giques sur les employ\u00e9s. Sascha Dudzik, repr\u00e9sentant syndical, a notamment critiqu\u00e9 les cons\u00e9quences du scandale du diesel et le retard pris face aux concurrents chinois, plus innovants.<\/p>\n<p>\u00ab Ce ne sont pas les travailleurs qui ont pris ces d\u00e9cisions, mais les millionnaires \u00e0 la t\u00eate de Volkswagen \u00bb, a-t-il d\u00e9clar\u00e9 devant des manifestants \u00e0 Hanovre.<\/p>\n<p><strong><\/strong><\/p>\n<p><strong>Une solution encore incertaine<\/strong><\/p>\n<p>La quatri\u00e8me s\u00e9ance de n\u00e9gociations pr\u00e9vue le 9 d\u00e9cembre sera cruciale pour trouver un terrain d\u2019entente. Cependant, les premiers signaux envoy\u00e9s par la direction laissent peu d\u2019espoir d\u2019apaisement.<\/p>\n<p>Si aucun accord n\u2019est trouv\u00e9, la crise pourrait s\u2019intensifier, mena\u00e7ant non seulement l\u2019avenir de Volkswagen en Allemagne, mais aussi la stabilit\u00e9 de l\u2019ensemble de l\u2019industrie automobile europ\u00e9enne.<\/p>\n<p><\/p>\n<p style=\"padding-top: 15px\">Contenu original de <a href=\"https:\/\/www.auto123.com\/fr\/actualites\/greves-volkswagen-usines-fermees-allemagne\/72136\/\">auto123<\/a>.<\/p>\n<p>Le texte <a rel=\"nofollow\" href=\"https:\/\/annuelauto.ca\/neuf-usines-a-larret-chez-volkswagen-en-allemagne\/\">Neuf usines \u00e0 l\u2019arr\u00eat chez Volkswagen en Allemagne<\/a> provient de <a rel=\"nofollow\" href=\"https:\/\/annuelauto.ca\">L&#8217;annuel de l&#8217;automobile &#8211; Actualit\u00e9 automobile<\/a><\/p>\n<p><\/p>\n","protected":false},"excerpt":{"rendered":"<p>Les employ\u00e9s de neuf usines allemandes de Volkswagen ont cess\u00e9 le travail ce lundi lors de gr\u00e8ves de deux heures, bloquant les cha\u00eenes de montage. Ces actions surviennent dans un contexte de profond d\u00e9saccord entre la direction et les syndicats sur l\u2019avenir du plus grand constructeur automobile d\u2019Europe. Le mouvement social a d\u00e9but\u00e9 dans les [&hellip;]<\/p>\n","protected":false},"author":8,"featured_media":183137,"comment_status":"close","ping_status":"closed","sticky":false,"template":"","format":"standard","meta":{"_monsterinsights_skip_tracking":false,"_monsterinsights_sitenote_active":false,"_monsterinsights_sitenote_note":"","_monsterinsights_sitenote_category":0,"footnotes":""},"categories":[101],"tags":[],"yoast_head":"<!-- This site is optimized with the Yoast SEO plugin v23.2 - https:\/\/yoast.com\/wordpress\/plugins\/seo\/ -->\n<title>Neuf usines \u00e0 l\u2019arr\u00eat chez Volkswagen en Allemagne - CanadaMotorJobs.com<\/title>\n<meta name=\"description\" content=\"Neuf usines \u00e0 l\u2019arr\u00eat chez Volkswagen en Allemagne - Benoit Charette - Annuel automobile - CanadaMotorJobs.com.\" \/>\n<meta name=\"robots\" content=\"index, follow, max-snippet:-1, max-image-preview:large, max-video-preview:-1\" \/>\n<meta property=\"og:locale\" content=\"fr_CA\" \/>\n<meta property=\"og:type\" content=\"article\" \/>\n<meta property=\"og:title\" content=\"Neuf usines \u00e0 l\u2019arr\u00eat chez Volkswagen en Allemagne - CanadaMotorJobs.com\" \/>\n<meta property=\"og:description\" content=\"Neuf usines \u00e0 l\u2019arr\u00eat chez Volkswagen en Allemagne - Benoit Charette - Annuel automobile - CanadaMotorJobs.com.\" \/>\n<meta property=\"og:url\" content=\"https:\/\/news.canadamotorjobs.com\/fr\/neuf-usines-a-larret-chez-volkswagen-en-allemagne\/\" \/>\n<meta property=\"og:site_name\" content=\"CanadaMotorJobs.com\" \/>\n<meta property=\"article:publisher\" content=\"https:\/\/www.facebook.com\/canadamotorjobs\/\" \/>\n<meta property=\"article:published_time\" content=\"2024-12-05T19:24:27+00:00\" \/>\n<meta property=\"article:modified_time\" content=\"2024-12-05T19:28:56+00:00\" \/>\n<meta property=\"og:image\" content=\"https:\/\/news.canadamotorjobs.com\/wp-content\/uploads\/2024\/12\/volkwagen-wolfburg-plant-001.jpg\" \/>\n\t<meta property=\"og:image:width\" content=\"1200\" \/>\n\t<meta property=\"og:image:height\" content=\"800\" \/>\n\t<meta property=\"og:image:type\" content=\"image\/jpeg\" \/>\n<meta name=\"author\" content=\"Benoit Charette\" \/>\n<meta name=\"twitter:card\" content=\"summary_large_image\" \/>\n<meta name=\"twitter:creator\" content=\"@canadamotorjobs\" \/>\n<meta name=\"twitter:site\" content=\"@canadamotorjobs\" \/>\n<meta name=\"twitter:label1\" content=\"\u00c9crit par\" \/>\n\t<meta name=\"twitter:data1\" content=\"Benoit Charette\" \/>\n\t<meta name=\"twitter:label2\" content=\"Estimation du temps de lecture\" \/>\n\t<meta name=\"twitter:data2\" content=\"3 minutes\" \/>\n<!-- \/ Yoast SEO plugin. -->","yoast_head_json":{"title":"Neuf usines \u00e0 l\u2019arr\u00eat chez Volkswagen en Allemagne - CanadaMotorJobs.com","description":"Neuf usines \u00e0 l\u2019arr\u00eat chez Volkswagen en Allemagne - Benoit Charette - Annuel automobile - CanadaMotorJobs.com.","robots":{"index":"index","follow":"follow","max-snippet":"max-snippet:-1","max-image-preview":"max-image-preview:large","max-video-preview":"max-video-preview:-1"},"og_locale":"fr_CA","og_type":"article","og_title":"Neuf usines \u00e0 l\u2019arr\u00eat chez Volkswagen en Allemagne - CanadaMotorJobs.com","og_description":"Neuf usines \u00e0 l\u2019arr\u00eat chez Volkswagen en Allemagne - Benoit Charette - Annuel automobile - CanadaMotorJobs.com.","og_url":"https:\/\/news.canadamotorjobs.com\/fr\/neuf-usines-a-larret-chez-volkswagen-en-allemagne\/","og_site_name":"CanadaMotorJobs.com","article_publisher":"https:\/\/www.facebook.com\/canadamotorjobs\/","article_published_time":"2024-12-05T19:24:27+00:00","article_modified_time":"2024-12-05T19:28:56+00:00","og_image":[{"width":1200,"height":800,"url":"https:\/\/news.canadamotorjobs.com\/wp-content\/uploads\/2024\/12\/volkwagen-wolfburg-plant-001.jpg","type":"image\/jpeg"}],"author":"Benoit Charette","twitter_card":"summary_large_image","twitter_creator":"@canadamotorjobs","twitter_site":"@canadamotorjobs","twitter_misc":{"\u00c9crit par":"Benoit Charette","Estimation du temps de lecture":"3 minutes"},"schema":{"@context":"https:\/\/schema.org","@graph":[{"@type":"Article","@id":"https:\/\/news.canadamotorjobs.com\/fr\/neuf-usines-a-larret-chez-volkswagen-en-allemagne\/#article","isPartOf":{"@id":"https:\/\/news.canadamotorjobs.com\/fr\/neuf-usines-a-larret-chez-volkswagen-en-allemagne\/"},"author":{"name":"Benoit Charette","@id":"https:\/\/news.canadamotorjobs.com\/#\/schema\/person\/51793d1f87d44011d7bcc2ed99269a90"},"headline":"Neuf usines \u00e0 l\u2019arr\u00eat chez Volkswagen en Allemagne","datePublished":"2024-12-05T19:24:27+00:00","dateModified":"2024-12-05T19:28:56+00:00","mainEntityOfPage":{"@id":"https:\/\/news.canadamotorjobs.com\/fr\/neuf-usines-a-larret-chez-volkswagen-en-allemagne\/"},"wordCount":530,"publisher":{"@id":"https:\/\/news.canadamotorjobs.com\/#organization"},"image":{"@id":"https:\/\/news.canadamotorjobs.com\/fr\/neuf-usines-a-larret-chez-volkswagen-en-allemagne\/#primaryimage"},"thumbnailUrl":"https:\/\/news.canadamotorjobs.com\/wp-content\/uploads\/2024\/12\/volkwagen-wolfburg-plant-001.jpg","articleSection":["Annuel automobile"],"inLanguage":"fr-CA"},{"@type":"WebPage","@id":"https:\/\/news.canadamotorjobs.com\/fr\/neuf-usines-a-larret-chez-volkswagen-en-allemagne\/","url":"https:\/\/news.canadamotorjobs.com\/fr\/neuf-usines-a-larret-chez-volkswagen-en-allemagne\/","name":"Neuf usines \u00e0 l\u2019arr\u00eat chez Volkswagen en Allemagne - CanadaMotorJobs.com","isPartOf":{"@id":"https:\/\/news.canadamotorjobs.com\/#website"},"primaryImageOfPage":{"@id":"https:\/\/news.canadamotorjobs.com\/fr\/neuf-usines-a-larret-chez-volkswagen-en-allemagne\/#primaryimage"},"image":{"@id":"https:\/\/news.canadamotorjobs.com\/fr\/neuf-usines-a-larret-chez-volkswagen-en-allemagne\/#primaryimage"},"thumbnailUrl":"https:\/\/news.canadamotorjobs.com\/wp-content\/uploads\/2024\/12\/volkwagen-wolfburg-plant-001.jpg","datePublished":"2024-12-05T19:24:27+00:00","dateModified":"2024-12-05T19:28:56+00:00","description":"Neuf usines \u00e0 l\u2019arr\u00eat chez Volkswagen en Allemagne - Benoit Charette - Annuel automobile - CanadaMotorJobs.com.","breadcrumb":{"@id":"https:\/\/news.canadamotorjobs.com\/fr\/neuf-usines-a-larret-chez-volkswagen-en-allemagne\/#breadcrumb"},"inLanguage":"fr-CA","potentialAction":[{"@type":"ReadAction","target":["https:\/\/news.canadamotorjobs.com\/fr\/neuf-usines-a-larret-chez-volkswagen-en-allemagne\/"]}]},{"@type":"ImageObject","inLanguage":"fr-CA","@id":"https:\/\/news.canadamotorjobs.com\/fr\/neuf-usines-a-larret-chez-volkswagen-en-allemagne\/#primaryimage","url":"https:\/\/news.canadamotorjobs.com\/wp-content\/uploads\/2024\/12\/volkwagen-wolfburg-plant-001.jpg","contentUrl":"https:\/\/news.canadamotorjobs.com\/wp-content\/uploads\/2024\/12\/volkwagen-wolfburg-plant-001.jpg","width":1200,"height":800},{"@type":"BreadcrumbList","@id":"https:\/\/news.canadamotorjobs.com\/fr\/neuf-usines-a-larret-chez-volkswagen-en-allemagne\/#breadcrumb","itemListElement":[{"@type":"ListItem","position":1,"name":"Home","item":"https:\/\/news.canadamotorjobs.com\/fr\/blog\/"},{"@type":"ListItem","position":2,"name":"Neuf usines \u00e0 l\u2019arr\u00eat chez Volkswagen en Allemagne"}]},{"@type":"WebSite","@id":"https:\/\/news.canadamotorjobs.com\/#website","url":"https:\/\/news.canadamotorjobs.com\/","name":"CanadaMotorJobs.com","description":"Automotive Jobs","publisher":{"@id":"https:\/\/news.canadamotorjobs.com\/#organization"},"potentialAction":[{"@type":"SearchAction","target":{"@type":"EntryPoint","urlTemplate":"https:\/\/news.canadamotorjobs.com\/?s={search_term_string}"},"query-input":"required name=search_term_string"}],"inLanguage":"fr-CA"},{"@type":"Organization","@id":"https:\/\/news.canadamotorjobs.com\/#organization","name":"Canada Motor Jobs","url":"https:\/\/news.canadamotorjobs.com\/","logo":{"@type":"ImageObject","inLanguage":"fr-CA","@id":"https:\/\/news.canadamotorjobs.com\/#\/schema\/logo\/image\/","url":"https:\/\/news.canadamotorjobs.com\/wp-content\/uploads\/2022\/10\/logo-canada-motor-jobs-1.png","contentUrl":"https:\/\/news.canadamotorjobs.com\/wp-content\/uploads\/2022\/10\/logo-canada-motor-jobs-1.png","width":800,"height":400,"caption":"Canada Motor Jobs"},"image":{"@id":"https:\/\/news.canadamotorjobs.com\/#\/schema\/logo\/image\/"},"sameAs":["https:\/\/www.facebook.com\/canadamotorjobs\/","https:\/\/x.com\/canadamotorjobs","https:\/\/www.instagram.com\/canadamotorjobs\/","https:\/\/www.linkedin.com\/company\/canadamotorjobs"]},{"@type":"Person","@id":"https:\/\/news.canadamotorjobs.com\/#\/schema\/person\/51793d1f87d44011d7bcc2ed99269a90","name":"Benoit Charette","image":{"@type":"ImageObject","inLanguage":"fr-CA","@id":"https:\/\/news.canadamotorjobs.com\/#\/schema\/person\/image\/","url":"https:\/\/secure.gravatar.com\/avatar\/45f3d2eebcccd909668d7ce7ea7267b6?s=96&d=mm&r=g","contentUrl":"https:\/\/secure.gravatar.com\/avatar\/45f3d2eebcccd909668d7ce7ea7267b6?s=96&d=mm&r=g","caption":"Benoit Charette"},"description":"Benoit Charette \/ Propri\u00e9taire et r\u00e9dacteur en chef Benoit Charette pratique le journalisme automobile depuis bient\u00f4t 30 ans. Il a fait ses classes au c\u00f4t\u00e9 de Daniel H\u00e9raud et au Carnet de route de 1992 \u00e0 2001. Il est fondateur, copropri\u00e9taire et r\u00e9dacteur en chef de L\u2019Annuel de l\u2019automobile, qu\u2019il publie depuis 2001. Il a anim\u00e9 les \u00e9missions RPM et RPM+ sur V et les L\u00e9gendes de la route sur Historia. \u00c0 la radio depuis 1986, il reprend l\u2019antenne cette ann\u00e9e sur les ondes de Cogeco et participe pour la deuxi\u00e8me ann\u00e9e \u00e0 l\u2019\u00e9mission Passion Auto sur RDS en plus de mettre en ligne le site Web officiel de L\u2019Annuel de l\u2019automobile sur annuelauto.ca.","sameAs":["https:\/\/annuelauto.ca\/"],"url":"https:\/\/news.canadamotorjobs.com\/fr\/author\/benoit-charette\/"}]}},"_links":{"self":[{"href":"https:\/\/news.canadamotorjobs.com\/fr\/wp-json\/wp\/v2\/posts\/183135"}],"collection":[{"href":"https:\/\/news.canadamotorjobs.com\/fr\/wp-json\/wp\/v2\/posts"}],"about":[{"href":"https:\/\/news.canadamotorjobs.com\/fr\/wp-json\/wp\/v2\/types\/post"}],"author":[{"embeddable":true,"href":"https:\/\/news.canadamotorjobs.com\/fr\/wp-json\/wp\/v2\/users\/8"}],"replies":[{"embeddable":true,"href":"https:\/\/news.canadamotorjobs.com\/fr\/wp-json\/wp\/v2\/comments?post=183135"}],"version-history":[{"count":3,"href":"https:\/\/news.canadamotorjobs.com\/fr\/wp-json\/wp\/v2\/posts\/183135\/revisions"}],"predecessor-version":[{"id":183162,"href":"https:\/\/news.canadamotorjobs.com\/fr\/wp-json\/wp\/v2\/posts\/183135\/revisions\/183162"}],"wp:featuredmedia":[{"embeddable":true,"href":"https:\/\/news.canadamotorjobs.com\/fr\/wp-json\/wp\/v2\/media\/183137"}],"wp:attachment":[{"href":"https:\/\/news.canadamotorjobs.com\/fr\/wp-json\/wp\/v2\/media?parent=183135"}],"wp:term":[{"taxonomy":"category","embeddable":true,"href":"https:\/\/news.canadamotorjobs.com\/fr\/wp-json\/wp\/v2\/categories?post=183135"},{"taxonomy":"post_tag","embeddable":true,"href":"https:\/\/news.canadamotorjobs.com\/fr\/wp-json\/wp\/v2\/tags?post=183135"}],"curies":[{"name":"wp","href":"https:\/\/api.w.org\/{rel}","templated":true}]}}