{"id":183101,"date":"2024-12-05T07:34:11","date_gmt":"2024-12-05T12:34:11","guid":{"rendered":"https:\/\/news.canadamotorjobs.com\/?p=183101"},"modified":"2024-12-05T07:43:53","modified_gmt":"2024-12-05T12:43:53","slug":"novembre-mois-record-pour-les-ventes-automobiles-au-canada-depuis-7-ans","status":"publish","type":"post","link":"https:\/\/news.canadamotorjobs.com\/fr\/novembre-mois-record-pour-les-ventes-automobiles-au-canada-depuis-7-ans\/","title":{"rendered":"Novembre : Mois record pour les ventes automobiles au Canada depuis 7 ans"},"content":{"rendered":"<\/p>\n<p>Les ventes de v\u00e9hicules neufs au Canada ont atteint leur plus haut niveau pour un mois de novembre depuis 2017, selon DesRosiers Automotive Consultants (DAC). Avec une augmentation de 8,8 % par rapport \u00e0 l\u2019ann\u00e9e pr\u00e9c\u00e9dente, environ 156 000 unit\u00e9s ont \u00e9t\u00e9 vendues, marquant une forte reprise du march\u00e9 cet automne. DAC souligne que cette croissance est partiellement attribuable \u00e0 une journ\u00e9e de vente suppl\u00e9mentaire en novembre cette ann\u00e9e par rapport \u00e0 2022.<\/p>\n<h3><strong>Les meilleures ventes depuis 2017<\/strong><\/h3>\n<p>\nEn novembre 2017, les ventes avaient culmin\u00e9 \u00e0 159 072 unit\u00e9s, contribuant \u00e0 un record annuel de 2,04 millions de v\u00e9hicules vendus. Bien que les chiffres de 2023 restent inf\u00e9rieurs \u00e0 ceux d\u2019avant la pand\u00e9mie, la forte demande cet automne a permis de d\u00e9passer les ventes des trois derni\u00e8res ann\u00e9es. Andrew King, associ\u00e9 directeur chez DAC, a confirm\u00e9 que les ventes annuelles de 2023 ont d\u00e9j\u00e0 surpass\u00e9 les 1,72 million de l\u2019ann\u00e9e pr\u00e9c\u00e9dente, avec un mois restant \u00e0 comptabiliser.<\/p>\n<h3><strong>Pr\u00e9visions pour 2024 et facteurs de croissance<\/strong><\/h3>\n<p>\nSelon AutoForecast Solutions, les ventes canadiennes pourraient atteindre 1,89 million en 2024. L\u2019assouplissement des probl\u00e8mes li\u00e9s aux cha\u00eenes d\u2019approvisionnement a \u00e9t\u00e9 un facteur cl\u00e9 dans la reprise des ventes cette ann\u00e9e.<br \/>\n<em>&#8220;C\u2019est incroyable de voir ce qui se passe lorsque les v\u00e9hicules sont r\u00e9ellement disponibles \u00e0 la vente,&#8221;<\/em> a d\u00e9clar\u00e9 King.<\/p>\n<h3><strong>Performances par marque : gagnants et perdants<\/strong><\/h3>\n<p><\/p>\n<h3><strong>Marques performantes<\/strong><\/h3>\n<p><\/p>\n<ul><\/p>\n<li><strong>Honda<\/strong> : Meilleur r\u00e9sultat parmi les 10 marques rapportant des chiffres mensuels, avec une augmentation de 28 % \u00e0 11 298 unit\u00e9s. Cependant, les ventes d\u2019Acura, sa marque de luxe, ont chut\u00e9 de pr\u00e8s de 8 %, ce qui a r\u00e9duit le total de Honda Canada \u00e0 12 332 unit\u00e9s (-24 %).<\/li>\n<p><\/p>\n<li><strong>Hyundai<\/strong> : Hausse de 21,8 % \u00e0 11 521 unit\u00e9s, tandis que sa marque Genesis a progress\u00e9 de 16,9 % \u00e0 633 unit\u00e9s.<\/li>\n<p>\n<\/ul>\n<p><\/p>\n<h3><strong>Marques en difficult\u00e9<\/strong><\/h3>\n<p><\/p>\n<ul><\/p>\n<li><strong>Toyota<\/strong> : Les ventes de la marque ont recul\u00e9 de 9,3 % \u00e0 16 565 unit\u00e9s. Toutefois, Lexus, sa division luxe, a enregistr\u00e9 une hausse de pr\u00e8s de 3 % \u00e0 2 504 unit\u00e9s. Globalement, Toyota Canada a connu une baisse de 7,9 % \u00e0 19 069 unit\u00e9s.<\/li>\n<p>\n<\/ul>\n<p><\/p>\n<h2><strong>Les v\u00e9hicules \u00e9lectrifi\u00e9s gagnent en popularit\u00e9<\/strong><\/h2>\n<p>\nMalgr\u00e9 la baisse globale, Toyota a rapport\u00e9 une augmentation de 21,4 % des ventes de v\u00e9hicules \u00e9lectrifi\u00e9s en novembre, atteignant un record de 10 785 unit\u00e9s. Ces v\u00e9hicules repr\u00e9sentent d\u00e9sormais 56,6 % des ventes mensuelles de Toyota Canada, refl\u00e9tant une demande croissante pour des options plus durables.<\/p>\n<p>Avec des renseignements d&#8217;Automotive News Canada<\/p>\n<p>Le texte <a rel=\"nofollow\" href=\"https:\/\/annuelauto.ca\/ventes-automobiles-novembre-2023\/\">Novembre : Mois record pour les ventes automobiles au Canada depuis 7 ans<\/a> provient de <a rel=\"nofollow\" href=\"https:\/\/annuelauto.ca\">L&#8217;annuel de l&#8217;automobile &#8211; Actualit\u00e9 automobile<\/a><\/p>\n<p><\/p>\n","protected":false},"excerpt":{"rendered":"<p>Les ventes de v\u00e9hicules neufs au Canada ont atteint leur plus haut niveau pour un mois de novembre depuis 2017, selon DesRosiers Automotive Consultants (DAC). Avec une augmentation de 8,8 % par rapport \u00e0 l\u2019ann\u00e9e pr\u00e9c\u00e9dente, environ 156 000 unit\u00e9s ont \u00e9t\u00e9 vendues, marquant une forte reprise du march\u00e9 cet automne. DAC souligne que cette [&hellip;]<\/p>\n","protected":false},"author":8,"featured_media":183103,"comment_status":"close","ping_status":"closed","sticky":false,"template":"","format":"standard","meta":{"_monsterinsights_skip_tracking":false,"_monsterinsights_sitenote_active":false,"_monsterinsights_sitenote_note":"","_monsterinsights_sitenote_category":0,"footnotes":""},"categories":[101],"tags":[],"yoast_head":"<!-- This site is optimized with the Yoast SEO plugin v23.2 - https:\/\/yoast.com\/wordpress\/plugins\/seo\/ -->\n<title>Novembre : Mois record pour les ventes automobiles au Canada depuis 7 ans - CanadaMotorJobs.com<\/title>\n<meta name=\"description\" content=\"Novembre : Mois record pour les ventes automobiles au Canada depuis 7 ans - Benoit Charette - Annuel automobile - CanadaMotorJobs.com.\" \/>\n<meta name=\"robots\" content=\"index, follow, max-snippet:-1, max-image-preview:large, max-video-preview:-1\" \/>\n<meta property=\"og:locale\" content=\"fr_CA\" \/>\n<meta property=\"og:type\" content=\"article\" \/>\n<meta property=\"og:title\" content=\"Novembre : Mois record pour les ventes automobiles au Canada depuis 7 ans - CanadaMotorJobs.com\" \/>\n<meta property=\"og:description\" content=\"Novembre : Mois record pour les ventes automobiles au Canada depuis 7 ans - Benoit Charette - Annuel automobile - CanadaMotorJobs.com.\" \/>\n<meta property=\"og:url\" content=\"https:\/\/news.canadamotorjobs.com\/fr\/novembre-mois-record-pour-les-ventes-automobiles-au-canada-depuis-7-ans\/\" \/>\n<meta property=\"og:site_name\" content=\"CanadaMotorJobs.com\" \/>\n<meta property=\"article:publisher\" content=\"https:\/\/www.facebook.com\/canadamotorjobs\/\" \/>\n<meta property=\"article:published_time\" content=\"2024-12-05T12:34:11+00:00\" \/>\n<meta property=\"article:modified_time\" content=\"2024-12-05T12:43:53+00:00\" \/>\n<meta property=\"og:image\" content=\"https:\/\/news.canadamotorjobs.com\/wp-content\/uploads\/2024\/12\/Honda_Dealer_EN_on_612x344.png\" \/>\n\t<meta property=\"og:image:width\" content=\"612\" \/>\n\t<meta property=\"og:image:height\" content=\"346\" \/>\n\t<meta property=\"og:image:type\" content=\"image\/png\" \/>\n<meta name=\"author\" content=\"Benoit Charette\" \/>\n<meta name=\"twitter:card\" content=\"summary_large_image\" \/>\n<meta name=\"twitter:creator\" content=\"@canadamotorjobs\" \/>\n<meta name=\"twitter:site\" content=\"@canadamotorjobs\" \/>\n<meta name=\"twitter:label1\" content=\"\u00c9crit par\" \/>\n\t<meta name=\"twitter:data1\" content=\"Benoit Charette\" \/>\n\t<meta name=\"twitter:label2\" content=\"Estimation du temps de lecture\" \/>\n\t<meta name=\"twitter:data2\" content=\"2 minutes\" \/>\n<!-- \/ Yoast SEO plugin. -->","yoast_head_json":{"title":"Novembre : Mois record pour les ventes automobiles au Canada depuis 7 ans - CanadaMotorJobs.com","description":"Novembre : Mois record pour les ventes automobiles au Canada depuis 7 ans - Benoit Charette - Annuel automobile - CanadaMotorJobs.com.","robots":{"index":"index","follow":"follow","max-snippet":"max-snippet:-1","max-image-preview":"max-image-preview:large","max-video-preview":"max-video-preview:-1"},"og_locale":"fr_CA","og_type":"article","og_title":"Novembre : Mois record pour les ventes automobiles au Canada depuis 7 ans - CanadaMotorJobs.com","og_description":"Novembre : Mois record pour les ventes automobiles au Canada depuis 7 ans - Benoit Charette - Annuel automobile - CanadaMotorJobs.com.","og_url":"https:\/\/news.canadamotorjobs.com\/fr\/novembre-mois-record-pour-les-ventes-automobiles-au-canada-depuis-7-ans\/","og_site_name":"CanadaMotorJobs.com","article_publisher":"https:\/\/www.facebook.com\/canadamotorjobs\/","article_published_time":"2024-12-05T12:34:11+00:00","article_modified_time":"2024-12-05T12:43:53+00:00","og_image":[{"width":612,"height":346,"url":"https:\/\/news.canadamotorjobs.com\/wp-content\/uploads\/2024\/12\/Honda_Dealer_EN_on_612x344.png","type":"image\/png"}],"author":"Benoit Charette","twitter_card":"summary_large_image","twitter_creator":"@canadamotorjobs","twitter_site":"@canadamotorjobs","twitter_misc":{"\u00c9crit par":"Benoit Charette","Estimation du temps de lecture":"2 minutes"},"schema":{"@context":"https:\/\/schema.org","@graph":[{"@type":"Article","@id":"https:\/\/news.canadamotorjobs.com\/fr\/novembre-mois-record-pour-les-ventes-automobiles-au-canada-depuis-7-ans\/#article","isPartOf":{"@id":"https:\/\/news.canadamotorjobs.com\/fr\/novembre-mois-record-pour-les-ventes-automobiles-au-canada-depuis-7-ans\/"},"author":{"name":"Benoit Charette","@id":"https:\/\/news.canadamotorjobs.com\/#\/schema\/person\/51793d1f87d44011d7bcc2ed99269a90"},"headline":"Novembre : Mois record pour les ventes automobiles au Canada depuis 7 ans","datePublished":"2024-12-05T12:34:11+00:00","dateModified":"2024-12-05T12:43:53+00:00","mainEntityOfPage":{"@id":"https:\/\/news.canadamotorjobs.com\/fr\/novembre-mois-record-pour-les-ventes-automobiles-au-canada-depuis-7-ans\/"},"wordCount":426,"publisher":{"@id":"https:\/\/news.canadamotorjobs.com\/#organization"},"image":{"@id":"https:\/\/news.canadamotorjobs.com\/fr\/novembre-mois-record-pour-les-ventes-automobiles-au-canada-depuis-7-ans\/#primaryimage"},"thumbnailUrl":"https:\/\/news.canadamotorjobs.com\/wp-content\/uploads\/2024\/12\/Honda_Dealer_EN_on_612x344.png","articleSection":["Annuel automobile"],"inLanguage":"fr-CA"},{"@type":"WebPage","@id":"https:\/\/news.canadamotorjobs.com\/fr\/novembre-mois-record-pour-les-ventes-automobiles-au-canada-depuis-7-ans\/","url":"https:\/\/news.canadamotorjobs.com\/fr\/novembre-mois-record-pour-les-ventes-automobiles-au-canada-depuis-7-ans\/","name":"Novembre : Mois record pour les ventes automobiles au Canada depuis 7 ans - CanadaMotorJobs.com","isPartOf":{"@id":"https:\/\/news.canadamotorjobs.com\/#website"},"primaryImageOfPage":{"@id":"https:\/\/news.canadamotorjobs.com\/fr\/novembre-mois-record-pour-les-ventes-automobiles-au-canada-depuis-7-ans\/#primaryimage"},"image":{"@id":"https:\/\/news.canadamotorjobs.com\/fr\/novembre-mois-record-pour-les-ventes-automobiles-au-canada-depuis-7-ans\/#primaryimage"},"thumbnailUrl":"https:\/\/news.canadamotorjobs.com\/wp-content\/uploads\/2024\/12\/Honda_Dealer_EN_on_612x344.png","datePublished":"2024-12-05T12:34:11+00:00","dateModified":"2024-12-05T12:43:53+00:00","description":"Novembre : Mois record pour les ventes automobiles au Canada depuis 7 ans - Benoit Charette - Annuel automobile - CanadaMotorJobs.com.","breadcrumb":{"@id":"https:\/\/news.canadamotorjobs.com\/fr\/novembre-mois-record-pour-les-ventes-automobiles-au-canada-depuis-7-ans\/#breadcrumb"},"inLanguage":"fr-CA","potentialAction":[{"@type":"ReadAction","target":["https:\/\/news.canadamotorjobs.com\/fr\/novembre-mois-record-pour-les-ventes-automobiles-au-canada-depuis-7-ans\/"]}]},{"@type":"ImageObject","inLanguage":"fr-CA","@id":"https:\/\/news.canadamotorjobs.com\/fr\/novembre-mois-record-pour-les-ventes-automobiles-au-canada-depuis-7-ans\/#primaryimage","url":"https:\/\/news.canadamotorjobs.com\/wp-content\/uploads\/2024\/12\/Honda_Dealer_EN_on_612x344.png","contentUrl":"https:\/\/news.canadamotorjobs.com\/wp-content\/uploads\/2024\/12\/Honda_Dealer_EN_on_612x344.png","width":612,"height":346},{"@type":"BreadcrumbList","@id":"https:\/\/news.canadamotorjobs.com\/fr\/novembre-mois-record-pour-les-ventes-automobiles-au-canada-depuis-7-ans\/#breadcrumb","itemListElement":[{"@type":"ListItem","position":1,"name":"Home","item":"https:\/\/news.canadamotorjobs.com\/fr\/blog\/"},{"@type":"ListItem","position":2,"name":"Novembre : Mois record pour les ventes automobiles au Canada depuis 7 ans"}]},{"@type":"WebSite","@id":"https:\/\/news.canadamotorjobs.com\/#website","url":"https:\/\/news.canadamotorjobs.com\/","name":"CanadaMotorJobs.com","description":"Automotive Jobs","publisher":{"@id":"https:\/\/news.canadamotorjobs.com\/#organization"},"potentialAction":[{"@type":"SearchAction","target":{"@type":"EntryPoint","urlTemplate":"https:\/\/news.canadamotorjobs.com\/?s={search_term_string}"},"query-input":"required name=search_term_string"}],"inLanguage":"fr-CA"},{"@type":"Organization","@id":"https:\/\/news.canadamotorjobs.com\/#organization","name":"Canada Motor Jobs","url":"https:\/\/news.canadamotorjobs.com\/","logo":{"@type":"ImageObject","inLanguage":"fr-CA","@id":"https:\/\/news.canadamotorjobs.com\/#\/schema\/logo\/image\/","url":"https:\/\/news.canadamotorjobs.com\/wp-content\/uploads\/2022\/10\/logo-canada-motor-jobs-1.png","contentUrl":"https:\/\/news.canadamotorjobs.com\/wp-content\/uploads\/2022\/10\/logo-canada-motor-jobs-1.png","width":800,"height":400,"caption":"Canada Motor Jobs"},"image":{"@id":"https:\/\/news.canadamotorjobs.com\/#\/schema\/logo\/image\/"},"sameAs":["https:\/\/www.facebook.com\/canadamotorjobs\/","https:\/\/x.com\/canadamotorjobs","https:\/\/www.instagram.com\/canadamotorjobs\/","https:\/\/www.linkedin.com\/company\/canadamotorjobs"]},{"@type":"Person","@id":"https:\/\/news.canadamotorjobs.com\/#\/schema\/person\/51793d1f87d44011d7bcc2ed99269a90","name":"Benoit Charette","image":{"@type":"ImageObject","inLanguage":"fr-CA","@id":"https:\/\/news.canadamotorjobs.com\/#\/schema\/person\/image\/","url":"https:\/\/secure.gravatar.com\/avatar\/45f3d2eebcccd909668d7ce7ea7267b6?s=96&d=mm&r=g","contentUrl":"https:\/\/secure.gravatar.com\/avatar\/45f3d2eebcccd909668d7ce7ea7267b6?s=96&d=mm&r=g","caption":"Benoit Charette"},"description":"Benoit Charette \/ Propri\u00e9taire et r\u00e9dacteur en chef Benoit Charette pratique le journalisme automobile depuis bient\u00f4t 30 ans. Il a fait ses classes au c\u00f4t\u00e9 de Daniel H\u00e9raud et au Carnet de route de 1992 \u00e0 2001. Il est fondateur, copropri\u00e9taire et r\u00e9dacteur en chef de L\u2019Annuel de l\u2019automobile, qu\u2019il publie depuis 2001. Il a anim\u00e9 les \u00e9missions RPM et RPM+ sur V et les L\u00e9gendes de la route sur Historia. \u00c0 la radio depuis 1986, il reprend l\u2019antenne cette ann\u00e9e sur les ondes de Cogeco et participe pour la deuxi\u00e8me ann\u00e9e \u00e0 l\u2019\u00e9mission Passion Auto sur RDS en plus de mettre en ligne le site Web officiel de L\u2019Annuel de l\u2019automobile sur annuelauto.ca.","sameAs":["https:\/\/annuelauto.ca\/"],"url":"https:\/\/news.canadamotorjobs.com\/fr\/author\/benoit-charette\/"}]}},"_links":{"self":[{"href":"https:\/\/news.canadamotorjobs.com\/fr\/wp-json\/wp\/v2\/posts\/183101"}],"collection":[{"href":"https:\/\/news.canadamotorjobs.com\/fr\/wp-json\/wp\/v2\/posts"}],"about":[{"href":"https:\/\/news.canadamotorjobs.com\/fr\/wp-json\/wp\/v2\/types\/post"}],"author":[{"embeddable":true,"href":"https:\/\/news.canadamotorjobs.com\/fr\/wp-json\/wp\/v2\/users\/8"}],"replies":[{"embeddable":true,"href":"https:\/\/news.canadamotorjobs.com\/fr\/wp-json\/wp\/v2\/comments?post=183101"}],"version-history":[{"count":2,"href":"https:\/\/news.canadamotorjobs.com\/fr\/wp-json\/wp\/v2\/posts\/183101\/revisions"}],"predecessor-version":[{"id":183105,"href":"https:\/\/news.canadamotorjobs.com\/fr\/wp-json\/wp\/v2\/posts\/183101\/revisions\/183105"}],"wp:featuredmedia":[{"embeddable":true,"href":"https:\/\/news.canadamotorjobs.com\/fr\/wp-json\/wp\/v2\/media\/183103"}],"wp:attachment":[{"href":"https:\/\/news.canadamotorjobs.com\/fr\/wp-json\/wp\/v2\/media?parent=183101"}],"wp:term":[{"taxonomy":"category","embeddable":true,"href":"https:\/\/news.canadamotorjobs.com\/fr\/wp-json\/wp\/v2\/categories?post=183101"},{"taxonomy":"post_tag","embeddable":true,"href":"https:\/\/news.canadamotorjobs.com\/fr\/wp-json\/wp\/v2\/tags?post=183101"}],"curies":[{"name":"wp","href":"https:\/\/api.w.org\/{rel}","templated":true}]}}