{"id":183063,"date":"2024-12-04T14:51:12","date_gmt":"2024-12-04T19:51:12","guid":{"rendered":"https:\/\/news.canadamotorjobs.com\/?p=183063"},"modified":"2024-12-04T14:58:48","modified_gmt":"2024-12-04T19:58:48","slug":"nissan-ajoute-plus-de-17-000-chargeurs-a-son-reseau","status":"publish","type":"post","link":"https:\/\/news.canadamotorjobs.com\/fr\/nissan-ajoute-plus-de-17-000-chargeurs-a-son-reseau\/","title":{"rendered":"Nissan ajoute plus de 17 000 chargeurs \u00e0 son r\u00e9seau"},"content":{"rendered":"<\/p>\n<h4>Une r\u00e9volution pour les conducteurs de Nissan ARIYA<\/h4>\n<p>\n\u00c0 partir du 10 d\u00e9cembre, les propri\u00e9taires de Nissan ARIYA aux \u00c9tats-Unis et au Canada auront acc\u00e8s \u00e0 17 800 Superchargeurs Tesla gr\u00e2ce \u00e0 l\u2019int\u00e9gration de ces bornes au sein du r\u00e9seau de recharge NISSAN ENERGY (NECN). Cette expansion porte le total du NECN \u00e0 plus de 100 000 bornes publiques aux \u00c9tats-Unis et 25 000 au Canada.<\/p>\n<h4>Un adaptateur pour acc\u00e9der aux Superchargeurs Tesla<\/h4>\n<p>\nPour utiliser ces bornes, les conducteurs de Nissan devront se procurer un kit adaptateur NACS (norme nord-am\u00e9ricaine de recharge), disponible d\u00e8s maintenant aupr\u00e8s des concessionnaires Nissan au prix de 309,99 CAD. Ce kit sera aussi bient\u00f4t accessible en ligne sur Nissan.ca. \u00c0 noter : \u00c0 partir de 2025, tous les nouveaux v\u00e9hicules \u00e9lectriques Nissan destin\u00e9s aux march\u00e9s nord-am\u00e9ricains seront \u00e9quip\u00e9s d\u2019un port NACS.<\/p>\n<h4>Un r\u00e9seau \u00e9tendu et diversifi\u00e9<\/h4>\n<p>\nEn plus des Superchargeurs Tesla, le NECN offre l\u2019acc\u00e8s \u00e0 plusieurs autres r\u00e9seaux de recharge :<\/p>\n<ul><\/p>\n<li>Au Canada : ChargeHub, FLO, Shell Recharge, Circuit \u00c9lectrique, BC Hydro et IVY.<\/li>\n<p><\/p>\n<li>Aux \u00c9tats-Unis : Electrify America, Shell Recharge, ChargePoint et EVgo.<\/li>\n<p>\n<\/ul>\n<p><\/p>\n<h4>Simplification gr\u00e2ce \u00e0 l\u2019application MyNISSAN<\/h4>\n<p>\nLes propri\u00e9taires d\u2019ARIYA peuvent utiliser l\u2019application MyNISSAN pour :<\/p>\n<ul><\/p>\n<li>Rechercher en temps r\u00e9el les bornes disponibles.<\/li>\n<p><\/p>\n<li>Surveiller l\u2019\u00e9tat de la recharge.<\/li>\n<p><\/p>\n<li>Payer directement via un mode de paiement pr\u00e9-enregistr\u00e9.<\/li>\n<p>\n<\/ul>\n<p>\nUne simple pression sur un bouton dans l\u2019application suffit pour d\u00e9marrer une session de recharge sur une station compatible du r\u00e9seau NISSAN ENERGY.<\/p>\n<p>Exception : Cette fonctionnalit\u00e9 n\u2019est pas encore disponible pour les propri\u00e9taires de Nissan LEAF, qui peuvent toutefois rechercher des bornes via l\u2019application NissanConnect EV et Services.<\/p>\n<h4>Une \u00e9tape vers une exp\u00e9rience de recharge simplifi\u00e9e<\/h4>\n<p>\nAvec cet acc\u00e8s \u00e9largi et les nouvelles fonctionnalit\u00e9s de l\u2019application, Nissan renforce son engagement envers une adoption simplifi\u00e9e des v\u00e9hicules \u00e9lectriques. L\u2019int\u00e9gration des Superchargeurs Tesla et la compatibilit\u00e9 future avec le NACS marquent une avanc\u00e9e significative pour les utilisateurs de Nissan en Am\u00e9rique du Nord.<\/p>\n<p>Le texte <a rel=\"nofollow\" href=\"https:\/\/annuelauto.ca\/nissan-ariya-superchargeurs-tesla-reseau-necn\/\">Nissan ajoute plus de 17 000 chargeurs \u00e0 son r\u00e9seau<\/a> provient de <a rel=\"nofollow\" href=\"https:\/\/annuelauto.ca\">L&#8217;annuel de l&#8217;automobile &#8211; Actualit\u00e9 automobile<\/a><\/p>\n<p><\/p>\n","protected":false},"excerpt":{"rendered":"<p>Une r\u00e9volution pour les conducteurs de Nissan ARIYA \u00c0 partir du 10 d\u00e9cembre, les propri\u00e9taires de Nissan ARIYA aux \u00c9tats-Unis et au Canada auront acc\u00e8s \u00e0 17 800 Superchargeurs Tesla gr\u00e2ce \u00e0 l\u2019int\u00e9gration de ces bornes au sein du r\u00e9seau de recharge NISSAN ENERGY (NECN). Cette expansion porte le total du NECN \u00e0 plus de [&hellip;]<\/p>\n","protected":false},"author":8,"featured_media":183065,"comment_status":"close","ping_status":"closed","sticky":false,"template":"","format":"standard","meta":{"_monsterinsights_skip_tracking":false,"_monsterinsights_sitenote_active":false,"_monsterinsights_sitenote_note":"","_monsterinsights_sitenote_category":0,"footnotes":""},"categories":[101],"tags":[],"yoast_head":"<!-- This site is optimized with the Yoast SEO plugin v23.2 - https:\/\/yoast.com\/wordpress\/plugins\/seo\/ -->\n<title>Nissan ajoute plus de 17 000 chargeurs \u00e0 son r\u00e9seau - CanadaMotorJobs.com<\/title>\n<meta name=\"description\" content=\"Nissan ajoute plus de 17 000 chargeurs \u00e0 son r\u00e9seau - Benoit Charette - Annuel automobile - CanadaMotorJobs.com.\" \/>\n<meta name=\"robots\" content=\"index, follow, max-snippet:-1, max-image-preview:large, max-video-preview:-1\" \/>\n<meta property=\"og:locale\" content=\"fr_CA\" \/>\n<meta property=\"og:type\" content=\"article\" \/>\n<meta property=\"og:title\" content=\"Nissan ajoute plus de 17 000 chargeurs \u00e0 son r\u00e9seau - CanadaMotorJobs.com\" \/>\n<meta property=\"og:description\" content=\"Nissan ajoute plus de 17 000 chargeurs \u00e0 son r\u00e9seau - Benoit Charette - Annuel automobile - CanadaMotorJobs.com.\" \/>\n<meta property=\"og:url\" content=\"https:\/\/news.canadamotorjobs.com\/fr\/nissan-ajoute-plus-de-17-000-chargeurs-a-son-reseau\/\" \/>\n<meta property=\"og:site_name\" content=\"CanadaMotorJobs.com\" \/>\n<meta property=\"article:publisher\" content=\"https:\/\/www.facebook.com\/canadamotorjobs\/\" \/>\n<meta property=\"article:published_time\" content=\"2024-12-04T19:51:12+00:00\" \/>\n<meta property=\"article:modified_time\" content=\"2024-12-04T19:58:48+00:00\" \/>\n<meta property=\"og:image\" content=\"https:\/\/news.canadamotorjobs.com\/wp-content\/uploads\/2024\/12\/2023-Nissan-Ariya_US-43-1024x552-1.jpg\" \/>\n\t<meta property=\"og:image:width\" content=\"1024\" \/>\n\t<meta property=\"og:image:height\" content=\"552\" \/>\n\t<meta property=\"og:image:type\" content=\"image\/jpeg\" \/>\n<meta name=\"author\" content=\"Benoit Charette\" \/>\n<meta name=\"twitter:card\" content=\"summary_large_image\" \/>\n<meta name=\"twitter:creator\" content=\"@canadamotorjobs\" \/>\n<meta name=\"twitter:site\" content=\"@canadamotorjobs\" \/>\n<meta name=\"twitter:label1\" content=\"\u00c9crit par\" \/>\n\t<meta name=\"twitter:data1\" content=\"Benoit Charette\" \/>\n\t<meta name=\"twitter:label2\" content=\"Estimation du temps de lecture\" \/>\n\t<meta name=\"twitter:data2\" content=\"2 minutes\" \/>\n<!-- \/ Yoast SEO plugin. -->","yoast_head_json":{"title":"Nissan ajoute plus de 17 000 chargeurs \u00e0 son r\u00e9seau - CanadaMotorJobs.com","description":"Nissan ajoute plus de 17 000 chargeurs \u00e0 son r\u00e9seau - Benoit Charette - Annuel automobile - CanadaMotorJobs.com.","robots":{"index":"index","follow":"follow","max-snippet":"max-snippet:-1","max-image-preview":"max-image-preview:large","max-video-preview":"max-video-preview:-1"},"og_locale":"fr_CA","og_type":"article","og_title":"Nissan ajoute plus de 17 000 chargeurs \u00e0 son r\u00e9seau - CanadaMotorJobs.com","og_description":"Nissan ajoute plus de 17 000 chargeurs \u00e0 son r\u00e9seau - Benoit Charette - Annuel automobile - CanadaMotorJobs.com.","og_url":"https:\/\/news.canadamotorjobs.com\/fr\/nissan-ajoute-plus-de-17-000-chargeurs-a-son-reseau\/","og_site_name":"CanadaMotorJobs.com","article_publisher":"https:\/\/www.facebook.com\/canadamotorjobs\/","article_published_time":"2024-12-04T19:51:12+00:00","article_modified_time":"2024-12-04T19:58:48+00:00","og_image":[{"width":1024,"height":552,"url":"https:\/\/news.canadamotorjobs.com\/wp-content\/uploads\/2024\/12\/2023-Nissan-Ariya_US-43-1024x552-1.jpg","type":"image\/jpeg"}],"author":"Benoit Charette","twitter_card":"summary_large_image","twitter_creator":"@canadamotorjobs","twitter_site":"@canadamotorjobs","twitter_misc":{"\u00c9crit par":"Benoit Charette","Estimation du temps de lecture":"2 minutes"},"schema":{"@context":"https:\/\/schema.org","@graph":[{"@type":"Article","@id":"https:\/\/news.canadamotorjobs.com\/fr\/nissan-ajoute-plus-de-17-000-chargeurs-a-son-reseau\/#article","isPartOf":{"@id":"https:\/\/news.canadamotorjobs.com\/fr\/nissan-ajoute-plus-de-17-000-chargeurs-a-son-reseau\/"},"author":{"name":"Benoit Charette","@id":"https:\/\/news.canadamotorjobs.com\/#\/schema\/person\/51793d1f87d44011d7bcc2ed99269a90"},"headline":"Nissan ajoute plus de 17 000 chargeurs \u00e0 son r\u00e9seau","datePublished":"2024-12-04T19:51:12+00:00","dateModified":"2024-12-04T19:58:48+00:00","mainEntityOfPage":{"@id":"https:\/\/news.canadamotorjobs.com\/fr\/nissan-ajoute-plus-de-17-000-chargeurs-a-son-reseau\/"},"wordCount":370,"publisher":{"@id":"https:\/\/news.canadamotorjobs.com\/#organization"},"image":{"@id":"https:\/\/news.canadamotorjobs.com\/fr\/nissan-ajoute-plus-de-17-000-chargeurs-a-son-reseau\/#primaryimage"},"thumbnailUrl":"https:\/\/news.canadamotorjobs.com\/wp-content\/uploads\/2024\/12\/2023-Nissan-Ariya_US-43-1024x552-1.jpg","articleSection":["Annuel automobile"],"inLanguage":"fr-CA"},{"@type":"WebPage","@id":"https:\/\/news.canadamotorjobs.com\/fr\/nissan-ajoute-plus-de-17-000-chargeurs-a-son-reseau\/","url":"https:\/\/news.canadamotorjobs.com\/fr\/nissan-ajoute-plus-de-17-000-chargeurs-a-son-reseau\/","name":"Nissan ajoute plus de 17 000 chargeurs \u00e0 son r\u00e9seau - CanadaMotorJobs.com","isPartOf":{"@id":"https:\/\/news.canadamotorjobs.com\/#website"},"primaryImageOfPage":{"@id":"https:\/\/news.canadamotorjobs.com\/fr\/nissan-ajoute-plus-de-17-000-chargeurs-a-son-reseau\/#primaryimage"},"image":{"@id":"https:\/\/news.canadamotorjobs.com\/fr\/nissan-ajoute-plus-de-17-000-chargeurs-a-son-reseau\/#primaryimage"},"thumbnailUrl":"https:\/\/news.canadamotorjobs.com\/wp-content\/uploads\/2024\/12\/2023-Nissan-Ariya_US-43-1024x552-1.jpg","datePublished":"2024-12-04T19:51:12+00:00","dateModified":"2024-12-04T19:58:48+00:00","description":"Nissan ajoute plus de 17 000 chargeurs \u00e0 son r\u00e9seau - Benoit Charette - Annuel automobile - CanadaMotorJobs.com.","breadcrumb":{"@id":"https:\/\/news.canadamotorjobs.com\/fr\/nissan-ajoute-plus-de-17-000-chargeurs-a-son-reseau\/#breadcrumb"},"inLanguage":"fr-CA","potentialAction":[{"@type":"ReadAction","target":["https:\/\/news.canadamotorjobs.com\/fr\/nissan-ajoute-plus-de-17-000-chargeurs-a-son-reseau\/"]}]},{"@type":"ImageObject","inLanguage":"fr-CA","@id":"https:\/\/news.canadamotorjobs.com\/fr\/nissan-ajoute-plus-de-17-000-chargeurs-a-son-reseau\/#primaryimage","url":"https:\/\/news.canadamotorjobs.com\/wp-content\/uploads\/2024\/12\/2023-Nissan-Ariya_US-43-1024x552-1.jpg","contentUrl":"https:\/\/news.canadamotorjobs.com\/wp-content\/uploads\/2024\/12\/2023-Nissan-Ariya_US-43-1024x552-1.jpg","width":1024,"height":552},{"@type":"BreadcrumbList","@id":"https:\/\/news.canadamotorjobs.com\/fr\/nissan-ajoute-plus-de-17-000-chargeurs-a-son-reseau\/#breadcrumb","itemListElement":[{"@type":"ListItem","position":1,"name":"Home","item":"https:\/\/news.canadamotorjobs.com\/fr\/blog\/"},{"@type":"ListItem","position":2,"name":"Nissan ajoute plus de 17 000 chargeurs \u00e0 son r\u00e9seau"}]},{"@type":"WebSite","@id":"https:\/\/news.canadamotorjobs.com\/#website","url":"https:\/\/news.canadamotorjobs.com\/","name":"CanadaMotorJobs.com","description":"Automotive Jobs","publisher":{"@id":"https:\/\/news.canadamotorjobs.com\/#organization"},"potentialAction":[{"@type":"SearchAction","target":{"@type":"EntryPoint","urlTemplate":"https:\/\/news.canadamotorjobs.com\/?s={search_term_string}"},"query-input":"required name=search_term_string"}],"inLanguage":"fr-CA"},{"@type":"Organization","@id":"https:\/\/news.canadamotorjobs.com\/#organization","name":"Canada Motor Jobs","url":"https:\/\/news.canadamotorjobs.com\/","logo":{"@type":"ImageObject","inLanguage":"fr-CA","@id":"https:\/\/news.canadamotorjobs.com\/#\/schema\/logo\/image\/","url":"https:\/\/news.canadamotorjobs.com\/wp-content\/uploads\/2022\/10\/logo-canada-motor-jobs-1.png","contentUrl":"https:\/\/news.canadamotorjobs.com\/wp-content\/uploads\/2022\/10\/logo-canada-motor-jobs-1.png","width":800,"height":400,"caption":"Canada Motor Jobs"},"image":{"@id":"https:\/\/news.canadamotorjobs.com\/#\/schema\/logo\/image\/"},"sameAs":["https:\/\/www.facebook.com\/canadamotorjobs\/","https:\/\/x.com\/canadamotorjobs","https:\/\/www.instagram.com\/canadamotorjobs\/","https:\/\/www.linkedin.com\/company\/canadamotorjobs"]},{"@type":"Person","@id":"https:\/\/news.canadamotorjobs.com\/#\/schema\/person\/51793d1f87d44011d7bcc2ed99269a90","name":"Benoit Charette","image":{"@type":"ImageObject","inLanguage":"fr-CA","@id":"https:\/\/news.canadamotorjobs.com\/#\/schema\/person\/image\/","url":"https:\/\/secure.gravatar.com\/avatar\/45f3d2eebcccd909668d7ce7ea7267b6?s=96&d=mm&r=g","contentUrl":"https:\/\/secure.gravatar.com\/avatar\/45f3d2eebcccd909668d7ce7ea7267b6?s=96&d=mm&r=g","caption":"Benoit Charette"},"description":"Benoit Charette \/ Propri\u00e9taire et r\u00e9dacteur en chef Benoit Charette pratique le journalisme automobile depuis bient\u00f4t 30 ans. Il a fait ses classes au c\u00f4t\u00e9 de Daniel H\u00e9raud et au Carnet de route de 1992 \u00e0 2001. Il est fondateur, copropri\u00e9taire et r\u00e9dacteur en chef de L\u2019Annuel de l\u2019automobile, qu\u2019il publie depuis 2001. Il a anim\u00e9 les \u00e9missions RPM et RPM+ sur V et les L\u00e9gendes de la route sur Historia. \u00c0 la radio depuis 1986, il reprend l\u2019antenne cette ann\u00e9e sur les ondes de Cogeco et participe pour la deuxi\u00e8me ann\u00e9e \u00e0 l\u2019\u00e9mission Passion Auto sur RDS en plus de mettre en ligne le site Web officiel de L\u2019Annuel de l\u2019automobile sur annuelauto.ca.","sameAs":["https:\/\/annuelauto.ca\/"],"url":"https:\/\/news.canadamotorjobs.com\/fr\/author\/benoit-charette\/"}]}},"_links":{"self":[{"href":"https:\/\/news.canadamotorjobs.com\/fr\/wp-json\/wp\/v2\/posts\/183063"}],"collection":[{"href":"https:\/\/news.canadamotorjobs.com\/fr\/wp-json\/wp\/v2\/posts"}],"about":[{"href":"https:\/\/news.canadamotorjobs.com\/fr\/wp-json\/wp\/v2\/types\/post"}],"author":[{"embeddable":true,"href":"https:\/\/news.canadamotorjobs.com\/fr\/wp-json\/wp\/v2\/users\/8"}],"replies":[{"embeddable":true,"href":"https:\/\/news.canadamotorjobs.com\/fr\/wp-json\/wp\/v2\/comments?post=183063"}],"version-history":[{"count":2,"href":"https:\/\/news.canadamotorjobs.com\/fr\/wp-json\/wp\/v2\/posts\/183063\/revisions"}],"predecessor-version":[{"id":183067,"href":"https:\/\/news.canadamotorjobs.com\/fr\/wp-json\/wp\/v2\/posts\/183063\/revisions\/183067"}],"wp:featuredmedia":[{"embeddable":true,"href":"https:\/\/news.canadamotorjobs.com\/fr\/wp-json\/wp\/v2\/media\/183065"}],"wp:attachment":[{"href":"https:\/\/news.canadamotorjobs.com\/fr\/wp-json\/wp\/v2\/media?parent=183063"}],"wp:term":[{"taxonomy":"category","embeddable":true,"href":"https:\/\/news.canadamotorjobs.com\/fr\/wp-json\/wp\/v2\/categories?post=183063"},{"taxonomy":"post_tag","embeddable":true,"href":"https:\/\/news.canadamotorjobs.com\/fr\/wp-json\/wp\/v2\/tags?post=183063"}],"curies":[{"name":"wp","href":"https:\/\/api.w.org\/{rel}","templated":true}]}}