{"id":183040,"date":"2024-12-04T10:08:53","date_gmt":"2024-12-04T15:08:53","guid":{"rendered":"https:\/\/news.canadamotorjobs.com\/?p=183040"},"modified":"2024-12-04T10:13:46","modified_gmt":"2024-12-04T15:13:46","slug":"lexus-retarde-la-prochaine-generation-de-ses-vehicules-electriques","status":"publish","type":"post","link":"https:\/\/news.canadamotorjobs.com\/fr\/lexus-retarde-la-prochaine-generation-de-ses-vehicules-electriques\/","title":{"rendered":"Lexus retarde la prochaine g\u00e9n\u00e9ration de ses v\u00e9hicules \u00e9lectriques"},"content":{"rendered":"<\/p>\n<p>Lexus a confirm\u00e9 que sa prochaine g\u00e9n\u00e9ration de v\u00e9hicules \u00e9lectriques, offrant des autonomies nettement sup\u00e9rieures \u00e0 celles des mod\u00e8les actuels, arrivera avec un retard. Initialement pr\u00e9vue pour 2026, la production d\u00e9butera d\u00e9sormais \u00e0 mi-2027, selon un rapport de NHK.<\/p>\n<h3>Un retard pour des technologies avanc\u00e9es<\/h3>\n<p>\nLe d\u00e9veloppement prolong\u00e9 de ces mod\u00e8les a pour objectif l\u2019int\u00e9gration de technologies de pointe. Lexus a d\u00e9voil\u00e9 un aper\u00e7u de cette future g\u00e9n\u00e9ration lors du Salon de l\u2019auto de Tokyo 2023, avec les concepts LF-ZC, un liftback compact, et LF-ZL, un VUS pleine grandeur. Lexus avait alors annonc\u00e9 que le LF-ZC serait lanc\u00e9 en 2026. Ces mod\u00e8les utiliseront une nouvelle plateforme modulaire d\u00e9velopp\u00e9e par Toyota, int\u00e9grant la technologie gigacasting. Ce proc\u00e9d\u00e9, popularis\u00e9 par Tesla, consiste \u00e0 remplacer l\u2019assemblage de petites pi\u00e8ces soud\u00e9es par la coul\u00e9e de quelques grandes sections principales (avant, centre et arri\u00e8re). Cela simplifie la production tout en augmentant la rigidit\u00e9 des v\u00e9hicules.<\/p>\n<h3>Lexus et Toyota r\u00e9\u00e9valuent leur strat\u00e9gie \u00e9lectrique<\/h3>\n<p>\nLe retard des nouveaux mod\u00e8les \u00e9lectriques de Lexus intervient peu apr\u00e8s l\u2019annonce par Toyota d\u2019un report pour son VUS \u00e9lectrique \u00e0 trois rang\u00e9es, initialement pr\u00e9vu pour 2025 dans l\u2019usine de Kentucky, \u00e0 2026. Toyota a \u00e9galement annul\u00e9 la production de certains VUS Lexus \u00e9lectriques aux \u00c9tats-Unis d\u2019ici 2030, pr\u00e9f\u00e9rant les produire au Japon pour les exporter.<\/p>\n<h3>La mont\u00e9e des hybrides freine les EV<\/h3>\n<p>\nUn autre facteur pourrait expliquer ce retard : la demande pour les v\u00e9hicules \u00e9lectriques montre des signes de ralentissement, tandis que celle pour les hybrides et hybrides rechargeables continue de cro\u00eetre. Toyota envisage d\u00e9sormais de transformer toute sa gamme de v\u00e9hicules \u00e0 essence en mod\u00e8les hybrides. En 2023, Toyota a vendu environ 11,2 millions de v\u00e9hicules \u00e0 travers le monde, dont un tiers \u00e9taient hybrides et moins de 1 % des EV. Cette proportion devrait augmenter en faveur des hybrides en 2024.<\/p>\n<h3>Vers un avenir hybride-\u00e9lectrique ?<\/h3>\n<p>\nLexus et Toyota semblent ajuster leurs priorit\u00e9s pour r\u00e9pondre aux tendances du march\u00e9. En combinant des hybrides efficaces et des EV avanc\u00e9s \u00e0 venir, ces marques visent \u00e0 maintenir leur pertinence sur un march\u00e9 o\u00f9 la transition compl\u00e8te vers l\u2019\u00e9lectrique prend plus de temps que pr\u00e9vu.<\/p>\n<h3>Avec des renseignements de Motor Authority<\/h3>\n<p>Le texte <a rel=\"nofollow\" href=\"https:\/\/annuelauto.ca\/lexus-ev-2027-retard-technologies\/\">Lexus retarde la prochaine g\u00e9n\u00e9ration de ses v\u00e9hicules \u00e9lectriques<\/a> provient de <a rel=\"nofollow\" href=\"https:\/\/annuelauto.ca\">L&#8217;annuel de l&#8217;automobile &#8211; Actualit\u00e9 automobile<\/a><\/p>\n<p><\/p>\n","protected":false},"excerpt":{"rendered":"<p>Lexus a confirm\u00e9 que sa prochaine g\u00e9n\u00e9ration de v\u00e9hicules \u00e9lectriques, offrant des autonomies nettement sup\u00e9rieures \u00e0 celles des mod\u00e8les actuels, arrivera avec un retard. Initialement pr\u00e9vue pour 2026, la production d\u00e9butera d\u00e9sormais \u00e0 mi-2027, selon un rapport de NHK. Un retard pour des technologies avanc\u00e9es Le d\u00e9veloppement prolong\u00e9 de ces mod\u00e8les a pour objectif l\u2019int\u00e9gration [&hellip;]<\/p>\n","protected":false},"author":8,"featured_media":183042,"comment_status":"close","ping_status":"closed","sticky":false,"template":"","format":"standard","meta":{"_monsterinsights_skip_tracking":false,"_monsterinsights_sitenote_active":false,"_monsterinsights_sitenote_note":"","_monsterinsights_sitenote_category":0,"footnotes":""},"categories":[101],"tags":[],"yoast_head":"<!-- This site is optimized with the Yoast SEO plugin v23.2 - https:\/\/yoast.com\/wordpress\/plugins\/seo\/ -->\n<title>Lexus retarde la prochaine g\u00e9n\u00e9ration de ses v\u00e9hicules \u00e9lectriques - CanadaMotorJobs.com<\/title>\n<meta name=\"description\" content=\"Lexus retarde la prochaine g\u00e9n\u00e9ration de ses v\u00e9hicules \u00e9lectriques - Benoit Charette - Annuel automobile - CanadaMotorJobs.com.\" \/>\n<meta name=\"robots\" content=\"index, follow, max-snippet:-1, max-image-preview:large, max-video-preview:-1\" \/>\n<meta property=\"og:locale\" content=\"fr_CA\" \/>\n<meta property=\"og:type\" content=\"article\" \/>\n<meta property=\"og:title\" content=\"Lexus retarde la prochaine g\u00e9n\u00e9ration de ses v\u00e9hicules \u00e9lectriques - CanadaMotorJobs.com\" \/>\n<meta property=\"og:description\" content=\"Lexus retarde la prochaine g\u00e9n\u00e9ration de ses v\u00e9hicules \u00e9lectriques - Benoit Charette - Annuel automobile - CanadaMotorJobs.com.\" \/>\n<meta property=\"og:url\" content=\"https:\/\/news.canadamotorjobs.com\/fr\/lexus-retarde-la-prochaine-generation-de-ses-vehicules-electriques\/\" \/>\n<meta property=\"og:site_name\" content=\"CanadaMotorJobs.com\" \/>\n<meta property=\"article:publisher\" content=\"https:\/\/www.facebook.com\/canadamotorjobs\/\" \/>\n<meta property=\"article:published_time\" content=\"2024-12-04T15:08:53+00:00\" \/>\n<meta property=\"article:modified_time\" content=\"2024-12-04T15:13:46+00:00\" \/>\n<meta property=\"og:image\" content=\"https:\/\/news.canadamotorjobs.com\/wp-content\/uploads\/2024\/12\/new-project-1.jpg\" \/>\n\t<meta property=\"og:image:width\" content=\"1280\" \/>\n\t<meta property=\"og:image:height\" content=\"720\" \/>\n\t<meta property=\"og:image:type\" content=\"image\/jpeg\" \/>\n<meta name=\"author\" content=\"Benoit Charette\" \/>\n<meta name=\"twitter:card\" content=\"summary_large_image\" \/>\n<meta name=\"twitter:creator\" content=\"@canadamotorjobs\" \/>\n<meta name=\"twitter:site\" content=\"@canadamotorjobs\" \/>\n<meta name=\"twitter:label1\" content=\"\u00c9crit par\" \/>\n\t<meta name=\"twitter:data1\" content=\"Benoit Charette\" \/>\n\t<meta name=\"twitter:label2\" content=\"Estimation du temps de lecture\" \/>\n\t<meta name=\"twitter:data2\" content=\"2 minutes\" \/>\n<!-- \/ Yoast SEO plugin. -->","yoast_head_json":{"title":"Lexus retarde la prochaine g\u00e9n\u00e9ration de ses v\u00e9hicules \u00e9lectriques - CanadaMotorJobs.com","description":"Lexus retarde la prochaine g\u00e9n\u00e9ration de ses v\u00e9hicules \u00e9lectriques - Benoit Charette - Annuel automobile - CanadaMotorJobs.com.","robots":{"index":"index","follow":"follow","max-snippet":"max-snippet:-1","max-image-preview":"max-image-preview:large","max-video-preview":"max-video-preview:-1"},"og_locale":"fr_CA","og_type":"article","og_title":"Lexus retarde la prochaine g\u00e9n\u00e9ration de ses v\u00e9hicules \u00e9lectriques - CanadaMotorJobs.com","og_description":"Lexus retarde la prochaine g\u00e9n\u00e9ration de ses v\u00e9hicules \u00e9lectriques - Benoit Charette - Annuel automobile - CanadaMotorJobs.com.","og_url":"https:\/\/news.canadamotorjobs.com\/fr\/lexus-retarde-la-prochaine-generation-de-ses-vehicules-electriques\/","og_site_name":"CanadaMotorJobs.com","article_publisher":"https:\/\/www.facebook.com\/canadamotorjobs\/","article_published_time":"2024-12-04T15:08:53+00:00","article_modified_time":"2024-12-04T15:13:46+00:00","og_image":[{"width":1280,"height":720,"url":"https:\/\/news.canadamotorjobs.com\/wp-content\/uploads\/2024\/12\/new-project-1.jpg","type":"image\/jpeg"}],"author":"Benoit Charette","twitter_card":"summary_large_image","twitter_creator":"@canadamotorjobs","twitter_site":"@canadamotorjobs","twitter_misc":{"\u00c9crit par":"Benoit Charette","Estimation du temps de lecture":"2 minutes"},"schema":{"@context":"https:\/\/schema.org","@graph":[{"@type":"Article","@id":"https:\/\/news.canadamotorjobs.com\/fr\/lexus-retarde-la-prochaine-generation-de-ses-vehicules-electriques\/#article","isPartOf":{"@id":"https:\/\/news.canadamotorjobs.com\/fr\/lexus-retarde-la-prochaine-generation-de-ses-vehicules-electriques\/"},"author":{"name":"Benoit Charette","@id":"https:\/\/news.canadamotorjobs.com\/#\/schema\/person\/51793d1f87d44011d7bcc2ed99269a90"},"headline":"Lexus retarde la prochaine g\u00e9n\u00e9ration de ses v\u00e9hicules \u00e9lectriques","datePublished":"2024-12-04T15:08:53+00:00","dateModified":"2024-12-04T15:13:46+00:00","mainEntityOfPage":{"@id":"https:\/\/news.canadamotorjobs.com\/fr\/lexus-retarde-la-prochaine-generation-de-ses-vehicules-electriques\/"},"wordCount":428,"publisher":{"@id":"https:\/\/news.canadamotorjobs.com\/#organization"},"image":{"@id":"https:\/\/news.canadamotorjobs.com\/fr\/lexus-retarde-la-prochaine-generation-de-ses-vehicules-electriques\/#primaryimage"},"thumbnailUrl":"https:\/\/news.canadamotorjobs.com\/wp-content\/uploads\/2024\/12\/new-project-1.jpg","articleSection":["Annuel automobile"],"inLanguage":"fr-CA"},{"@type":"WebPage","@id":"https:\/\/news.canadamotorjobs.com\/fr\/lexus-retarde-la-prochaine-generation-de-ses-vehicules-electriques\/","url":"https:\/\/news.canadamotorjobs.com\/fr\/lexus-retarde-la-prochaine-generation-de-ses-vehicules-electriques\/","name":"Lexus retarde la prochaine g\u00e9n\u00e9ration de ses v\u00e9hicules \u00e9lectriques - CanadaMotorJobs.com","isPartOf":{"@id":"https:\/\/news.canadamotorjobs.com\/#website"},"primaryImageOfPage":{"@id":"https:\/\/news.canadamotorjobs.com\/fr\/lexus-retarde-la-prochaine-generation-de-ses-vehicules-electriques\/#primaryimage"},"image":{"@id":"https:\/\/news.canadamotorjobs.com\/fr\/lexus-retarde-la-prochaine-generation-de-ses-vehicules-electriques\/#primaryimage"},"thumbnailUrl":"https:\/\/news.canadamotorjobs.com\/wp-content\/uploads\/2024\/12\/new-project-1.jpg","datePublished":"2024-12-04T15:08:53+00:00","dateModified":"2024-12-04T15:13:46+00:00","description":"Lexus retarde la prochaine g\u00e9n\u00e9ration de ses v\u00e9hicules \u00e9lectriques - Benoit Charette - Annuel automobile - CanadaMotorJobs.com.","breadcrumb":{"@id":"https:\/\/news.canadamotorjobs.com\/fr\/lexus-retarde-la-prochaine-generation-de-ses-vehicules-electriques\/#breadcrumb"},"inLanguage":"fr-CA","potentialAction":[{"@type":"ReadAction","target":["https:\/\/news.canadamotorjobs.com\/fr\/lexus-retarde-la-prochaine-generation-de-ses-vehicules-electriques\/"]}]},{"@type":"ImageObject","inLanguage":"fr-CA","@id":"https:\/\/news.canadamotorjobs.com\/fr\/lexus-retarde-la-prochaine-generation-de-ses-vehicules-electriques\/#primaryimage","url":"https:\/\/news.canadamotorjobs.com\/wp-content\/uploads\/2024\/12\/new-project-1.jpg","contentUrl":"https:\/\/news.canadamotorjobs.com\/wp-content\/uploads\/2024\/12\/new-project-1.jpg","width":1280,"height":720},{"@type":"BreadcrumbList","@id":"https:\/\/news.canadamotorjobs.com\/fr\/lexus-retarde-la-prochaine-generation-de-ses-vehicules-electriques\/#breadcrumb","itemListElement":[{"@type":"ListItem","position":1,"name":"Home","item":"https:\/\/news.canadamotorjobs.com\/fr\/blog\/"},{"@type":"ListItem","position":2,"name":"Lexus retarde la prochaine g\u00e9n\u00e9ration de ses v\u00e9hicules \u00e9lectriques"}]},{"@type":"WebSite","@id":"https:\/\/news.canadamotorjobs.com\/#website","url":"https:\/\/news.canadamotorjobs.com\/","name":"CanadaMotorJobs.com","description":"Automotive Jobs","publisher":{"@id":"https:\/\/news.canadamotorjobs.com\/#organization"},"potentialAction":[{"@type":"SearchAction","target":{"@type":"EntryPoint","urlTemplate":"https:\/\/news.canadamotorjobs.com\/?s={search_term_string}"},"query-input":"required name=search_term_string"}],"inLanguage":"fr-CA"},{"@type":"Organization","@id":"https:\/\/news.canadamotorjobs.com\/#organization","name":"Canada Motor Jobs","url":"https:\/\/news.canadamotorjobs.com\/","logo":{"@type":"ImageObject","inLanguage":"fr-CA","@id":"https:\/\/news.canadamotorjobs.com\/#\/schema\/logo\/image\/","url":"https:\/\/news.canadamotorjobs.com\/wp-content\/uploads\/2022\/10\/logo-canada-motor-jobs-1.png","contentUrl":"https:\/\/news.canadamotorjobs.com\/wp-content\/uploads\/2022\/10\/logo-canada-motor-jobs-1.png","width":800,"height":400,"caption":"Canada Motor Jobs"},"image":{"@id":"https:\/\/news.canadamotorjobs.com\/#\/schema\/logo\/image\/"},"sameAs":["https:\/\/www.facebook.com\/canadamotorjobs\/","https:\/\/x.com\/canadamotorjobs","https:\/\/www.instagram.com\/canadamotorjobs\/","https:\/\/www.linkedin.com\/company\/canadamotorjobs"]},{"@type":"Person","@id":"https:\/\/news.canadamotorjobs.com\/#\/schema\/person\/51793d1f87d44011d7bcc2ed99269a90","name":"Benoit Charette","image":{"@type":"ImageObject","inLanguage":"fr-CA","@id":"https:\/\/news.canadamotorjobs.com\/#\/schema\/person\/image\/","url":"https:\/\/secure.gravatar.com\/avatar\/45f3d2eebcccd909668d7ce7ea7267b6?s=96&d=mm&r=g","contentUrl":"https:\/\/secure.gravatar.com\/avatar\/45f3d2eebcccd909668d7ce7ea7267b6?s=96&d=mm&r=g","caption":"Benoit Charette"},"description":"Benoit Charette \/ Propri\u00e9taire et r\u00e9dacteur en chef Benoit Charette pratique le journalisme automobile depuis bient\u00f4t 30 ans. Il a fait ses classes au c\u00f4t\u00e9 de Daniel H\u00e9raud et au Carnet de route de 1992 \u00e0 2001. Il est fondateur, copropri\u00e9taire et r\u00e9dacteur en chef de L\u2019Annuel de l\u2019automobile, qu\u2019il publie depuis 2001. Il a anim\u00e9 les \u00e9missions RPM et RPM+ sur V et les L\u00e9gendes de la route sur Historia. \u00c0 la radio depuis 1986, il reprend l\u2019antenne cette ann\u00e9e sur les ondes de Cogeco et participe pour la deuxi\u00e8me ann\u00e9e \u00e0 l\u2019\u00e9mission Passion Auto sur RDS en plus de mettre en ligne le site Web officiel de L\u2019Annuel de l\u2019automobile sur annuelauto.ca.","sameAs":["https:\/\/annuelauto.ca\/"],"url":"https:\/\/news.canadamotorjobs.com\/fr\/author\/benoit-charette\/"}]}},"_links":{"self":[{"href":"https:\/\/news.canadamotorjobs.com\/fr\/wp-json\/wp\/v2\/posts\/183040"}],"collection":[{"href":"https:\/\/news.canadamotorjobs.com\/fr\/wp-json\/wp\/v2\/posts"}],"about":[{"href":"https:\/\/news.canadamotorjobs.com\/fr\/wp-json\/wp\/v2\/types\/post"}],"author":[{"embeddable":true,"href":"https:\/\/news.canadamotorjobs.com\/fr\/wp-json\/wp\/v2\/users\/8"}],"replies":[{"embeddable":true,"href":"https:\/\/news.canadamotorjobs.com\/fr\/wp-json\/wp\/v2\/comments?post=183040"}],"version-history":[{"count":2,"href":"https:\/\/news.canadamotorjobs.com\/fr\/wp-json\/wp\/v2\/posts\/183040\/revisions"}],"predecessor-version":[{"id":183044,"href":"https:\/\/news.canadamotorjobs.com\/fr\/wp-json\/wp\/v2\/posts\/183040\/revisions\/183044"}],"wp:featuredmedia":[{"embeddable":true,"href":"https:\/\/news.canadamotorjobs.com\/fr\/wp-json\/wp\/v2\/media\/183042"}],"wp:attachment":[{"href":"https:\/\/news.canadamotorjobs.com\/fr\/wp-json\/wp\/v2\/media?parent=183040"}],"wp:term":[{"taxonomy":"category","embeddable":true,"href":"https:\/\/news.canadamotorjobs.com\/fr\/wp-json\/wp\/v2\/categories?post=183040"},{"taxonomy":"post_tag","embeddable":true,"href":"https:\/\/news.canadamotorjobs.com\/fr\/wp-json\/wp\/v2\/tags?post=183040"}],"curies":[{"name":"wp","href":"https:\/\/api.w.org\/{rel}","templated":true}]}}