{"id":182994,"date":"2024-12-03T09:05:09","date_gmt":"2024-12-03T14:05:09","guid":{"rendered":"https:\/\/news.canadamotorjobs.com\/?p=182994"},"modified":"2024-12-03T09:14:02","modified_gmt":"2024-12-03T14:14:02","slug":"les-taux-dinteret-en-baisse-sur-les-vehicules-electriques","status":"publish","type":"post","link":"https:\/\/news.canadamotorjobs.com\/fr\/les-taux-dinteret-en-baisse-sur-les-vehicules-electriques\/","title":{"rendered":"Les taux d\u2019int\u00e9r\u00eat en baisse sur les v\u00e9hicules \u00e9lectriques"},"content":{"rendered":"<\/p>\n<p>Le journal de Montr\u00e9al publie ce matin un article int\u00e9ressant sur les taux d&#8217;int\u00e9r\u00eat avantageux en ce moment au Qu\u00e9bec pour les v\u00e9hicules \u00e9lectriques. L&#8217;ann\u00e9e 2024 se termine sur une abondance sans pr\u00e9c\u00e9dent de mod\u00e8les \u00e9lectriques au Qu\u00e9bec. En plus d\u2019avoir faits des r\u00e9serves, les concessionnaires du Qu\u00e9bec ont h\u00e9rit\u00e9 de pleins de mod\u00e8les invendus dans les provinces frontali\u00e8res \u00a0Avec une quarantaine de nouveaux mod\u00e8les lanc\u00e9s cette ann\u00e9e, les consommateurs ont maintenant acc\u00e8s \u00e0 une gamme vari\u00e9e qui touche tous les segments, des voitures \u00e9conomiques aux v\u00e9hicules de luxe. Cependant, cette effervescence survient alors que des changements importants se profilent \u00e0 l&#8217;horizon, notamment la r\u00e9duction des subventions gouvernementales pour les v\u00e9hicules \u00e9lectriques (VE) au 1er janvier 2025. La subvention provinciale passera de 7 000 \u00e0 4 000 $. Il vous reste donc un mois pour profiter des pleins tarifs pour les subventions.<\/p>\n<h3><strong>Des taux d\u2019int\u00e9r\u00eat int\u00e9ressants<\/strong><\/h3>\n<p>\nL\u2019offre de v\u00e9hicules \u00e9lectriques n\u2019a jamais \u00e9t\u00e9 aussi bonne. Toutefois, les prix demeurent \u00e9lev\u00e9s. Les constructeurs ont donc fait un effort du c\u00f4t\u00e9 des taux d\u2019int\u00e9r\u00eat qui sont avantageux chez la plupart des constructeurs. Le Journal de Montr\u00e9al a fait une compilation des taux les plus avantageux qui se retrouvent sur le march\u00e9 qu\u00e9b\u00e9cois en ce moment et il faut admettre que les offres sont bonnes et d\u2019ajoute dans certains cas \u00e0 des rabais sur le prix, rendant l\u2019offre encore plus all\u00e9chante.<\/p>\n<h3><strong>Tableau des offres actuelles selon le Journal de Montr\u00e9al<\/strong><\/h3>\n<p><\/p>\n<table><\/p>\n<thead><\/p>\n<tr><\/p>\n<td><strong>Mod\u00e8le<\/strong><\/td>\n<p><\/p>\n<td><strong>Taux d&#8217;int\u00e9r\u00eat<\/strong><\/td>\n<p><\/p>\n<td><strong>Rabais suppl\u00e9mentaire<\/strong><\/td>\n<p>\n<\/tr>\n<p>\n<\/thead>\n<p><\/p>\n<tbody><\/p>\n<tr><\/p>\n<td><strong>Chevrolet Blazer EV 2024<\/strong><\/td>\n<p><\/p>\n<td>0% sur 72 mois<\/td>\n<p><\/p>\n<td>Aucun<\/td>\n<p>\n<\/tr>\n<p><\/p>\n<tr><\/p>\n<td><strong>Chevrolet Equinox EV 2024<\/strong><\/td>\n<p><\/p>\n<td>0% sur 48 mois, 0,99% sur 60 mois<\/td>\n<p><\/p>\n<td>Aucun<\/td>\n<p>\n<\/tr>\n<p><\/p>\n<tr><\/p>\n<td><strong>Chevrolet Blazer et Equinox EV 2025<\/strong><\/td>\n<p><\/p>\n<td>3,49% sur 60 mois<\/td>\n<p><\/p>\n<td>Aucun<\/td>\n<p>\n<\/tr>\n<p><\/p>\n<tr><\/p>\n<td><strong>Fiat 500e 2024<\/strong><\/td>\n<p><\/p>\n<td>0% sur 36 mois, 2,99% sur 60 mois<\/td>\n<p><\/p>\n<td>1 000 $<\/td>\n<p>\n<\/tr>\n<p><\/p>\n<tr><\/p>\n<td><strong>Ford Mach-E 2024<\/strong><\/td>\n<p><\/p>\n<td>3,99% sur 60 mois<\/td>\n<p><\/p>\n<td>5 000 $<\/td>\n<p>\n<\/tr>\n<p><\/p>\n<tr><\/p>\n<td><strong>Honda Prologue 2024<\/strong><\/td>\n<p><\/p>\n<td>1,88% sur 84 mois<\/td>\n<p><\/p>\n<td>Aucun<\/td>\n<p>\n<\/tr>\n<p><\/p>\n<tr><\/p>\n<td><strong>Hyundai Ioniq 5 et 6 2024<\/strong><\/td>\n<p><\/p>\n<td>0,99% sur 48 mois*, 2,49% sur 84 mois*<\/td>\n<p><\/p>\n<td>Aucun<\/td>\n<p>\n<\/tr>\n<p><\/p>\n<tr><\/p>\n<td><strong>Hyundai Ioniq 6 2025<\/strong><\/td>\n<p><\/p>\n<td>3,49% sur 72 mois*<\/td>\n<p><\/p>\n<td>Aucun<\/td>\n<p>\n<\/tr>\n<p><\/p>\n<tr><\/p>\n<td><strong>Kia EV6 2024<\/strong><\/td>\n<p><\/p>\n<td>1,49% sur 48 mois*, 2,49% sur 84 mois*<\/td>\n<p><\/p>\n<td>Aucun<\/td>\n<p>\n<\/tr>\n<p><\/p>\n<tr><\/p>\n<td><strong>Kia Niro EV 2024<\/strong><\/td>\n<p><\/p>\n<td>2,49% sur 60 mois*<\/td>\n<p><\/p>\n<td>Aucun<\/td>\n<p>\n<\/tr>\n<p><\/p>\n<tr><\/p>\n<td><strong>Kia Niro EV 2025<\/strong><\/td>\n<p><\/p>\n<td>2,99% sur 60 mois*<\/td>\n<p><\/p>\n<td>Aucun<\/td>\n<p>\n<\/tr>\n<p><\/p>\n<tr><\/p>\n<td><strong>Mazda MX-30 2024<\/strong><\/td>\n<p><\/p>\n<td>1,50% sur 36 mois, 3,45% sur 72 mois<\/td>\n<p><\/p>\n<td>4 000 $<\/td>\n<p>\n<\/tr>\n<p><\/p>\n<tr><\/p>\n<td><strong>Nissan Leaf 2024<\/strong><\/td>\n<p><\/p>\n<td>2,99% sur 48 mois<\/td>\n<p><\/p>\n<td>Aucun<\/td>\n<p>\n<\/tr>\n<p><\/p>\n<tr><\/p>\n<td><strong>Nissan Ariya 2024<\/strong><\/td>\n<p><\/p>\n<td>0,99% sur 36 mois, 2,49% sur 84 mois<\/td>\n<p><\/p>\n<td>2 000 \u00e0 5 000 $<\/td>\n<p>\n<\/tr>\n<p><\/p>\n<tr><\/p>\n<td><strong>Subaru Soltera 2024<\/strong><\/td>\n<p><\/p>\n<td>0,99% sur 36 mois, 2,99% sur 84 mois<\/td>\n<p><\/p>\n<td>5 000 $ au comptant<\/td>\n<p>\n<\/tr>\n<p><\/p>\n<tr><\/p>\n<td><strong>Polestar 2<\/strong><\/td>\n<p><\/p>\n<td>1,90% sur 84 mois<\/td>\n<p><\/p>\n<td>5 000 $<\/td>\n<p>\n<\/tr>\n<p><\/p>\n<tr><\/p>\n<td><strong>Tesla 3 et Y<\/strong>*<\/td>\n<p><\/p>\n<td>0% sur 48 mois, 0,99% sur 72 mois<\/td>\n<p><\/p>\n<td>Option conduite supervis\u00e9e \u00e0 11 000 $<\/td>\n<p>\n<\/tr>\n<p><\/p>\n<tr><\/p>\n<td><strong>Toyota bZ4X 2024<\/strong><\/td>\n<p><\/p>\n<td>0,69% sur 36 mois, 2,69% sur 84 mois<\/td>\n<p><\/p>\n<td>3 500 $<\/td>\n<p>\n<\/tr>\n<p><\/p>\n<tr><\/p>\n<td><strong>VinFast VF8<\/strong><\/td>\n<p><\/p>\n<td>2,49% sur 84 mois<\/td>\n<p><\/p>\n<td>Aucun<\/td>\n<p>\n<\/tr>\n<p><\/p>\n<tr><\/p>\n<td><strong>Volkswagen ID4 2024<\/strong><\/td>\n<p><\/p>\n<td>0,99% sur 60 mois<\/td>\n<p><\/p>\n<td>Aucun<\/td>\n<p>\n<\/tr>\n<p>\n<\/tbody>\n<p>\n<\/table>\n<p>\n* Inclut des rabais fid\u00e9lit\u00e9 sp\u00e9cifiques au constructeur.<\/p>\n<h3><strong>Une opportunit\u00e9 \u00e0 saisir<\/strong><\/h3>\n<p>\nLes constructeurs misent sur des incitatifs agressifs pour acc\u00e9l\u00e9rer les ventes en cette fin d\u2019ann\u00e9e, avant l&#8217;entr\u00e9e en vigueur des nouvelles politiques. C\u2019est donc le moment id\u00e9al pour les acheteurs pr\u00eats \u00e0 franchir le pas vers l\u2019\u00e9lectrique. Les choix sont nombreux et les offres, vari\u00e9es, mais elles pourraient devenir moins avantageuses en 2025.<\/p>\n<p>Avec des renseignements du Journal de Montr\u00e9al<\/p>\n<p>\u00a0<\/p>\n<p>Le texte <a rel=\"nofollow\" href=\"https:\/\/annuelauto.ca\/les-taux-dinteret-en-baisse-sur-les-vehicules-electriques\/\">Les taux d\u2019int\u00e9r\u00eat en baisse sur les v\u00e9hicules \u00e9lectriques<\/a> provient de <a rel=\"nofollow\" href=\"https:\/\/annuelauto.ca\">L&#8217;annuel de l&#8217;automobile &#8211; Actualit\u00e9 automobile<\/a><\/p>\n<p><\/p>\n","protected":false},"excerpt":{"rendered":"<p>Le journal de Montr\u00e9al publie ce matin un article int\u00e9ressant sur les taux d&#8217;int\u00e9r\u00eat avantageux en ce moment au Qu\u00e9bec pour les v\u00e9hicules \u00e9lectriques. L&#8217;ann\u00e9e 2024 se termine sur une abondance sans pr\u00e9c\u00e9dent de mod\u00e8les \u00e9lectriques au Qu\u00e9bec. En plus d\u2019avoir faits des r\u00e9serves, les concessionnaires du Qu\u00e9bec ont h\u00e9rit\u00e9 de pleins de mod\u00e8les invendus [&hellip;]<\/p>\n","protected":false},"author":8,"featured_media":182996,"comment_status":"close","ping_status":"closed","sticky":false,"template":"","format":"standard","meta":{"_monsterinsights_skip_tracking":false,"_monsterinsights_sitenote_active":false,"_monsterinsights_sitenote_note":"","_monsterinsights_sitenote_category":0,"footnotes":""},"categories":[101],"tags":[],"yoast_head":"<!-- This site is optimized with the Yoast SEO plugin v23.2 - https:\/\/yoast.com\/wordpress\/plugins\/seo\/ -->\n<title>Les taux d\u2019int\u00e9r\u00eat en baisse sur les v\u00e9hicules \u00e9lectriques - CanadaMotorJobs.com<\/title>\n<meta name=\"description\" content=\"Les taux d\u2019int\u00e9r\u00eat en baisse sur les v\u00e9hicules \u00e9lectriques - Benoit Charette - Annuel automobile - CanadaMotorJobs.com.\" \/>\n<meta name=\"robots\" content=\"index, follow, max-snippet:-1, max-image-preview:large, max-video-preview:-1\" \/>\n<meta property=\"og:locale\" content=\"fr_CA\" \/>\n<meta property=\"og:type\" content=\"article\" \/>\n<meta property=\"og:title\" content=\"Les taux d\u2019int\u00e9r\u00eat en baisse sur les v\u00e9hicules \u00e9lectriques - CanadaMotorJobs.com\" \/>\n<meta property=\"og:description\" content=\"Les taux d\u2019int\u00e9r\u00eat en baisse sur les v\u00e9hicules \u00e9lectriques - Benoit Charette - Annuel automobile - CanadaMotorJobs.com.\" \/>\n<meta property=\"og:url\" content=\"https:\/\/news.canadamotorjobs.com\/fr\/les-taux-dinteret-en-baisse-sur-les-vehicules-electriques\/\" \/>\n<meta property=\"og:site_name\" content=\"CanadaMotorJobs.com\" \/>\n<meta property=\"article:publisher\" content=\"https:\/\/www.facebook.com\/canadamotorjobs\/\" \/>\n<meta property=\"article:published_time\" content=\"2024-12-03T14:05:09+00:00\" \/>\n<meta property=\"article:modified_time\" content=\"2024-12-03T14:14:02+00:00\" \/>\n<meta property=\"og:image\" content=\"https:\/\/news.canadamotorjobs.com\/wp-content\/uploads\/2024\/12\/2024-chevrolet-equinox-ev-3lt-1171718647279463.jpg\" \/>\n\t<meta property=\"og:image:width\" content=\"1600\" \/>\n\t<meta property=\"og:image:height\" content=\"1067\" \/>\n\t<meta property=\"og:image:type\" content=\"image\/jpeg\" \/>\n<meta name=\"author\" content=\"Benoit Charette\" \/>\n<meta name=\"twitter:card\" content=\"summary_large_image\" \/>\n<meta name=\"twitter:creator\" content=\"@canadamotorjobs\" \/>\n<meta name=\"twitter:site\" content=\"@canadamotorjobs\" \/>\n<meta name=\"twitter:label1\" content=\"\u00c9crit par\" \/>\n\t<meta name=\"twitter:data1\" content=\"Benoit Charette\" \/>\n\t<meta name=\"twitter:label2\" content=\"Estimation du temps de lecture\" \/>\n\t<meta name=\"twitter:data2\" content=\"3 minutes\" \/>\n<!-- \/ Yoast SEO plugin. -->","yoast_head_json":{"title":"Les taux d\u2019int\u00e9r\u00eat en baisse sur les v\u00e9hicules \u00e9lectriques - CanadaMotorJobs.com","description":"Les taux d\u2019int\u00e9r\u00eat en baisse sur les v\u00e9hicules \u00e9lectriques - Benoit Charette - Annuel automobile - CanadaMotorJobs.com.","robots":{"index":"index","follow":"follow","max-snippet":"max-snippet:-1","max-image-preview":"max-image-preview:large","max-video-preview":"max-video-preview:-1"},"og_locale":"fr_CA","og_type":"article","og_title":"Les taux d\u2019int\u00e9r\u00eat en baisse sur les v\u00e9hicules \u00e9lectriques - CanadaMotorJobs.com","og_description":"Les taux d\u2019int\u00e9r\u00eat en baisse sur les v\u00e9hicules \u00e9lectriques - Benoit Charette - Annuel automobile - CanadaMotorJobs.com.","og_url":"https:\/\/news.canadamotorjobs.com\/fr\/les-taux-dinteret-en-baisse-sur-les-vehicules-electriques\/","og_site_name":"CanadaMotorJobs.com","article_publisher":"https:\/\/www.facebook.com\/canadamotorjobs\/","article_published_time":"2024-12-03T14:05:09+00:00","article_modified_time":"2024-12-03T14:14:02+00:00","og_image":[{"width":1600,"height":1067,"url":"https:\/\/news.canadamotorjobs.com\/wp-content\/uploads\/2024\/12\/2024-chevrolet-equinox-ev-3lt-1171718647279463.jpg","type":"image\/jpeg"}],"author":"Benoit Charette","twitter_card":"summary_large_image","twitter_creator":"@canadamotorjobs","twitter_site":"@canadamotorjobs","twitter_misc":{"\u00c9crit par":"Benoit Charette","Estimation du temps de lecture":"3 minutes"},"schema":{"@context":"https:\/\/schema.org","@graph":[{"@type":"Article","@id":"https:\/\/news.canadamotorjobs.com\/fr\/les-taux-dinteret-en-baisse-sur-les-vehicules-electriques\/#article","isPartOf":{"@id":"https:\/\/news.canadamotorjobs.com\/fr\/les-taux-dinteret-en-baisse-sur-les-vehicules-electriques\/"},"author":{"name":"Benoit Charette","@id":"https:\/\/news.canadamotorjobs.com\/#\/schema\/person\/51793d1f87d44011d7bcc2ed99269a90"},"headline":"Les taux d\u2019int\u00e9r\u00eat en baisse sur les v\u00e9hicules \u00e9lectriques","datePublished":"2024-12-03T14:05:09+00:00","dateModified":"2024-12-03T14:14:02+00:00","mainEntityOfPage":{"@id":"https:\/\/news.canadamotorjobs.com\/fr\/les-taux-dinteret-en-baisse-sur-les-vehicules-electriques\/"},"wordCount":528,"publisher":{"@id":"https:\/\/news.canadamotorjobs.com\/#organization"},"image":{"@id":"https:\/\/news.canadamotorjobs.com\/fr\/les-taux-dinteret-en-baisse-sur-les-vehicules-electriques\/#primaryimage"},"thumbnailUrl":"https:\/\/news.canadamotorjobs.com\/wp-content\/uploads\/2024\/12\/2024-chevrolet-equinox-ev-3lt-1171718647279463.jpg","articleSection":["Annuel automobile"],"inLanguage":"fr-CA"},{"@type":"WebPage","@id":"https:\/\/news.canadamotorjobs.com\/fr\/les-taux-dinteret-en-baisse-sur-les-vehicules-electriques\/","url":"https:\/\/news.canadamotorjobs.com\/fr\/les-taux-dinteret-en-baisse-sur-les-vehicules-electriques\/","name":"Les taux d\u2019int\u00e9r\u00eat en baisse sur les v\u00e9hicules \u00e9lectriques - CanadaMotorJobs.com","isPartOf":{"@id":"https:\/\/news.canadamotorjobs.com\/#website"},"primaryImageOfPage":{"@id":"https:\/\/news.canadamotorjobs.com\/fr\/les-taux-dinteret-en-baisse-sur-les-vehicules-electriques\/#primaryimage"},"image":{"@id":"https:\/\/news.canadamotorjobs.com\/fr\/les-taux-dinteret-en-baisse-sur-les-vehicules-electriques\/#primaryimage"},"thumbnailUrl":"https:\/\/news.canadamotorjobs.com\/wp-content\/uploads\/2024\/12\/2024-chevrolet-equinox-ev-3lt-1171718647279463.jpg","datePublished":"2024-12-03T14:05:09+00:00","dateModified":"2024-12-03T14:14:02+00:00","description":"Les taux d\u2019int\u00e9r\u00eat en baisse sur les v\u00e9hicules \u00e9lectriques - Benoit Charette - Annuel automobile - CanadaMotorJobs.com.","breadcrumb":{"@id":"https:\/\/news.canadamotorjobs.com\/fr\/les-taux-dinteret-en-baisse-sur-les-vehicules-electriques\/#breadcrumb"},"inLanguage":"fr-CA","potentialAction":[{"@type":"ReadAction","target":["https:\/\/news.canadamotorjobs.com\/fr\/les-taux-dinteret-en-baisse-sur-les-vehicules-electriques\/"]}]},{"@type":"ImageObject","inLanguage":"fr-CA","@id":"https:\/\/news.canadamotorjobs.com\/fr\/les-taux-dinteret-en-baisse-sur-les-vehicules-electriques\/#primaryimage","url":"https:\/\/news.canadamotorjobs.com\/wp-content\/uploads\/2024\/12\/2024-chevrolet-equinox-ev-3lt-1171718647279463.jpg","contentUrl":"https:\/\/news.canadamotorjobs.com\/wp-content\/uploads\/2024\/12\/2024-chevrolet-equinox-ev-3lt-1171718647279463.jpg","width":1600,"height":1067},{"@type":"BreadcrumbList","@id":"https:\/\/news.canadamotorjobs.com\/fr\/les-taux-dinteret-en-baisse-sur-les-vehicules-electriques\/#breadcrumb","itemListElement":[{"@type":"ListItem","position":1,"name":"Home","item":"https:\/\/news.canadamotorjobs.com\/fr\/blog\/"},{"@type":"ListItem","position":2,"name":"Les taux d\u2019int\u00e9r\u00eat en baisse sur les v\u00e9hicules \u00e9lectriques"}]},{"@type":"WebSite","@id":"https:\/\/news.canadamotorjobs.com\/#website","url":"https:\/\/news.canadamotorjobs.com\/","name":"CanadaMotorJobs.com","description":"Automotive Jobs","publisher":{"@id":"https:\/\/news.canadamotorjobs.com\/#organization"},"potentialAction":[{"@type":"SearchAction","target":{"@type":"EntryPoint","urlTemplate":"https:\/\/news.canadamotorjobs.com\/?s={search_term_string}"},"query-input":"required name=search_term_string"}],"inLanguage":"fr-CA"},{"@type":"Organization","@id":"https:\/\/news.canadamotorjobs.com\/#organization","name":"Canada Motor Jobs","url":"https:\/\/news.canadamotorjobs.com\/","logo":{"@type":"ImageObject","inLanguage":"fr-CA","@id":"https:\/\/news.canadamotorjobs.com\/#\/schema\/logo\/image\/","url":"https:\/\/news.canadamotorjobs.com\/wp-content\/uploads\/2022\/10\/logo-canada-motor-jobs-1.png","contentUrl":"https:\/\/news.canadamotorjobs.com\/wp-content\/uploads\/2022\/10\/logo-canada-motor-jobs-1.png","width":800,"height":400,"caption":"Canada Motor Jobs"},"image":{"@id":"https:\/\/news.canadamotorjobs.com\/#\/schema\/logo\/image\/"},"sameAs":["https:\/\/www.facebook.com\/canadamotorjobs\/","https:\/\/x.com\/canadamotorjobs","https:\/\/www.instagram.com\/canadamotorjobs\/","https:\/\/www.linkedin.com\/company\/canadamotorjobs"]},{"@type":"Person","@id":"https:\/\/news.canadamotorjobs.com\/#\/schema\/person\/51793d1f87d44011d7bcc2ed99269a90","name":"Benoit Charette","image":{"@type":"ImageObject","inLanguage":"fr-CA","@id":"https:\/\/news.canadamotorjobs.com\/#\/schema\/person\/image\/","url":"https:\/\/secure.gravatar.com\/avatar\/45f3d2eebcccd909668d7ce7ea7267b6?s=96&d=mm&r=g","contentUrl":"https:\/\/secure.gravatar.com\/avatar\/45f3d2eebcccd909668d7ce7ea7267b6?s=96&d=mm&r=g","caption":"Benoit Charette"},"description":"Benoit Charette \/ Propri\u00e9taire et r\u00e9dacteur en chef Benoit Charette pratique le journalisme automobile depuis bient\u00f4t 30 ans. Il a fait ses classes au c\u00f4t\u00e9 de Daniel H\u00e9raud et au Carnet de route de 1992 \u00e0 2001. Il est fondateur, copropri\u00e9taire et r\u00e9dacteur en chef de L\u2019Annuel de l\u2019automobile, qu\u2019il publie depuis 2001. Il a anim\u00e9 les \u00e9missions RPM et RPM+ sur V et les L\u00e9gendes de la route sur Historia. \u00c0 la radio depuis 1986, il reprend l\u2019antenne cette ann\u00e9e sur les ondes de Cogeco et participe pour la deuxi\u00e8me ann\u00e9e \u00e0 l\u2019\u00e9mission Passion Auto sur RDS en plus de mettre en ligne le site Web officiel de L\u2019Annuel de l\u2019automobile sur annuelauto.ca.","sameAs":["https:\/\/annuelauto.ca\/"],"url":"https:\/\/news.canadamotorjobs.com\/fr\/author\/benoit-charette\/"}]}},"_links":{"self":[{"href":"https:\/\/news.canadamotorjobs.com\/fr\/wp-json\/wp\/v2\/posts\/182994"}],"collection":[{"href":"https:\/\/news.canadamotorjobs.com\/fr\/wp-json\/wp\/v2\/posts"}],"about":[{"href":"https:\/\/news.canadamotorjobs.com\/fr\/wp-json\/wp\/v2\/types\/post"}],"author":[{"embeddable":true,"href":"https:\/\/news.canadamotorjobs.com\/fr\/wp-json\/wp\/v2\/users\/8"}],"replies":[{"embeddable":true,"href":"https:\/\/news.canadamotorjobs.com\/fr\/wp-json\/wp\/v2\/comments?post=182994"}],"version-history":[{"count":2,"href":"https:\/\/news.canadamotorjobs.com\/fr\/wp-json\/wp\/v2\/posts\/182994\/revisions"}],"predecessor-version":[{"id":182998,"href":"https:\/\/news.canadamotorjobs.com\/fr\/wp-json\/wp\/v2\/posts\/182994\/revisions\/182998"}],"wp:featuredmedia":[{"embeddable":true,"href":"https:\/\/news.canadamotorjobs.com\/fr\/wp-json\/wp\/v2\/media\/182996"}],"wp:attachment":[{"href":"https:\/\/news.canadamotorjobs.com\/fr\/wp-json\/wp\/v2\/media?parent=182994"}],"wp:term":[{"taxonomy":"category","embeddable":true,"href":"https:\/\/news.canadamotorjobs.com\/fr\/wp-json\/wp\/v2\/categories?post=182994"},{"taxonomy":"post_tag","embeddable":true,"href":"https:\/\/news.canadamotorjobs.com\/fr\/wp-json\/wp\/v2\/tags?post=182994"}],"curies":[{"name":"wp","href":"https:\/\/api.w.org\/{rel}","templated":true}]}}