{"id":182956,"date":"2024-12-02T17:50:21","date_gmt":"2024-12-02T22:50:21","guid":{"rendered":"https:\/\/news.canadamotorjobs.com\/?p=182956"},"modified":"2024-12-02T19:28:58","modified_gmt":"2024-12-03T00:28:58","slug":"bernie-ecclestone-vend-son-imposante-collection-de-monoplaces-de-gp-et-de-f1","status":"publish","type":"post","link":"https:\/\/news.canadamotorjobs.com\/fr\/bernie-ecclestone-vend-son-imposante-collection-de-monoplaces-de-gp-et-de-f1\/","title":{"rendered":"Bernie Ecclestone vend son imposante collection de monoplaces de GP et de F1"},"content":{"rendered":"<\/p>\n<p>Bernie Ecclestone, le \u00ab\u00a0parrain de la Formule\u00a01\u00a0\u00bb a d\u00e9cid\u00e9 de se d\u00e9partir de sa collection de monoplaces de Grand\u00a0Prix et de Formule\u00a01 et c\u2019est \u00e0 la soci\u00e9t\u00e9 britannique Tom Hartley Jnr Ltd qu\u2019il a confi\u00e9 ce mandat, nous apprend un communiqu\u00e9 publi\u00e9 hier en Angleterre.<\/p>\n<p>Aujourd\u2019hui \u00e2g\u00e9 de 94\u00a0ans, <a href=\"https:\/\/annuelauto.ca\/la-jaguar-d-type-de-bernie-ecclestone-passe-a-lencan\/\" target=\"_blank\" rel=\"noopener noreferrer\">Ecclestone<\/a> a \u00e9t\u00e9 pendant des d\u00e9cennies le d\u00e9tenteur des droits commerciaux de la Formule\u00a01. Durant les derni\u00e8res 50\u00a0ann\u00e9es, il a constitu\u00e9 la collection Grand Prix Ecclestone. Elle r\u00e9unit 69\u00a0monoplaces couvrant 70\u00a0ans d\u2019histoire de Grand Prix et de Formule\u00a01, dont plusieurs qui ont remport\u00e9 des courses.<\/p>\n<h3><strong>Des Ferrari pour les fous et les fins<\/strong><\/h3>\n<p>\nEntrepos\u00e9es \u00e0 l\u2019abri des regards du public, dans certains cas pendant plus d\u2019un demi-si\u00e8cle, la plupart des voitures n\u2019ont jamais \u00e9t\u00e9 vues depuis qu\u2019Ecclestone les a achet\u00e9es. Parmi les pi\u00e8ces-vedettes figurent de nombreuses Ferrari qui ont servi \u00e0 des champions du monde l\u00e9gendaires tels que Mike Hawthorn, Niki Lauda et <a href=\"https:\/\/annuelauto.ca\/conduire-la-tesla-roadster-roc-2010-de-michael-schumacher-cest-possible-pour-200-000-a-300-000\/\" target=\"_blank\" rel=\"noopener noreferrer\">Michael Schumacher<\/a>.<\/p>\n<p>La Ferrari 375 qui a permis \u00e0 Alberto Ascari de remporter plusieurs Grand Prix en 1950 et 1951 est \u00e9galement du nombre, de m\u00eame que la premi\u00e8re 312 F1 et la 125 \u00ab <em>Thinwall Special<\/em> \u00bb de 1951, la premi\u00e8re monoplace qui a permis \u00e0 Ferrari de battre Alfa Romeo.<\/p>\n<p>\u00ab\u00a0J\u2019aime toutes mes voitures, mais le moment est venu pour moi de commencer \u00e0 r\u00e9fl\u00e9chir \u00e0 ce qu\u2019il adviendra d\u2019elles si je ne suis plus l\u00e0. C\u2019est pourquoi j\u2019ai d\u00e9cid\u00e9 de les vendre\u00a0\u00bb, explique M.\u00a0Ecclestone dans le communiqu\u00e9.<\/p>\n<p>\u00ab\u00a0Apr\u00e8s avoir rassembl\u00e9 les meilleures et plus originales voitures de Formule\u00a01 datant des d\u00e9buts de ce sport, j&#8217;ai maintenant d\u00e9cid\u00e9 de les confier \u00e0 de nouveaux propri\u00e9taires qui les traiteront comme je l&#8217;ai fait, en prenant soin de ces monoplaces comme s\u2019il s\u2019agissait de pr\u00e9cieuses \u0153uvres d\u2019art\u00a0\u00bb, ajoute M.\u00a0Ecclestone.<\/p>\n<h3><strong>Beaucoup de Brabham, \u00e9videmment<br \/>\n<\/strong><\/h3>\n<p>\nPuisque Bernie Ecclestone a propri\u00e9taire de l\u2019\u00e9curie Brabham durant l\u2019essentiel des ann\u00e9es 70 et 80, il n\u2019est pas surprenant de savoir que sa collection compte de nombreuses Brabham, notamment des monoplaces pilot\u00e9s par des as comme Nelson Piquet, Ayrton Senna, Carlos Pace et, encore une fois, Niki Lauda. Parmi celles-ci, on trouve notamment la Brabham-Alfa Romeo BT46B \u00ab\u00a0Fan\u00a0car\u00a0\u00bb, un mod\u00e8le unique qui n\u2019a couru qu\u2019une seule fois pour remporter le Grand Prix de Su\u00e8de \u00e0 Anderstorp, en 1978, avec plus d\u2019une demi-minute d\u2019avance.<\/p>\n<p>\u00ab\u00a0Bernie a poss\u00e9d\u00e9 ces Brabham depuis leur cr\u00e9ation. Beaucoup de ces voitures n\u2019ayant pas \u00e9t\u00e9 vues depuis des d\u00e9cennies, les gens peuvent oublier \u00e0 quel point Brabham a \u00e9t\u00e9 une \u00e9curie sp\u00e9ciale\u00a0\u00bb, rappelle Tom Hartley Jnr, propri\u00e9taire de l\u2019entreprise responsable de la vente de cette collection. Il rappelle que, sous la direction de Bernie Ecclestone, Brabham a d\u00e9croch\u00e9 24\u00a0fois des positions de t\u00eate, en plus de remporter 22\u00a0victoires et deux championnats du monde.<\/p>\n<p>\u00ab\u00a0L\u2019\u00e9curie \u00e9tait \u00e9galement tr\u00e8s innovante. Par exemple, elle a adopt\u00e9 les freins en carbone pour ses voitures dans les ann\u00e9es\u00a070. Elle fut aussi la premi\u00e8re \u00e0 introduire le ravitaillement en carburant en course. Bernie est \u00e9galement celui qui a donn\u00e9 des emplois \u00e0 des personnalit\u00e9s aujourd\u2019hui bien connues du sport automobile comme, par exemple, ce jeune ing\u00e9nieur sud-africain nomm\u00e9 Gordon Murray, mais aussi Charlie Whiting et Herbie Blash\u00a0\u00bb, ajoute M.\u00a0Hartley.<\/p>\n<h3><strong>Des perles rares<\/strong><\/h3>\n<p>\nCette vente permettra \u00e9galement \u00e0 des collectionneurs de mettre la main sur des pi\u00e8ces d\u2019exception comme une Maserati 250F d\u2019usine, l\u2019imposante BMW Mark\u00a0II \u00e0 16\u00a0cylindres, mais aussi la c\u00e9l\u00e8bre Vanwall VW10 gr\u00e2ce \u00e0 laquelle <a href=\"https:\/\/annuelauto.ca\/17-septembre-stirling-moss-fete-ses-89-ans\/\" target=\"_blank\" rel=\"noopener noreferrer\">Stirling Moss<\/a> de remport\u00e9 plusieurs victoires en Grand Prix durant la saison 1958, en plus de procurer un premier Championnat des constructeurs \u00e0 l\u2019\u00e9curie.<\/p>\n<p>Tous les d\u00e9tails relatifs \u00e0 la vente de la collection Grand Prix Ecclestone seront d\u00e9voil\u00e9s ult\u00e9rieurement par la soci\u00e9t\u00e9 Tom Hartley Jnr Ltd.<\/p>\n<p><em>Photos : Tom Hartley Jnr Ltd<\/em><\/p>\n<p>Le texte <a rel=\"nofollow\" href=\"https:\/\/annuelauto.ca\/bernie-ecclestone-vend-son-imposante-collection-de-monoplaces-de-gp-et-de-f1\/\">Bernie Ecclestone vend son imposante collection de monoplaces de GP et de F1<\/a> provient de <a rel=\"nofollow\" href=\"https:\/\/annuelauto.ca\">L&#8217;annuel de l&#8217;automobile &#8211; Actualit\u00e9 automobile<\/a><\/p>\n<p><\/p>\n","protected":false},"excerpt":{"rendered":"<p>Bernie Ecclestone, le \u00ab\u00a0parrain de la Formule\u00a01\u00a0\u00bb a d\u00e9cid\u00e9 de se d\u00e9partir de sa collection de monoplaces de Grand\u00a0Prix et de Formule\u00a01 et c\u2019est \u00e0 la soci\u00e9t\u00e9 britannique Tom Hartley Jnr Ltd qu\u2019il a confi\u00e9 ce mandat, nous apprend un communiqu\u00e9 publi\u00e9 hier en Angleterre. Aujourd\u2019hui \u00e2g\u00e9 de 94\u00a0ans, Ecclestone a \u00e9t\u00e9 pendant des d\u00e9cennies [&hellip;]<\/p>\n","protected":false},"author":8,"featured_media":182958,"comment_status":"close","ping_status":"closed","sticky":false,"template":"","format":"standard","meta":{"_monsterinsights_skip_tracking":false,"_monsterinsights_sitenote_active":false,"_monsterinsights_sitenote_note":"","_monsterinsights_sitenote_category":0,"footnotes":""},"categories":[101],"tags":[],"yoast_head":"<!-- This site is optimized with the Yoast SEO plugin v23.2 - https:\/\/yoast.com\/wordpress\/plugins\/seo\/ -->\n<title>Bernie Ecclestone vend son imposante collection de monoplaces de GP et de F1 - CanadaMotorJobs.com<\/title>\n<meta name=\"description\" content=\"Bernie Ecclestone vend son imposante collection de monoplaces de GP et de F1 - Benoit Charette - Annuel automobile - CanadaMotorJobs.com.\" \/>\n<meta name=\"robots\" content=\"index, follow, max-snippet:-1, max-image-preview:large, max-video-preview:-1\" \/>\n<meta property=\"og:locale\" content=\"fr_CA\" \/>\n<meta property=\"og:type\" content=\"article\" \/>\n<meta property=\"og:title\" content=\"Bernie Ecclestone vend son imposante collection de monoplaces de GP et de F1 - CanadaMotorJobs.com\" \/>\n<meta property=\"og:description\" content=\"Bernie Ecclestone vend son imposante collection de monoplaces de GP et de F1 - Benoit Charette - Annuel automobile - CanadaMotorJobs.com.\" \/>\n<meta property=\"og:url\" content=\"https:\/\/news.canadamotorjobs.com\/fr\/bernie-ecclestone-vend-son-imposante-collection-de-monoplaces-de-gp-et-de-f1\/\" \/>\n<meta property=\"og:site_name\" content=\"CanadaMotorJobs.com\" \/>\n<meta property=\"article:publisher\" content=\"https:\/\/www.facebook.com\/canadamotorjobs\/\" \/>\n<meta property=\"article:published_time\" content=\"2024-12-02T22:50:21+00:00\" \/>\n<meta property=\"article:modified_time\" content=\"2024-12-03T00:28:58+00:00\" \/>\n<meta property=\"og:image\" content=\"https:\/\/news.canadamotorjobs.com\/wp-content\/uploads\/2024\/12\/Collection-GP-Ecclestone-10.jpg\" \/>\n\t<meta property=\"og:image:width\" content=\"1024\" \/>\n\t<meta property=\"og:image:height\" content=\"683\" \/>\n\t<meta property=\"og:image:type\" content=\"image\/jpeg\" \/>\n<meta name=\"author\" content=\"Benoit Charette\" \/>\n<meta name=\"twitter:card\" content=\"summary_large_image\" \/>\n<meta name=\"twitter:creator\" content=\"@canadamotorjobs\" \/>\n<meta name=\"twitter:site\" content=\"@canadamotorjobs\" \/>\n<meta name=\"twitter:label1\" content=\"\u00c9crit par\" \/>\n\t<meta name=\"twitter:data1\" content=\"Benoit Charette\" \/>\n\t<meta name=\"twitter:label2\" content=\"Estimation du temps de lecture\" \/>\n\t<meta name=\"twitter:data2\" content=\"3 minutes\" \/>\n<!-- \/ Yoast SEO plugin. -->","yoast_head_json":{"title":"Bernie Ecclestone vend son imposante collection de monoplaces de GP et de F1 - CanadaMotorJobs.com","description":"Bernie Ecclestone vend son imposante collection de monoplaces de GP et de F1 - Benoit Charette - Annuel automobile - CanadaMotorJobs.com.","robots":{"index":"index","follow":"follow","max-snippet":"max-snippet:-1","max-image-preview":"max-image-preview:large","max-video-preview":"max-video-preview:-1"},"og_locale":"fr_CA","og_type":"article","og_title":"Bernie Ecclestone vend son imposante collection de monoplaces de GP et de F1 - CanadaMotorJobs.com","og_description":"Bernie Ecclestone vend son imposante collection de monoplaces de GP et de F1 - Benoit Charette - Annuel automobile - CanadaMotorJobs.com.","og_url":"https:\/\/news.canadamotorjobs.com\/fr\/bernie-ecclestone-vend-son-imposante-collection-de-monoplaces-de-gp-et-de-f1\/","og_site_name":"CanadaMotorJobs.com","article_publisher":"https:\/\/www.facebook.com\/canadamotorjobs\/","article_published_time":"2024-12-02T22:50:21+00:00","article_modified_time":"2024-12-03T00:28:58+00:00","og_image":[{"width":1024,"height":683,"url":"https:\/\/news.canadamotorjobs.com\/wp-content\/uploads\/2024\/12\/Collection-GP-Ecclestone-10.jpg","type":"image\/jpeg"}],"author":"Benoit Charette","twitter_card":"summary_large_image","twitter_creator":"@canadamotorjobs","twitter_site":"@canadamotorjobs","twitter_misc":{"\u00c9crit par":"Benoit Charette","Estimation du temps de lecture":"3 minutes"},"schema":{"@context":"https:\/\/schema.org","@graph":[{"@type":"Article","@id":"https:\/\/news.canadamotorjobs.com\/fr\/bernie-ecclestone-vend-son-imposante-collection-de-monoplaces-de-gp-et-de-f1\/#article","isPartOf":{"@id":"https:\/\/news.canadamotorjobs.com\/fr\/bernie-ecclestone-vend-son-imposante-collection-de-monoplaces-de-gp-et-de-f1\/"},"author":{"name":"Benoit Charette","@id":"https:\/\/news.canadamotorjobs.com\/#\/schema\/person\/51793d1f87d44011d7bcc2ed99269a90"},"headline":"Bernie Ecclestone vend son imposante collection de monoplaces de GP et de F1","datePublished":"2024-12-02T22:50:21+00:00","dateModified":"2024-12-03T00:28:58+00:00","mainEntityOfPage":{"@id":"https:\/\/news.canadamotorjobs.com\/fr\/bernie-ecclestone-vend-son-imposante-collection-de-monoplaces-de-gp-et-de-f1\/"},"wordCount":709,"publisher":{"@id":"https:\/\/news.canadamotorjobs.com\/#organization"},"image":{"@id":"https:\/\/news.canadamotorjobs.com\/fr\/bernie-ecclestone-vend-son-imposante-collection-de-monoplaces-de-gp-et-de-f1\/#primaryimage"},"thumbnailUrl":"https:\/\/news.canadamotorjobs.com\/wp-content\/uploads\/2024\/12\/Collection-GP-Ecclestone-10.jpg","articleSection":["Annuel automobile"],"inLanguage":"fr-CA"},{"@type":"WebPage","@id":"https:\/\/news.canadamotorjobs.com\/fr\/bernie-ecclestone-vend-son-imposante-collection-de-monoplaces-de-gp-et-de-f1\/","url":"https:\/\/news.canadamotorjobs.com\/fr\/bernie-ecclestone-vend-son-imposante-collection-de-monoplaces-de-gp-et-de-f1\/","name":"Bernie Ecclestone vend son imposante collection de monoplaces de GP et de F1 - CanadaMotorJobs.com","isPartOf":{"@id":"https:\/\/news.canadamotorjobs.com\/#website"},"primaryImageOfPage":{"@id":"https:\/\/news.canadamotorjobs.com\/fr\/bernie-ecclestone-vend-son-imposante-collection-de-monoplaces-de-gp-et-de-f1\/#primaryimage"},"image":{"@id":"https:\/\/news.canadamotorjobs.com\/fr\/bernie-ecclestone-vend-son-imposante-collection-de-monoplaces-de-gp-et-de-f1\/#primaryimage"},"thumbnailUrl":"https:\/\/news.canadamotorjobs.com\/wp-content\/uploads\/2024\/12\/Collection-GP-Ecclestone-10.jpg","datePublished":"2024-12-02T22:50:21+00:00","dateModified":"2024-12-03T00:28:58+00:00","description":"Bernie Ecclestone vend son imposante collection de monoplaces de GP et de F1 - Benoit Charette - Annuel automobile - CanadaMotorJobs.com.","breadcrumb":{"@id":"https:\/\/news.canadamotorjobs.com\/fr\/bernie-ecclestone-vend-son-imposante-collection-de-monoplaces-de-gp-et-de-f1\/#breadcrumb"},"inLanguage":"fr-CA","potentialAction":[{"@type":"ReadAction","target":["https:\/\/news.canadamotorjobs.com\/fr\/bernie-ecclestone-vend-son-imposante-collection-de-monoplaces-de-gp-et-de-f1\/"]}]},{"@type":"ImageObject","inLanguage":"fr-CA","@id":"https:\/\/news.canadamotorjobs.com\/fr\/bernie-ecclestone-vend-son-imposante-collection-de-monoplaces-de-gp-et-de-f1\/#primaryimage","url":"https:\/\/news.canadamotorjobs.com\/wp-content\/uploads\/2024\/12\/Collection-GP-Ecclestone-10.jpg","contentUrl":"https:\/\/news.canadamotorjobs.com\/wp-content\/uploads\/2024\/12\/Collection-GP-Ecclestone-10.jpg","width":1024,"height":683},{"@type":"BreadcrumbList","@id":"https:\/\/news.canadamotorjobs.com\/fr\/bernie-ecclestone-vend-son-imposante-collection-de-monoplaces-de-gp-et-de-f1\/#breadcrumb","itemListElement":[{"@type":"ListItem","position":1,"name":"Home","item":"https:\/\/news.canadamotorjobs.com\/fr\/blog\/"},{"@type":"ListItem","position":2,"name":"Bernie Ecclestone vend son imposante collection de monoplaces de GP et de F1"}]},{"@type":"WebSite","@id":"https:\/\/news.canadamotorjobs.com\/#website","url":"https:\/\/news.canadamotorjobs.com\/","name":"CanadaMotorJobs.com","description":"Automotive Jobs","publisher":{"@id":"https:\/\/news.canadamotorjobs.com\/#organization"},"potentialAction":[{"@type":"SearchAction","target":{"@type":"EntryPoint","urlTemplate":"https:\/\/news.canadamotorjobs.com\/?s={search_term_string}"},"query-input":"required name=search_term_string"}],"inLanguage":"fr-CA"},{"@type":"Organization","@id":"https:\/\/news.canadamotorjobs.com\/#organization","name":"Canada Motor Jobs","url":"https:\/\/news.canadamotorjobs.com\/","logo":{"@type":"ImageObject","inLanguage":"fr-CA","@id":"https:\/\/news.canadamotorjobs.com\/#\/schema\/logo\/image\/","url":"https:\/\/news.canadamotorjobs.com\/wp-content\/uploads\/2022\/10\/logo-canada-motor-jobs-1.png","contentUrl":"https:\/\/news.canadamotorjobs.com\/wp-content\/uploads\/2022\/10\/logo-canada-motor-jobs-1.png","width":800,"height":400,"caption":"Canada Motor Jobs"},"image":{"@id":"https:\/\/news.canadamotorjobs.com\/#\/schema\/logo\/image\/"},"sameAs":["https:\/\/www.facebook.com\/canadamotorjobs\/","https:\/\/x.com\/canadamotorjobs","https:\/\/www.instagram.com\/canadamotorjobs\/","https:\/\/www.linkedin.com\/company\/canadamotorjobs"]},{"@type":"Person","@id":"https:\/\/news.canadamotorjobs.com\/#\/schema\/person\/51793d1f87d44011d7bcc2ed99269a90","name":"Benoit Charette","image":{"@type":"ImageObject","inLanguage":"fr-CA","@id":"https:\/\/news.canadamotorjobs.com\/#\/schema\/person\/image\/","url":"https:\/\/secure.gravatar.com\/avatar\/45f3d2eebcccd909668d7ce7ea7267b6?s=96&d=mm&r=g","contentUrl":"https:\/\/secure.gravatar.com\/avatar\/45f3d2eebcccd909668d7ce7ea7267b6?s=96&d=mm&r=g","caption":"Benoit Charette"},"description":"Benoit Charette \/ Propri\u00e9taire et r\u00e9dacteur en chef Benoit Charette pratique le journalisme automobile depuis bient\u00f4t 30 ans. Il a fait ses classes au c\u00f4t\u00e9 de Daniel H\u00e9raud et au Carnet de route de 1992 \u00e0 2001. Il est fondateur, copropri\u00e9taire et r\u00e9dacteur en chef de L\u2019Annuel de l\u2019automobile, qu\u2019il publie depuis 2001. Il a anim\u00e9 les \u00e9missions RPM et RPM+ sur V et les L\u00e9gendes de la route sur Historia. \u00c0 la radio depuis 1986, il reprend l\u2019antenne cette ann\u00e9e sur les ondes de Cogeco et participe pour la deuxi\u00e8me ann\u00e9e \u00e0 l\u2019\u00e9mission Passion Auto sur RDS en plus de mettre en ligne le site Web officiel de L\u2019Annuel de l\u2019automobile sur annuelauto.ca.","sameAs":["https:\/\/annuelauto.ca\/"],"url":"https:\/\/news.canadamotorjobs.com\/fr\/author\/benoit-charette\/"}]}},"_links":{"self":[{"href":"https:\/\/news.canadamotorjobs.com\/fr\/wp-json\/wp\/v2\/posts\/182956"}],"collection":[{"href":"https:\/\/news.canadamotorjobs.com\/fr\/wp-json\/wp\/v2\/posts"}],"about":[{"href":"https:\/\/news.canadamotorjobs.com\/fr\/wp-json\/wp\/v2\/types\/post"}],"author":[{"embeddable":true,"href":"https:\/\/news.canadamotorjobs.com\/fr\/wp-json\/wp\/v2\/users\/8"}],"replies":[{"embeddable":true,"href":"https:\/\/news.canadamotorjobs.com\/fr\/wp-json\/wp\/v2\/comments?post=182956"}],"version-history":[{"count":2,"href":"https:\/\/news.canadamotorjobs.com\/fr\/wp-json\/wp\/v2\/posts\/182956\/revisions"}],"predecessor-version":[{"id":182960,"href":"https:\/\/news.canadamotorjobs.com\/fr\/wp-json\/wp\/v2\/posts\/182956\/revisions\/182960"}],"wp:featuredmedia":[{"embeddable":true,"href":"https:\/\/news.canadamotorjobs.com\/fr\/wp-json\/wp\/v2\/media\/182958"}],"wp:attachment":[{"href":"https:\/\/news.canadamotorjobs.com\/fr\/wp-json\/wp\/v2\/media?parent=182956"}],"wp:term":[{"taxonomy":"category","embeddable":true,"href":"https:\/\/news.canadamotorjobs.com\/fr\/wp-json\/wp\/v2\/categories?post=182956"},{"taxonomy":"post_tag","embeddable":true,"href":"https:\/\/news.canadamotorjobs.com\/fr\/wp-json\/wp\/v2\/tags?post=182956"}],"curies":[{"name":"wp","href":"https:\/\/api.w.org\/{rel}","templated":true}]}}