{"id":182937,"date":"2024-12-02T14:24:41","date_gmt":"2024-12-02T19:24:41","guid":{"rendered":"https:\/\/news.canadamotorjobs.com\/?p=182937"},"modified":"2024-12-02T14:28:58","modified_gmt":"2024-12-02T19:28:58","slug":"les-concepts-de-jaguar-se-retrouvent-en-ligne-avant-leur-presentation","status":"publish","type":"post","link":"https:\/\/news.canadamotorjobs.com\/fr\/les-concepts-de-jaguar-se-retrouvent-en-ligne-avant-leur-presentation\/","title":{"rendered":"Les concepts de Jaguar se retrouvent en ligne avant leur pr\u00e9sentation"},"content":{"rendered":"<\/p>\n<p>Si vous avez suivi les actualit\u00e9s ces derni\u00e8res semaines, vous savez que Jaguar y est all\u00e9 d\u2019une grande mise en sc\u00e8ne pour montrer \u00e0 la plan\u00e8te sa nouvelle image, sa nouvelle mission. En gros, le constructeur change sa vocation, son logo, et le type de mod\u00e8le qu\u2019il va proposer aux consommateurs en allant jouer dans le tr\u00e8s grand luxe, o\u00f9 des marques comme Rolls-Royce et Bentley s\u2019y trouvent depuis des d\u00e9cennies.<\/p>\n<p>Au menu, un trio de mod\u00e8les tr\u00e8s hupp\u00e9s est attendu. Le premier v\u00e9hicule, pr\u00e9vu pour 2025, devrait \u00eatre pr\u00e9sent\u00e9 plus tard aujourd\u2019hui, mais voil\u00e0 que des photos du concept se sont retrouv\u00e9es en ligne sur la page Instagram de l\u2019utilisateur CocheSpias.<\/p>\n<p>Les photos montrent un concept encore loin de la production, car pour en arriver \u00e0 ce stade, ses lignes devront \u00e9voluer de fa\u00e7on importante. N\u00e9anmoins, \u00e7a nous donne une id\u00e9e de la coupure que souhaite effectuer la marque en mati\u00e8re de style.<\/p>\n<p>Jaguar a d\u00e9j\u00e0 montr\u00e9 un prototype fortement camoufl\u00e9, dont le style, d\u2019apr\u00e8s ce qui est visible, semble moins spectaculaire que celui du concept.<\/p>\n<p>Le concept est un coup\u00e9 fastback dont les deux portes s\u2019ouvriraient vers l\u2019arri\u00e8re. On remarque surtout l\u2019arri\u00e8re avec une grille \u00e0 lamelles multiples qui n\u2019est pas des plus \u00e9l\u00e9gantes. Elle est dot\u00e9e d\u2019ouvertures, ce qui contraste avec une grille semblable \u00e0 l\u2019avant, qui est compl\u00e8tement herm\u00e9tique.<\/p>\n<p>Les nouveaux logos simplifi\u00e9s de Jaguar figurent \u00e0 l\u2019avant et \u00e0 l\u2019arri\u00e8re, ainsi que sur les ailes avant. Le logo sur les ailes est cens\u00e9 \u00eatre plac\u00e9 sur un cache pour un syst\u00e8me de cam\u00e9ra qui se d\u00e9ploie lorsqu\u2019il est utilis\u00e9. L\u2019absence de lunette arri\u00e8re laisse penser que le r\u00e9troviseur int\u00e9rieur montrera l\u2019image capt\u00e9e par une cam\u00e9ra \u00e0 l\u2019arri\u00e8re.<\/p>\n<p>Le design int\u00e9rieur suit le m\u00eame th\u00e8me minimaliste que l\u2019ext\u00e9rieur. Tirant pleinement parti de l\u2019architecture d\u2019un v\u00e9hicule \u00e9lectrique, la console centrale, plut\u00f4t que de reposer sur le plancher, semble flotter entre les si\u00e8ges. Un volant de forme ovale se trouve devant le conducteur, et l\u2019on remarque l\u2019absence d\u2019\u00e9crans num\u00e9riques. Ce n\u2019est probablement pas un oubli, alors que l\u2019avenir semble nous indiquer que tout le n\u00e9cessaire sur la conduite et le multim\u00e9dia va se retrouver au parebrise.<\/p>\n<p>\u00c7a va bouger rapidement chez Jaguar, car la marque a besoin de vendre des v\u00e9hicules. Or, il n\u2019en reste qu\u2019un seul \u00e0 sa gamme pour 2025, soit le VUS F-Pace.<\/p>\n<p>Il faudra voir ce qui en sera pour les ventes des nouveaux mod\u00e8les, une fois ces derniers pr\u00e9sent\u00e9s et leurs prix connus. Ils seront assembl\u00e9s sur une structure pens\u00e9e pour les v\u00e9hicules \u00e9lectriques, une plateforme qui va prendre le nom de JEA (Jaguar Electrified Architecture).<\/p>\n<p>Jaguar va disposer d\u2019une plateforme distincte de celle qui sera utilis\u00e9e chez Land Rover, ce qui va permettre \u00e0 Jaguar de diff\u00e9rencier ses produits.<\/p>\n<p>Nous vous reviendrons avec plus de d\u00e9tails sur les mod\u00e8les qui seront officiellement pr\u00e9sent\u00e9s sur le coup de 20\u00a0h.<\/p>\n<p>Le texte <a rel=\"nofollow\" href=\"https:\/\/annuelauto.ca\/les-concepts-de-jaguar-se-retrouvent-en-ligne-avant-leur-presentation\/\">Les concepts de Jaguar se retrouvent en ligne avant leur pr\u00e9sentation<\/a> provient de <a rel=\"nofollow\" href=\"https:\/\/annuelauto.ca\">L&#8217;annuel de l&#8217;automobile &#8211; Actualit\u00e9 automobile<\/a><\/p>\n<p><\/p>\n","protected":false},"excerpt":{"rendered":"<p>Si vous avez suivi les actualit\u00e9s ces derni\u00e8res semaines, vous savez que Jaguar y est all\u00e9 d\u2019une grande mise en sc\u00e8ne pour montrer \u00e0 la plan\u00e8te sa nouvelle image, sa nouvelle mission. En gros, le constructeur change sa vocation, son logo, et le type de mod\u00e8le qu\u2019il va proposer aux consommateurs en allant jouer dans [&hellip;]<\/p>\n","protected":false},"author":8,"featured_media":182939,"comment_status":"close","ping_status":"closed","sticky":false,"template":"","format":"standard","meta":{"_monsterinsights_skip_tracking":false,"_monsterinsights_sitenote_active":false,"_monsterinsights_sitenote_note":"","_monsterinsights_sitenote_category":0,"footnotes":""},"categories":[101],"tags":[],"yoast_head":"<!-- This site is optimized with the Yoast SEO plugin v23.2 - https:\/\/yoast.com\/wordpress\/plugins\/seo\/ -->\n<title>Les concepts de Jaguar se retrouvent en ligne avant leur pr\u00e9sentation - CanadaMotorJobs.com<\/title>\n<meta name=\"description\" content=\"Les concepts de Jaguar se retrouvent en ligne avant leur pr\u00e9sentation - Benoit Charette - Annuel automobile - CanadaMotorJobs.com.\" \/>\n<meta name=\"robots\" content=\"index, follow, max-snippet:-1, max-image-preview:large, max-video-preview:-1\" \/>\n<meta property=\"og:locale\" content=\"fr_CA\" \/>\n<meta property=\"og:type\" content=\"article\" \/>\n<meta property=\"og:title\" content=\"Les concepts de Jaguar se retrouvent en ligne avant leur pr\u00e9sentation - CanadaMotorJobs.com\" \/>\n<meta property=\"og:description\" content=\"Les concepts de Jaguar se retrouvent en ligne avant leur pr\u00e9sentation - Benoit Charette - Annuel automobile - CanadaMotorJobs.com.\" \/>\n<meta property=\"og:url\" content=\"https:\/\/news.canadamotorjobs.com\/fr\/les-concepts-de-jaguar-se-retrouvent-en-ligne-avant-leur-presentation\/\" \/>\n<meta property=\"og:site_name\" content=\"CanadaMotorJobs.com\" \/>\n<meta property=\"article:publisher\" content=\"https:\/\/www.facebook.com\/canadamotorjobs\/\" \/>\n<meta property=\"article:published_time\" content=\"2024-12-02T19:24:41+00:00\" \/>\n<meta property=\"article:modified_time\" content=\"2024-12-02T19:28:58+00:00\" \/>\n<meta property=\"og:image\" content=\"https:\/\/news.canadamotorjobs.com\/wp-content\/uploads\/2024\/12\/jaguar-design-vision-concept-leak-photo-via-cochespias-instagram-page_100950712_l.jpg\" \/>\n\t<meta property=\"og:image:width\" content=\"1024\" \/>\n\t<meta property=\"og:image:height\" content=\"622\" \/>\n\t<meta property=\"og:image:type\" content=\"image\/jpeg\" \/>\n<meta name=\"author\" content=\"Benoit Charette\" \/>\n<meta name=\"twitter:card\" content=\"summary_large_image\" \/>\n<meta name=\"twitter:creator\" content=\"@canadamotorjobs\" \/>\n<meta name=\"twitter:site\" content=\"@canadamotorjobs\" \/>\n<meta name=\"twitter:label1\" content=\"\u00c9crit par\" \/>\n\t<meta name=\"twitter:data1\" content=\"Benoit Charette\" \/>\n\t<meta name=\"twitter:label2\" content=\"Estimation du temps de lecture\" \/>\n\t<meta name=\"twitter:data2\" content=\"3 minutes\" \/>\n<!-- \/ Yoast SEO plugin. -->","yoast_head_json":{"title":"Les concepts de Jaguar se retrouvent en ligne avant leur pr\u00e9sentation - CanadaMotorJobs.com","description":"Les concepts de Jaguar se retrouvent en ligne avant leur pr\u00e9sentation - Benoit Charette - Annuel automobile - CanadaMotorJobs.com.","robots":{"index":"index","follow":"follow","max-snippet":"max-snippet:-1","max-image-preview":"max-image-preview:large","max-video-preview":"max-video-preview:-1"},"og_locale":"fr_CA","og_type":"article","og_title":"Les concepts de Jaguar se retrouvent en ligne avant leur pr\u00e9sentation - CanadaMotorJobs.com","og_description":"Les concepts de Jaguar se retrouvent en ligne avant leur pr\u00e9sentation - Benoit Charette - Annuel automobile - CanadaMotorJobs.com.","og_url":"https:\/\/news.canadamotorjobs.com\/fr\/les-concepts-de-jaguar-se-retrouvent-en-ligne-avant-leur-presentation\/","og_site_name":"CanadaMotorJobs.com","article_publisher":"https:\/\/www.facebook.com\/canadamotorjobs\/","article_published_time":"2024-12-02T19:24:41+00:00","article_modified_time":"2024-12-02T19:28:58+00:00","og_image":[{"width":1024,"height":622,"url":"https:\/\/news.canadamotorjobs.com\/wp-content\/uploads\/2024\/12\/jaguar-design-vision-concept-leak-photo-via-cochespias-instagram-page_100950712_l.jpg","type":"image\/jpeg"}],"author":"Benoit Charette","twitter_card":"summary_large_image","twitter_creator":"@canadamotorjobs","twitter_site":"@canadamotorjobs","twitter_misc":{"\u00c9crit par":"Benoit Charette","Estimation du temps de lecture":"3 minutes"},"schema":{"@context":"https:\/\/schema.org","@graph":[{"@type":"Article","@id":"https:\/\/news.canadamotorjobs.com\/fr\/les-concepts-de-jaguar-se-retrouvent-en-ligne-avant-leur-presentation\/#article","isPartOf":{"@id":"https:\/\/news.canadamotorjobs.com\/fr\/les-concepts-de-jaguar-se-retrouvent-en-ligne-avant-leur-presentation\/"},"author":{"name":"Benoit Charette","@id":"https:\/\/news.canadamotorjobs.com\/#\/schema\/person\/51793d1f87d44011d7bcc2ed99269a90"},"headline":"Les concepts de Jaguar se retrouvent en ligne avant leur pr\u00e9sentation","datePublished":"2024-12-02T19:24:41+00:00","dateModified":"2024-12-02T19:28:58+00:00","mainEntityOfPage":{"@id":"https:\/\/news.canadamotorjobs.com\/fr\/les-concepts-de-jaguar-se-retrouvent-en-ligne-avant-leur-presentation\/"},"wordCount":590,"publisher":{"@id":"https:\/\/news.canadamotorjobs.com\/#organization"},"image":{"@id":"https:\/\/news.canadamotorjobs.com\/fr\/les-concepts-de-jaguar-se-retrouvent-en-ligne-avant-leur-presentation\/#primaryimage"},"thumbnailUrl":"https:\/\/news.canadamotorjobs.com\/wp-content\/uploads\/2024\/12\/jaguar-design-vision-concept-leak-photo-via-cochespias-instagram-page_100950712_l.jpg","articleSection":["Annuel automobile"],"inLanguage":"fr-CA"},{"@type":"WebPage","@id":"https:\/\/news.canadamotorjobs.com\/fr\/les-concepts-de-jaguar-se-retrouvent-en-ligne-avant-leur-presentation\/","url":"https:\/\/news.canadamotorjobs.com\/fr\/les-concepts-de-jaguar-se-retrouvent-en-ligne-avant-leur-presentation\/","name":"Les concepts de Jaguar se retrouvent en ligne avant leur pr\u00e9sentation - CanadaMotorJobs.com","isPartOf":{"@id":"https:\/\/news.canadamotorjobs.com\/#website"},"primaryImageOfPage":{"@id":"https:\/\/news.canadamotorjobs.com\/fr\/les-concepts-de-jaguar-se-retrouvent-en-ligne-avant-leur-presentation\/#primaryimage"},"image":{"@id":"https:\/\/news.canadamotorjobs.com\/fr\/les-concepts-de-jaguar-se-retrouvent-en-ligne-avant-leur-presentation\/#primaryimage"},"thumbnailUrl":"https:\/\/news.canadamotorjobs.com\/wp-content\/uploads\/2024\/12\/jaguar-design-vision-concept-leak-photo-via-cochespias-instagram-page_100950712_l.jpg","datePublished":"2024-12-02T19:24:41+00:00","dateModified":"2024-12-02T19:28:58+00:00","description":"Les concepts de Jaguar se retrouvent en ligne avant leur pr\u00e9sentation - Benoit Charette - Annuel automobile - CanadaMotorJobs.com.","breadcrumb":{"@id":"https:\/\/news.canadamotorjobs.com\/fr\/les-concepts-de-jaguar-se-retrouvent-en-ligne-avant-leur-presentation\/#breadcrumb"},"inLanguage":"fr-CA","potentialAction":[{"@type":"ReadAction","target":["https:\/\/news.canadamotorjobs.com\/fr\/les-concepts-de-jaguar-se-retrouvent-en-ligne-avant-leur-presentation\/"]}]},{"@type":"ImageObject","inLanguage":"fr-CA","@id":"https:\/\/news.canadamotorjobs.com\/fr\/les-concepts-de-jaguar-se-retrouvent-en-ligne-avant-leur-presentation\/#primaryimage","url":"https:\/\/news.canadamotorjobs.com\/wp-content\/uploads\/2024\/12\/jaguar-design-vision-concept-leak-photo-via-cochespias-instagram-page_100950712_l.jpg","contentUrl":"https:\/\/news.canadamotorjobs.com\/wp-content\/uploads\/2024\/12\/jaguar-design-vision-concept-leak-photo-via-cochespias-instagram-page_100950712_l.jpg","width":1024,"height":622},{"@type":"BreadcrumbList","@id":"https:\/\/news.canadamotorjobs.com\/fr\/les-concepts-de-jaguar-se-retrouvent-en-ligne-avant-leur-presentation\/#breadcrumb","itemListElement":[{"@type":"ListItem","position":1,"name":"Home","item":"https:\/\/news.canadamotorjobs.com\/fr\/blog\/"},{"@type":"ListItem","position":2,"name":"Les concepts de Jaguar se retrouvent en ligne avant leur pr\u00e9sentation"}]},{"@type":"WebSite","@id":"https:\/\/news.canadamotorjobs.com\/#website","url":"https:\/\/news.canadamotorjobs.com\/","name":"CanadaMotorJobs.com","description":"Automotive Jobs","publisher":{"@id":"https:\/\/news.canadamotorjobs.com\/#organization"},"potentialAction":[{"@type":"SearchAction","target":{"@type":"EntryPoint","urlTemplate":"https:\/\/news.canadamotorjobs.com\/?s={search_term_string}"},"query-input":"required name=search_term_string"}],"inLanguage":"fr-CA"},{"@type":"Organization","@id":"https:\/\/news.canadamotorjobs.com\/#organization","name":"Canada Motor Jobs","url":"https:\/\/news.canadamotorjobs.com\/","logo":{"@type":"ImageObject","inLanguage":"fr-CA","@id":"https:\/\/news.canadamotorjobs.com\/#\/schema\/logo\/image\/","url":"https:\/\/news.canadamotorjobs.com\/wp-content\/uploads\/2022\/10\/logo-canada-motor-jobs-1.png","contentUrl":"https:\/\/news.canadamotorjobs.com\/wp-content\/uploads\/2022\/10\/logo-canada-motor-jobs-1.png","width":800,"height":400,"caption":"Canada Motor Jobs"},"image":{"@id":"https:\/\/news.canadamotorjobs.com\/#\/schema\/logo\/image\/"},"sameAs":["https:\/\/www.facebook.com\/canadamotorjobs\/","https:\/\/x.com\/canadamotorjobs","https:\/\/www.instagram.com\/canadamotorjobs\/","https:\/\/www.linkedin.com\/company\/canadamotorjobs"]},{"@type":"Person","@id":"https:\/\/news.canadamotorjobs.com\/#\/schema\/person\/51793d1f87d44011d7bcc2ed99269a90","name":"Benoit Charette","image":{"@type":"ImageObject","inLanguage":"fr-CA","@id":"https:\/\/news.canadamotorjobs.com\/#\/schema\/person\/image\/","url":"https:\/\/secure.gravatar.com\/avatar\/45f3d2eebcccd909668d7ce7ea7267b6?s=96&d=mm&r=g","contentUrl":"https:\/\/secure.gravatar.com\/avatar\/45f3d2eebcccd909668d7ce7ea7267b6?s=96&d=mm&r=g","caption":"Benoit Charette"},"description":"Benoit Charette \/ Propri\u00e9taire et r\u00e9dacteur en chef Benoit Charette pratique le journalisme automobile depuis bient\u00f4t 30 ans. Il a fait ses classes au c\u00f4t\u00e9 de Daniel H\u00e9raud et au Carnet de route de 1992 \u00e0 2001. Il est fondateur, copropri\u00e9taire et r\u00e9dacteur en chef de L\u2019Annuel de l\u2019automobile, qu\u2019il publie depuis 2001. Il a anim\u00e9 les \u00e9missions RPM et RPM+ sur V et les L\u00e9gendes de la route sur Historia. \u00c0 la radio depuis 1986, il reprend l\u2019antenne cette ann\u00e9e sur les ondes de Cogeco et participe pour la deuxi\u00e8me ann\u00e9e \u00e0 l\u2019\u00e9mission Passion Auto sur RDS en plus de mettre en ligne le site Web officiel de L\u2019Annuel de l\u2019automobile sur annuelauto.ca.","sameAs":["https:\/\/annuelauto.ca\/"],"url":"https:\/\/news.canadamotorjobs.com\/fr\/author\/benoit-charette\/"}]}},"_links":{"self":[{"href":"https:\/\/news.canadamotorjobs.com\/fr\/wp-json\/wp\/v2\/posts\/182937"}],"collection":[{"href":"https:\/\/news.canadamotorjobs.com\/fr\/wp-json\/wp\/v2\/posts"}],"about":[{"href":"https:\/\/news.canadamotorjobs.com\/fr\/wp-json\/wp\/v2\/types\/post"}],"author":[{"embeddable":true,"href":"https:\/\/news.canadamotorjobs.com\/fr\/wp-json\/wp\/v2\/users\/8"}],"replies":[{"embeddable":true,"href":"https:\/\/news.canadamotorjobs.com\/fr\/wp-json\/wp\/v2\/comments?post=182937"}],"version-history":[{"count":2,"href":"https:\/\/news.canadamotorjobs.com\/fr\/wp-json\/wp\/v2\/posts\/182937\/revisions"}],"predecessor-version":[{"id":182941,"href":"https:\/\/news.canadamotorjobs.com\/fr\/wp-json\/wp\/v2\/posts\/182937\/revisions\/182941"}],"wp:featuredmedia":[{"embeddable":true,"href":"https:\/\/news.canadamotorjobs.com\/fr\/wp-json\/wp\/v2\/media\/182939"}],"wp:attachment":[{"href":"https:\/\/news.canadamotorjobs.com\/fr\/wp-json\/wp\/v2\/media?parent=182937"}],"wp:term":[{"taxonomy":"category","embeddable":true,"href":"https:\/\/news.canadamotorjobs.com\/fr\/wp-json\/wp\/v2\/categories?post=182937"},{"taxonomy":"post_tag","embeddable":true,"href":"https:\/\/news.canadamotorjobs.com\/fr\/wp-json\/wp\/v2\/tags?post=182937"}],"curies":[{"name":"wp","href":"https:\/\/api.w.org\/{rel}","templated":true}]}}