{"id":182899,"date":"2024-12-02T08:49:50","date_gmt":"2024-12-02T13:49:50","guid":{"rendered":"https:\/\/news.canadamotorjobs.com\/?p=182899"},"modified":"2024-12-02T08:58:43","modified_gmt":"2024-12-02T13:58:43","slug":"quelles-marques-de-voiture-est-la-plus-economique-sur-10-ans","status":"publish","type":"post","link":"https:\/\/news.canadamotorjobs.com\/fr\/quelles-marques-de-voiture-est-la-plus-economique-sur-10-ans\/","title":{"rendered":"Quelles marques de voiture est la plus \u00e9conomique sur 10 ans ?"},"content":{"rendered":"<\/p>\n<h4>Une \u00e9tude r\u00e9v\u00e8le les co\u00fbts r\u00e9els d\u2019entretien sur 10 ans<\/h4>\n<p>\nUne r\u00e9cente \u00e9tude de <em>Consumer Reports<\/em> r\u00e9v\u00e8le des diff\u00e9rences consid\u00e9rables dans les co\u00fbts d\u2019entretien et de r\u00e9paration des voitures sur une p\u00e9riode de 10 ans. En effet, les propri\u00e9taires d\u2019une marque mal class\u00e9e peuvent d\u00e9penser jusqu\u2019\u00e0 cinq fois plus que ceux d\u2019une marque bien positionn\u00e9e. Tesla se d\u00e9marque comme \u00e9tant la marque la plus \u00e9conomique, avec un co\u00fbt total estim\u00e9 \u00e0 <strong>5 409 $ CA<\/strong> sur 10 ans, tandis que Land Rover se classe derni\u00e8re, avec un co\u00fbt exorbitant de <strong>25 788 $ CA<\/strong>.<\/p>\n<h4>Analyse des co\u00fbts d\u2019entretien par marque<\/h4>\n<p>\nVoici un tableau d\u00e9taillant les co\u00fbts en dollars canadiens :<\/p>\n<table><\/p>\n<thead><\/p>\n<tr><\/p>\n<th><strong>Marque<\/strong><\/th>\n<p><\/p>\n<th><strong>1-5 ans ($)<\/strong><\/th>\n<p><\/p>\n<th><strong>6-10 ans ($)<\/strong><\/th>\n<p><\/p>\n<th><strong>1-10 ans ($)<\/strong><\/th>\n<p>\n<\/tr>\n<p>\n<\/thead>\n<p><\/p>\n<tbody><\/p>\n<tr><\/p>\n<td><strong>Tesla<\/strong><\/td>\n<p><\/p>\n<td>771<\/td>\n<p><\/p>\n<td>4 592<\/td>\n<p><\/p>\n<td>5 409<\/td>\n<p>\n<\/tr>\n<p><\/p>\n<tr><\/p>\n<td><strong>Buick<\/strong><\/td>\n<p><\/p>\n<td>1 197<\/td>\n<p><\/p>\n<td>5 320<\/td>\n<p><\/p>\n<td>6 517<\/td>\n<p>\n<\/tr>\n<p><\/p>\n<tr><\/p>\n<td><strong>Toyota<\/strong><\/td>\n<p><\/p>\n<td>1 497<\/td>\n<p><\/p>\n<td>5 031<\/td>\n<p><\/p>\n<td>6 528<\/td>\n<p>\n<\/tr>\n<p><\/p>\n<tr><\/p>\n<td><strong>Lincoln<\/strong><\/td>\n<p><\/p>\n<td>1 251<\/td>\n<p><\/p>\n<td>5 464<\/td>\n<p><\/p>\n<td>6 715<\/td>\n<p>\n<\/tr>\n<p><\/p>\n<tr><\/p>\n<td><strong>Ford<\/strong><\/td>\n<p><\/p>\n<td>1 465<\/td>\n<p><\/p>\n<td>5 714<\/td>\n<p><\/p>\n<td>7 179<\/td>\n<p>\n<\/tr>\n<p><\/p>\n<tr><\/p>\n<td><strong>Chevrolet<\/strong><\/td>\n<p><\/p>\n<td>1 598<\/td>\n<p><\/p>\n<td>5 779<\/td>\n<p><\/p>\n<td>7 377<\/td>\n<p>\n<\/tr>\n<p><\/p>\n<tr><\/p>\n<td><strong>Hyundai<\/strong><\/td>\n<p><\/p>\n<td>1 520<\/td>\n<p><\/p>\n<td>5 976<\/td>\n<p><\/p>\n<td>7 496<\/td>\n<p>\n<\/tr>\n<p><\/p>\n<tr><\/p>\n<td><strong>Nissan<\/strong><\/td>\n<p><\/p>\n<td>1 733<\/td>\n<p><\/p>\n<td>5 841<\/td>\n<p><\/p>\n<td>7 574<\/td>\n<p>\n<\/tr>\n<p><\/p>\n<tr><\/p>\n<td><strong>Mazda<\/strong><\/td>\n<p><\/p>\n<td>1 865<\/td>\n<p><\/p>\n<td>5 841<\/td>\n<p><\/p>\n<td>7 706<\/td>\n<p>\n<\/tr>\n<p><\/p>\n<tr><\/p>\n<td><strong>Honda<\/strong><\/td>\n<p><\/p>\n<td>1 912<\/td>\n<p><\/p>\n<td>5 841<\/td>\n<p><\/p>\n<td>7 753<\/td>\n<p>\n<\/tr>\n<p><\/p>\n<tr><\/p>\n<td><strong>Kia<\/strong><\/td>\n<p><\/p>\n<td>1 934<\/td>\n<p><\/p>\n<td>5 841<\/td>\n<p><\/p>\n<td>7 774<\/td>\n<p>\n<\/tr>\n<p><\/p>\n<tr><\/p>\n<td><strong>Dodge<\/strong><\/td>\n<p><\/p>\n<td>1 598<\/td>\n<p><\/p>\n<td>6 902<\/td>\n<p><\/p>\n<td>8 500<\/td>\n<p>\n<\/tr>\n<p><\/p>\n<tr><\/p>\n<td><strong>Jeep<\/strong><\/td>\n<p><\/p>\n<td>1 465<\/td>\n<p><\/p>\n<td>7 035<\/td>\n<p><\/p>\n<td>8 500<\/td>\n<p>\n<\/tr>\n<p><\/p>\n<tr><\/p>\n<td><strong>Chrysler<\/strong><\/td>\n<p><\/p>\n<td>2 129<\/td>\n<p><\/p>\n<td>6 500<\/td>\n<p><\/p>\n<td>8 629<\/td>\n<p>\n<\/tr>\n<p><\/p>\n<tr><\/p>\n<td><strong>Volkswagen<\/strong><\/td>\n<p><\/p>\n<td>1 458<\/td>\n<p><\/p>\n<td>7 194<\/td>\n<p><\/p>\n<td>8 652<\/td>\n<p>\n<\/tr>\n<p><\/p>\n<tr><\/p>\n<td><strong>Cadillac<\/strong><\/td>\n<p><\/p>\n<td>1 497<\/td>\n<p><\/p>\n<td>7 207<\/td>\n<p><\/p>\n<td>8 704<\/td>\n<p>\n<\/tr>\n<p><\/p>\n<tr><\/p>\n<td><strong>Ram<\/strong><\/td>\n<p><\/p>\n<td>1 955<\/td>\n<p><\/p>\n<td>6 902<\/td>\n<p><\/p>\n<td>8 857<\/td>\n<p>\n<\/tr>\n<p><\/p>\n<tr><\/p>\n<td><strong>Lexus<\/strong><\/td>\n<p><\/p>\n<td>2 327<\/td>\n<p><\/p>\n<td>6 635<\/td>\n<p><\/p>\n<td>8 962<\/td>\n<p>\n<\/tr>\n<p><\/p>\n<tr><\/p>\n<td><strong>GMC<\/strong><\/td>\n<p><\/p>\n<td>1 865<\/td>\n<p><\/p>\n<td>7 702<\/td>\n<p><\/p>\n<td>9 567<\/td>\n<p>\n<\/tr>\n<p><\/p>\n<tr><\/p>\n<td><strong>Subaru<\/strong><\/td>\n<p><\/p>\n<td>2 266<\/td>\n<p><\/p>\n<td>7 302<\/td>\n<p><\/p>\n<td>9 567<\/td>\n<p>\n<\/tr>\n<p><\/p>\n<tr><\/p>\n<td><strong>Mini<\/strong><\/td>\n<p><\/p>\n<td>2 032<\/td>\n<p><\/p>\n<td>8 091<\/td>\n<p><\/p>\n<td>10 123<\/td>\n<p>\n<\/tr>\n<p><\/p>\n<tr><\/p>\n<td><strong>Acura<\/strong><\/td>\n<p><\/p>\n<td>2 400<\/td>\n<p><\/p>\n<td>7 969<\/td>\n<p><\/p>\n<td>10 369<\/td>\n<p>\n<\/tr>\n<p><\/p>\n<tr><\/p>\n<td><strong>Infiniti<\/strong><\/td>\n<p><\/p>\n<td>2 867<\/td>\n<p><\/p>\n<td>8 438<\/td>\n<p><\/p>\n<td>11 305<\/td>\n<p>\n<\/tr>\n<p><\/p>\n<tr><\/p>\n<td><strong>Volvo<\/strong><\/td>\n<p><\/p>\n<td>2 379<\/td>\n<p><\/p>\n<td>9 967<\/td>\n<p><\/p>\n<td>12 346<\/td>\n<p>\n<\/tr>\n<p><\/p>\n<tr><\/p>\n<td><strong>BMW<\/strong><\/td>\n<p><\/p>\n<td>2 266<\/td>\n<p><\/p>\n<td>10 372<\/td>\n<p><\/p>\n<td>12 638<\/td>\n<p>\n<\/tr>\n<p><\/p>\n<tr><\/p>\n<td><strong>Audi<\/strong><\/td>\n<p><\/p>\n<td>2 533<\/td>\n<p><\/p>\n<td>10 623<\/td>\n<p><\/p>\n<td>13 155<\/td>\n<p>\n<\/tr>\n<p><\/p>\n<tr><\/p>\n<td><strong>Mercedes<\/strong><\/td>\n<p><\/p>\n<td>3 796<\/td>\n<p><\/p>\n<td>10 202<\/td>\n<p><\/p>\n<td>14 047<\/td>\n<p>\n<\/tr>\n<p><\/p>\n<tr><\/p>\n<td><strong>Porsche<\/strong><\/td>\n<p><\/p>\n<td>5 328<\/td>\n<p><\/p>\n<td>13 384<\/td>\n<p><\/p>\n<td>18 712<\/td>\n<p>\n<\/tr>\n<p><\/p>\n<tr><\/p>\n<td><strong>Land Rover<\/strong><\/td>\n<p><\/p>\n<td>5 651<\/td>\n<p><\/p>\n<td>19 250<\/td>\n<p><\/p>\n<td>25 788<\/td>\n<p>\n<\/tr>\n<p>\n<\/tbody>\n<p>\n<\/table>\n<hr \/>\n<h4>Points cl\u00e9s de l\u2019\u00e9tude<\/h4>\n<p><\/p>\n<ol><\/p>\n<li><strong>Tesla domine avec des co\u00fbts r\u00e9duits<\/strong> : Malgr\u00e9 un classement moyen dans les \u00e9tudes de fiabilit\u00e9, Tesla s\u2019impose comme la marque la plus abordable \u00e0 entretenir sur 10 ans.<\/li>\n<p><\/p>\n<li><strong>Land Rover, le plus co\u00fbteux<\/strong> : Les propri\u00e9taires d\u00e9pensent plus de 25 000 $ CA, en raison de r\u00e9parations fr\u00e9quentes et co\u00fbteuses.<\/li>\n<p><\/p>\n<li><strong>Les marques premium varient consid\u00e9rablement<\/strong> : Par exemple, Lincoln est nettement plus \u00e9conomique \u00e0 entretenir que Mercedes ou BMW.<\/li>\n<p>\n<\/ol>\n<p><\/p>\n<h4>Pourquoi ces \u00e9carts ?<\/h4>\n<p>\nLes co\u00fbts varient en fonction de la complexit\u00e9 des v\u00e9hicules, de la fr\u00e9quence des r\u00e9parations et des diff\u00e9rences dans les intervalles d\u2019entretien. Par exemple, Volkswagen se classe bien sur 5 ans mais recule sur 10 ans, car ses co\u00fbts augmentent avec l\u2019\u00e2ge du v\u00e9hicule. Pour les consommateurs, cette \u00e9tude souligne l\u2019importance de prendre en compte les frais d\u2019entretien \u00e0 long terme lors de l\u2019achat d\u2019un v\u00e9hicule.<\/p>\n<p>Avec des renseignements de Consumer reports<\/p>\n<p>Le texte <a rel=\"nofollow\" href=\"https:\/\/annuelauto.ca\/cout-entretien-voitures-10-ans\/\">Quelles marques de voiture est la plus \u00e9conomique sur 10 ans ?<\/a> provient de <a rel=\"nofollow\" href=\"https:\/\/annuelauto.ca\">L&#8217;annuel de l&#8217;automobile &#8211; Actualit\u00e9 automobile<\/a><\/p>\n<p><\/p>\n","protected":false},"excerpt":{"rendered":"<p>Une \u00e9tude r\u00e9v\u00e8le les co\u00fbts r\u00e9els d\u2019entretien sur 10 ans Une r\u00e9cente \u00e9tude de Consumer Reports r\u00e9v\u00e8le des diff\u00e9rences consid\u00e9rables dans les co\u00fbts d\u2019entretien et de r\u00e9paration des voitures sur une p\u00e9riode de 10 ans. En effet, les propri\u00e9taires d\u2019une marque mal class\u00e9e peuvent d\u00e9penser jusqu\u2019\u00e0 cinq fois plus que ceux d\u2019une marque bien positionn\u00e9e. [&hellip;]<\/p>\n","protected":false},"author":8,"featured_media":182901,"comment_status":"close","ping_status":"closed","sticky":false,"template":"","format":"standard","meta":{"_monsterinsights_skip_tracking":false,"_monsterinsights_sitenote_active":false,"_monsterinsights_sitenote_note":"","_monsterinsights_sitenote_category":0,"footnotes":""},"categories":[101],"tags":[],"yoast_head":"<!-- This site is optimized with the Yoast SEO plugin v23.2 - https:\/\/yoast.com\/wordpress\/plugins\/seo\/ -->\n<title>Quelles marques de voiture est la plus \u00e9conomique sur 10 ans ? - CanadaMotorJobs.com<\/title>\n<meta name=\"description\" content=\"Quelles marques de voiture est la plus \u00e9conomique sur 10 ans ? - Benoit Charette - Annuel automobile - CanadaMotorJobs.com.\" \/>\n<meta name=\"robots\" content=\"index, follow, max-snippet:-1, max-image-preview:large, max-video-preview:-1\" \/>\n<meta property=\"og:locale\" content=\"fr_CA\" \/>\n<meta property=\"og:type\" content=\"article\" \/>\n<meta property=\"og:title\" content=\"Quelles marques de voiture est la plus \u00e9conomique sur 10 ans ? - CanadaMotorJobs.com\" \/>\n<meta property=\"og:description\" content=\"Quelles marques de voiture est la plus \u00e9conomique sur 10 ans ? - Benoit Charette - Annuel automobile - CanadaMotorJobs.com.\" \/>\n<meta property=\"og:url\" content=\"https:\/\/news.canadamotorjobs.com\/fr\/quelles-marques-de-voiture-est-la-plus-economique-sur-10-ans\/\" \/>\n<meta property=\"og:site_name\" content=\"CanadaMotorJobs.com\" \/>\n<meta property=\"article:publisher\" content=\"https:\/\/www.facebook.com\/canadamotorjobs\/\" \/>\n<meta property=\"article:published_time\" content=\"2024-12-02T13:49:50+00:00\" \/>\n<meta property=\"article:modified_time\" content=\"2024-12-02T13:58:43+00:00\" \/>\n<meta property=\"og:image\" content=\"https:\/\/news.canadamotorjobs.com\/wp-content\/uploads\/2024\/12\/2023_Tesla_Model_Y_Angular_Front_1.jpg\" \/>\n\t<meta property=\"og:image:width\" content=\"960\" \/>\n\t<meta property=\"og:image:height\" content=\"720\" \/>\n\t<meta property=\"og:image:type\" content=\"image\/jpeg\" \/>\n<meta name=\"author\" content=\"Benoit Charette\" \/>\n<meta name=\"twitter:card\" content=\"summary_large_image\" \/>\n<meta name=\"twitter:creator\" content=\"@canadamotorjobs\" \/>\n<meta name=\"twitter:site\" content=\"@canadamotorjobs\" \/>\n<meta name=\"twitter:label1\" content=\"\u00c9crit par\" \/>\n\t<meta name=\"twitter:data1\" content=\"Benoit Charette\" \/>\n\t<meta name=\"twitter:label2\" content=\"Estimation du temps de lecture\" \/>\n\t<meta name=\"twitter:data2\" content=\"2 minutes\" \/>\n<!-- \/ Yoast SEO plugin. -->","yoast_head_json":{"title":"Quelles marques de voiture est la plus \u00e9conomique sur 10 ans ? - CanadaMotorJobs.com","description":"Quelles marques de voiture est la plus \u00e9conomique sur 10 ans ? - Benoit Charette - Annuel automobile - CanadaMotorJobs.com.","robots":{"index":"index","follow":"follow","max-snippet":"max-snippet:-1","max-image-preview":"max-image-preview:large","max-video-preview":"max-video-preview:-1"},"og_locale":"fr_CA","og_type":"article","og_title":"Quelles marques de voiture est la plus \u00e9conomique sur 10 ans ? - CanadaMotorJobs.com","og_description":"Quelles marques de voiture est la plus \u00e9conomique sur 10 ans ? - Benoit Charette - Annuel automobile - CanadaMotorJobs.com.","og_url":"https:\/\/news.canadamotorjobs.com\/fr\/quelles-marques-de-voiture-est-la-plus-economique-sur-10-ans\/","og_site_name":"CanadaMotorJobs.com","article_publisher":"https:\/\/www.facebook.com\/canadamotorjobs\/","article_published_time":"2024-12-02T13:49:50+00:00","article_modified_time":"2024-12-02T13:58:43+00:00","og_image":[{"width":960,"height":720,"url":"https:\/\/news.canadamotorjobs.com\/wp-content\/uploads\/2024\/12\/2023_Tesla_Model_Y_Angular_Front_1.jpg","type":"image\/jpeg"}],"author":"Benoit Charette","twitter_card":"summary_large_image","twitter_creator":"@canadamotorjobs","twitter_site":"@canadamotorjobs","twitter_misc":{"\u00c9crit par":"Benoit Charette","Estimation du temps de lecture":"2 minutes"},"schema":{"@context":"https:\/\/schema.org","@graph":[{"@type":"Article","@id":"https:\/\/news.canadamotorjobs.com\/fr\/quelles-marques-de-voiture-est-la-plus-economique-sur-10-ans\/#article","isPartOf":{"@id":"https:\/\/news.canadamotorjobs.com\/fr\/quelles-marques-de-voiture-est-la-plus-economique-sur-10-ans\/"},"author":{"name":"Benoit Charette","@id":"https:\/\/news.canadamotorjobs.com\/#\/schema\/person\/51793d1f87d44011d7bcc2ed99269a90"},"headline":"Quelles marques de voiture est la plus \u00e9conomique sur 10 ans ?","datePublished":"2024-12-02T13:49:50+00:00","dateModified":"2024-12-02T13:58:43+00:00","mainEntityOfPage":{"@id":"https:\/\/news.canadamotorjobs.com\/fr\/quelles-marques-de-voiture-est-la-plus-economique-sur-10-ans\/"},"wordCount":358,"publisher":{"@id":"https:\/\/news.canadamotorjobs.com\/#organization"},"image":{"@id":"https:\/\/news.canadamotorjobs.com\/fr\/quelles-marques-de-voiture-est-la-plus-economique-sur-10-ans\/#primaryimage"},"thumbnailUrl":"https:\/\/news.canadamotorjobs.com\/wp-content\/uploads\/2024\/12\/2023_Tesla_Model_Y_Angular_Front_1.jpg","articleSection":["Annuel automobile"],"inLanguage":"fr-CA"},{"@type":"WebPage","@id":"https:\/\/news.canadamotorjobs.com\/fr\/quelles-marques-de-voiture-est-la-plus-economique-sur-10-ans\/","url":"https:\/\/news.canadamotorjobs.com\/fr\/quelles-marques-de-voiture-est-la-plus-economique-sur-10-ans\/","name":"Quelles marques de voiture est la plus \u00e9conomique sur 10 ans ? - CanadaMotorJobs.com","isPartOf":{"@id":"https:\/\/news.canadamotorjobs.com\/#website"},"primaryImageOfPage":{"@id":"https:\/\/news.canadamotorjobs.com\/fr\/quelles-marques-de-voiture-est-la-plus-economique-sur-10-ans\/#primaryimage"},"image":{"@id":"https:\/\/news.canadamotorjobs.com\/fr\/quelles-marques-de-voiture-est-la-plus-economique-sur-10-ans\/#primaryimage"},"thumbnailUrl":"https:\/\/news.canadamotorjobs.com\/wp-content\/uploads\/2024\/12\/2023_Tesla_Model_Y_Angular_Front_1.jpg","datePublished":"2024-12-02T13:49:50+00:00","dateModified":"2024-12-02T13:58:43+00:00","description":"Quelles marques de voiture est la plus \u00e9conomique sur 10 ans ? - Benoit Charette - Annuel automobile - CanadaMotorJobs.com.","breadcrumb":{"@id":"https:\/\/news.canadamotorjobs.com\/fr\/quelles-marques-de-voiture-est-la-plus-economique-sur-10-ans\/#breadcrumb"},"inLanguage":"fr-CA","potentialAction":[{"@type":"ReadAction","target":["https:\/\/news.canadamotorjobs.com\/fr\/quelles-marques-de-voiture-est-la-plus-economique-sur-10-ans\/"]}]},{"@type":"ImageObject","inLanguage":"fr-CA","@id":"https:\/\/news.canadamotorjobs.com\/fr\/quelles-marques-de-voiture-est-la-plus-economique-sur-10-ans\/#primaryimage","url":"https:\/\/news.canadamotorjobs.com\/wp-content\/uploads\/2024\/12\/2023_Tesla_Model_Y_Angular_Front_1.jpg","contentUrl":"https:\/\/news.canadamotorjobs.com\/wp-content\/uploads\/2024\/12\/2023_Tesla_Model_Y_Angular_Front_1.jpg","width":960,"height":720},{"@type":"BreadcrumbList","@id":"https:\/\/news.canadamotorjobs.com\/fr\/quelles-marques-de-voiture-est-la-plus-economique-sur-10-ans\/#breadcrumb","itemListElement":[{"@type":"ListItem","position":1,"name":"Home","item":"https:\/\/news.canadamotorjobs.com\/fr\/blog\/"},{"@type":"ListItem","position":2,"name":"Quelles marques de voiture est la plus \u00e9conomique sur 10 ans ?"}]},{"@type":"WebSite","@id":"https:\/\/news.canadamotorjobs.com\/#website","url":"https:\/\/news.canadamotorjobs.com\/","name":"CanadaMotorJobs.com","description":"Automotive Jobs","publisher":{"@id":"https:\/\/news.canadamotorjobs.com\/#organization"},"potentialAction":[{"@type":"SearchAction","target":{"@type":"EntryPoint","urlTemplate":"https:\/\/news.canadamotorjobs.com\/?s={search_term_string}"},"query-input":"required name=search_term_string"}],"inLanguage":"fr-CA"},{"@type":"Organization","@id":"https:\/\/news.canadamotorjobs.com\/#organization","name":"Canada Motor Jobs","url":"https:\/\/news.canadamotorjobs.com\/","logo":{"@type":"ImageObject","inLanguage":"fr-CA","@id":"https:\/\/news.canadamotorjobs.com\/#\/schema\/logo\/image\/","url":"https:\/\/news.canadamotorjobs.com\/wp-content\/uploads\/2022\/10\/logo-canada-motor-jobs-1.png","contentUrl":"https:\/\/news.canadamotorjobs.com\/wp-content\/uploads\/2022\/10\/logo-canada-motor-jobs-1.png","width":800,"height":400,"caption":"Canada Motor Jobs"},"image":{"@id":"https:\/\/news.canadamotorjobs.com\/#\/schema\/logo\/image\/"},"sameAs":["https:\/\/www.facebook.com\/canadamotorjobs\/","https:\/\/x.com\/canadamotorjobs","https:\/\/www.instagram.com\/canadamotorjobs\/","https:\/\/www.linkedin.com\/company\/canadamotorjobs"]},{"@type":"Person","@id":"https:\/\/news.canadamotorjobs.com\/#\/schema\/person\/51793d1f87d44011d7bcc2ed99269a90","name":"Benoit Charette","image":{"@type":"ImageObject","inLanguage":"fr-CA","@id":"https:\/\/news.canadamotorjobs.com\/#\/schema\/person\/image\/","url":"https:\/\/secure.gravatar.com\/avatar\/45f3d2eebcccd909668d7ce7ea7267b6?s=96&d=mm&r=g","contentUrl":"https:\/\/secure.gravatar.com\/avatar\/45f3d2eebcccd909668d7ce7ea7267b6?s=96&d=mm&r=g","caption":"Benoit Charette"},"description":"Benoit Charette \/ Propri\u00e9taire et r\u00e9dacteur en chef Benoit Charette pratique le journalisme automobile depuis bient\u00f4t 30 ans. Il a fait ses classes au c\u00f4t\u00e9 de Daniel H\u00e9raud et au Carnet de route de 1992 \u00e0 2001. Il est fondateur, copropri\u00e9taire et r\u00e9dacteur en chef de L\u2019Annuel de l\u2019automobile, qu\u2019il publie depuis 2001. Il a anim\u00e9 les \u00e9missions RPM et RPM+ sur V et les L\u00e9gendes de la route sur Historia. \u00c0 la radio depuis 1986, il reprend l\u2019antenne cette ann\u00e9e sur les ondes de Cogeco et participe pour la deuxi\u00e8me ann\u00e9e \u00e0 l\u2019\u00e9mission Passion Auto sur RDS en plus de mettre en ligne le site Web officiel de L\u2019Annuel de l\u2019automobile sur annuelauto.ca.","sameAs":["https:\/\/annuelauto.ca\/"],"url":"https:\/\/news.canadamotorjobs.com\/fr\/author\/benoit-charette\/"}]}},"_links":{"self":[{"href":"https:\/\/news.canadamotorjobs.com\/fr\/wp-json\/wp\/v2\/posts\/182899"}],"collection":[{"href":"https:\/\/news.canadamotorjobs.com\/fr\/wp-json\/wp\/v2\/posts"}],"about":[{"href":"https:\/\/news.canadamotorjobs.com\/fr\/wp-json\/wp\/v2\/types\/post"}],"author":[{"embeddable":true,"href":"https:\/\/news.canadamotorjobs.com\/fr\/wp-json\/wp\/v2\/users\/8"}],"replies":[{"embeddable":true,"href":"https:\/\/news.canadamotorjobs.com\/fr\/wp-json\/wp\/v2\/comments?post=182899"}],"version-history":[{"count":2,"href":"https:\/\/news.canadamotorjobs.com\/fr\/wp-json\/wp\/v2\/posts\/182899\/revisions"}],"predecessor-version":[{"id":182903,"href":"https:\/\/news.canadamotorjobs.com\/fr\/wp-json\/wp\/v2\/posts\/182899\/revisions\/182903"}],"wp:featuredmedia":[{"embeddable":true,"href":"https:\/\/news.canadamotorjobs.com\/fr\/wp-json\/wp\/v2\/media\/182901"}],"wp:attachment":[{"href":"https:\/\/news.canadamotorjobs.com\/fr\/wp-json\/wp\/v2\/media?parent=182899"}],"wp:term":[{"taxonomy":"category","embeddable":true,"href":"https:\/\/news.canadamotorjobs.com\/fr\/wp-json\/wp\/v2\/categories?post=182899"},{"taxonomy":"post_tag","embeddable":true,"href":"https:\/\/news.canadamotorjobs.com\/fr\/wp-json\/wp\/v2\/tags?post=182899"}],"curies":[{"name":"wp","href":"https:\/\/api.w.org\/{rel}","templated":true}]}}