{"id":182841,"date":"2024-12-02T07:51:53","date_gmt":"2024-12-02T12:51:53","guid":{"rendered":"https:\/\/news.canadamotorjobs.com\/?p=182841"},"modified":"2024-12-02T07:59:13","modified_gmt":"2024-12-02T12:59:13","slug":"le-grand-patron-de-stellantis-demissionne-en-plein-conflit","status":"publish","type":"post","link":"https:\/\/news.canadamotorjobs.com\/fr\/le-grand-patron-de-stellantis-demissionne-en-plein-conflit\/","title":{"rendered":"Le grand patron de Stellantis d\u00e9missionne en plein conflit"},"content":{"rendered":"<\/p>\n<p>Carlos Tavares, PDG embl\u00e9matique de Stellantis, a quitt\u00e9 ses fonctions de mani\u00e8re abrupte le 1er d\u00e9cembre, invoquant des d\u00e9saccords strat\u00e9giques avec le conseil d&#8217;administration. Cette d\u00e9cision survient alors que le constructeur automobile peine \u00e0 redresser ses ventes et \u00e0 endiguer une chute boursi\u00e8re marqu\u00e9e. Dans un communiqu\u00e9 officiel, Stellantis a annonc\u00e9 que John Elkann, pr\u00e9sident du conseil d&#8217;administration, dirigera un comit\u00e9 int\u00e9rimaire en attendant la nomination d&#8217;un nouveau PDG pr\u00e9vue au premier semestre 2025.<\/p>\n<h3>Une divergence de visions<\/h3>\n<p>\nSelon Henri de Castries, administrateur ind\u00e9pendant de Stellantis, l&#8217;entreprise a toujours prosp\u00e9r\u00e9 gr\u00e2ce \u00e0 une forte harmonie entre ses actionnaires et sa direction. Toutefois, des tensions r\u00e9centes ont pr\u00e9cipit\u00e9 la d\u00e9cision de s\u00e9paration entre Carlos Tavares et le conseil. Un informateur proche du dossier a r\u00e9v\u00e9l\u00e9 \u00e0 Reuters que le conseil reprochait \u00e0 Tavares une approche jug\u00e9e trop pr\u00e9cipit\u00e9e et ax\u00e9e sur des solutions \u00e0 court terme, compromettant ainsi les int\u00e9r\u00eats strat\u00e9giques \u00e0 long terme de l&#8217;entreprise.<\/p>\n<h3>Des ventes en d\u00e9clin et des inventaires surcharg\u00e9s<\/h3>\n<p>\nLes difficult\u00e9s de Stellantis sont particuli\u00e8rement marqu\u00e9es en Am\u00e9rique du Nord, o\u00f9 les ventes ont chut\u00e9 de 17 % au cours des trois premiers trimestres de l&#8217;ann\u00e9e. Des mod\u00e8les phares comme les Ram 1500 et Jeep Wagoneer restent en grande partie invendus, avec des stocks exc\u00e9dentaires d\u00e9passant largement ceux des concurrents Chevrolet et Ford. Les concessionnaires pointent du doigt des v\u00e9hicules invendables et une gestion conflictuelle avec les fournisseurs.<\/p>\n<h3>Un h\u00e9ritage controvers\u00e9<\/h3>\n<p>\nCarlos Tavares, qui avait brill\u00e9 par sa capacit\u00e9 \u00e0 redresser PSA et Renault, laisse derri\u00e8re lui un bilan mitig\u00e9 chez Stellantis. Bien qu&#8217;il ait rationalis\u00e9 les plateformes de production et r\u00e9duit les co\u00fbts, sa strat\u00e9gie de rigueur a entra\u00een\u00e9 des retards dans les lancements de mod\u00e8les cl\u00e9s et des tensions sociales, notamment avec les syndicats am\u00e9ricains de l&#8217;UAW. Shawn Fain, pr\u00e9sident de l&#8217;UAW, a s\u00e9v\u00e8rement critiqu\u00e9 Tavares, d\u00e9non\u00e7ant des licenciements massifs et des v\u00e9hicules sur\u00e9valu\u00e9s laiss\u00e9s invendus.<\/p>\n<h3>Et maintenant ?<\/h3>\n<p>\nAvec 14 marques sous son giron, Stellantis doit repenser son avenir. Des acteurs comme Fabio Caldato, gestionnaire de portefeuille chez AcomeA SGR, appellent \u00e0 une vision renouvel\u00e9e et \u00e0 des forces fra\u00eeches pour surmonter les d\u00e9fis du constructeur. La nomination d\u2019un nouveau PDG en 2025 sera cruciale pour red\u00e9finir les priorit\u00e9s strat\u00e9giques et regagner la confiance des investisseurs et des march\u00e9s.<\/p>\n<p>Avec des renseignements d&#8217;Automotive News<\/p>\n<p>Le texte <a rel=\"nofollow\" href=\"https:\/\/annuelauto.ca\/stellantis-pdg-carlos-tavares-demission-strategie\/\">Le grand patron de Stellantis d\u00e9missionne en plein conflit<\/a> provient de <a rel=\"nofollow\" href=\"https:\/\/annuelauto.ca\">L&#8217;annuel de l&#8217;automobile &#8211; Actualit\u00e9 automobile<\/a><\/p>\n<p><\/p>\n","protected":false},"excerpt":{"rendered":"<p>Carlos Tavares, PDG embl\u00e9matique de Stellantis, a quitt\u00e9 ses fonctions de mani\u00e8re abrupte le 1er d\u00e9cembre, invoquant des d\u00e9saccords strat\u00e9giques avec le conseil d&#8217;administration. Cette d\u00e9cision survient alors que le constructeur automobile peine \u00e0 redresser ses ventes et \u00e0 endiguer une chute boursi\u00e8re marqu\u00e9e. Dans un communiqu\u00e9 officiel, Stellantis a annonc\u00e9 que John Elkann, pr\u00e9sident [&hellip;]<\/p>\n","protected":false},"author":8,"featured_media":182843,"comment_status":"close","ping_status":"closed","sticky":false,"template":"","format":"standard","meta":{"_monsterinsights_skip_tracking":false,"_monsterinsights_sitenote_active":false,"_monsterinsights_sitenote_note":"","_monsterinsights_sitenote_category":0,"footnotes":""},"categories":[101],"tags":[],"yoast_head":"<!-- This site is optimized with the Yoast SEO plugin v23.2 - https:\/\/yoast.com\/wordpress\/plugins\/seo\/ -->\n<title>Le grand patron de Stellantis d\u00e9missionne en plein conflit - CanadaMotorJobs.com<\/title>\n<meta name=\"description\" content=\"Le grand patron de Stellantis d\u00e9missionne en plein conflit - Benoit Charette - Annuel automobile - CanadaMotorJobs.com.\" \/>\n<meta name=\"robots\" content=\"index, follow, max-snippet:-1, max-image-preview:large, max-video-preview:-1\" \/>\n<meta property=\"og:locale\" content=\"fr_CA\" \/>\n<meta property=\"og:type\" content=\"article\" \/>\n<meta property=\"og:title\" content=\"Le grand patron de Stellantis d\u00e9missionne en plein conflit - CanadaMotorJobs.com\" \/>\n<meta property=\"og:description\" content=\"Le grand patron de Stellantis d\u00e9missionne en plein conflit - Benoit Charette - Annuel automobile - CanadaMotorJobs.com.\" \/>\n<meta property=\"og:url\" content=\"https:\/\/news.canadamotorjobs.com\/fr\/le-grand-patron-de-stellantis-demissionne-en-plein-conflit\/\" \/>\n<meta property=\"og:site_name\" content=\"CanadaMotorJobs.com\" \/>\n<meta property=\"article:publisher\" content=\"https:\/\/www.facebook.com\/canadamotorjobs\/\" \/>\n<meta property=\"article:published_time\" content=\"2024-12-02T12:51:53+00:00\" \/>\n<meta property=\"article:modified_time\" content=\"2024-12-02T12:59:13+00:00\" \/>\n<meta property=\"og:image\" content=\"https:\/\/news.canadamotorjobs.com\/wp-content\/uploads\/2024\/12\/Carlos-Tavares-via-Stellantis-media-site-30-Jan-2024-1920x1080-1.jpg\" \/>\n\t<meta property=\"og:image:width\" content=\"1920\" \/>\n\t<meta property=\"og:image:height\" content=\"1080\" \/>\n\t<meta property=\"og:image:type\" content=\"image\/jpeg\" \/>\n<meta name=\"author\" content=\"Benoit Charette\" \/>\n<meta name=\"twitter:card\" content=\"summary_large_image\" \/>\n<meta name=\"twitter:creator\" content=\"@canadamotorjobs\" \/>\n<meta name=\"twitter:site\" content=\"@canadamotorjobs\" \/>\n<meta name=\"twitter:label1\" content=\"\u00c9crit par\" \/>\n\t<meta name=\"twitter:data1\" content=\"Benoit Charette\" \/>\n\t<meta name=\"twitter:label2\" content=\"Estimation du temps de lecture\" \/>\n\t<meta name=\"twitter:data2\" content=\"2 minutes\" \/>\n<!-- \/ Yoast SEO plugin. -->","yoast_head_json":{"title":"Le grand patron de Stellantis d\u00e9missionne en plein conflit - CanadaMotorJobs.com","description":"Le grand patron de Stellantis d\u00e9missionne en plein conflit - Benoit Charette - Annuel automobile - CanadaMotorJobs.com.","robots":{"index":"index","follow":"follow","max-snippet":"max-snippet:-1","max-image-preview":"max-image-preview:large","max-video-preview":"max-video-preview:-1"},"og_locale":"fr_CA","og_type":"article","og_title":"Le grand patron de Stellantis d\u00e9missionne en plein conflit - CanadaMotorJobs.com","og_description":"Le grand patron de Stellantis d\u00e9missionne en plein conflit - Benoit Charette - Annuel automobile - CanadaMotorJobs.com.","og_url":"https:\/\/news.canadamotorjobs.com\/fr\/le-grand-patron-de-stellantis-demissionne-en-plein-conflit\/","og_site_name":"CanadaMotorJobs.com","article_publisher":"https:\/\/www.facebook.com\/canadamotorjobs\/","article_published_time":"2024-12-02T12:51:53+00:00","article_modified_time":"2024-12-02T12:59:13+00:00","og_image":[{"width":1920,"height":1080,"url":"https:\/\/news.canadamotorjobs.com\/wp-content\/uploads\/2024\/12\/Carlos-Tavares-via-Stellantis-media-site-30-Jan-2024-1920x1080-1.jpg","type":"image\/jpeg"}],"author":"Benoit Charette","twitter_card":"summary_large_image","twitter_creator":"@canadamotorjobs","twitter_site":"@canadamotorjobs","twitter_misc":{"\u00c9crit par":"Benoit Charette","Estimation du temps de lecture":"2 minutes"},"schema":{"@context":"https:\/\/schema.org","@graph":[{"@type":"Article","@id":"https:\/\/news.canadamotorjobs.com\/fr\/le-grand-patron-de-stellantis-demissionne-en-plein-conflit\/#article","isPartOf":{"@id":"https:\/\/news.canadamotorjobs.com\/fr\/le-grand-patron-de-stellantis-demissionne-en-plein-conflit\/"},"author":{"name":"Benoit Charette","@id":"https:\/\/news.canadamotorjobs.com\/#\/schema\/person\/51793d1f87d44011d7bcc2ed99269a90"},"headline":"Le grand patron de Stellantis d\u00e9missionne en plein conflit","datePublished":"2024-12-02T12:51:53+00:00","dateModified":"2024-12-02T12:59:13+00:00","mainEntityOfPage":{"@id":"https:\/\/news.canadamotorjobs.com\/fr\/le-grand-patron-de-stellantis-demissionne-en-plein-conflit\/"},"wordCount":469,"publisher":{"@id":"https:\/\/news.canadamotorjobs.com\/#organization"},"image":{"@id":"https:\/\/news.canadamotorjobs.com\/fr\/le-grand-patron-de-stellantis-demissionne-en-plein-conflit\/#primaryimage"},"thumbnailUrl":"https:\/\/news.canadamotorjobs.com\/wp-content\/uploads\/2024\/12\/Carlos-Tavares-via-Stellantis-media-site-30-Jan-2024-1920x1080-1.jpg","articleSection":["Annuel automobile"],"inLanguage":"fr-CA"},{"@type":"WebPage","@id":"https:\/\/news.canadamotorjobs.com\/fr\/le-grand-patron-de-stellantis-demissionne-en-plein-conflit\/","url":"https:\/\/news.canadamotorjobs.com\/fr\/le-grand-patron-de-stellantis-demissionne-en-plein-conflit\/","name":"Le grand patron de Stellantis d\u00e9missionne en plein conflit - CanadaMotorJobs.com","isPartOf":{"@id":"https:\/\/news.canadamotorjobs.com\/#website"},"primaryImageOfPage":{"@id":"https:\/\/news.canadamotorjobs.com\/fr\/le-grand-patron-de-stellantis-demissionne-en-plein-conflit\/#primaryimage"},"image":{"@id":"https:\/\/news.canadamotorjobs.com\/fr\/le-grand-patron-de-stellantis-demissionne-en-plein-conflit\/#primaryimage"},"thumbnailUrl":"https:\/\/news.canadamotorjobs.com\/wp-content\/uploads\/2024\/12\/Carlos-Tavares-via-Stellantis-media-site-30-Jan-2024-1920x1080-1.jpg","datePublished":"2024-12-02T12:51:53+00:00","dateModified":"2024-12-02T12:59:13+00:00","description":"Le grand patron de Stellantis d\u00e9missionne en plein conflit - Benoit Charette - Annuel automobile - CanadaMotorJobs.com.","breadcrumb":{"@id":"https:\/\/news.canadamotorjobs.com\/fr\/le-grand-patron-de-stellantis-demissionne-en-plein-conflit\/#breadcrumb"},"inLanguage":"fr-CA","potentialAction":[{"@type":"ReadAction","target":["https:\/\/news.canadamotorjobs.com\/fr\/le-grand-patron-de-stellantis-demissionne-en-plein-conflit\/"]}]},{"@type":"ImageObject","inLanguage":"fr-CA","@id":"https:\/\/news.canadamotorjobs.com\/fr\/le-grand-patron-de-stellantis-demissionne-en-plein-conflit\/#primaryimage","url":"https:\/\/news.canadamotorjobs.com\/wp-content\/uploads\/2024\/12\/Carlos-Tavares-via-Stellantis-media-site-30-Jan-2024-1920x1080-1.jpg","contentUrl":"https:\/\/news.canadamotorjobs.com\/wp-content\/uploads\/2024\/12\/Carlos-Tavares-via-Stellantis-media-site-30-Jan-2024-1920x1080-1.jpg","width":1920,"height":1080},{"@type":"BreadcrumbList","@id":"https:\/\/news.canadamotorjobs.com\/fr\/le-grand-patron-de-stellantis-demissionne-en-plein-conflit\/#breadcrumb","itemListElement":[{"@type":"ListItem","position":1,"name":"Home","item":"https:\/\/news.canadamotorjobs.com\/fr\/blog\/"},{"@type":"ListItem","position":2,"name":"Le grand patron de Stellantis d\u00e9missionne en plein conflit"}]},{"@type":"WebSite","@id":"https:\/\/news.canadamotorjobs.com\/#website","url":"https:\/\/news.canadamotorjobs.com\/","name":"CanadaMotorJobs.com","description":"Automotive Jobs","publisher":{"@id":"https:\/\/news.canadamotorjobs.com\/#organization"},"potentialAction":[{"@type":"SearchAction","target":{"@type":"EntryPoint","urlTemplate":"https:\/\/news.canadamotorjobs.com\/?s={search_term_string}"},"query-input":"required name=search_term_string"}],"inLanguage":"fr-CA"},{"@type":"Organization","@id":"https:\/\/news.canadamotorjobs.com\/#organization","name":"Canada Motor Jobs","url":"https:\/\/news.canadamotorjobs.com\/","logo":{"@type":"ImageObject","inLanguage":"fr-CA","@id":"https:\/\/news.canadamotorjobs.com\/#\/schema\/logo\/image\/","url":"https:\/\/news.canadamotorjobs.com\/wp-content\/uploads\/2022\/10\/logo-canada-motor-jobs-1.png","contentUrl":"https:\/\/news.canadamotorjobs.com\/wp-content\/uploads\/2022\/10\/logo-canada-motor-jobs-1.png","width":800,"height":400,"caption":"Canada Motor Jobs"},"image":{"@id":"https:\/\/news.canadamotorjobs.com\/#\/schema\/logo\/image\/"},"sameAs":["https:\/\/www.facebook.com\/canadamotorjobs\/","https:\/\/x.com\/canadamotorjobs","https:\/\/www.instagram.com\/canadamotorjobs\/","https:\/\/www.linkedin.com\/company\/canadamotorjobs"]},{"@type":"Person","@id":"https:\/\/news.canadamotorjobs.com\/#\/schema\/person\/51793d1f87d44011d7bcc2ed99269a90","name":"Benoit Charette","image":{"@type":"ImageObject","inLanguage":"fr-CA","@id":"https:\/\/news.canadamotorjobs.com\/#\/schema\/person\/image\/","url":"https:\/\/secure.gravatar.com\/avatar\/45f3d2eebcccd909668d7ce7ea7267b6?s=96&d=mm&r=g","contentUrl":"https:\/\/secure.gravatar.com\/avatar\/45f3d2eebcccd909668d7ce7ea7267b6?s=96&d=mm&r=g","caption":"Benoit Charette"},"description":"Benoit Charette \/ Propri\u00e9taire et r\u00e9dacteur en chef Benoit Charette pratique le journalisme automobile depuis bient\u00f4t 30 ans. Il a fait ses classes au c\u00f4t\u00e9 de Daniel H\u00e9raud et au Carnet de route de 1992 \u00e0 2001. Il est fondateur, copropri\u00e9taire et r\u00e9dacteur en chef de L\u2019Annuel de l\u2019automobile, qu\u2019il publie depuis 2001. Il a anim\u00e9 les \u00e9missions RPM et RPM+ sur V et les L\u00e9gendes de la route sur Historia. \u00c0 la radio depuis 1986, il reprend l\u2019antenne cette ann\u00e9e sur les ondes de Cogeco et participe pour la deuxi\u00e8me ann\u00e9e \u00e0 l\u2019\u00e9mission Passion Auto sur RDS en plus de mettre en ligne le site Web officiel de L\u2019Annuel de l\u2019automobile sur annuelauto.ca.","sameAs":["https:\/\/annuelauto.ca\/"],"url":"https:\/\/news.canadamotorjobs.com\/fr\/author\/benoit-charette\/"}]}},"_links":{"self":[{"href":"https:\/\/news.canadamotorjobs.com\/fr\/wp-json\/wp\/v2\/posts\/182841"}],"collection":[{"href":"https:\/\/news.canadamotorjobs.com\/fr\/wp-json\/wp\/v2\/posts"}],"about":[{"href":"https:\/\/news.canadamotorjobs.com\/fr\/wp-json\/wp\/v2\/types\/post"}],"author":[{"embeddable":true,"href":"https:\/\/news.canadamotorjobs.com\/fr\/wp-json\/wp\/v2\/users\/8"}],"replies":[{"embeddable":true,"href":"https:\/\/news.canadamotorjobs.com\/fr\/wp-json\/wp\/v2\/comments?post=182841"}],"version-history":[{"count":2,"href":"https:\/\/news.canadamotorjobs.com\/fr\/wp-json\/wp\/v2\/posts\/182841\/revisions"}],"predecessor-version":[{"id":182845,"href":"https:\/\/news.canadamotorjobs.com\/fr\/wp-json\/wp\/v2\/posts\/182841\/revisions\/182845"}],"wp:featuredmedia":[{"embeddable":true,"href":"https:\/\/news.canadamotorjobs.com\/fr\/wp-json\/wp\/v2\/media\/182843"}],"wp:attachment":[{"href":"https:\/\/news.canadamotorjobs.com\/fr\/wp-json\/wp\/v2\/media?parent=182841"}],"wp:term":[{"taxonomy":"category","embeddable":true,"href":"https:\/\/news.canadamotorjobs.com\/fr\/wp-json\/wp\/v2\/categories?post=182841"},{"taxonomy":"post_tag","embeddable":true,"href":"https:\/\/news.canadamotorjobs.com\/fr\/wp-json\/wp\/v2\/tags?post=182841"}],"curies":[{"name":"wp","href":"https:\/\/api.w.org\/{rel}","templated":true}]}}