{"id":182742,"date":"2024-11-30T07:44:42","date_gmt":"2024-11-30T12:44:42","guid":{"rendered":"https:\/\/news.canadamotorjobs.com\/?p=182742"},"modified":"2024-11-30T07:59:07","modified_gmt":"2024-11-30T12:59:07","slug":"rivian-fournira-une-batterie-pour-la-prochaine-vw-golf-electrique","status":"publish","type":"post","link":"https:\/\/news.canadamotorjobs.com\/fr\/rivian-fournira-une-batterie-pour-la-prochaine-vw-golf-electrique\/","title":{"rendered":"Rivian fournira une batterie pour la prochaine VW Golf \u00e9lectrique"},"content":{"rendered":"<\/p>\n<p>La Golf de neuvi\u00e8me g\u00e9n\u00e9ration arrive\u2026 en 2029. Apr\u00e8s avoir laiss\u00e9 la place \u00e0 l&#8217;ID.3, la c\u00e9l\u00e8bre compacte de Volkswagen s\u2019appr\u00eate \u00e0 faire son retour en version 100 % \u00e9lectrique. Le constructeur allemand pr\u00e9voit d\u2019abandonner d\u00e9finitivement le moteur thermique pour son mod\u00e8le phare. Dans une r\u00e9cente d\u00e9claration, Thomas Sch\u00e4fer, PDG de Volkswagen, a confirm\u00e9 l\u2019entr\u00e9e en sc\u00e8ne de la nouvelle Golf \u00e9lectrique, d\u00e9velopp\u00e9e en partenariat avec Rivian.<\/p>\n<h3><strong>Volkswagen et Rivian : un partenariat strat\u00e9gique<\/strong><\/h3>\n<p>\nVolkswagen s&#8217;associe \u00e0 Rivian pour d\u00e9velopper la prochaine Golf. Ce partenariat s&#8217;inscrit dans une coentreprise de 5,8 milliards de dollars, visant \u00e0 concevoir une nouvelle architecture \u00e9lectrique et des logiciels pour les v\u00e9hicules de prochaine g\u00e9n\u00e9ration. La neuvi\u00e8me g\u00e9n\u00e9ration de la Golf sera construite sur la plateforme SSP (Scalable Systems Platform), une base r\u00e9volutionnaire destin\u00e9e \u00e0 plusieurs mod\u00e8les \u00e9lectriques. Reste maintenant \u00e0 savoir si cette Golf \u00e9lectrique va traverser l\u2019Atlantique et venir chez nous.<\/p>\n<h3><strong>Un mod\u00e8le embl\u00e9matique pour un nouveau d\u00e9part<\/strong><\/h3>\n<p>\nVolkswagen souhaite lancer cette transformation avec un produit iconique. &#8220;Nous avons d\u00e9cid\u00e9 de commencer ce voyage avec la Golf&#8221;, a d\u00e9clar\u00e9 Sch\u00e4fer. Cette d\u00e9cision marque un tournant pour le constructeur, qui combine son expertise historique avec les comp\u00e9tences technologiques de Rivian.<\/p>\n<h3><strong>Un lancement pr\u00e9vu pour 2029<\/strong><\/h3>\n<p>\nLa nouvelle Golf \u00e9lectrique sera un &#8220;v\u00e9hicule de grande s\u00e9rie&#8221; attendu pour 2029. D\u2019ici l\u00e0, Volkswagen pr\u00e9voit de mettre \u00e0 jour l&#8217;ID.3 en 2026, avec des am\u00e9liorations mat\u00e9rielles et un int\u00e9rieur de meilleure qualit\u00e9. Cependant, une p\u00e9riode de chevauchement entre l\u2019ID.3 et la Golf \u00e9lectrique est attendue, ce qui pourrait refl\u00e9ter une strat\u00e9gie de transition progressive.<\/p>\n<h3><strong>Le moteur thermique reste dans le jeu\u2026 pour l\u2019instant<\/strong><\/h3>\n<p>\nBien que la Golf Mk9 soit enti\u00e8rement \u00e9lectrique, la version actuelle \u00e0 motorisation thermique restera sur le march\u00e9 europ\u00e9en jusqu&#8217;en 2035. C\u2019est \u00e0 cette date que l\u2019Union europ\u00e9enne pr\u00e9voit d\u2019interdire la vente de voitures \u00e9mettant des gaz \u00e0 effet de serre.<\/p>\n<h3><strong>Une collaboration au-del\u00e0 de la Golf<\/strong><\/h3>\n<p>\nLe savoir-faire de Rivian ne profitera pas uniquement \u00e0 la Golf. Sch\u00e4fer a \u00e9galement r\u00e9v\u00e9l\u00e9 que les marques Audi et Porsche adopteront cette nouvelle architecture \u00e9lectrique d\u00e8s 2027, avec des mod\u00e8les couvrant tous les segments, y compris les sous-compactes.<\/p>\n<p>Avec des renseignements de Motor 1<\/p>\n<p>\u00a0<\/p>\n<p>Le texte <a rel=\"nofollow\" href=\"https:\/\/annuelauto.ca\/volkswagen-rivian-nouvelle-golf-electrique\/\">Rivian fournira une batterie pour la prochaine VW Golf \u00e9lectrique<\/a> provient de <a rel=\"nofollow\" href=\"https:\/\/annuelauto.ca\">L&#8217;annuel de l&#8217;automobile &#8211; Actualit\u00e9 automobile<\/a><\/p>\n<p><\/p>\n","protected":false},"excerpt":{"rendered":"<p>La Golf de neuvi\u00e8me g\u00e9n\u00e9ration arrive\u2026 en 2029. Apr\u00e8s avoir laiss\u00e9 la place \u00e0 l&#8217;ID.3, la c\u00e9l\u00e8bre compacte de Volkswagen s\u2019appr\u00eate \u00e0 faire son retour en version 100 % \u00e9lectrique. Le constructeur allemand pr\u00e9voit d\u2019abandonner d\u00e9finitivement le moteur thermique pour son mod\u00e8le phare. Dans une r\u00e9cente d\u00e9claration, Thomas Sch\u00e4fer, PDG de Volkswagen, a confirm\u00e9 l\u2019entr\u00e9e [&hellip;]<\/p>\n","protected":false},"author":8,"featured_media":182744,"comment_status":"close","ping_status":"closed","sticky":false,"template":"","format":"standard","meta":{"_monsterinsights_skip_tracking":false,"_monsterinsights_sitenote_active":false,"_monsterinsights_sitenote_note":"","_monsterinsights_sitenote_category":0,"footnotes":""},"categories":[101],"tags":[],"yoast_head":"<!-- This site is optimized with the Yoast SEO plugin v23.2 - https:\/\/yoast.com\/wordpress\/plugins\/seo\/ -->\n<title>Rivian fournira une batterie pour la prochaine VW Golf \u00e9lectrique - CanadaMotorJobs.com<\/title>\n<meta name=\"description\" content=\"Rivian fournira une batterie pour la prochaine VW Golf \u00e9lectrique - Benoit Charette - Annuel automobile - CanadaMotorJobs.com.\" \/>\n<meta name=\"robots\" content=\"index, follow, max-snippet:-1, max-image-preview:large, max-video-preview:-1\" \/>\n<meta property=\"og:locale\" content=\"fr_CA\" \/>\n<meta property=\"og:type\" content=\"article\" \/>\n<meta property=\"og:title\" content=\"Rivian fournira une batterie pour la prochaine VW Golf \u00e9lectrique - CanadaMotorJobs.com\" \/>\n<meta property=\"og:description\" content=\"Rivian fournira une batterie pour la prochaine VW Golf \u00e9lectrique - Benoit Charette - Annuel automobile - CanadaMotorJobs.com.\" \/>\n<meta property=\"og:url\" content=\"https:\/\/news.canadamotorjobs.com\/fr\/rivian-fournira-une-batterie-pour-la-prochaine-vw-golf-electrique\/\" \/>\n<meta property=\"og:site_name\" content=\"CanadaMotorJobs.com\" \/>\n<meta property=\"article:publisher\" content=\"https:\/\/www.facebook.com\/canadamotorjobs\/\" \/>\n<meta property=\"article:published_time\" content=\"2024-11-30T12:44:42+00:00\" \/>\n<meta property=\"article:modified_time\" content=\"2024-11-30T12:59:07+00:00\" \/>\n<meta property=\"og:image\" content=\"https:\/\/news.canadamotorjobs.com\/wp-content\/uploads\/2024\/11\/volkswagen-id.gti_concept-2023-1600-02.jpg\" \/>\n\t<meta property=\"og:image:width\" content=\"1500\" \/>\n\t<meta property=\"og:image:height\" content=\"1125\" \/>\n\t<meta property=\"og:image:type\" content=\"image\/jpeg\" \/>\n<meta name=\"author\" content=\"Benoit Charette\" \/>\n<meta name=\"twitter:card\" content=\"summary_large_image\" \/>\n<meta name=\"twitter:creator\" content=\"@canadamotorjobs\" \/>\n<meta name=\"twitter:site\" content=\"@canadamotorjobs\" \/>\n<meta name=\"twitter:label1\" content=\"\u00c9crit par\" \/>\n\t<meta name=\"twitter:data1\" content=\"Benoit Charette\" \/>\n\t<meta name=\"twitter:label2\" content=\"Estimation du temps de lecture\" \/>\n\t<meta name=\"twitter:data2\" content=\"2 minutes\" \/>\n<!-- \/ Yoast SEO plugin. -->","yoast_head_json":{"title":"Rivian fournira une batterie pour la prochaine VW Golf \u00e9lectrique - CanadaMotorJobs.com","description":"Rivian fournira une batterie pour la prochaine VW Golf \u00e9lectrique - Benoit Charette - Annuel automobile - CanadaMotorJobs.com.","robots":{"index":"index","follow":"follow","max-snippet":"max-snippet:-1","max-image-preview":"max-image-preview:large","max-video-preview":"max-video-preview:-1"},"og_locale":"fr_CA","og_type":"article","og_title":"Rivian fournira une batterie pour la prochaine VW Golf \u00e9lectrique - CanadaMotorJobs.com","og_description":"Rivian fournira une batterie pour la prochaine VW Golf \u00e9lectrique - Benoit Charette - Annuel automobile - CanadaMotorJobs.com.","og_url":"https:\/\/news.canadamotorjobs.com\/fr\/rivian-fournira-une-batterie-pour-la-prochaine-vw-golf-electrique\/","og_site_name":"CanadaMotorJobs.com","article_publisher":"https:\/\/www.facebook.com\/canadamotorjobs\/","article_published_time":"2024-11-30T12:44:42+00:00","article_modified_time":"2024-11-30T12:59:07+00:00","og_image":[{"width":1500,"height":1125,"url":"https:\/\/news.canadamotorjobs.com\/wp-content\/uploads\/2024\/11\/volkswagen-id.gti_concept-2023-1600-02.jpg","type":"image\/jpeg"}],"author":"Benoit Charette","twitter_card":"summary_large_image","twitter_creator":"@canadamotorjobs","twitter_site":"@canadamotorjobs","twitter_misc":{"\u00c9crit par":"Benoit Charette","Estimation du temps de lecture":"2 minutes"},"schema":{"@context":"https:\/\/schema.org","@graph":[{"@type":"Article","@id":"https:\/\/news.canadamotorjobs.com\/fr\/rivian-fournira-une-batterie-pour-la-prochaine-vw-golf-electrique\/#article","isPartOf":{"@id":"https:\/\/news.canadamotorjobs.com\/fr\/rivian-fournira-une-batterie-pour-la-prochaine-vw-golf-electrique\/"},"author":{"name":"Benoit Charette","@id":"https:\/\/news.canadamotorjobs.com\/#\/schema\/person\/51793d1f87d44011d7bcc2ed99269a90"},"headline":"Rivian fournira une batterie pour la prochaine VW Golf \u00e9lectrique","datePublished":"2024-11-30T12:44:42+00:00","dateModified":"2024-11-30T12:59:07+00:00","mainEntityOfPage":{"@id":"https:\/\/news.canadamotorjobs.com\/fr\/rivian-fournira-une-batterie-pour-la-prochaine-vw-golf-electrique\/"},"wordCount":438,"publisher":{"@id":"https:\/\/news.canadamotorjobs.com\/#organization"},"image":{"@id":"https:\/\/news.canadamotorjobs.com\/fr\/rivian-fournira-une-batterie-pour-la-prochaine-vw-golf-electrique\/#primaryimage"},"thumbnailUrl":"https:\/\/news.canadamotorjobs.com\/wp-content\/uploads\/2024\/11\/volkswagen-id.gti_concept-2023-1600-02.jpg","articleSection":["Annuel automobile"],"inLanguage":"fr-CA"},{"@type":"WebPage","@id":"https:\/\/news.canadamotorjobs.com\/fr\/rivian-fournira-une-batterie-pour-la-prochaine-vw-golf-electrique\/","url":"https:\/\/news.canadamotorjobs.com\/fr\/rivian-fournira-une-batterie-pour-la-prochaine-vw-golf-electrique\/","name":"Rivian fournira une batterie pour la prochaine VW Golf \u00e9lectrique - CanadaMotorJobs.com","isPartOf":{"@id":"https:\/\/news.canadamotorjobs.com\/#website"},"primaryImageOfPage":{"@id":"https:\/\/news.canadamotorjobs.com\/fr\/rivian-fournira-une-batterie-pour-la-prochaine-vw-golf-electrique\/#primaryimage"},"image":{"@id":"https:\/\/news.canadamotorjobs.com\/fr\/rivian-fournira-une-batterie-pour-la-prochaine-vw-golf-electrique\/#primaryimage"},"thumbnailUrl":"https:\/\/news.canadamotorjobs.com\/wp-content\/uploads\/2024\/11\/volkswagen-id.gti_concept-2023-1600-02.jpg","datePublished":"2024-11-30T12:44:42+00:00","dateModified":"2024-11-30T12:59:07+00:00","description":"Rivian fournira une batterie pour la prochaine VW Golf \u00e9lectrique - Benoit Charette - Annuel automobile - CanadaMotorJobs.com.","breadcrumb":{"@id":"https:\/\/news.canadamotorjobs.com\/fr\/rivian-fournira-une-batterie-pour-la-prochaine-vw-golf-electrique\/#breadcrumb"},"inLanguage":"fr-CA","potentialAction":[{"@type":"ReadAction","target":["https:\/\/news.canadamotorjobs.com\/fr\/rivian-fournira-une-batterie-pour-la-prochaine-vw-golf-electrique\/"]}]},{"@type":"ImageObject","inLanguage":"fr-CA","@id":"https:\/\/news.canadamotorjobs.com\/fr\/rivian-fournira-une-batterie-pour-la-prochaine-vw-golf-electrique\/#primaryimage","url":"https:\/\/news.canadamotorjobs.com\/wp-content\/uploads\/2024\/11\/volkswagen-id.gti_concept-2023-1600-02.jpg","contentUrl":"https:\/\/news.canadamotorjobs.com\/wp-content\/uploads\/2024\/11\/volkswagen-id.gti_concept-2023-1600-02.jpg","width":1500,"height":1125},{"@type":"BreadcrumbList","@id":"https:\/\/news.canadamotorjobs.com\/fr\/rivian-fournira-une-batterie-pour-la-prochaine-vw-golf-electrique\/#breadcrumb","itemListElement":[{"@type":"ListItem","position":1,"name":"Home","item":"https:\/\/news.canadamotorjobs.com\/fr\/blog\/"},{"@type":"ListItem","position":2,"name":"Rivian fournira une batterie pour la prochaine VW Golf \u00e9lectrique"}]},{"@type":"WebSite","@id":"https:\/\/news.canadamotorjobs.com\/#website","url":"https:\/\/news.canadamotorjobs.com\/","name":"CanadaMotorJobs.com","description":"Automotive Jobs","publisher":{"@id":"https:\/\/news.canadamotorjobs.com\/#organization"},"potentialAction":[{"@type":"SearchAction","target":{"@type":"EntryPoint","urlTemplate":"https:\/\/news.canadamotorjobs.com\/?s={search_term_string}"},"query-input":"required name=search_term_string"}],"inLanguage":"fr-CA"},{"@type":"Organization","@id":"https:\/\/news.canadamotorjobs.com\/#organization","name":"Canada Motor Jobs","url":"https:\/\/news.canadamotorjobs.com\/","logo":{"@type":"ImageObject","inLanguage":"fr-CA","@id":"https:\/\/news.canadamotorjobs.com\/#\/schema\/logo\/image\/","url":"https:\/\/news.canadamotorjobs.com\/wp-content\/uploads\/2022\/10\/logo-canada-motor-jobs-1.png","contentUrl":"https:\/\/news.canadamotorjobs.com\/wp-content\/uploads\/2022\/10\/logo-canada-motor-jobs-1.png","width":800,"height":400,"caption":"Canada Motor Jobs"},"image":{"@id":"https:\/\/news.canadamotorjobs.com\/#\/schema\/logo\/image\/"},"sameAs":["https:\/\/www.facebook.com\/canadamotorjobs\/","https:\/\/x.com\/canadamotorjobs","https:\/\/www.instagram.com\/canadamotorjobs\/","https:\/\/www.linkedin.com\/company\/canadamotorjobs"]},{"@type":"Person","@id":"https:\/\/news.canadamotorjobs.com\/#\/schema\/person\/51793d1f87d44011d7bcc2ed99269a90","name":"Benoit Charette","image":{"@type":"ImageObject","inLanguage":"fr-CA","@id":"https:\/\/news.canadamotorjobs.com\/#\/schema\/person\/image\/","url":"https:\/\/secure.gravatar.com\/avatar\/45f3d2eebcccd909668d7ce7ea7267b6?s=96&d=mm&r=g","contentUrl":"https:\/\/secure.gravatar.com\/avatar\/45f3d2eebcccd909668d7ce7ea7267b6?s=96&d=mm&r=g","caption":"Benoit Charette"},"description":"Benoit Charette \/ Propri\u00e9taire et r\u00e9dacteur en chef Benoit Charette pratique le journalisme automobile depuis bient\u00f4t 30 ans. Il a fait ses classes au c\u00f4t\u00e9 de Daniel H\u00e9raud et au Carnet de route de 1992 \u00e0 2001. Il est fondateur, copropri\u00e9taire et r\u00e9dacteur en chef de L\u2019Annuel de l\u2019automobile, qu\u2019il publie depuis 2001. Il a anim\u00e9 les \u00e9missions RPM et RPM+ sur V et les L\u00e9gendes de la route sur Historia. \u00c0 la radio depuis 1986, il reprend l\u2019antenne cette ann\u00e9e sur les ondes de Cogeco et participe pour la deuxi\u00e8me ann\u00e9e \u00e0 l\u2019\u00e9mission Passion Auto sur RDS en plus de mettre en ligne le site Web officiel de L\u2019Annuel de l\u2019automobile sur annuelauto.ca.","sameAs":["https:\/\/annuelauto.ca\/"],"url":"https:\/\/news.canadamotorjobs.com\/fr\/author\/benoit-charette\/"}]}},"_links":{"self":[{"href":"https:\/\/news.canadamotorjobs.com\/fr\/wp-json\/wp\/v2\/posts\/182742"}],"collection":[{"href":"https:\/\/news.canadamotorjobs.com\/fr\/wp-json\/wp\/v2\/posts"}],"about":[{"href":"https:\/\/news.canadamotorjobs.com\/fr\/wp-json\/wp\/v2\/types\/post"}],"author":[{"embeddable":true,"href":"https:\/\/news.canadamotorjobs.com\/fr\/wp-json\/wp\/v2\/users\/8"}],"replies":[{"embeddable":true,"href":"https:\/\/news.canadamotorjobs.com\/fr\/wp-json\/wp\/v2\/comments?post=182742"}],"version-history":[{"count":2,"href":"https:\/\/news.canadamotorjobs.com\/fr\/wp-json\/wp\/v2\/posts\/182742\/revisions"}],"predecessor-version":[{"id":182746,"href":"https:\/\/news.canadamotorjobs.com\/fr\/wp-json\/wp\/v2\/posts\/182742\/revisions\/182746"}],"wp:featuredmedia":[{"embeddable":true,"href":"https:\/\/news.canadamotorjobs.com\/fr\/wp-json\/wp\/v2\/media\/182744"}],"wp:attachment":[{"href":"https:\/\/news.canadamotorjobs.com\/fr\/wp-json\/wp\/v2\/media?parent=182742"}],"wp:term":[{"taxonomy":"category","embeddable":true,"href":"https:\/\/news.canadamotorjobs.com\/fr\/wp-json\/wp\/v2\/categories?post=182742"},{"taxonomy":"post_tag","embeddable":true,"href":"https:\/\/news.canadamotorjobs.com\/fr\/wp-json\/wp\/v2\/tags?post=182742"}],"curies":[{"name":"wp","href":"https:\/\/api.w.org\/{rel}","templated":true}]}}