{"id":182692,"date":"2024-11-30T07:11:37","date_gmt":"2024-11-30T12:11:37","guid":{"rendered":"https:\/\/news.canadamotorjobs.com\/?p=182692"},"modified":"2024-11-30T07:14:16","modified_gmt":"2024-11-30T12:14:16","slug":"une-etude-revele-un-recul-de-linteret-pour-les-vehicules-electriques","status":"publish","type":"post","link":"https:\/\/news.canadamotorjobs.com\/fr\/une-etude-revele-un-recul-de-linteret-pour-les-vehicules-electriques\/","title":{"rendered":"Une \u00e9tude r\u00e9v\u00e8le un recul de l\u2019int\u00e9r\u00eat pour les v\u00e9hicules \u00e9lectriques"},"content":{"rendered":"<\/p>\n<p>Un r\u00e9cent sondage indique que moins de Canadiens envisagent d\u2019acheter un v\u00e9hicule \u00e9lectrique (V\u00c9) lors de leur prochain achat automobile. Alors que les intentions globales d\u2019achat de v\u00e9hicules augmentent, l\u2019enthousiasme pour les mod\u00e8les \u00e9lectriques, hybrides rechargeables ou hybrides diminue.<\/p>\n<h3>Des intentions en baisse<\/h3>\n<p>\nSelon le rapport <strong>Mobility Consumer Index<\/strong> d\u2019EY publi\u00e9 le 27 novembre, les intentions d\u2019achat de V\u00c9S pour les deux prochaines ann\u00e9es sont pass\u00e9es de 52 % en 2023 \u00e0 50 % cette ann\u00e9e. Ce recul marque un changement par rapport \u00e0 la tendance haussi\u00e8re observ\u00e9e depuis 2021, o\u00f9 35 % des acheteurs potentiels s\u2019int\u00e9ressaient \u00e0 un V\u00c9S, un chiffre qui avait grimp\u00e9 \u00e0 46 % en 2022. Pour les V\u00c9 100 % \u00e9lectriques, les intentions ont chut\u00e9 \u00e0 15 % cette ann\u00e9e, contre 18 % en 2023.<\/p>\n<h3>Les obstacles<\/h3>\n<p>\nLes Canadiens expriment des inqui\u00e9tudes li\u00e9es \u00e0 l\u2019autonomie limit\u00e9e des V\u00c9S, aux co\u00fbts \u00e9lev\u00e9s des batteries, au prix d\u2019achat et au manque d\u2019infrastructures de recharge. Am\u00e9liorer les infrastructures publiques pourrait r\u00e9duire ces pr\u00e9occupations, mais le d\u00e9fi reste de taille pour convaincre les consommateurs de franchir le pas.<\/p>\n<h3>Un mandat ZEV ambitieux<\/h3>\n<p>\nLe Canada vise \u00e0 ce que 100 % des ventes de v\u00e9hicules l\u00e9gers neufs soient \u00e0 z\u00e9ro \u00e9mission d\u2019ici 2035. Toutefois, la baisse d\u2019int\u00e9r\u00eat pour les V\u00c9S met en lumi\u00e8re les difficult\u00e9s \u00e0 atteindre cet objectif. Les \u00e9tapes pr\u00e9vues sont ambitieuses : 20 % des ventes en 2026, 60 % en 2030, et 100 % cinq ans plus tard.<\/p>\n<h3>Le prix<\/h3>\n<p>\nLe co\u00fbt \u00e9lev\u00e9 des v\u00e9hicules \u00e9lectriques est un frein majeur. En 2023, leur prix moyen atteignait environ <strong>73 000 $<\/strong>, selon Canadian Black Book. Combin\u00e9 \u00e0 l\u2019inflation et \u00e0 des taux d\u2019int\u00e9r\u00eat \u00e9lev\u00e9s, cela dissuade de nombreux acheteurs. Des constructeurs, comme Ford, ont m\u00eame retard\u00e9 leurs projets de production de V\u00c9 en raison de la baisse de la demande. Par exemple, la production de mod\u00e8les \u00e9lectriques \u00e0 l\u2019usine d\u2019Oakville (Ontario) a \u00e9t\u00e9 repouss\u00e9e de deux ans.<\/p>\n<h3>Les incitatifs gouvernementaux insuffisants<\/h3>\n<p>\nLes rabais gouvernementaux influencent les d\u00e9cisions d\u2019achat, avec 28 % des Canadiens les citant comme un facteur cl\u00e9. Les premiers adopteurs sont facilement convaincus, mais attirer une client\u00e8le plus large prendra du temps. Les futurs acheteurs seront plus sensibles au prix et pourraient avoir un acc\u00e8s limit\u00e9 \u00e0 la recharge \u00e0 domicile. La prochaine vague de consommateurs sera plus difficile \u00e0 convaincre.<\/p>\n<p>Avec des renseignements d&#8217;Automotive News Canada<\/p>\n<p>Le texte <a rel=\"nofollow\" href=\"https:\/\/annuelauto.ca\/moins-canadiens-prevoient-acheter-vehicule-electrique\/\">Une \u00e9tude r\u00e9v\u00e8le un recul de l\u2019int\u00e9r\u00eat pour les v\u00e9hicules \u00e9lectriques<\/a> provient de <a rel=\"nofollow\" href=\"https:\/\/annuelauto.ca\">L&#8217;annuel de l&#8217;automobile &#8211; Actualit\u00e9 automobile<\/a><\/p>\n<p><\/p>\n","protected":false},"excerpt":{"rendered":"<p>Un r\u00e9cent sondage indique que moins de Canadiens envisagent d\u2019acheter un v\u00e9hicule \u00e9lectrique (V\u00c9) lors de leur prochain achat automobile. Alors que les intentions globales d\u2019achat de v\u00e9hicules augmentent, l\u2019enthousiasme pour les mod\u00e8les \u00e9lectriques, hybrides rechargeables ou hybrides diminue. Des intentions en baisse Selon le rapport Mobility Consumer Index d\u2019EY publi\u00e9 le 27 novembre, les [&hellip;]<\/p>\n","protected":false},"author":8,"featured_media":182694,"comment_status":"close","ping_status":"closed","sticky":false,"template":"","format":"standard","meta":{"_monsterinsights_skip_tracking":false,"_monsterinsights_sitenote_active":false,"_monsterinsights_sitenote_note":"","_monsterinsights_sitenote_category":0,"footnotes":""},"categories":[101],"tags":[],"yoast_head":"<!-- This site is optimized with the Yoast SEO plugin v23.2 - https:\/\/yoast.com\/wordpress\/plugins\/seo\/ -->\n<title>Une \u00e9tude r\u00e9v\u00e8le un recul de l\u2019int\u00e9r\u00eat pour les v\u00e9hicules \u00e9lectriques - CanadaMotorJobs.com<\/title>\n<meta name=\"description\" content=\"Une \u00e9tude r\u00e9v\u00e8le un recul de l\u2019int\u00e9r\u00eat pour les v\u00e9hicules \u00e9lectriques - Benoit Charette - Annuel automobile - CanadaMotorJobs.com.\" \/>\n<meta name=\"robots\" content=\"index, follow, max-snippet:-1, max-image-preview:large, max-video-preview:-1\" \/>\n<meta property=\"og:locale\" content=\"fr_CA\" \/>\n<meta property=\"og:type\" content=\"article\" \/>\n<meta property=\"og:title\" content=\"Une \u00e9tude r\u00e9v\u00e8le un recul de l\u2019int\u00e9r\u00eat pour les v\u00e9hicules \u00e9lectriques - CanadaMotorJobs.com\" \/>\n<meta property=\"og:description\" content=\"Une \u00e9tude r\u00e9v\u00e8le un recul de l\u2019int\u00e9r\u00eat pour les v\u00e9hicules \u00e9lectriques - Benoit Charette - Annuel automobile - CanadaMotorJobs.com.\" \/>\n<meta property=\"og:url\" content=\"https:\/\/news.canadamotorjobs.com\/fr\/une-etude-revele-un-recul-de-linteret-pour-les-vehicules-electriques\/\" \/>\n<meta property=\"og:site_name\" content=\"CanadaMotorJobs.com\" \/>\n<meta property=\"article:publisher\" content=\"https:\/\/www.facebook.com\/canadamotorjobs\/\" \/>\n<meta property=\"article:published_time\" content=\"2024-11-30T12:11:37+00:00\" \/>\n<meta property=\"article:modified_time\" content=\"2024-11-30T12:14:16+00:00\" \/>\n<meta property=\"og:image\" content=\"https:\/\/news.canadamotorjobs.com\/wp-content\/uploads\/2024\/11\/k2y1rhy03s1ex62dyj5lex0xugs0-4.jpg\" \/>\n\t<meta property=\"og:image:width\" content=\"1704\" \/>\n\t<meta property=\"og:image:height\" content=\"952\" \/>\n\t<meta property=\"og:image:type\" content=\"image\/jpeg\" \/>\n<meta name=\"author\" content=\"Benoit Charette\" \/>\n<meta name=\"twitter:card\" content=\"summary_large_image\" \/>\n<meta name=\"twitter:creator\" content=\"@canadamotorjobs\" \/>\n<meta name=\"twitter:site\" content=\"@canadamotorjobs\" \/>\n<meta name=\"twitter:label1\" content=\"\u00c9crit par\" \/>\n\t<meta name=\"twitter:data1\" content=\"Benoit Charette\" \/>\n\t<meta name=\"twitter:label2\" content=\"Estimation du temps de lecture\" \/>\n\t<meta name=\"twitter:data2\" content=\"2 minutes\" \/>\n<!-- \/ Yoast SEO plugin. -->","yoast_head_json":{"title":"Une \u00e9tude r\u00e9v\u00e8le un recul de l\u2019int\u00e9r\u00eat pour les v\u00e9hicules \u00e9lectriques - CanadaMotorJobs.com","description":"Une \u00e9tude r\u00e9v\u00e8le un recul de l\u2019int\u00e9r\u00eat pour les v\u00e9hicules \u00e9lectriques - Benoit Charette - Annuel automobile - CanadaMotorJobs.com.","robots":{"index":"index","follow":"follow","max-snippet":"max-snippet:-1","max-image-preview":"max-image-preview:large","max-video-preview":"max-video-preview:-1"},"og_locale":"fr_CA","og_type":"article","og_title":"Une \u00e9tude r\u00e9v\u00e8le un recul de l\u2019int\u00e9r\u00eat pour les v\u00e9hicules \u00e9lectriques - CanadaMotorJobs.com","og_description":"Une \u00e9tude r\u00e9v\u00e8le un recul de l\u2019int\u00e9r\u00eat pour les v\u00e9hicules \u00e9lectriques - Benoit Charette - Annuel automobile - CanadaMotorJobs.com.","og_url":"https:\/\/news.canadamotorjobs.com\/fr\/une-etude-revele-un-recul-de-linteret-pour-les-vehicules-electriques\/","og_site_name":"CanadaMotorJobs.com","article_publisher":"https:\/\/www.facebook.com\/canadamotorjobs\/","article_published_time":"2024-11-30T12:11:37+00:00","article_modified_time":"2024-11-30T12:14:16+00:00","og_image":[{"width":1704,"height":952,"url":"https:\/\/news.canadamotorjobs.com\/wp-content\/uploads\/2024\/11\/k2y1rhy03s1ex62dyj5lex0xugs0-4.jpg","type":"image\/jpeg"}],"author":"Benoit Charette","twitter_card":"summary_large_image","twitter_creator":"@canadamotorjobs","twitter_site":"@canadamotorjobs","twitter_misc":{"\u00c9crit par":"Benoit Charette","Estimation du temps de lecture":"2 minutes"},"schema":{"@context":"https:\/\/schema.org","@graph":[{"@type":"Article","@id":"https:\/\/news.canadamotorjobs.com\/fr\/une-etude-revele-un-recul-de-linteret-pour-les-vehicules-electriques\/#article","isPartOf":{"@id":"https:\/\/news.canadamotorjobs.com\/fr\/une-etude-revele-un-recul-de-linteret-pour-les-vehicules-electriques\/"},"author":{"name":"Benoit Charette","@id":"https:\/\/news.canadamotorjobs.com\/#\/schema\/person\/51793d1f87d44011d7bcc2ed99269a90"},"headline":"Une \u00e9tude r\u00e9v\u00e8le un recul de l\u2019int\u00e9r\u00eat pour les v\u00e9hicules \u00e9lectriques","datePublished":"2024-11-30T12:11:37+00:00","dateModified":"2024-11-30T12:14:16+00:00","mainEntityOfPage":{"@id":"https:\/\/news.canadamotorjobs.com\/fr\/une-etude-revele-un-recul-de-linteret-pour-les-vehicules-electriques\/"},"wordCount":445,"publisher":{"@id":"https:\/\/news.canadamotorjobs.com\/#organization"},"image":{"@id":"https:\/\/news.canadamotorjobs.com\/fr\/une-etude-revele-un-recul-de-linteret-pour-les-vehicules-electriques\/#primaryimage"},"thumbnailUrl":"https:\/\/news.canadamotorjobs.com\/wp-content\/uploads\/2024\/11\/k2y1rhy03s1ex62dyj5lex0xugs0-4.jpg","articleSection":["Annuel automobile"],"inLanguage":"fr-CA"},{"@type":"WebPage","@id":"https:\/\/news.canadamotorjobs.com\/fr\/une-etude-revele-un-recul-de-linteret-pour-les-vehicules-electriques\/","url":"https:\/\/news.canadamotorjobs.com\/fr\/une-etude-revele-un-recul-de-linteret-pour-les-vehicules-electriques\/","name":"Une \u00e9tude r\u00e9v\u00e8le un recul de l\u2019int\u00e9r\u00eat pour les v\u00e9hicules \u00e9lectriques - CanadaMotorJobs.com","isPartOf":{"@id":"https:\/\/news.canadamotorjobs.com\/#website"},"primaryImageOfPage":{"@id":"https:\/\/news.canadamotorjobs.com\/fr\/une-etude-revele-un-recul-de-linteret-pour-les-vehicules-electriques\/#primaryimage"},"image":{"@id":"https:\/\/news.canadamotorjobs.com\/fr\/une-etude-revele-un-recul-de-linteret-pour-les-vehicules-electriques\/#primaryimage"},"thumbnailUrl":"https:\/\/news.canadamotorjobs.com\/wp-content\/uploads\/2024\/11\/k2y1rhy03s1ex62dyj5lex0xugs0-4.jpg","datePublished":"2024-11-30T12:11:37+00:00","dateModified":"2024-11-30T12:14:16+00:00","description":"Une \u00e9tude r\u00e9v\u00e8le un recul de l\u2019int\u00e9r\u00eat pour les v\u00e9hicules \u00e9lectriques - Benoit Charette - Annuel automobile - CanadaMotorJobs.com.","breadcrumb":{"@id":"https:\/\/news.canadamotorjobs.com\/fr\/une-etude-revele-un-recul-de-linteret-pour-les-vehicules-electriques\/#breadcrumb"},"inLanguage":"fr-CA","potentialAction":[{"@type":"ReadAction","target":["https:\/\/news.canadamotorjobs.com\/fr\/une-etude-revele-un-recul-de-linteret-pour-les-vehicules-electriques\/"]}]},{"@type":"ImageObject","inLanguage":"fr-CA","@id":"https:\/\/news.canadamotorjobs.com\/fr\/une-etude-revele-un-recul-de-linteret-pour-les-vehicules-electriques\/#primaryimage","url":"https:\/\/news.canadamotorjobs.com\/wp-content\/uploads\/2024\/11\/k2y1rhy03s1ex62dyj5lex0xugs0-4.jpg","contentUrl":"https:\/\/news.canadamotorjobs.com\/wp-content\/uploads\/2024\/11\/k2y1rhy03s1ex62dyj5lex0xugs0-4.jpg","width":1704,"height":952},{"@type":"BreadcrumbList","@id":"https:\/\/news.canadamotorjobs.com\/fr\/une-etude-revele-un-recul-de-linteret-pour-les-vehicules-electriques\/#breadcrumb","itemListElement":[{"@type":"ListItem","position":1,"name":"Home","item":"https:\/\/news.canadamotorjobs.com\/fr\/blog\/"},{"@type":"ListItem","position":2,"name":"Une \u00e9tude r\u00e9v\u00e8le un recul de l\u2019int\u00e9r\u00eat pour les v\u00e9hicules \u00e9lectriques"}]},{"@type":"WebSite","@id":"https:\/\/news.canadamotorjobs.com\/#website","url":"https:\/\/news.canadamotorjobs.com\/","name":"CanadaMotorJobs.com","description":"Automotive Jobs","publisher":{"@id":"https:\/\/news.canadamotorjobs.com\/#organization"},"potentialAction":[{"@type":"SearchAction","target":{"@type":"EntryPoint","urlTemplate":"https:\/\/news.canadamotorjobs.com\/?s={search_term_string}"},"query-input":"required name=search_term_string"}],"inLanguage":"fr-CA"},{"@type":"Organization","@id":"https:\/\/news.canadamotorjobs.com\/#organization","name":"Canada Motor Jobs","url":"https:\/\/news.canadamotorjobs.com\/","logo":{"@type":"ImageObject","inLanguage":"fr-CA","@id":"https:\/\/news.canadamotorjobs.com\/#\/schema\/logo\/image\/","url":"https:\/\/news.canadamotorjobs.com\/wp-content\/uploads\/2022\/10\/logo-canada-motor-jobs-1.png","contentUrl":"https:\/\/news.canadamotorjobs.com\/wp-content\/uploads\/2022\/10\/logo-canada-motor-jobs-1.png","width":800,"height":400,"caption":"Canada Motor Jobs"},"image":{"@id":"https:\/\/news.canadamotorjobs.com\/#\/schema\/logo\/image\/"},"sameAs":["https:\/\/www.facebook.com\/canadamotorjobs\/","https:\/\/x.com\/canadamotorjobs","https:\/\/www.instagram.com\/canadamotorjobs\/","https:\/\/www.linkedin.com\/company\/canadamotorjobs"]},{"@type":"Person","@id":"https:\/\/news.canadamotorjobs.com\/#\/schema\/person\/51793d1f87d44011d7bcc2ed99269a90","name":"Benoit Charette","image":{"@type":"ImageObject","inLanguage":"fr-CA","@id":"https:\/\/news.canadamotorjobs.com\/#\/schema\/person\/image\/","url":"https:\/\/secure.gravatar.com\/avatar\/45f3d2eebcccd909668d7ce7ea7267b6?s=96&d=mm&r=g","contentUrl":"https:\/\/secure.gravatar.com\/avatar\/45f3d2eebcccd909668d7ce7ea7267b6?s=96&d=mm&r=g","caption":"Benoit Charette"},"description":"Benoit Charette \/ Propri\u00e9taire et r\u00e9dacteur en chef Benoit Charette pratique le journalisme automobile depuis bient\u00f4t 30 ans. Il a fait ses classes au c\u00f4t\u00e9 de Daniel H\u00e9raud et au Carnet de route de 1992 \u00e0 2001. Il est fondateur, copropri\u00e9taire et r\u00e9dacteur en chef de L\u2019Annuel de l\u2019automobile, qu\u2019il publie depuis 2001. Il a anim\u00e9 les \u00e9missions RPM et RPM+ sur V et les L\u00e9gendes de la route sur Historia. \u00c0 la radio depuis 1986, il reprend l\u2019antenne cette ann\u00e9e sur les ondes de Cogeco et participe pour la deuxi\u00e8me ann\u00e9e \u00e0 l\u2019\u00e9mission Passion Auto sur RDS en plus de mettre en ligne le site Web officiel de L\u2019Annuel de l\u2019automobile sur annuelauto.ca.","sameAs":["https:\/\/annuelauto.ca\/"],"url":"https:\/\/news.canadamotorjobs.com\/fr\/author\/benoit-charette\/"}]}},"_links":{"self":[{"href":"https:\/\/news.canadamotorjobs.com\/fr\/wp-json\/wp\/v2\/posts\/182692"}],"collection":[{"href":"https:\/\/news.canadamotorjobs.com\/fr\/wp-json\/wp\/v2\/posts"}],"about":[{"href":"https:\/\/news.canadamotorjobs.com\/fr\/wp-json\/wp\/v2\/types\/post"}],"author":[{"embeddable":true,"href":"https:\/\/news.canadamotorjobs.com\/fr\/wp-json\/wp\/v2\/users\/8"}],"replies":[{"embeddable":true,"href":"https:\/\/news.canadamotorjobs.com\/fr\/wp-json\/wp\/v2\/comments?post=182692"}],"version-history":[{"count":2,"href":"https:\/\/news.canadamotorjobs.com\/fr\/wp-json\/wp\/v2\/posts\/182692\/revisions"}],"predecessor-version":[{"id":182696,"href":"https:\/\/news.canadamotorjobs.com\/fr\/wp-json\/wp\/v2\/posts\/182692\/revisions\/182696"}],"wp:featuredmedia":[{"embeddable":true,"href":"https:\/\/news.canadamotorjobs.com\/fr\/wp-json\/wp\/v2\/media\/182694"}],"wp:attachment":[{"href":"https:\/\/news.canadamotorjobs.com\/fr\/wp-json\/wp\/v2\/media?parent=182692"}],"wp:term":[{"taxonomy":"category","embeddable":true,"href":"https:\/\/news.canadamotorjobs.com\/fr\/wp-json\/wp\/v2\/categories?post=182692"},{"taxonomy":"post_tag","embeddable":true,"href":"https:\/\/news.canadamotorjobs.com\/fr\/wp-json\/wp\/v2\/tags?post=182692"}],"curies":[{"name":"wp","href":"https:\/\/api.w.org\/{rel}","templated":true}]}}