{"id":182568,"date":"2024-11-28T07:55:27","date_gmt":"2024-11-28T12:55:27","guid":{"rendered":"https:\/\/news.canadamotorjobs.com\/?p=182568"},"modified":"2024-11-28T07:59:38","modified_gmt":"2024-11-28T12:59:38","slug":"nissan-reduit-sa-production-de-17-aux-etats-unis","status":"publish","type":"post","link":"https:\/\/news.canadamotorjobs.com\/fr\/nissan-reduit-sa-production-de-17-aux-etats-unis\/","title":{"rendered":"Nissan r\u00e9duit sa production de 17 % aux \u00c9tats-Unis"},"content":{"rendered":"<\/p>\n<p>Nissan a annonc\u00e9 qu&#8217;elle allait r\u00e9duire sa production de 17 % aux \u00c9tats-Unis d&#8217;ici mars 2025, en r\u00e9ponse \u00e0 la baisse des ventes mondiales et \u00e0 une situation financi\u00e8re de plus en plus pr\u00e9occupante. Cette d\u00e9cision touche principalement les usines de Canton et de Smyrna, o\u00f9 sont fabriqu\u00e9es les mod\u00e8les <em>Frontier<\/em> et <em>Rogue<\/em>. Ces deux v\u00e9hicules repr\u00e9sentent pr\u00e8s de 30 % des ventes de la marque en Am\u00e9rique du Nord.<\/p>\n<h3>Un avenir incertain<\/h3>\n<p>\nLa situation de Nissan se d\u00e9grade rapidement. L&#8217;entreprise a r\u00e9v\u00e9l\u00e9 qu&#8217;elle pourrait ne survivre que 12 \u00e0 14 mois si elle ne parvient pas \u00e0 trouver un nouvel investisseur principal. Cette annonce alarmante survient alors que la marque est confront\u00e9e \u00e0 une baisse significative de ses ventes, ainsi qu&#8217;\u00e0 des pr\u00e9visions de b\u00e9n\u00e9fices en forte baisse. Dans ce contexte difficile, Nissan a \u00e9galement d\u00e9cid\u00e9 de vendre plus de 149 millions d&#8217;actions Mitsubishi, dans l\u2019espoir de renforcer sa position financi\u00e8re.<\/p>\n<h3>Impact direct sur les usines<\/h3>\n<p>\nLa r\u00e9duction de production annonc\u00e9e affectera directement les usines de Nissan aux \u00c9tats-Unis. L&#8217;usine de Canton, dans le Mississippi, responsable de la fabrication des <em>Frontier<\/em>, et l&#8217;usine de Smyrna, dans le Tennessee, o\u00f9 le <em>Rogue<\/em> est assembl\u00e9, devront ajuster leur rythme de production. En cons\u00e9quence, ces deux mod\u00e8les phares, qui g\u00e9n\u00e8rent pr\u00e8s de 30 % des ventes am\u00e9ricaines de Nissan, conna\u00eetront une baisse significative de leur production.<\/p>\n<p>Nikkei Asia rapporte que cette d\u00e9cision fait suite \u00e0 une premi\u00e8re r\u00e9duction de production d\u00e9j\u00e0 mise en place, o\u00f9 les deux sites avaient r\u00e9duit leurs heures de travail de cinq jours \u00e0 quatre par semaine, jusqu&#8217;\u00e0 la fin du mois de d\u00e9cembre. Nissan a pr\u00e9cis\u00e9 qu\u2019elle continuait d\u2019\u00e9valuer les pr\u00e9visions de production pour mieux r\u00e9pondre aux tendances du march\u00e9 et \u00e0 la demande de ses mod\u00e8les.<\/p>\n<h3>Nissan face \u00e0 une crise de l&#8217;emploi<\/h3>\n<p>\nLa r\u00e9duction de production s&#8217;accompagne \u00e9galement d&#8217;une importante r\u00e9duction des effectifs. Nissan a annonc\u00e9 qu\u2019elle allait supprimer environ 9 000 postes \u00e0 travers le monde. Aux \u00c9tats-Unis, environ 1 000 employ\u00e9s devraient accepter des offres de d\u00e9part anticip\u00e9 d&#8217;ici la fin de l&#8217;ann\u00e9e, repr\u00e9sentant environ 6 % de la main-d&#8217;\u0153uvre locale de la marque.<\/p>\n<h3>Une alliance strat\u00e9gique avec Honda et Mitsubishi<\/h3>\n<p>\nLe contexte difficile de Nissan a conduit \u00e0 des discussions sur son avenir. En ao\u00fbt dernier, Nissan, Honda et Mitsubishi ont annonc\u00e9 une collaboration pour d\u00e9velopper des v\u00e9hicules \u00e9lectriques et des logiciels. Bien que cette alliance soit pr\u00e9sent\u00e9e comme un partenariat strat\u00e9gique, certains analystes, dont l&#8217;ancien patron de Nissan et Renault, Carlos Ghosn, sugg\u00e8rent qu&#8217;il pourrait s&#8217;agir d&#8217;un rachat d\u00e9guis\u00e9 de Nissan et Mitsubishi par Honda.<\/p>\n<h4>Une crise profonde<\/h4>\n<p>\nMalgr\u00e9 ses efforts pour diversifier ses partenariats et vendre des actions Mitsubishi, la situation reste pr\u00e9caire pour Nissan. L&#8217;entreprise a encore du mal \u00e0 se remettre de ses difficult\u00e9s \u00e9conomiques et de la crise de ses ventes mondiales. Si la marque ne parvient pas \u00e0 s\u00e9curiser un investisseur principal \u00e0 court terme, son avenir pourrait \u00eatre tr\u00e8s incertain. L&#8217;alerte lanc\u00e9e par des responsables de Nissan, qui estiment que l&#8217;entreprise pourrait ne pas survivre au-del\u00e0 de 14 mois, ne fait qu&#8217;aggraver la situation.<\/p>\n<p>Avec des renseignements de Carscoops<\/p>\n<p>Le texte <a rel=\"nofollow\" href=\"https:\/\/annuelauto.ca\/nissan-reduit-production-us-17-percent-crise\/\">Nissan r\u00e9duit sa production de 17 % aux \u00c9tats-Unis<\/a> provient de <a rel=\"nofollow\" href=\"https:\/\/annuelauto.ca\">L&#8217;annuel de l&#8217;automobile &#8211; Actualit\u00e9 automobile<\/a><\/p>\n<p><\/p>\n","protected":false},"excerpt":{"rendered":"<p>Nissan a annonc\u00e9 qu&#8217;elle allait r\u00e9duire sa production de 17 % aux \u00c9tats-Unis d&#8217;ici mars 2025, en r\u00e9ponse \u00e0 la baisse des ventes mondiales et \u00e0 une situation financi\u00e8re de plus en plus pr\u00e9occupante. Cette d\u00e9cision touche principalement les usines de Canton et de Smyrna, o\u00f9 sont fabriqu\u00e9es les mod\u00e8les Frontier et Rogue. Ces deux [&hellip;]<\/p>\n","protected":false},"author":8,"featured_media":182570,"comment_status":"close","ping_status":"closed","sticky":false,"template":"","format":"standard","meta":{"_monsterinsights_skip_tracking":false,"_monsterinsights_sitenote_active":false,"_monsterinsights_sitenote_note":"","_monsterinsights_sitenote_category":0,"footnotes":""},"categories":[101],"tags":[],"yoast_head":"<!-- This site is optimized with the Yoast SEO plugin v23.2 - https:\/\/yoast.com\/wordpress\/plugins\/seo\/ -->\n<title>Nissan r\u00e9duit sa production de 17 % aux \u00c9tats-Unis - CanadaMotorJobs.com<\/title>\n<meta name=\"description\" content=\"Nissan r\u00e9duit sa production de 17 % aux \u00c9tats-Unis - Benoit Charette - Annuel automobile - CanadaMotorJobs.com.\" \/>\n<meta name=\"robots\" content=\"index, follow, max-snippet:-1, max-image-preview:large, max-video-preview:-1\" \/>\n<meta property=\"og:locale\" content=\"fr_CA\" \/>\n<meta property=\"og:type\" content=\"article\" \/>\n<meta property=\"og:title\" content=\"Nissan r\u00e9duit sa production de 17 % aux \u00c9tats-Unis - CanadaMotorJobs.com\" \/>\n<meta property=\"og:description\" content=\"Nissan r\u00e9duit sa production de 17 % aux \u00c9tats-Unis - Benoit Charette - Annuel automobile - CanadaMotorJobs.com.\" \/>\n<meta property=\"og:url\" content=\"https:\/\/news.canadamotorjobs.com\/fr\/nissan-reduit-sa-production-de-17-aux-etats-unis\/\" \/>\n<meta property=\"og:site_name\" content=\"CanadaMotorJobs.com\" \/>\n<meta property=\"article:publisher\" content=\"https:\/\/www.facebook.com\/canadamotorjobs\/\" \/>\n<meta property=\"article:published_time\" content=\"2024-11-28T12:55:27+00:00\" \/>\n<meta property=\"article:modified_time\" content=\"2024-11-28T12:59:38+00:00\" \/>\n<meta property=\"og:image\" content=\"https:\/\/news.canadamotorjobs.com\/wp-content\/uploads\/2024\/11\/Nissan-New-Brand-Logo-1.jpg\" \/>\n\t<meta property=\"og:image:width\" content=\"2436\" \/>\n\t<meta property=\"og:image:height\" content=\"1624\" \/>\n\t<meta property=\"og:image:type\" content=\"image\/jpeg\" \/>\n<meta name=\"author\" content=\"Benoit Charette\" \/>\n<meta name=\"twitter:card\" content=\"summary_large_image\" \/>\n<meta name=\"twitter:creator\" content=\"@canadamotorjobs\" \/>\n<meta name=\"twitter:site\" content=\"@canadamotorjobs\" \/>\n<meta name=\"twitter:label1\" content=\"\u00c9crit par\" \/>\n\t<meta name=\"twitter:data1\" content=\"Benoit Charette\" \/>\n\t<meta name=\"twitter:label2\" content=\"Estimation du temps de lecture\" \/>\n\t<meta name=\"twitter:data2\" content=\"3 minutes\" \/>\n<!-- \/ Yoast SEO plugin. -->","yoast_head_json":{"title":"Nissan r\u00e9duit sa production de 17 % aux \u00c9tats-Unis - CanadaMotorJobs.com","description":"Nissan r\u00e9duit sa production de 17 % aux \u00c9tats-Unis - Benoit Charette - Annuel automobile - CanadaMotorJobs.com.","robots":{"index":"index","follow":"follow","max-snippet":"max-snippet:-1","max-image-preview":"max-image-preview:large","max-video-preview":"max-video-preview:-1"},"og_locale":"fr_CA","og_type":"article","og_title":"Nissan r\u00e9duit sa production de 17 % aux \u00c9tats-Unis - CanadaMotorJobs.com","og_description":"Nissan r\u00e9duit sa production de 17 % aux \u00c9tats-Unis - Benoit Charette - Annuel automobile - CanadaMotorJobs.com.","og_url":"https:\/\/news.canadamotorjobs.com\/fr\/nissan-reduit-sa-production-de-17-aux-etats-unis\/","og_site_name":"CanadaMotorJobs.com","article_publisher":"https:\/\/www.facebook.com\/canadamotorjobs\/","article_published_time":"2024-11-28T12:55:27+00:00","article_modified_time":"2024-11-28T12:59:38+00:00","og_image":[{"width":2436,"height":1624,"url":"https:\/\/news.canadamotorjobs.com\/wp-content\/uploads\/2024\/11\/Nissan-New-Brand-Logo-1.jpg","type":"image\/jpeg"}],"author":"Benoit Charette","twitter_card":"summary_large_image","twitter_creator":"@canadamotorjobs","twitter_site":"@canadamotorjobs","twitter_misc":{"\u00c9crit par":"Benoit Charette","Estimation du temps de lecture":"3 minutes"},"schema":{"@context":"https:\/\/schema.org","@graph":[{"@type":"Article","@id":"https:\/\/news.canadamotorjobs.com\/fr\/nissan-reduit-sa-production-de-17-aux-etats-unis\/#article","isPartOf":{"@id":"https:\/\/news.canadamotorjobs.com\/fr\/nissan-reduit-sa-production-de-17-aux-etats-unis\/"},"author":{"name":"Benoit Charette","@id":"https:\/\/news.canadamotorjobs.com\/#\/schema\/person\/51793d1f87d44011d7bcc2ed99269a90"},"headline":"Nissan r\u00e9duit sa production de 17 % aux \u00c9tats-Unis","datePublished":"2024-11-28T12:55:27+00:00","dateModified":"2024-11-28T12:59:38+00:00","mainEntityOfPage":{"@id":"https:\/\/news.canadamotorjobs.com\/fr\/nissan-reduit-sa-production-de-17-aux-etats-unis\/"},"wordCount":594,"publisher":{"@id":"https:\/\/news.canadamotorjobs.com\/#organization"},"image":{"@id":"https:\/\/news.canadamotorjobs.com\/fr\/nissan-reduit-sa-production-de-17-aux-etats-unis\/#primaryimage"},"thumbnailUrl":"https:\/\/news.canadamotorjobs.com\/wp-content\/uploads\/2024\/11\/Nissan-New-Brand-Logo-1.jpg","articleSection":["Annuel automobile"],"inLanguage":"fr-CA"},{"@type":"WebPage","@id":"https:\/\/news.canadamotorjobs.com\/fr\/nissan-reduit-sa-production-de-17-aux-etats-unis\/","url":"https:\/\/news.canadamotorjobs.com\/fr\/nissan-reduit-sa-production-de-17-aux-etats-unis\/","name":"Nissan r\u00e9duit sa production de 17 % aux \u00c9tats-Unis - CanadaMotorJobs.com","isPartOf":{"@id":"https:\/\/news.canadamotorjobs.com\/#website"},"primaryImageOfPage":{"@id":"https:\/\/news.canadamotorjobs.com\/fr\/nissan-reduit-sa-production-de-17-aux-etats-unis\/#primaryimage"},"image":{"@id":"https:\/\/news.canadamotorjobs.com\/fr\/nissan-reduit-sa-production-de-17-aux-etats-unis\/#primaryimage"},"thumbnailUrl":"https:\/\/news.canadamotorjobs.com\/wp-content\/uploads\/2024\/11\/Nissan-New-Brand-Logo-1.jpg","datePublished":"2024-11-28T12:55:27+00:00","dateModified":"2024-11-28T12:59:38+00:00","description":"Nissan r\u00e9duit sa production de 17 % aux \u00c9tats-Unis - Benoit Charette - Annuel automobile - CanadaMotorJobs.com.","breadcrumb":{"@id":"https:\/\/news.canadamotorjobs.com\/fr\/nissan-reduit-sa-production-de-17-aux-etats-unis\/#breadcrumb"},"inLanguage":"fr-CA","potentialAction":[{"@type":"ReadAction","target":["https:\/\/news.canadamotorjobs.com\/fr\/nissan-reduit-sa-production-de-17-aux-etats-unis\/"]}]},{"@type":"ImageObject","inLanguage":"fr-CA","@id":"https:\/\/news.canadamotorjobs.com\/fr\/nissan-reduit-sa-production-de-17-aux-etats-unis\/#primaryimage","url":"https:\/\/news.canadamotorjobs.com\/wp-content\/uploads\/2024\/11\/Nissan-New-Brand-Logo-1.jpg","contentUrl":"https:\/\/news.canadamotorjobs.com\/wp-content\/uploads\/2024\/11\/Nissan-New-Brand-Logo-1.jpg","width":2436,"height":1624},{"@type":"BreadcrumbList","@id":"https:\/\/news.canadamotorjobs.com\/fr\/nissan-reduit-sa-production-de-17-aux-etats-unis\/#breadcrumb","itemListElement":[{"@type":"ListItem","position":1,"name":"Home","item":"https:\/\/news.canadamotorjobs.com\/fr\/blog\/"},{"@type":"ListItem","position":2,"name":"Nissan r\u00e9duit sa production de 17 % aux \u00c9tats-Unis"}]},{"@type":"WebSite","@id":"https:\/\/news.canadamotorjobs.com\/#website","url":"https:\/\/news.canadamotorjobs.com\/","name":"CanadaMotorJobs.com","description":"Automotive Jobs","publisher":{"@id":"https:\/\/news.canadamotorjobs.com\/#organization"},"potentialAction":[{"@type":"SearchAction","target":{"@type":"EntryPoint","urlTemplate":"https:\/\/news.canadamotorjobs.com\/?s={search_term_string}"},"query-input":"required name=search_term_string"}],"inLanguage":"fr-CA"},{"@type":"Organization","@id":"https:\/\/news.canadamotorjobs.com\/#organization","name":"Canada Motor Jobs","url":"https:\/\/news.canadamotorjobs.com\/","logo":{"@type":"ImageObject","inLanguage":"fr-CA","@id":"https:\/\/news.canadamotorjobs.com\/#\/schema\/logo\/image\/","url":"https:\/\/news.canadamotorjobs.com\/wp-content\/uploads\/2022\/10\/logo-canada-motor-jobs-1.png","contentUrl":"https:\/\/news.canadamotorjobs.com\/wp-content\/uploads\/2022\/10\/logo-canada-motor-jobs-1.png","width":800,"height":400,"caption":"Canada Motor Jobs"},"image":{"@id":"https:\/\/news.canadamotorjobs.com\/#\/schema\/logo\/image\/"},"sameAs":["https:\/\/www.facebook.com\/canadamotorjobs\/","https:\/\/x.com\/canadamotorjobs","https:\/\/www.instagram.com\/canadamotorjobs\/","https:\/\/www.linkedin.com\/company\/canadamotorjobs"]},{"@type":"Person","@id":"https:\/\/news.canadamotorjobs.com\/#\/schema\/person\/51793d1f87d44011d7bcc2ed99269a90","name":"Benoit Charette","image":{"@type":"ImageObject","inLanguage":"fr-CA","@id":"https:\/\/news.canadamotorjobs.com\/#\/schema\/person\/image\/","url":"https:\/\/secure.gravatar.com\/avatar\/45f3d2eebcccd909668d7ce7ea7267b6?s=96&d=mm&r=g","contentUrl":"https:\/\/secure.gravatar.com\/avatar\/45f3d2eebcccd909668d7ce7ea7267b6?s=96&d=mm&r=g","caption":"Benoit Charette"},"description":"Benoit Charette \/ Propri\u00e9taire et r\u00e9dacteur en chef Benoit Charette pratique le journalisme automobile depuis bient\u00f4t 30 ans. Il a fait ses classes au c\u00f4t\u00e9 de Daniel H\u00e9raud et au Carnet de route de 1992 \u00e0 2001. Il est fondateur, copropri\u00e9taire et r\u00e9dacteur en chef de L\u2019Annuel de l\u2019automobile, qu\u2019il publie depuis 2001. Il a anim\u00e9 les \u00e9missions RPM et RPM+ sur V et les L\u00e9gendes de la route sur Historia. \u00c0 la radio depuis 1986, il reprend l\u2019antenne cette ann\u00e9e sur les ondes de Cogeco et participe pour la deuxi\u00e8me ann\u00e9e \u00e0 l\u2019\u00e9mission Passion Auto sur RDS en plus de mettre en ligne le site Web officiel de L\u2019Annuel de l\u2019automobile sur annuelauto.ca.","sameAs":["https:\/\/annuelauto.ca\/"],"url":"https:\/\/news.canadamotorjobs.com\/fr\/author\/benoit-charette\/"}]}},"_links":{"self":[{"href":"https:\/\/news.canadamotorjobs.com\/fr\/wp-json\/wp\/v2\/posts\/182568"}],"collection":[{"href":"https:\/\/news.canadamotorjobs.com\/fr\/wp-json\/wp\/v2\/posts"}],"about":[{"href":"https:\/\/news.canadamotorjobs.com\/fr\/wp-json\/wp\/v2\/types\/post"}],"author":[{"embeddable":true,"href":"https:\/\/news.canadamotorjobs.com\/fr\/wp-json\/wp\/v2\/users\/8"}],"replies":[{"embeddable":true,"href":"https:\/\/news.canadamotorjobs.com\/fr\/wp-json\/wp\/v2\/comments?post=182568"}],"version-history":[{"count":2,"href":"https:\/\/news.canadamotorjobs.com\/fr\/wp-json\/wp\/v2\/posts\/182568\/revisions"}],"predecessor-version":[{"id":182572,"href":"https:\/\/news.canadamotorjobs.com\/fr\/wp-json\/wp\/v2\/posts\/182568\/revisions\/182572"}],"wp:featuredmedia":[{"embeddable":true,"href":"https:\/\/news.canadamotorjobs.com\/fr\/wp-json\/wp\/v2\/media\/182570"}],"wp:attachment":[{"href":"https:\/\/news.canadamotorjobs.com\/fr\/wp-json\/wp\/v2\/media?parent=182568"}],"wp:term":[{"taxonomy":"category","embeddable":true,"href":"https:\/\/news.canadamotorjobs.com\/fr\/wp-json\/wp\/v2\/categories?post=182568"},{"taxonomy":"post_tag","embeddable":true,"href":"https:\/\/news.canadamotorjobs.com\/fr\/wp-json\/wp\/v2\/tags?post=182568"}],"curies":[{"name":"wp","href":"https:\/\/api.w.org\/{rel}","templated":true}]}}