{"id":182530,"date":"2024-11-27T08:30:34","date_gmt":"2024-11-27T13:30:34","guid":{"rendered":"https:\/\/news.canadamotorjobs.com\/?p=182530"},"modified":"2024-11-27T08:44:48","modified_gmt":"2024-11-27T13:44:48","slug":"cadillac-annonce-la-fin-du-xt4","status":"publish","type":"post","link":"https:\/\/news.canadamotorjobs.com\/fr\/cadillac-annonce-la-fin-du-xt4\/","title":{"rendered":"Cadillac annonce la fin du XT4"},"content":{"rendered":"<\/p>\n<p>Le Cadillac XT4 tire sa r\u00e9v\u00e9rence, laissant un vide \u00e0 l\u2019entr\u00e9e de la gamme de v\u00e9hicules \u00e0 moteur \u00e0 combustion interne de la marque. Ce vide pourrait \u00eatre combl\u00e9 d\u00e8s le mois prochain par l\u2019Optiq, un VUS \u00e9lectrique plus petit, d\u00e9j\u00e0 en route vers les concessionnaires. Cadillac esp\u00e8re que l\u2019Optiq saura s\u00e9duire les propri\u00e9taires actuels du XT4, une partie d\u2019entre eux \u00e9tant d\u00e9j\u00e0 ouverte \u00e0 l\u2019id\u00e9e de passer \u00e0 un v\u00e9hicule enti\u00e8rement \u00e9lectrique (EV).<\/p>\n<h3>Une transition vers le tout \u00e9lectrique<\/h3>\n<p>\nLa d\u00e9cision de mettre fin \u00e0 la production du XT4 en janvier a surpris certains concessionnaires, surtout en raison du calendrier inattendu. Auparavant, General Motors (GM) avait annonc\u00e9 que la production du XT4 \u00e0 l\u2019usine de Fairfax, au Kansas, serait interrompue temporairement en d\u00e9but d\u2019ann\u00e9e 2025 pour r\u00e9am\u00e9nager l\u2019usine et pr\u00e9parer la production du prochain Chevrolet Bolt EV. Toutefois, cette interruption sera plus longue que pr\u00e9vu, marquant probablement la fin d\u00e9finitive du XT4 dans la gamme Cadillac.<\/p>\n<p>Cadillac a r\u00e9cemment indiqu\u00e9 que pr\u00e8s de la moiti\u00e9 des propri\u00e9taires de XT4 seraient pr\u00eats \u00e0 opter pour un v\u00e9hicule \u00e9lectrique (EV) comme leur prochain achat. Cette donn\u00e9e vient appuyer l\u2019intention de la marque de faire passer une partie de ses clients de l&#8217;XT4 vers des mod\u00e8les moyenne gamme, comme le XT5, souvent class\u00e9 second dans la liste des options de ces clients.<\/p>\n<h3>Une march\u00e9 qui change<\/h3>\n<p>\nBien que la fin du XT4 marque un tournant dans la gamme Cadillac, ce mod\u00e8le n\u2019a pas \u00e9t\u00e9 un \u00e9chec commercial. Selon Jack Weidinger, pr\u00e9sident du Cadillac National Dealer Council, l\u2019XT4 a bien rempli son r\u00f4le et a \u00e9t\u00e9 un produit solide dans son segment. Cependant, avec l\u2019\u00e9volution des besoins du march\u00e9, Cadillac met le cap sur l\u2019\u00e9lectrification, notamment avec la Lyriq, qui a m\u00eame surpass\u00e9 l&#8217;XT5 en termes de ventes aux \u00c9tats-Unis au cours des neuf premiers mois de 2024.<\/p>\n<p>Le march\u00e9 \u00e9volue, et Cadillac semble en phase avec ces changements. L\u2019Optiq, qui arrive au d\u00e9but de 2025, est un VUS 100 % \u00e9lectrique, con\u00e7u pour s\u2019imposer dans le m\u00eame cr\u00e9neau que l\u2019XT4. En revanche, certains analystes, comme Sam Fiorani d\u2019AutoForecast Solutions, estiment que la transition vers un mod\u00e8le enti\u00e8rement \u00e9lectrique pourrait repousser certains clients habitu\u00e9s aux moteurs thermiques. Il ajoute que des concurrents comme BMW ou Mercedes pourraient tirer parti de cette h\u00e9sitation.<\/p>\n<h3>Trois VUS \u00e9lectriques en 2025<\/h3>\n<p>\nEn 2025, Cadillac proposera une gamme de trois VUS \u00e9lectriques. L\u2019Optiq, qui sera lanc\u00e9 dans les mois \u00e0 venir, sera rejoint par le Vistiq \u00e0 trois rang\u00e9es de si\u00e8ges, dont le lancement est pr\u00e9vu pour d\u00e9but 2025. Ces nouveaux mod\u00e8les compl\u00e9teront la Lyriq, d\u00e9j\u00e0 disponible, et permettront \u00e0 Cadillac de cibler les principaux segments du march\u00e9 des SUV \u00e9lectriques.<\/p>\n<h3>Le futur de l\u2019XT5 et du XT6<\/h3>\n<p>\nL\u2019arr\u00eat de la production de l\u2019XT4 soul\u00e8ve la question de l\u2019avenir des autres mod\u00e8les thermiques de Cadillac, comme l\u2019XT5 et le XT6. Si ces mod\u00e8les n\u2019ont pas encore \u00e9t\u00e9 officiellement \u00e9limin\u00e9s, la marque a annonc\u00e9 qu\u2019elle viserait une gamme 100 % \u00e9lectrique d\u2019ici 2030, avec la possibilit\u00e9 d\u2019un renouvellement ou d\u2019une mise \u00e0 jour des mod\u00e8les existants en fonction de la demande du march\u00e9.<\/p>\n<h3>Conclusion<\/h3>\n<p>\nLa fin de la production de l&#8217;XT4 marque une \u00e9tape cl\u00e9 dans l&#8217;\u00e9volution de Cadillac, qui cherche \u00e0 se positionner comme un leader dans le domaine de l\u2019\u00e9lectrique. Si la transition vers l\u2019Optiq et les autres mod\u00e8les \u00e9lectriques ne se fera pas sans heurts, elle s\u2019inscrit dans une tendance plus large du march\u00e9 automobile vers une \u00e9lectrification accrue. Les concessionnaires devront s\u2019adapter aux nouvelles attentes des consommateurs et naviguer dans un environnement de plus en plus tourn\u00e9 vers l\u2019avenir.<\/p>\n<p>Avec des renseignements d&#8217;Automotive News<\/p>\n<p>Le texte <a rel=\"nofollow\" href=\"https:\/\/annuelauto.ca\/cadillac-annonce-la-fin-du-xt4\/\">Cadillac annonce la fin du XT4<\/a> provient de <a rel=\"nofollow\" href=\"https:\/\/annuelauto.ca\">L&#8217;annuel de l&#8217;automobile &#8211; Actualit\u00e9 automobile<\/a><\/p>\n<p><\/p>\n","protected":false},"excerpt":{"rendered":"<p>Le Cadillac XT4 tire sa r\u00e9v\u00e9rence, laissant un vide \u00e0 l\u2019entr\u00e9e de la gamme de v\u00e9hicules \u00e0 moteur \u00e0 combustion interne de la marque. Ce vide pourrait \u00eatre combl\u00e9 d\u00e8s le mois prochain par l\u2019Optiq, un VUS \u00e9lectrique plus petit, d\u00e9j\u00e0 en route vers les concessionnaires. Cadillac esp\u00e8re que l\u2019Optiq saura s\u00e9duire les propri\u00e9taires actuels [&hellip;]<\/p>\n","protected":false},"author":8,"featured_media":182532,"comment_status":"close","ping_status":"closed","sticky":false,"template":"","format":"standard","meta":{"_monsterinsights_skip_tracking":false,"_monsterinsights_sitenote_active":false,"_monsterinsights_sitenote_note":"","_monsterinsights_sitenote_category":0,"footnotes":""},"categories":[101],"tags":[],"yoast_head":"<!-- This site is optimized with the Yoast SEO plugin v23.2 - https:\/\/yoast.com\/wordpress\/plugins\/seo\/ -->\n<title>Cadillac annonce la fin du XT4 - CanadaMotorJobs.com<\/title>\n<meta name=\"description\" content=\"Cadillac annonce la fin du XT4 - Benoit Charette - Annuel automobile - CanadaMotorJobs.com.\" \/>\n<meta name=\"robots\" content=\"index, follow, max-snippet:-1, max-image-preview:large, max-video-preview:-1\" \/>\n<meta property=\"og:locale\" content=\"fr_CA\" \/>\n<meta property=\"og:type\" content=\"article\" \/>\n<meta property=\"og:title\" content=\"Cadillac annonce la fin du XT4 - CanadaMotorJobs.com\" \/>\n<meta property=\"og:description\" content=\"Cadillac annonce la fin du XT4 - Benoit Charette - Annuel automobile - CanadaMotorJobs.com.\" \/>\n<meta property=\"og:url\" content=\"https:\/\/news.canadamotorjobs.com\/fr\/cadillac-annonce-la-fin-du-xt4\/\" \/>\n<meta property=\"og:site_name\" content=\"CanadaMotorJobs.com\" \/>\n<meta property=\"article:publisher\" content=\"https:\/\/www.facebook.com\/canadamotorjobs\/\" \/>\n<meta property=\"article:published_time\" content=\"2024-11-27T13:30:34+00:00\" \/>\n<meta property=\"article:modified_time\" content=\"2024-11-27T13:44:48+00:00\" \/>\n<meta property=\"og:image\" content=\"https:\/\/news.canadamotorjobs.com\/wp-content\/uploads\/2024\/11\/2024-cadillac-xt4-001-1-1024x600-1.jpg\" \/>\n\t<meta property=\"og:image:width\" content=\"1024\" \/>\n\t<meta property=\"og:image:height\" content=\"600\" \/>\n\t<meta property=\"og:image:type\" content=\"image\/jpeg\" \/>\n<meta name=\"author\" content=\"Benoit Charette\" \/>\n<meta name=\"twitter:card\" content=\"summary_large_image\" \/>\n<meta name=\"twitter:creator\" content=\"@canadamotorjobs\" \/>\n<meta name=\"twitter:site\" content=\"@canadamotorjobs\" \/>\n<meta name=\"twitter:label1\" content=\"\u00c9crit par\" \/>\n\t<meta name=\"twitter:data1\" content=\"Benoit Charette\" \/>\n\t<meta name=\"twitter:label2\" content=\"Estimation du temps de lecture\" \/>\n\t<meta name=\"twitter:data2\" content=\"3 minutes\" \/>\n<!-- \/ Yoast SEO plugin. -->","yoast_head_json":{"title":"Cadillac annonce la fin du XT4 - CanadaMotorJobs.com","description":"Cadillac annonce la fin du XT4 - Benoit Charette - Annuel automobile - CanadaMotorJobs.com.","robots":{"index":"index","follow":"follow","max-snippet":"max-snippet:-1","max-image-preview":"max-image-preview:large","max-video-preview":"max-video-preview:-1"},"og_locale":"fr_CA","og_type":"article","og_title":"Cadillac annonce la fin du XT4 - CanadaMotorJobs.com","og_description":"Cadillac annonce la fin du XT4 - Benoit Charette - Annuel automobile - CanadaMotorJobs.com.","og_url":"https:\/\/news.canadamotorjobs.com\/fr\/cadillac-annonce-la-fin-du-xt4\/","og_site_name":"CanadaMotorJobs.com","article_publisher":"https:\/\/www.facebook.com\/canadamotorjobs\/","article_published_time":"2024-11-27T13:30:34+00:00","article_modified_time":"2024-11-27T13:44:48+00:00","og_image":[{"width":1024,"height":600,"url":"https:\/\/news.canadamotorjobs.com\/wp-content\/uploads\/2024\/11\/2024-cadillac-xt4-001-1-1024x600-1.jpg","type":"image\/jpeg"}],"author":"Benoit Charette","twitter_card":"summary_large_image","twitter_creator":"@canadamotorjobs","twitter_site":"@canadamotorjobs","twitter_misc":{"\u00c9crit par":"Benoit Charette","Estimation du temps de lecture":"3 minutes"},"schema":{"@context":"https:\/\/schema.org","@graph":[{"@type":"Article","@id":"https:\/\/news.canadamotorjobs.com\/fr\/cadillac-annonce-la-fin-du-xt4\/#article","isPartOf":{"@id":"https:\/\/news.canadamotorjobs.com\/fr\/cadillac-annonce-la-fin-du-xt4\/"},"author":{"name":"Benoit Charette","@id":"https:\/\/news.canadamotorjobs.com\/#\/schema\/person\/51793d1f87d44011d7bcc2ed99269a90"},"headline":"Cadillac annonce la fin du XT4","datePublished":"2024-11-27T13:30:34+00:00","dateModified":"2024-11-27T13:44:48+00:00","mainEntityOfPage":{"@id":"https:\/\/news.canadamotorjobs.com\/fr\/cadillac-annonce-la-fin-du-xt4\/"},"wordCount":690,"publisher":{"@id":"https:\/\/news.canadamotorjobs.com\/#organization"},"image":{"@id":"https:\/\/news.canadamotorjobs.com\/fr\/cadillac-annonce-la-fin-du-xt4\/#primaryimage"},"thumbnailUrl":"https:\/\/news.canadamotorjobs.com\/wp-content\/uploads\/2024\/11\/2024-cadillac-xt4-001-1-1024x600-1.jpg","articleSection":["Annuel automobile"],"inLanguage":"fr-CA"},{"@type":"WebPage","@id":"https:\/\/news.canadamotorjobs.com\/fr\/cadillac-annonce-la-fin-du-xt4\/","url":"https:\/\/news.canadamotorjobs.com\/fr\/cadillac-annonce-la-fin-du-xt4\/","name":"Cadillac annonce la fin du XT4 - CanadaMotorJobs.com","isPartOf":{"@id":"https:\/\/news.canadamotorjobs.com\/#website"},"primaryImageOfPage":{"@id":"https:\/\/news.canadamotorjobs.com\/fr\/cadillac-annonce-la-fin-du-xt4\/#primaryimage"},"image":{"@id":"https:\/\/news.canadamotorjobs.com\/fr\/cadillac-annonce-la-fin-du-xt4\/#primaryimage"},"thumbnailUrl":"https:\/\/news.canadamotorjobs.com\/wp-content\/uploads\/2024\/11\/2024-cadillac-xt4-001-1-1024x600-1.jpg","datePublished":"2024-11-27T13:30:34+00:00","dateModified":"2024-11-27T13:44:48+00:00","description":"Cadillac annonce la fin du XT4 - Benoit Charette - Annuel automobile - CanadaMotorJobs.com.","breadcrumb":{"@id":"https:\/\/news.canadamotorjobs.com\/fr\/cadillac-annonce-la-fin-du-xt4\/#breadcrumb"},"inLanguage":"fr-CA","potentialAction":[{"@type":"ReadAction","target":["https:\/\/news.canadamotorjobs.com\/fr\/cadillac-annonce-la-fin-du-xt4\/"]}]},{"@type":"ImageObject","inLanguage":"fr-CA","@id":"https:\/\/news.canadamotorjobs.com\/fr\/cadillac-annonce-la-fin-du-xt4\/#primaryimage","url":"https:\/\/news.canadamotorjobs.com\/wp-content\/uploads\/2024\/11\/2024-cadillac-xt4-001-1-1024x600-1.jpg","contentUrl":"https:\/\/news.canadamotorjobs.com\/wp-content\/uploads\/2024\/11\/2024-cadillac-xt4-001-1-1024x600-1.jpg","width":1024,"height":600},{"@type":"BreadcrumbList","@id":"https:\/\/news.canadamotorjobs.com\/fr\/cadillac-annonce-la-fin-du-xt4\/#breadcrumb","itemListElement":[{"@type":"ListItem","position":1,"name":"Home","item":"https:\/\/news.canadamotorjobs.com\/fr\/blog\/"},{"@type":"ListItem","position":2,"name":"Cadillac annonce la fin du XT4"}]},{"@type":"WebSite","@id":"https:\/\/news.canadamotorjobs.com\/#website","url":"https:\/\/news.canadamotorjobs.com\/","name":"CanadaMotorJobs.com","description":"Automotive Jobs","publisher":{"@id":"https:\/\/news.canadamotorjobs.com\/#organization"},"potentialAction":[{"@type":"SearchAction","target":{"@type":"EntryPoint","urlTemplate":"https:\/\/news.canadamotorjobs.com\/?s={search_term_string}"},"query-input":"required name=search_term_string"}],"inLanguage":"fr-CA"},{"@type":"Organization","@id":"https:\/\/news.canadamotorjobs.com\/#organization","name":"Canada Motor Jobs","url":"https:\/\/news.canadamotorjobs.com\/","logo":{"@type":"ImageObject","inLanguage":"fr-CA","@id":"https:\/\/news.canadamotorjobs.com\/#\/schema\/logo\/image\/","url":"https:\/\/news.canadamotorjobs.com\/wp-content\/uploads\/2022\/10\/logo-canada-motor-jobs-1.png","contentUrl":"https:\/\/news.canadamotorjobs.com\/wp-content\/uploads\/2022\/10\/logo-canada-motor-jobs-1.png","width":800,"height":400,"caption":"Canada Motor Jobs"},"image":{"@id":"https:\/\/news.canadamotorjobs.com\/#\/schema\/logo\/image\/"},"sameAs":["https:\/\/www.facebook.com\/canadamotorjobs\/","https:\/\/x.com\/canadamotorjobs","https:\/\/www.instagram.com\/canadamotorjobs\/","https:\/\/www.linkedin.com\/company\/canadamotorjobs"]},{"@type":"Person","@id":"https:\/\/news.canadamotorjobs.com\/#\/schema\/person\/51793d1f87d44011d7bcc2ed99269a90","name":"Benoit Charette","image":{"@type":"ImageObject","inLanguage":"fr-CA","@id":"https:\/\/news.canadamotorjobs.com\/#\/schema\/person\/image\/","url":"https:\/\/secure.gravatar.com\/avatar\/45f3d2eebcccd909668d7ce7ea7267b6?s=96&d=mm&r=g","contentUrl":"https:\/\/secure.gravatar.com\/avatar\/45f3d2eebcccd909668d7ce7ea7267b6?s=96&d=mm&r=g","caption":"Benoit Charette"},"description":"Benoit Charette \/ Propri\u00e9taire et r\u00e9dacteur en chef Benoit Charette pratique le journalisme automobile depuis bient\u00f4t 30 ans. Il a fait ses classes au c\u00f4t\u00e9 de Daniel H\u00e9raud et au Carnet de route de 1992 \u00e0 2001. Il est fondateur, copropri\u00e9taire et r\u00e9dacteur en chef de L\u2019Annuel de l\u2019automobile, qu\u2019il publie depuis 2001. Il a anim\u00e9 les \u00e9missions RPM et RPM+ sur V et les L\u00e9gendes de la route sur Historia. \u00c0 la radio depuis 1986, il reprend l\u2019antenne cette ann\u00e9e sur les ondes de Cogeco et participe pour la deuxi\u00e8me ann\u00e9e \u00e0 l\u2019\u00e9mission Passion Auto sur RDS en plus de mettre en ligne le site Web officiel de L\u2019Annuel de l\u2019automobile sur annuelauto.ca.","sameAs":["https:\/\/annuelauto.ca\/"],"url":"https:\/\/news.canadamotorjobs.com\/fr\/author\/benoit-charette\/"}]}},"_links":{"self":[{"href":"https:\/\/news.canadamotorjobs.com\/fr\/wp-json\/wp\/v2\/posts\/182530"}],"collection":[{"href":"https:\/\/news.canadamotorjobs.com\/fr\/wp-json\/wp\/v2\/posts"}],"about":[{"href":"https:\/\/news.canadamotorjobs.com\/fr\/wp-json\/wp\/v2\/types\/post"}],"author":[{"embeddable":true,"href":"https:\/\/news.canadamotorjobs.com\/fr\/wp-json\/wp\/v2\/users\/8"}],"replies":[{"embeddable":true,"href":"https:\/\/news.canadamotorjobs.com\/fr\/wp-json\/wp\/v2\/comments?post=182530"}],"version-history":[{"count":2,"href":"https:\/\/news.canadamotorjobs.com\/fr\/wp-json\/wp\/v2\/posts\/182530\/revisions"}],"predecessor-version":[{"id":182534,"href":"https:\/\/news.canadamotorjobs.com\/fr\/wp-json\/wp\/v2\/posts\/182530\/revisions\/182534"}],"wp:featuredmedia":[{"embeddable":true,"href":"https:\/\/news.canadamotorjobs.com\/fr\/wp-json\/wp\/v2\/media\/182532"}],"wp:attachment":[{"href":"https:\/\/news.canadamotorjobs.com\/fr\/wp-json\/wp\/v2\/media?parent=182530"}],"wp:term":[{"taxonomy":"category","embeddable":true,"href":"https:\/\/news.canadamotorjobs.com\/fr\/wp-json\/wp\/v2\/categories?post=182530"},{"taxonomy":"post_tag","embeddable":true,"href":"https:\/\/news.canadamotorjobs.com\/fr\/wp-json\/wp\/v2\/tags?post=182530"}],"curies":[{"name":"wp","href":"https:\/\/api.w.org\/{rel}","templated":true}]}}