{"id":182507,"date":"2024-11-27T08:00:20","date_gmt":"2024-11-27T13:00:20","guid":{"rendered":"https:\/\/news.canadamotorjobs.com\/?p=182507"},"modified":"2024-11-27T08:13:51","modified_gmt":"2024-11-27T13:13:51","slug":"acura-integra-a-spec-2025-digne-heritiere-ou-civic-deguisee","status":"publish","type":"post","link":"https:\/\/news.canadamotorjobs.com\/fr\/acura-integra-a-spec-2025-digne-heritiere-ou-civic-deguisee\/","title":{"rendered":"Acura Integra A-Spec 2025 : Digne h\u00e9riti\u00e8re ou Civic d\u00e9guis\u00e9e?"},"content":{"rendered":"<\/p>\n<p>L&#8217;Acura Integra occupe une place importante dans l&#8217;histoire automobile du Canada.\u00a0 C&#8217;est elle qui a lanc\u00e9 la marque Acura ici m\u00eame en 1986. Elle est rapidement devenue une favorite des passionn\u00e9s gr\u00e2ce \u00e0 son m\u00e9lange tr\u00e8s asiatique de performance, de commodit\u00e9 et d&#8217;abordabilit\u00e9. Et l\u00e0, elle est de retour. Ou l\u2019est-elle vraiment?<\/p>\n<p>Apr\u00e8s une longue absence, l&#8217;Integra est revenue en 2023, et le mod\u00e8le 2025 continue de b\u00e2tir sur son h\u00e9ritage. La grande nouveaut\u00e9 ces jours-ci est la variante A-Spec. Mais avec ses liens \u00e9troits avec la Honda Civic, la question demeure : l&#8217;Integra offre-t-elle suffisamment d&#8217;avantages pour justifier son prix plus \u00e9lev\u00e9?<\/p>\n<p>L&#8217;Integra et la Civic Si partagent le m\u00eame moteur quatre cylindres turbocompress\u00e9 de 1,5 litre. Il produit une puissance respectable de 200 chevaux et un couple de 192 lb-pi. \u00c0 bord de l&#8217;Integra, ce moteur est assez vif et r\u00e9actif. Il est digne d\u2019une voiture des marques Honda et Acura.<\/p>\n<p>C\u2019est surtout vrai lorsqu&#8217;il est jumel\u00e9 \u00e0 la bo\u00eete manuelle \u00e0 6 vitesses, qui offre des changements de rapports fluides, mais qui est malheureusement offerte seulement sur le mod\u00e8le le plus \u00e9quip\u00e9 de l\u2019Integra, la version Elite A-Spec. Elle co\u00fbte un peu plus de 48\u00a0000 $, au lieu des 42\u00a0500$ du mod\u00e8le de base.<\/p>\n<p>Pour les moins fortun\u00e9s, Acura propose une transmission \u00e0 variation continue (CVT) qui fait du bon boulot, mais qui enl\u00e8ve au plaisir de la conduite de cette voiture qui, on s\u2019entend, a une certaine vocation sportive \u00e0 respecter.<\/p>\n<p>La Civic Si n&#8217;est offerte qu&#8217;avec la bo\u00eete manuelle. C\u2019est un clin d&#8217;\u0153il qui ne passera pas inaper\u00e7u chez les passionn\u00e9s. Leur consommation est comparable, quelque part entre 7 et 8 litres aux 100 kilom\u00e8tres. Seule la Civic hybride fait mieux, \u00e0 quelque chose comme 5,5 litres aux 100 kilom\u00e8tres.<\/p>\n<p>La tenue de route de l&#8217;Integra est pr\u00e9cise et agile. Sa suspension sport est exclusive \u00e0 Acura. Elle est plus stable et plus confiante dans les virages que la Civic Si, bien que la Civic ne soit pas en reste en mati\u00e8re de maniabilit\u00e9. L&#8217;Integra offre \u00e9galement une conduite plus raffin\u00e9e. Elle absorbe les bosses et les imperfections de la route avec plus d&#8217;aplomb. Il y a un je-ne-sais-quoi de luxueux dans ce comportement.<\/p>\n<p>Cependant, on peut remarquer un peu plus des bruits de la route dans l&#8217;habitacle de l&#8217;Integra que dans celui de la Civic. Allez savoir.<\/p>\n<p>Le style ext\u00e9rieur de l&#8217;Integra est \u00e9l\u00e9gant et moderne, et un peu trompe-l\u2019\u0153il\u00a0: on trouve un hayon \u00e0 l\u2019arri\u00e8re, mais il est si allong\u00e9 qu\u2019on ne le devine pas. \u00c7a distingue cette Acura de la Civic.<\/p>\n<p>\u00c0 l&#8217;int\u00e9rieur, son habitacle est plus ou moins haut de gamme. Les mat\u00e9riaux sont de belle qualit\u00e9 et leur disposition est ax\u00e9e sur le conducteur. Le groupe d&#8217;instruments num\u00e9riques inclut un \u00e9cran de 10,2 pouces de s\u00e9rie. L&#8217;affichage t\u00eate haute est disponible et ajoute une touche de sophistication technologique. Mais tout \u00e7a est loin d\u2019\u00eatre aussi raffin\u00e9 que ce que proposent des mod\u00e8les rivaux, comme la Mazda3.<\/p>\n<p>Oui oui! Une Mazda peut faire mieux qu\u2019une Acura sous certains angles.<\/p>\n<p>Une Honda aussi. L&#8217;int\u00e9rieur de la Civic est \u00e9galement bien con\u00e7u, et il ressemble assez \u00e0 celui de l\u2019Integra qu\u2019il est tr\u00e8s justifiable d\u2019opter pour la Honda plut\u00f4t que l\u2019Acura et ne rien perdre au change. En termes de commodit\u00e9, les deux voitures offrent un espace spacieux et confortable pour cinq \u00abpetits\u00bb passagers, ainsi qu&#8217;un espace de chargement correct.<\/p>\n<p>Alors, l&#8217;Acura Integra 2025 vaut-elle la peine d&#8217;\u00eatre achet\u00e9e? Une Civic Si offre une performance comparable et une meilleure maniabilit\u00e9 \u00e0 un prix plus bas. L&#8217;Integra est gagnante sur le confort et sur le style.<\/p>\n<p>Le texte <a rel=\"nofollow\" href=\"https:\/\/annuelauto.ca\/acura-integra-a-spec-2025-digne-heritiere-ou-civic-deguisee\/\">Acura Integra A-Spec 2025 : Digne h\u00e9riti\u00e8re ou Civic d\u00e9guis\u00e9e?<\/a> provient de <a rel=\"nofollow\" href=\"https:\/\/annuelauto.ca\">L&#8217;annuel de l&#8217;automobile &#8211; Actualit\u00e9 automobile<\/a><\/p>\n<p><\/p>\n","protected":false},"excerpt":{"rendered":"<p>L&#8217;Acura Integra occupe une place importante dans l&#8217;histoire automobile du Canada.\u00a0 C&#8217;est elle qui a lanc\u00e9 la marque Acura ici m\u00eame en 1986. Elle est rapidement devenue une favorite des passionn\u00e9s gr\u00e2ce \u00e0 son m\u00e9lange tr\u00e8s asiatique de performance, de commodit\u00e9 et d&#8217;abordabilit\u00e9. Et l\u00e0, elle est de retour. Ou l\u2019est-elle vraiment? Apr\u00e8s une longue [&hellip;]<\/p>\n","protected":false},"author":8,"featured_media":182509,"comment_status":"close","ping_status":"closed","sticky":false,"template":"","format":"standard","meta":{"_monsterinsights_skip_tracking":false,"_monsterinsights_sitenote_active":false,"_monsterinsights_sitenote_note":"","_monsterinsights_sitenote_category":0,"footnotes":""},"categories":[101],"tags":[],"yoast_head":"<!-- This site is optimized with the Yoast SEO plugin v23.2 - https:\/\/yoast.com\/wordpress\/plugins\/seo\/ -->\n<title>Acura Integra A-Spec 2025 : Digne h\u00e9riti\u00e8re ou Civic d\u00e9guis\u00e9e? - CanadaMotorJobs.com<\/title>\n<meta name=\"description\" content=\"Acura Integra A-Spec 2025 : Digne h\u00e9riti\u00e8re ou Civic d\u00e9guis\u00e9e? - Benoit Charette - Annuel automobile - CanadaMotorJobs.com.\" \/>\n<meta name=\"robots\" content=\"index, follow, max-snippet:-1, max-image-preview:large, max-video-preview:-1\" \/>\n<meta property=\"og:locale\" content=\"fr_CA\" \/>\n<meta property=\"og:type\" content=\"article\" \/>\n<meta property=\"og:title\" content=\"Acura Integra A-Spec 2025 : Digne h\u00e9riti\u00e8re ou Civic d\u00e9guis\u00e9e? - CanadaMotorJobs.com\" \/>\n<meta property=\"og:description\" content=\"Acura Integra A-Spec 2025 : Digne h\u00e9riti\u00e8re ou Civic d\u00e9guis\u00e9e? - Benoit Charette - Annuel automobile - CanadaMotorJobs.com.\" \/>\n<meta property=\"og:url\" content=\"https:\/\/news.canadamotorjobs.com\/fr\/acura-integra-a-spec-2025-digne-heritiere-ou-civic-deguisee\/\" \/>\n<meta property=\"og:site_name\" content=\"CanadaMotorJobs.com\" \/>\n<meta property=\"article:publisher\" content=\"https:\/\/www.facebook.com\/canadamotorjobs\/\" \/>\n<meta property=\"article:published_time\" content=\"2024-11-27T13:00:20+00:00\" \/>\n<meta property=\"article:modified_time\" content=\"2024-11-27T13:13:51+00:00\" \/>\n<meta property=\"og:image\" content=\"https:\/\/news.canadamotorjobs.com\/wp-content\/uploads\/2024\/11\/01-2023-Acura-Integra-A-Spec.jpg\" \/>\n\t<meta property=\"og:image:width\" content=\"1200\" \/>\n\t<meta property=\"og:image:height\" content=\"800\" \/>\n\t<meta property=\"og:image:type\" content=\"image\/jpeg\" \/>\n<meta name=\"author\" content=\"Benoit Charette\" \/>\n<meta name=\"twitter:card\" content=\"summary_large_image\" \/>\n<meta name=\"twitter:creator\" content=\"@canadamotorjobs\" \/>\n<meta name=\"twitter:site\" content=\"@canadamotorjobs\" \/>\n<meta name=\"twitter:label1\" content=\"\u00c9crit par\" \/>\n\t<meta name=\"twitter:data1\" content=\"Benoit Charette\" \/>\n\t<meta name=\"twitter:label2\" content=\"Estimation du temps de lecture\" \/>\n\t<meta name=\"twitter:data2\" content=\"3 minutes\" \/>\n<!-- \/ Yoast SEO plugin. -->","yoast_head_json":{"title":"Acura Integra A-Spec 2025 : Digne h\u00e9riti\u00e8re ou Civic d\u00e9guis\u00e9e? - CanadaMotorJobs.com","description":"Acura Integra A-Spec 2025 : Digne h\u00e9riti\u00e8re ou Civic d\u00e9guis\u00e9e? - Benoit Charette - Annuel automobile - CanadaMotorJobs.com.","robots":{"index":"index","follow":"follow","max-snippet":"max-snippet:-1","max-image-preview":"max-image-preview:large","max-video-preview":"max-video-preview:-1"},"og_locale":"fr_CA","og_type":"article","og_title":"Acura Integra A-Spec 2025 : Digne h\u00e9riti\u00e8re ou Civic d\u00e9guis\u00e9e? - CanadaMotorJobs.com","og_description":"Acura Integra A-Spec 2025 : Digne h\u00e9riti\u00e8re ou Civic d\u00e9guis\u00e9e? - Benoit Charette - Annuel automobile - CanadaMotorJobs.com.","og_url":"https:\/\/news.canadamotorjobs.com\/fr\/acura-integra-a-spec-2025-digne-heritiere-ou-civic-deguisee\/","og_site_name":"CanadaMotorJobs.com","article_publisher":"https:\/\/www.facebook.com\/canadamotorjobs\/","article_published_time":"2024-11-27T13:00:20+00:00","article_modified_time":"2024-11-27T13:13:51+00:00","og_image":[{"width":1200,"height":800,"url":"https:\/\/news.canadamotorjobs.com\/wp-content\/uploads\/2024\/11\/01-2023-Acura-Integra-A-Spec.jpg","type":"image\/jpeg"}],"author":"Benoit Charette","twitter_card":"summary_large_image","twitter_creator":"@canadamotorjobs","twitter_site":"@canadamotorjobs","twitter_misc":{"\u00c9crit par":"Benoit Charette","Estimation du temps de lecture":"3 minutes"},"schema":{"@context":"https:\/\/schema.org","@graph":[{"@type":"Article","@id":"https:\/\/news.canadamotorjobs.com\/fr\/acura-integra-a-spec-2025-digne-heritiere-ou-civic-deguisee\/#article","isPartOf":{"@id":"https:\/\/news.canadamotorjobs.com\/fr\/acura-integra-a-spec-2025-digne-heritiere-ou-civic-deguisee\/"},"author":{"name":"Benoit Charette","@id":"https:\/\/news.canadamotorjobs.com\/#\/schema\/person\/51793d1f87d44011d7bcc2ed99269a90"},"headline":"Acura Integra A-Spec 2025 : Digne h\u00e9riti\u00e8re ou Civic d\u00e9guis\u00e9e?","datePublished":"2024-11-27T13:00:20+00:00","dateModified":"2024-11-27T13:13:51+00:00","mainEntityOfPage":{"@id":"https:\/\/news.canadamotorjobs.com\/fr\/acura-integra-a-spec-2025-digne-heritiere-ou-civic-deguisee\/"},"wordCount":690,"publisher":{"@id":"https:\/\/news.canadamotorjobs.com\/#organization"},"image":{"@id":"https:\/\/news.canadamotorjobs.com\/fr\/acura-integra-a-spec-2025-digne-heritiere-ou-civic-deguisee\/#primaryimage"},"thumbnailUrl":"https:\/\/news.canadamotorjobs.com\/wp-content\/uploads\/2024\/11\/01-2023-Acura-Integra-A-Spec.jpg","articleSection":["Annuel automobile"],"inLanguage":"fr-CA"},{"@type":"WebPage","@id":"https:\/\/news.canadamotorjobs.com\/fr\/acura-integra-a-spec-2025-digne-heritiere-ou-civic-deguisee\/","url":"https:\/\/news.canadamotorjobs.com\/fr\/acura-integra-a-spec-2025-digne-heritiere-ou-civic-deguisee\/","name":"Acura Integra A-Spec 2025 : Digne h\u00e9riti\u00e8re ou Civic d\u00e9guis\u00e9e? - CanadaMotorJobs.com","isPartOf":{"@id":"https:\/\/news.canadamotorjobs.com\/#website"},"primaryImageOfPage":{"@id":"https:\/\/news.canadamotorjobs.com\/fr\/acura-integra-a-spec-2025-digne-heritiere-ou-civic-deguisee\/#primaryimage"},"image":{"@id":"https:\/\/news.canadamotorjobs.com\/fr\/acura-integra-a-spec-2025-digne-heritiere-ou-civic-deguisee\/#primaryimage"},"thumbnailUrl":"https:\/\/news.canadamotorjobs.com\/wp-content\/uploads\/2024\/11\/01-2023-Acura-Integra-A-Spec.jpg","datePublished":"2024-11-27T13:00:20+00:00","dateModified":"2024-11-27T13:13:51+00:00","description":"Acura Integra A-Spec 2025 : Digne h\u00e9riti\u00e8re ou Civic d\u00e9guis\u00e9e? - Benoit Charette - Annuel automobile - CanadaMotorJobs.com.","breadcrumb":{"@id":"https:\/\/news.canadamotorjobs.com\/fr\/acura-integra-a-spec-2025-digne-heritiere-ou-civic-deguisee\/#breadcrumb"},"inLanguage":"fr-CA","potentialAction":[{"@type":"ReadAction","target":["https:\/\/news.canadamotorjobs.com\/fr\/acura-integra-a-spec-2025-digne-heritiere-ou-civic-deguisee\/"]}]},{"@type":"ImageObject","inLanguage":"fr-CA","@id":"https:\/\/news.canadamotorjobs.com\/fr\/acura-integra-a-spec-2025-digne-heritiere-ou-civic-deguisee\/#primaryimage","url":"https:\/\/news.canadamotorjobs.com\/wp-content\/uploads\/2024\/11\/01-2023-Acura-Integra-A-Spec.jpg","contentUrl":"https:\/\/news.canadamotorjobs.com\/wp-content\/uploads\/2024\/11\/01-2023-Acura-Integra-A-Spec.jpg","width":1200,"height":800},{"@type":"BreadcrumbList","@id":"https:\/\/news.canadamotorjobs.com\/fr\/acura-integra-a-spec-2025-digne-heritiere-ou-civic-deguisee\/#breadcrumb","itemListElement":[{"@type":"ListItem","position":1,"name":"Home","item":"https:\/\/news.canadamotorjobs.com\/fr\/blog\/"},{"@type":"ListItem","position":2,"name":"Acura Integra A-Spec 2025 : Digne h\u00e9riti\u00e8re ou Civic d\u00e9guis\u00e9e?"}]},{"@type":"WebSite","@id":"https:\/\/news.canadamotorjobs.com\/#website","url":"https:\/\/news.canadamotorjobs.com\/","name":"CanadaMotorJobs.com","description":"Automotive Jobs","publisher":{"@id":"https:\/\/news.canadamotorjobs.com\/#organization"},"potentialAction":[{"@type":"SearchAction","target":{"@type":"EntryPoint","urlTemplate":"https:\/\/news.canadamotorjobs.com\/?s={search_term_string}"},"query-input":"required name=search_term_string"}],"inLanguage":"fr-CA"},{"@type":"Organization","@id":"https:\/\/news.canadamotorjobs.com\/#organization","name":"Canada Motor Jobs","url":"https:\/\/news.canadamotorjobs.com\/","logo":{"@type":"ImageObject","inLanguage":"fr-CA","@id":"https:\/\/news.canadamotorjobs.com\/#\/schema\/logo\/image\/","url":"https:\/\/news.canadamotorjobs.com\/wp-content\/uploads\/2022\/10\/logo-canada-motor-jobs-1.png","contentUrl":"https:\/\/news.canadamotorjobs.com\/wp-content\/uploads\/2022\/10\/logo-canada-motor-jobs-1.png","width":800,"height":400,"caption":"Canada Motor Jobs"},"image":{"@id":"https:\/\/news.canadamotorjobs.com\/#\/schema\/logo\/image\/"},"sameAs":["https:\/\/www.facebook.com\/canadamotorjobs\/","https:\/\/x.com\/canadamotorjobs","https:\/\/www.instagram.com\/canadamotorjobs\/","https:\/\/www.linkedin.com\/company\/canadamotorjobs"]},{"@type":"Person","@id":"https:\/\/news.canadamotorjobs.com\/#\/schema\/person\/51793d1f87d44011d7bcc2ed99269a90","name":"Benoit Charette","image":{"@type":"ImageObject","inLanguage":"fr-CA","@id":"https:\/\/news.canadamotorjobs.com\/#\/schema\/person\/image\/","url":"https:\/\/secure.gravatar.com\/avatar\/45f3d2eebcccd909668d7ce7ea7267b6?s=96&d=mm&r=g","contentUrl":"https:\/\/secure.gravatar.com\/avatar\/45f3d2eebcccd909668d7ce7ea7267b6?s=96&d=mm&r=g","caption":"Benoit Charette"},"description":"Benoit Charette \/ Propri\u00e9taire et r\u00e9dacteur en chef Benoit Charette pratique le journalisme automobile depuis bient\u00f4t 30 ans. Il a fait ses classes au c\u00f4t\u00e9 de Daniel H\u00e9raud et au Carnet de route de 1992 \u00e0 2001. Il est fondateur, copropri\u00e9taire et r\u00e9dacteur en chef de L\u2019Annuel de l\u2019automobile, qu\u2019il publie depuis 2001. Il a anim\u00e9 les \u00e9missions RPM et RPM+ sur V et les L\u00e9gendes de la route sur Historia. \u00c0 la radio depuis 1986, il reprend l\u2019antenne cette ann\u00e9e sur les ondes de Cogeco et participe pour la deuxi\u00e8me ann\u00e9e \u00e0 l\u2019\u00e9mission Passion Auto sur RDS en plus de mettre en ligne le site Web officiel de L\u2019Annuel de l\u2019automobile sur annuelauto.ca.","sameAs":["https:\/\/annuelauto.ca\/"],"url":"https:\/\/news.canadamotorjobs.com\/fr\/author\/benoit-charette\/"}]}},"_links":{"self":[{"href":"https:\/\/news.canadamotorjobs.com\/fr\/wp-json\/wp\/v2\/posts\/182507"}],"collection":[{"href":"https:\/\/news.canadamotorjobs.com\/fr\/wp-json\/wp\/v2\/posts"}],"about":[{"href":"https:\/\/news.canadamotorjobs.com\/fr\/wp-json\/wp\/v2\/types\/post"}],"author":[{"embeddable":true,"href":"https:\/\/news.canadamotorjobs.com\/fr\/wp-json\/wp\/v2\/users\/8"}],"replies":[{"embeddable":true,"href":"https:\/\/news.canadamotorjobs.com\/fr\/wp-json\/wp\/v2\/comments?post=182507"}],"version-history":[{"count":2,"href":"https:\/\/news.canadamotorjobs.com\/fr\/wp-json\/wp\/v2\/posts\/182507\/revisions"}],"predecessor-version":[{"id":182511,"href":"https:\/\/news.canadamotorjobs.com\/fr\/wp-json\/wp\/v2\/posts\/182507\/revisions\/182511"}],"wp:featuredmedia":[{"embeddable":true,"href":"https:\/\/news.canadamotorjobs.com\/fr\/wp-json\/wp\/v2\/media\/182509"}],"wp:attachment":[{"href":"https:\/\/news.canadamotorjobs.com\/fr\/wp-json\/wp\/v2\/media?parent=182507"}],"wp:term":[{"taxonomy":"category","embeddable":true,"href":"https:\/\/news.canadamotorjobs.com\/fr\/wp-json\/wp\/v2\/categories?post=182507"},{"taxonomy":"post_tag","embeddable":true,"href":"https:\/\/news.canadamotorjobs.com\/fr\/wp-json\/wp\/v2\/tags?post=182507"}],"curies":[{"name":"wp","href":"https:\/\/api.w.org\/{rel}","templated":true}]}}