{"id":182461,"date":"2024-11-27T06:59:17","date_gmt":"2024-11-27T11:59:17","guid":{"rendered":"https:\/\/news.canadamotorjobs.com\/?p=182461"},"modified":"2024-11-27T07:14:45","modified_gmt":"2024-11-27T12:14:45","slug":"la-chine-en-2025-est-la-coree-des-annees-1980","status":"publish","type":"post","link":"https:\/\/news.canadamotorjobs.com\/fr\/la-chine-en-2025-est-la-coree-des-annees-1980\/","title":{"rendered":"La Chine en 2025 est la Cor\u00e9e des ann\u00e9es 1980"},"content":{"rendered":"<\/p>\n<p>Ce sont des experts qui le disent\u00a0: aujourd\u2019hui, les constructeurs chinois incarnent une force montante et perturbatrice dans le secteur automobile au m\u00eame titre que les constructeurs cor\u00e9ens dans les ann\u00e9es 1980 et les japonais dans les ann\u00e9es 1970.<\/p>\n<p>C\u2019est ce que disaient et r\u00e9p\u00e9taient des experts du secteur automobile r\u00e9unis au Michigan \u00e0 la fin novembre pour discuter du futur de l\u2019industrie. Le nom de la conf\u00e9rence? Automotive Futures. \u00c7a dit tout.<\/p>\n<p>\u00c9videmment, beaucoup de choses peuvent changer en peu de temps dans le monde, surtout avec l\u2019arriv\u00e9e \u00e0 la t\u00eate des \u00c9tats-Unis de Donald Trump, \u00e0 la fin janvier prochaine. Mais de fa\u00e7on globale, \u00e7a ne devrait pas freiner un mouvement mondial d\u00e9j\u00e0 bien amorc\u00e9\u00a0: celui de l\u2019entr\u00e9e parmi les grands constructeurs internationaux des premi\u00e8res grandes marques chinoises\u00a0: BYD, NIO, Geely et d\u2019autres encore.<\/p>\n<p>Elle n\u2019est pas encore arriv\u00e9e en Am\u00e9rique du Nord, mais cette transformation a d\u2019abord commenc\u00e9 en Chine, justement. Jusqu\u2019\u00e0 la fin des ann\u00e9es 2000, le march\u00e9 domestique chinois \u00e9tait compos\u00e9 \u00e0 plus des deux tiers par des marques de voitures \u00e9trang\u00e8res. Aujourd\u2019hui, un peu plus d\u2019une voiture sur deux vendue en Chine est de marque chinoise.<\/p>\n<p>\u00c0 l\u2019\u00e9chelle mondiale, les marques chinoises devraient compter pour le tiers de tous les v\u00e9hicules vendus chaque ann\u00e9e quelque part autour de 2030, soit d\u2019ici cinq ans.<\/p>\n<p>Ce que les analystes pr\u00e9sents \u00e0 la conf\u00e9rence Automotive Futures ont indiqu\u00e9, entre autres choses, c\u2019est que les v\u00e9hicules chinois vendus \u00e0 l\u2019international sont pour la plupart \u00e9lectriques, d\u2019abord, et que leur technologie est plus jeune \u00abd\u2019environ 1,6 ann\u00e9e\u00a0\u00bb sur celle de leurs concurrents. Autrement dit, la menace p\u00e8se surtout sur les marques non-chinoises d\u2019acc\u00e9l\u00e9rer leur progr\u00e8s technologique.<\/p>\n<p>D\u2019ailleurs, les marques chinoises ont acc\u00e8s \u00e0 des composants \u00e9lectriques qui leur permettent de vendre leurs v\u00e9hicules de 35 \u00e0 55 % moins cher. \u00c7a, on le savait d\u00e9j\u00e0. Ce qu\u2019on sait moins, c\u2019est \u00e0 quel point les analystes semblent convaincus que les marques chinoises pourront surmonter l\u2019adversit\u00e9, comme leur approvisionnement aupr\u00e8s de fournisseurs aux pratiques plus que discutables et leur proximit\u00e9 avec le gouvernement chinois.<\/p>\n<p>Si \u00e7a s\u2019av\u00e8re, \u00e7a risque de compliquer la t\u00e2che des gouvernements qui esp\u00e8rent ralentir l\u2019arriv\u00e9e des marques chinoises sur leur territoire\u2026<\/p>\n<p>\u00a0<\/p>\n<p>Le texte <a rel=\"nofollow\" href=\"https:\/\/annuelauto.ca\/la-chine-en-2025-est-la-coree-des-annees-1980\/\">La Chine en 2025 est la Cor\u00e9e des ann\u00e9es 1980<\/a> provient de <a rel=\"nofollow\" href=\"https:\/\/annuelauto.ca\">L&#8217;annuel de l&#8217;automobile &#8211; Actualit\u00e9 automobile<\/a><\/p>\n<p><\/p>\n","protected":false},"excerpt":{"rendered":"<p>Ce sont des experts qui le disent\u00a0: aujourd\u2019hui, les constructeurs chinois incarnent une force montante et perturbatrice dans le secteur automobile au m\u00eame titre que les constructeurs cor\u00e9ens dans les ann\u00e9es 1980 et les japonais dans les ann\u00e9es 1970. C\u2019est ce que disaient et r\u00e9p\u00e9taient des experts du secteur automobile r\u00e9unis au Michigan \u00e0 la [&hellip;]<\/p>\n","protected":false},"author":8,"featured_media":182463,"comment_status":"close","ping_status":"closed","sticky":false,"template":"","format":"standard","meta":{"_monsterinsights_skip_tracking":false,"_monsterinsights_sitenote_active":false,"_monsterinsights_sitenote_note":"","_monsterinsights_sitenote_category":0,"footnotes":""},"categories":[101],"tags":[],"yoast_head":"<!-- This site is optimized with the Yoast SEO plugin v23.2 - https:\/\/yoast.com\/wordpress\/plugins\/seo\/ -->\n<title>La Chine en 2025 est la Cor\u00e9e des ann\u00e9es 1980 - CanadaMotorJobs.com<\/title>\n<meta name=\"description\" content=\"La Chine en 2025 est la Cor\u00e9e des ann\u00e9es 1980 - Benoit Charette - Annuel automobile - CanadaMotorJobs.com.\" \/>\n<meta name=\"robots\" content=\"index, follow, max-snippet:-1, max-image-preview:large, max-video-preview:-1\" \/>\n<meta property=\"og:locale\" content=\"fr_CA\" \/>\n<meta property=\"og:type\" content=\"article\" \/>\n<meta property=\"og:title\" content=\"La Chine en 2025 est la Cor\u00e9e des ann\u00e9es 1980 - CanadaMotorJobs.com\" \/>\n<meta property=\"og:description\" content=\"La Chine en 2025 est la Cor\u00e9e des ann\u00e9es 1980 - Benoit Charette - Annuel automobile - CanadaMotorJobs.com.\" \/>\n<meta property=\"og:url\" content=\"https:\/\/news.canadamotorjobs.com\/fr\/la-chine-en-2025-est-la-coree-des-annees-1980\/\" \/>\n<meta property=\"og:site_name\" content=\"CanadaMotorJobs.com\" \/>\n<meta property=\"article:publisher\" content=\"https:\/\/www.facebook.com\/canadamotorjobs\/\" \/>\n<meta property=\"article:published_time\" content=\"2024-11-27T11:59:17+00:00\" \/>\n<meta property=\"article:modified_time\" content=\"2024-11-27T12:14:45+00:00\" \/>\n<meta property=\"og:image\" content=\"https:\/\/news.canadamotorjobs.com\/wp-content\/uploads\/2024\/11\/BYD_Company_Ltd._-_Logo.svg_.png\" \/>\n\t<meta property=\"og:image:width\" content=\"2560\" \/>\n\t<meta property=\"og:image:height\" content=\"1549\" \/>\n\t<meta property=\"og:image:type\" content=\"image\/png\" \/>\n<meta name=\"author\" content=\"Benoit Charette\" \/>\n<meta name=\"twitter:card\" content=\"summary_large_image\" \/>\n<meta name=\"twitter:creator\" content=\"@canadamotorjobs\" \/>\n<meta name=\"twitter:site\" content=\"@canadamotorjobs\" \/>\n<meta name=\"twitter:label1\" content=\"\u00c9crit par\" \/>\n\t<meta name=\"twitter:data1\" content=\"Benoit Charette\" \/>\n\t<meta name=\"twitter:label2\" content=\"Estimation du temps de lecture\" \/>\n\t<meta name=\"twitter:data2\" content=\"2 minutes\" \/>\n<!-- \/ Yoast SEO plugin. -->","yoast_head_json":{"title":"La Chine en 2025 est la Cor\u00e9e des ann\u00e9es 1980 - CanadaMotorJobs.com","description":"La Chine en 2025 est la Cor\u00e9e des ann\u00e9es 1980 - Benoit Charette - Annuel automobile - CanadaMotorJobs.com.","robots":{"index":"index","follow":"follow","max-snippet":"max-snippet:-1","max-image-preview":"max-image-preview:large","max-video-preview":"max-video-preview:-1"},"og_locale":"fr_CA","og_type":"article","og_title":"La Chine en 2025 est la Cor\u00e9e des ann\u00e9es 1980 - CanadaMotorJobs.com","og_description":"La Chine en 2025 est la Cor\u00e9e des ann\u00e9es 1980 - Benoit Charette - Annuel automobile - CanadaMotorJobs.com.","og_url":"https:\/\/news.canadamotorjobs.com\/fr\/la-chine-en-2025-est-la-coree-des-annees-1980\/","og_site_name":"CanadaMotorJobs.com","article_publisher":"https:\/\/www.facebook.com\/canadamotorjobs\/","article_published_time":"2024-11-27T11:59:17+00:00","article_modified_time":"2024-11-27T12:14:45+00:00","og_image":[{"width":2560,"height":1549,"url":"https:\/\/news.canadamotorjobs.com\/wp-content\/uploads\/2024\/11\/BYD_Company_Ltd._-_Logo.svg_.png","type":"image\/png"}],"author":"Benoit Charette","twitter_card":"summary_large_image","twitter_creator":"@canadamotorjobs","twitter_site":"@canadamotorjobs","twitter_misc":{"\u00c9crit par":"Benoit Charette","Estimation du temps de lecture":"2 minutes"},"schema":{"@context":"https:\/\/schema.org","@graph":[{"@type":"Article","@id":"https:\/\/news.canadamotorjobs.com\/fr\/la-chine-en-2025-est-la-coree-des-annees-1980\/#article","isPartOf":{"@id":"https:\/\/news.canadamotorjobs.com\/fr\/la-chine-en-2025-est-la-coree-des-annees-1980\/"},"author":{"name":"Benoit Charette","@id":"https:\/\/news.canadamotorjobs.com\/#\/schema\/person\/51793d1f87d44011d7bcc2ed99269a90"},"headline":"La Chine en 2025 est la Cor\u00e9e des ann\u00e9es 1980","datePublished":"2024-11-27T11:59:17+00:00","dateModified":"2024-11-27T12:14:45+00:00","mainEntityOfPage":{"@id":"https:\/\/news.canadamotorjobs.com\/fr\/la-chine-en-2025-est-la-coree-des-annees-1980\/"},"wordCount":437,"publisher":{"@id":"https:\/\/news.canadamotorjobs.com\/#organization"},"image":{"@id":"https:\/\/news.canadamotorjobs.com\/fr\/la-chine-en-2025-est-la-coree-des-annees-1980\/#primaryimage"},"thumbnailUrl":"https:\/\/news.canadamotorjobs.com\/wp-content\/uploads\/2024\/11\/BYD_Company_Ltd._-_Logo.svg_.png","articleSection":["Annuel automobile"],"inLanguage":"fr-CA"},{"@type":"WebPage","@id":"https:\/\/news.canadamotorjobs.com\/fr\/la-chine-en-2025-est-la-coree-des-annees-1980\/","url":"https:\/\/news.canadamotorjobs.com\/fr\/la-chine-en-2025-est-la-coree-des-annees-1980\/","name":"La Chine en 2025 est la Cor\u00e9e des ann\u00e9es 1980 - CanadaMotorJobs.com","isPartOf":{"@id":"https:\/\/news.canadamotorjobs.com\/#website"},"primaryImageOfPage":{"@id":"https:\/\/news.canadamotorjobs.com\/fr\/la-chine-en-2025-est-la-coree-des-annees-1980\/#primaryimage"},"image":{"@id":"https:\/\/news.canadamotorjobs.com\/fr\/la-chine-en-2025-est-la-coree-des-annees-1980\/#primaryimage"},"thumbnailUrl":"https:\/\/news.canadamotorjobs.com\/wp-content\/uploads\/2024\/11\/BYD_Company_Ltd._-_Logo.svg_.png","datePublished":"2024-11-27T11:59:17+00:00","dateModified":"2024-11-27T12:14:45+00:00","description":"La Chine en 2025 est la Cor\u00e9e des ann\u00e9es 1980 - Benoit Charette - Annuel automobile - CanadaMotorJobs.com.","breadcrumb":{"@id":"https:\/\/news.canadamotorjobs.com\/fr\/la-chine-en-2025-est-la-coree-des-annees-1980\/#breadcrumb"},"inLanguage":"fr-CA","potentialAction":[{"@type":"ReadAction","target":["https:\/\/news.canadamotorjobs.com\/fr\/la-chine-en-2025-est-la-coree-des-annees-1980\/"]}]},{"@type":"ImageObject","inLanguage":"fr-CA","@id":"https:\/\/news.canadamotorjobs.com\/fr\/la-chine-en-2025-est-la-coree-des-annees-1980\/#primaryimage","url":"https:\/\/news.canadamotorjobs.com\/wp-content\/uploads\/2024\/11\/BYD_Company_Ltd._-_Logo.svg_.png","contentUrl":"https:\/\/news.canadamotorjobs.com\/wp-content\/uploads\/2024\/11\/BYD_Company_Ltd._-_Logo.svg_.png","width":2560,"height":1549},{"@type":"BreadcrumbList","@id":"https:\/\/news.canadamotorjobs.com\/fr\/la-chine-en-2025-est-la-coree-des-annees-1980\/#breadcrumb","itemListElement":[{"@type":"ListItem","position":1,"name":"Home","item":"https:\/\/news.canadamotorjobs.com\/fr\/blog\/"},{"@type":"ListItem","position":2,"name":"La Chine en 2025 est la Cor\u00e9e des ann\u00e9es 1980"}]},{"@type":"WebSite","@id":"https:\/\/news.canadamotorjobs.com\/#website","url":"https:\/\/news.canadamotorjobs.com\/","name":"CanadaMotorJobs.com","description":"Automotive Jobs","publisher":{"@id":"https:\/\/news.canadamotorjobs.com\/#organization"},"potentialAction":[{"@type":"SearchAction","target":{"@type":"EntryPoint","urlTemplate":"https:\/\/news.canadamotorjobs.com\/?s={search_term_string}"},"query-input":"required name=search_term_string"}],"inLanguage":"fr-CA"},{"@type":"Organization","@id":"https:\/\/news.canadamotorjobs.com\/#organization","name":"Canada Motor Jobs","url":"https:\/\/news.canadamotorjobs.com\/","logo":{"@type":"ImageObject","inLanguage":"fr-CA","@id":"https:\/\/news.canadamotorjobs.com\/#\/schema\/logo\/image\/","url":"https:\/\/news.canadamotorjobs.com\/wp-content\/uploads\/2022\/10\/logo-canada-motor-jobs-1.png","contentUrl":"https:\/\/news.canadamotorjobs.com\/wp-content\/uploads\/2022\/10\/logo-canada-motor-jobs-1.png","width":800,"height":400,"caption":"Canada Motor Jobs"},"image":{"@id":"https:\/\/news.canadamotorjobs.com\/#\/schema\/logo\/image\/"},"sameAs":["https:\/\/www.facebook.com\/canadamotorjobs\/","https:\/\/x.com\/canadamotorjobs","https:\/\/www.instagram.com\/canadamotorjobs\/","https:\/\/www.linkedin.com\/company\/canadamotorjobs"]},{"@type":"Person","@id":"https:\/\/news.canadamotorjobs.com\/#\/schema\/person\/51793d1f87d44011d7bcc2ed99269a90","name":"Benoit Charette","image":{"@type":"ImageObject","inLanguage":"fr-CA","@id":"https:\/\/news.canadamotorjobs.com\/#\/schema\/person\/image\/","url":"https:\/\/secure.gravatar.com\/avatar\/45f3d2eebcccd909668d7ce7ea7267b6?s=96&d=mm&r=g","contentUrl":"https:\/\/secure.gravatar.com\/avatar\/45f3d2eebcccd909668d7ce7ea7267b6?s=96&d=mm&r=g","caption":"Benoit Charette"},"description":"Benoit Charette \/ Propri\u00e9taire et r\u00e9dacteur en chef Benoit Charette pratique le journalisme automobile depuis bient\u00f4t 30 ans. Il a fait ses classes au c\u00f4t\u00e9 de Daniel H\u00e9raud et au Carnet de route de 1992 \u00e0 2001. Il est fondateur, copropri\u00e9taire et r\u00e9dacteur en chef de L\u2019Annuel de l\u2019automobile, qu\u2019il publie depuis 2001. Il a anim\u00e9 les \u00e9missions RPM et RPM+ sur V et les L\u00e9gendes de la route sur Historia. \u00c0 la radio depuis 1986, il reprend l\u2019antenne cette ann\u00e9e sur les ondes de Cogeco et participe pour la deuxi\u00e8me ann\u00e9e \u00e0 l\u2019\u00e9mission Passion Auto sur RDS en plus de mettre en ligne le site Web officiel de L\u2019Annuel de l\u2019automobile sur annuelauto.ca.","sameAs":["https:\/\/annuelauto.ca\/"],"url":"https:\/\/news.canadamotorjobs.com\/fr\/author\/benoit-charette\/"}]}},"_links":{"self":[{"href":"https:\/\/news.canadamotorjobs.com\/fr\/wp-json\/wp\/v2\/posts\/182461"}],"collection":[{"href":"https:\/\/news.canadamotorjobs.com\/fr\/wp-json\/wp\/v2\/posts"}],"about":[{"href":"https:\/\/news.canadamotorjobs.com\/fr\/wp-json\/wp\/v2\/types\/post"}],"author":[{"embeddable":true,"href":"https:\/\/news.canadamotorjobs.com\/fr\/wp-json\/wp\/v2\/users\/8"}],"replies":[{"embeddable":true,"href":"https:\/\/news.canadamotorjobs.com\/fr\/wp-json\/wp\/v2\/comments?post=182461"}],"version-history":[{"count":2,"href":"https:\/\/news.canadamotorjobs.com\/fr\/wp-json\/wp\/v2\/posts\/182461\/revisions"}],"predecessor-version":[{"id":182465,"href":"https:\/\/news.canadamotorjobs.com\/fr\/wp-json\/wp\/v2\/posts\/182461\/revisions\/182465"}],"wp:featuredmedia":[{"embeddable":true,"href":"https:\/\/news.canadamotorjobs.com\/fr\/wp-json\/wp\/v2\/media\/182463"}],"wp:attachment":[{"href":"https:\/\/news.canadamotorjobs.com\/fr\/wp-json\/wp\/v2\/media?parent=182461"}],"wp:term":[{"taxonomy":"category","embeddable":true,"href":"https:\/\/news.canadamotorjobs.com\/fr\/wp-json\/wp\/v2\/categories?post=182461"},{"taxonomy":"post_tag","embeddable":true,"href":"https:\/\/news.canadamotorjobs.com\/fr\/wp-json\/wp\/v2\/tags?post=182461"}],"curies":[{"name":"wp","href":"https:\/\/api.w.org\/{rel}","templated":true}]}}