{"id":182411,"date":"2024-11-26T15:13:35","date_gmt":"2024-11-26T20:13:35","guid":{"rendered":"https:\/\/news.canadamotorjobs.com\/?p=182411"},"modified":"2024-11-26T15:13:54","modified_gmt":"2024-11-26T20:13:54","slug":"lucid-motors-et-le-retout-dautres-constructeurs-au-salon-de-lauto-de-montreal-2025","status":"publish","type":"post","link":"https:\/\/news.canadamotorjobs.com\/fr\/lucid-motors-et-le-retout-dautres-constructeurs-au-salon-de-lauto-de-montreal-2025\/","title":{"rendered":"Lucid Motors et le retout d\u2019autres constructeurs au Salon de l\u2019auto de Montr\u00e9al 2025"},"content":{"rendered":"<\/p>\n<p>La Lucid Air fera une premi\u00e8re apparition officielle au Salon de l\u2019Auto de Montr\u00e9al en janvier prochain. C\u2019est une des quelques grandes nouveaut\u00e9s qui sont au programme, ont annonc\u00e9 les organisateurs de l\u2019\u00e9v\u00e9nement plus t\u00f4t en novembre.<\/p>\n<p>Outre Lucid, qui pourra exhiber diff\u00e9rentes versions de sa berline \u00e9lectrique de luxe, la Air, et peut-\u00eatre un prototype du Gravity, un VUS qui devrait bient\u00f4t s\u2019ajouter \u00e0 son catalogue, on verra aussi pour la premi\u00e8re fois au salon la marque su\u00e9doise Polestar. On connait mieux cette marque-l\u00e0, vu la pr\u00e9sence en tr\u00e8s grand nombre sur nos routes d\u00e9j\u00e0 de la Polestar 2, mais la marque-s\u0153ur de Volvo a besoin de mousser l\u2019int\u00e9r\u00eat du public envers les Polestar 3 et Polestar 4 qui seront mis en vente chez nous en 2025.<\/p>\n<p>L\u2019\u00e9dition 2025 du Salon de l\u2019auto de Montr\u00e9al marque aussi le retour d\u2019autres marques plus populaires, mais qui avaient r\u00e9duit leur pr\u00e9sence dans les \u00e9v\u00e9nements de ce genre un peu partout en Am\u00e9rique du Nord. \u00c7a comprend, <strong>Mercedes-Benz, Subaru, Volvo et le Groupe Stellantis, qui regroupe Chrysler, Dodge, Jeep, Ram, Fiat et Alfa Romeo<\/strong>, ainsi que Polestar.<\/p>\n<p>Le groupe Hyundai, <strong>Buick, Cadillac, Chevrolet, Ford, Genesis, GMC, , Infiniti, KIA, Lamborghini, Lincoln, Lexus, Lotus, McLaren, Mitsubishi, Nissan, Shelby, Toyota et Volkswagen seront de retour<\/strong>. En tout, on devrait voir une trentaine de marques de v\u00e9hicules neufs avoir un kiosque au Palais des Congr\u00e8s de Montr\u00e9al durant l\u2019\u00e9v\u00e9nement qui a lieu, cette fois, du 17 au 26 janvier 2025. La collection de Luc Poirier montrera de nouveaux mod\u00e8les et le Club Tesla sera aussi au rendez-vous<\/p>\n<p>C\u2019est certainement un retour du balancier pour le Salon de Montr\u00e9al, qui comme bien d\u2019autres salons en Am\u00e9rique du Nord est sorti durement amoch\u00e9 de la pand\u00e9mie. Mais on l\u2019a vu en novembre, avec le Salon de l\u2019auto de Los Angeles, il semble y avoir un regain d\u2019int\u00e9r\u00eat envers ses \u00e9v\u00e9nements, qui sont des vitrines \u00e0 la fois pour attirer les consommateurs r\u00e9gionaux, mais aussi, parfois, la presse nationale et internationale, et ainsi, mieux faire conna\u00eetre les produits en vente.<\/p>\n<p>D\u2019ailleurs, signe que les organisateurs du Salon de Montr\u00e9al esp\u00e8rent que l\u2019\u00e9dition 2025 est le d\u00e9but de quelque chose de nouveau, ils ont choisi un slogan assez \u00e9vocateur pour cette ann\u00e9e\u00a0: \u00abOn existe seulement lorsqu\u2019on avance\u00bb.<\/p>\n<h3>On vous invite aussi \u00e0 venir au kiosque 503 o\u00f9 vous attend l&#8217;\u00e9quipe de l&#8217;Annuel de l&#8217;automobile et notre \u00e9dition 2025 \u00e0 prix r\u00e9duit.<\/h3>\n<p>\n\u00a0<\/p>\n<p>Le texte <a rel=\"nofollow\" href=\"https:\/\/annuelauto.ca\/lucid-motors-salon-de-lauto-de-montreal-2025\/\">Lucid Motors et le retout d\u2019autres constructeurs au Salon de l\u2019auto de Montr\u00e9al 2025<\/a> provient de <a rel=\"nofollow\" href=\"https:\/\/annuelauto.ca\">L&#8217;annuel de l&#8217;automobile &#8211; Actualit\u00e9 automobile<\/a><\/p>\n<p><\/p>\n","protected":false},"excerpt":{"rendered":"<p>La Lucid Air fera une premi\u00e8re apparition officielle au Salon de l\u2019Auto de Montr\u00e9al en janvier prochain. C\u2019est une des quelques grandes nouveaut\u00e9s qui sont au programme, ont annonc\u00e9 les organisateurs de l\u2019\u00e9v\u00e9nement plus t\u00f4t en novembre. Outre Lucid, qui pourra exhiber diff\u00e9rentes versions de sa berline \u00e9lectrique de luxe, la Air, et peut-\u00eatre un [&hellip;]<\/p>\n","protected":false},"author":8,"featured_media":182413,"comment_status":"close","ping_status":"closed","sticky":false,"template":"","format":"standard","meta":{"_monsterinsights_skip_tracking":false,"_monsterinsights_sitenote_active":false,"_monsterinsights_sitenote_note":"","_monsterinsights_sitenote_category":0,"footnotes":""},"categories":[101],"tags":[],"yoast_head":"<!-- This site is optimized with the Yoast SEO plugin v23.2 - https:\/\/yoast.com\/wordpress\/plugins\/seo\/ -->\n<title>Lucid Motors et le retout d\u2019autres constructeurs au Salon de l\u2019auto de Montr\u00e9al 2025 - CanadaMotorJobs.com<\/title>\n<meta name=\"description\" content=\"Lucid Motors et le retout d\u2019autres constructeurs au Salon de l\u2019auto de Montr\u00e9al 2025 - Benoit Charette - Annuel automobile - CanadaMotorJobs.com.\" \/>\n<meta name=\"robots\" content=\"index, follow, max-snippet:-1, max-image-preview:large, max-video-preview:-1\" \/>\n<meta property=\"og:locale\" content=\"fr_CA\" \/>\n<meta property=\"og:type\" content=\"article\" \/>\n<meta property=\"og:title\" content=\"Lucid Motors et le retout d\u2019autres constructeurs au Salon de l\u2019auto de Montr\u00e9al 2025 - CanadaMotorJobs.com\" \/>\n<meta property=\"og:description\" content=\"Lucid Motors et le retout d\u2019autres constructeurs au Salon de l\u2019auto de Montr\u00e9al 2025 - Benoit Charette - Annuel automobile - CanadaMotorJobs.com.\" \/>\n<meta property=\"og:url\" content=\"https:\/\/news.canadamotorjobs.com\/fr\/lucid-motors-et-le-retout-dautres-constructeurs-au-salon-de-lauto-de-montreal-2025\/\" \/>\n<meta property=\"og:site_name\" content=\"CanadaMotorJobs.com\" \/>\n<meta property=\"article:publisher\" content=\"https:\/\/www.facebook.com\/canadamotorjobs\/\" \/>\n<meta property=\"article:published_time\" content=\"2024-11-26T20:13:35+00:00\" \/>\n<meta property=\"article:modified_time\" content=\"2024-11-26T20:13:54+00:00\" \/>\n<meta property=\"og:image\" content=\"https:\/\/news.canadamotorjobs.com\/wp-content\/uploads\/2024\/11\/a20f3c090bac332d8db4044ccad8d4a3.jpg\" \/>\n\t<meta property=\"og:image:width\" content=\"808\" \/>\n\t<meta property=\"og:image:height\" content=\"538\" \/>\n\t<meta property=\"og:image:type\" content=\"image\/jpeg\" \/>\n<meta name=\"author\" content=\"Benoit Charette\" \/>\n<meta name=\"twitter:card\" content=\"summary_large_image\" \/>\n<meta name=\"twitter:creator\" content=\"@canadamotorjobs\" \/>\n<meta name=\"twitter:site\" content=\"@canadamotorjobs\" \/>\n<meta name=\"twitter:label1\" content=\"\u00c9crit par\" \/>\n\t<meta name=\"twitter:data1\" content=\"Benoit Charette\" \/>\n\t<meta name=\"twitter:label2\" content=\"Estimation du temps de lecture\" \/>\n\t<meta name=\"twitter:data2\" content=\"2 minutes\" \/>\n<!-- \/ Yoast SEO plugin. -->","yoast_head_json":{"title":"Lucid Motors et le retout d\u2019autres constructeurs au Salon de l\u2019auto de Montr\u00e9al 2025 - CanadaMotorJobs.com","description":"Lucid Motors et le retout d\u2019autres constructeurs au Salon de l\u2019auto de Montr\u00e9al 2025 - Benoit Charette - Annuel automobile - CanadaMotorJobs.com.","robots":{"index":"index","follow":"follow","max-snippet":"max-snippet:-1","max-image-preview":"max-image-preview:large","max-video-preview":"max-video-preview:-1"},"og_locale":"fr_CA","og_type":"article","og_title":"Lucid Motors et le retout d\u2019autres constructeurs au Salon de l\u2019auto de Montr\u00e9al 2025 - CanadaMotorJobs.com","og_description":"Lucid Motors et le retout d\u2019autres constructeurs au Salon de l\u2019auto de Montr\u00e9al 2025 - Benoit Charette - Annuel automobile - CanadaMotorJobs.com.","og_url":"https:\/\/news.canadamotorjobs.com\/fr\/lucid-motors-et-le-retout-dautres-constructeurs-au-salon-de-lauto-de-montreal-2025\/","og_site_name":"CanadaMotorJobs.com","article_publisher":"https:\/\/www.facebook.com\/canadamotorjobs\/","article_published_time":"2024-11-26T20:13:35+00:00","article_modified_time":"2024-11-26T20:13:54+00:00","og_image":[{"width":808,"height":538,"url":"https:\/\/news.canadamotorjobs.com\/wp-content\/uploads\/2024\/11\/a20f3c090bac332d8db4044ccad8d4a3.jpg","type":"image\/jpeg"}],"author":"Benoit Charette","twitter_card":"summary_large_image","twitter_creator":"@canadamotorjobs","twitter_site":"@canadamotorjobs","twitter_misc":{"\u00c9crit par":"Benoit Charette","Estimation du temps de lecture":"2 minutes"},"schema":{"@context":"https:\/\/schema.org","@graph":[{"@type":"Article","@id":"https:\/\/news.canadamotorjobs.com\/fr\/lucid-motors-et-le-retout-dautres-constructeurs-au-salon-de-lauto-de-montreal-2025\/#article","isPartOf":{"@id":"https:\/\/news.canadamotorjobs.com\/fr\/lucid-motors-et-le-retout-dautres-constructeurs-au-salon-de-lauto-de-montreal-2025\/"},"author":{"name":"Benoit Charette","@id":"https:\/\/news.canadamotorjobs.com\/#\/schema\/person\/51793d1f87d44011d7bcc2ed99269a90"},"headline":"Lucid Motors et le retout d\u2019autres constructeurs au Salon de l\u2019auto de Montr\u00e9al 2025","datePublished":"2024-11-26T20:13:35+00:00","dateModified":"2024-11-26T20:13:54+00:00","mainEntityOfPage":{"@id":"https:\/\/news.canadamotorjobs.com\/fr\/lucid-motors-et-le-retout-dautres-constructeurs-au-salon-de-lauto-de-montreal-2025\/"},"wordCount":489,"publisher":{"@id":"https:\/\/news.canadamotorjobs.com\/#organization"},"image":{"@id":"https:\/\/news.canadamotorjobs.com\/fr\/lucid-motors-et-le-retout-dautres-constructeurs-au-salon-de-lauto-de-montreal-2025\/#primaryimage"},"thumbnailUrl":"https:\/\/news.canadamotorjobs.com\/wp-content\/uploads\/2024\/11\/a20f3c090bac332d8db4044ccad8d4a3.jpg","articleSection":["Annuel automobile"],"inLanguage":"fr-CA"},{"@type":"WebPage","@id":"https:\/\/news.canadamotorjobs.com\/fr\/lucid-motors-et-le-retout-dautres-constructeurs-au-salon-de-lauto-de-montreal-2025\/","url":"https:\/\/news.canadamotorjobs.com\/fr\/lucid-motors-et-le-retout-dautres-constructeurs-au-salon-de-lauto-de-montreal-2025\/","name":"Lucid Motors et le retout d\u2019autres constructeurs au Salon de l\u2019auto de Montr\u00e9al 2025 - CanadaMotorJobs.com","isPartOf":{"@id":"https:\/\/news.canadamotorjobs.com\/#website"},"primaryImageOfPage":{"@id":"https:\/\/news.canadamotorjobs.com\/fr\/lucid-motors-et-le-retout-dautres-constructeurs-au-salon-de-lauto-de-montreal-2025\/#primaryimage"},"image":{"@id":"https:\/\/news.canadamotorjobs.com\/fr\/lucid-motors-et-le-retout-dautres-constructeurs-au-salon-de-lauto-de-montreal-2025\/#primaryimage"},"thumbnailUrl":"https:\/\/news.canadamotorjobs.com\/wp-content\/uploads\/2024\/11\/a20f3c090bac332d8db4044ccad8d4a3.jpg","datePublished":"2024-11-26T20:13:35+00:00","dateModified":"2024-11-26T20:13:54+00:00","description":"Lucid Motors et le retout d\u2019autres constructeurs au Salon de l\u2019auto de Montr\u00e9al 2025 - Benoit Charette - Annuel automobile - CanadaMotorJobs.com.","breadcrumb":{"@id":"https:\/\/news.canadamotorjobs.com\/fr\/lucid-motors-et-le-retout-dautres-constructeurs-au-salon-de-lauto-de-montreal-2025\/#breadcrumb"},"inLanguage":"fr-CA","potentialAction":[{"@type":"ReadAction","target":["https:\/\/news.canadamotorjobs.com\/fr\/lucid-motors-et-le-retout-dautres-constructeurs-au-salon-de-lauto-de-montreal-2025\/"]}]},{"@type":"ImageObject","inLanguage":"fr-CA","@id":"https:\/\/news.canadamotorjobs.com\/fr\/lucid-motors-et-le-retout-dautres-constructeurs-au-salon-de-lauto-de-montreal-2025\/#primaryimage","url":"https:\/\/news.canadamotorjobs.com\/wp-content\/uploads\/2024\/11\/a20f3c090bac332d8db4044ccad8d4a3.jpg","contentUrl":"https:\/\/news.canadamotorjobs.com\/wp-content\/uploads\/2024\/11\/a20f3c090bac332d8db4044ccad8d4a3.jpg","width":808,"height":538},{"@type":"BreadcrumbList","@id":"https:\/\/news.canadamotorjobs.com\/fr\/lucid-motors-et-le-retout-dautres-constructeurs-au-salon-de-lauto-de-montreal-2025\/#breadcrumb","itemListElement":[{"@type":"ListItem","position":1,"name":"Home","item":"https:\/\/news.canadamotorjobs.com\/fr\/blog\/"},{"@type":"ListItem","position":2,"name":"Lucid Motors et le retout d\u2019autres constructeurs au Salon de l\u2019auto de Montr\u00e9al 2025"}]},{"@type":"WebSite","@id":"https:\/\/news.canadamotorjobs.com\/#website","url":"https:\/\/news.canadamotorjobs.com\/","name":"CanadaMotorJobs.com","description":"Automotive Jobs","publisher":{"@id":"https:\/\/news.canadamotorjobs.com\/#organization"},"potentialAction":[{"@type":"SearchAction","target":{"@type":"EntryPoint","urlTemplate":"https:\/\/news.canadamotorjobs.com\/?s={search_term_string}"},"query-input":"required name=search_term_string"}],"inLanguage":"fr-CA"},{"@type":"Organization","@id":"https:\/\/news.canadamotorjobs.com\/#organization","name":"Canada Motor Jobs","url":"https:\/\/news.canadamotorjobs.com\/","logo":{"@type":"ImageObject","inLanguage":"fr-CA","@id":"https:\/\/news.canadamotorjobs.com\/#\/schema\/logo\/image\/","url":"https:\/\/news.canadamotorjobs.com\/wp-content\/uploads\/2022\/10\/logo-canada-motor-jobs-1.png","contentUrl":"https:\/\/news.canadamotorjobs.com\/wp-content\/uploads\/2022\/10\/logo-canada-motor-jobs-1.png","width":800,"height":400,"caption":"Canada Motor Jobs"},"image":{"@id":"https:\/\/news.canadamotorjobs.com\/#\/schema\/logo\/image\/"},"sameAs":["https:\/\/www.facebook.com\/canadamotorjobs\/","https:\/\/x.com\/canadamotorjobs","https:\/\/www.instagram.com\/canadamotorjobs\/","https:\/\/www.linkedin.com\/company\/canadamotorjobs"]},{"@type":"Person","@id":"https:\/\/news.canadamotorjobs.com\/#\/schema\/person\/51793d1f87d44011d7bcc2ed99269a90","name":"Benoit Charette","image":{"@type":"ImageObject","inLanguage":"fr-CA","@id":"https:\/\/news.canadamotorjobs.com\/#\/schema\/person\/image\/","url":"https:\/\/secure.gravatar.com\/avatar\/45f3d2eebcccd909668d7ce7ea7267b6?s=96&d=mm&r=g","contentUrl":"https:\/\/secure.gravatar.com\/avatar\/45f3d2eebcccd909668d7ce7ea7267b6?s=96&d=mm&r=g","caption":"Benoit Charette"},"description":"Benoit Charette \/ Propri\u00e9taire et r\u00e9dacteur en chef Benoit Charette pratique le journalisme automobile depuis bient\u00f4t 30 ans. Il a fait ses classes au c\u00f4t\u00e9 de Daniel H\u00e9raud et au Carnet de route de 1992 \u00e0 2001. Il est fondateur, copropri\u00e9taire et r\u00e9dacteur en chef de L\u2019Annuel de l\u2019automobile, qu\u2019il publie depuis 2001. Il a anim\u00e9 les \u00e9missions RPM et RPM+ sur V et les L\u00e9gendes de la route sur Historia. \u00c0 la radio depuis 1986, il reprend l\u2019antenne cette ann\u00e9e sur les ondes de Cogeco et participe pour la deuxi\u00e8me ann\u00e9e \u00e0 l\u2019\u00e9mission Passion Auto sur RDS en plus de mettre en ligne le site Web officiel de L\u2019Annuel de l\u2019automobile sur annuelauto.ca.","sameAs":["https:\/\/annuelauto.ca\/"],"url":"https:\/\/news.canadamotorjobs.com\/fr\/author\/benoit-charette\/"}]}},"_links":{"self":[{"href":"https:\/\/news.canadamotorjobs.com\/fr\/wp-json\/wp\/v2\/posts\/182411"}],"collection":[{"href":"https:\/\/news.canadamotorjobs.com\/fr\/wp-json\/wp\/v2\/posts"}],"about":[{"href":"https:\/\/news.canadamotorjobs.com\/fr\/wp-json\/wp\/v2\/types\/post"}],"author":[{"embeddable":true,"href":"https:\/\/news.canadamotorjobs.com\/fr\/wp-json\/wp\/v2\/users\/8"}],"replies":[{"embeddable":true,"href":"https:\/\/news.canadamotorjobs.com\/fr\/wp-json\/wp\/v2\/comments?post=182411"}],"version-history":[{"count":2,"href":"https:\/\/news.canadamotorjobs.com\/fr\/wp-json\/wp\/v2\/posts\/182411\/revisions"}],"predecessor-version":[{"id":182415,"href":"https:\/\/news.canadamotorjobs.com\/fr\/wp-json\/wp\/v2\/posts\/182411\/revisions\/182415"}],"wp:featuredmedia":[{"embeddable":true,"href":"https:\/\/news.canadamotorjobs.com\/fr\/wp-json\/wp\/v2\/media\/182413"}],"wp:attachment":[{"href":"https:\/\/news.canadamotorjobs.com\/fr\/wp-json\/wp\/v2\/media?parent=182411"}],"wp:term":[{"taxonomy":"category","embeddable":true,"href":"https:\/\/news.canadamotorjobs.com\/fr\/wp-json\/wp\/v2\/categories?post=182411"},{"taxonomy":"post_tag","embeddable":true,"href":"https:\/\/news.canadamotorjobs.com\/fr\/wp-json\/wp\/v2\/tags?post=182411"}],"curies":[{"name":"wp","href":"https:\/\/api.w.org\/{rel}","templated":true}]}}