{"id":182392,"date":"2024-11-26T14:52:04","date_gmt":"2024-11-26T19:52:04","guid":{"rendered":"https:\/\/news.canadamotorjobs.com\/?p=182392"},"modified":"2024-11-26T14:59:04","modified_gmt":"2024-11-26T19:59:04","slug":"taxe-de-25-sur-les-pieces-automobiles-canadiennes","status":"publish","type":"post","link":"https:\/\/news.canadamotorjobs.com\/fr\/taxe-de-25-sur-les-pieces-automobiles-canadiennes\/","title":{"rendered":"Taxe de 25% sur les pi\u00e8ces automobiles canadiennes ?"},"content":{"rendered":"<\/p>\n<p>Ce n\u2019est pas seulement le Canada qui a r\u00e9agi n\u00e9gativement. L\u2019annonce par le pr\u00e9sident-\u00e9lu am\u00e9ricain Donald Trump d\u2019imposer une taxe de 25% sur toutes les importations en provenance du Canada a fait bondir des gens partout sur la plan\u00e8te. Du c\u00f4t\u00e9 de l\u2019automobile, on ne pense pas qu\u2019une telle mesure soit r\u00e9aliste.<\/p>\n<p>C\u2019est ce que bien des analystes ont partag\u00e9 dans les heures suivant la publication sur Truth Social par Trump de cette menace. L\u2019analyste Daniel Roeska de la firme Bernstein a notamment indiqu\u00e9 dans une note aux investisseurs reprise par Reuters que selon lui, \u00absi on l\u2019applique, cette taxe sera un d\u00e9sastre pour l\u2019industrie automobile am\u00e9ricaine et les trois constructeurs de Detroit. Les trois importent une quantit\u00e9 significative de pi\u00e8ces du Canada et du Mexique. Les constructeurs europ\u00e9ens aussi, comme Volkswagen.\u00bb<\/p>\n<p>L\u2019analyste am\u00e9ricain ajoute que \u00abvu l\u2019ampleur de l\u2019impact n\u00e9faste\u00bb que cette taxe aura sur la production industrielle un peu partout aux \u00c9tats-Unis, il \u00abne s\u2019attend pas \u00e0 ce qu\u2019elle soit mise en application dans la r\u00e9alit\u00e9\u00bb.<\/p>\n<p>C\u2019est une position qui va donner un peu d\u2019espoir \u00e0 pas mal tout le monde dans l\u2019industrie automobile canadienne. \u00c9videmment, Donald Trump est un personnage extr\u00eamement impr\u00e9visible et polarisant, et son retour au poste de pr\u00e9sident semble venir avec un petit go\u00fbt de vengeance sur ses opposants et tous ceux qui ont voulu l\u2019\u00e9loigner du pouvoir apr\u00e8s son premier mandat de 2020.<\/p>\n<p>On sait qu\u2019il n\u2019aime pas particuli\u00e8rement Justin Trudeau, tout comme Elon Musk, d\u2019ailleurs, qui est un proche conseiller de Trump. Mais le premier ministre canadien a rapidement r\u00e9agi, et comme on entend souvent dire \u00e0 propos de Trump, il a tendance \u00e0 adopter la derni\u00e8re id\u00e9e qu\u2019on lui souffle \u00e0 l\u2019oreille. Peut-\u00eatre que si Trudeau est assez persuasif, et si le reste de la classe politique am\u00e9ricaine le r\u00e9p\u00e8te assez souvent, Trump va peut-\u00eatre reculer.<\/p>\n<p>C\u2019est \u00e0 suivre\u2026 mais une taxe de 25% appliqu\u00e9e du jour au lendemain sur tout ce qui se fait au Canada et qui est vendu aux \u00c9tats-Unis est plus qu\u2019incertaine \u00e0 l\u2019heure actuelle.<\/p>\n<p>\u00a0<\/p>\n<p>Le texte <a rel=\"nofollow\" href=\"https:\/\/annuelauto.ca\/taxe-de-25-pieces-automobiles-canadiennes\/\">Taxe de 25% sur les pi\u00e8ces automobiles canadiennes ?<\/a> provient de <a rel=\"nofollow\" href=\"https:\/\/annuelauto.ca\">L&#8217;annuel de l&#8217;automobile &#8211; Actualit\u00e9 automobile<\/a><\/p>\n<p><\/p>\n","protected":false},"excerpt":{"rendered":"<p>Ce n\u2019est pas seulement le Canada qui a r\u00e9agi n\u00e9gativement. L\u2019annonce par le pr\u00e9sident-\u00e9lu am\u00e9ricain Donald Trump d\u2019imposer une taxe de 25% sur toutes les importations en provenance du Canada a fait bondir des gens partout sur la plan\u00e8te. Du c\u00f4t\u00e9 de l\u2019automobile, on ne pense pas qu\u2019une telle mesure soit r\u00e9aliste. C\u2019est ce que [&hellip;]<\/p>\n","protected":false},"author":8,"featured_media":182394,"comment_status":"close","ping_status":"closed","sticky":false,"template":"","format":"standard","meta":{"_monsterinsights_skip_tracking":false,"_monsterinsights_sitenote_active":false,"_monsterinsights_sitenote_note":"","_monsterinsights_sitenote_category":0,"footnotes":""},"categories":[101],"tags":[],"yoast_head":"<!-- This site is optimized with the Yoast SEO plugin v23.2 - https:\/\/yoast.com\/wordpress\/plugins\/seo\/ -->\n<title>Taxe de 25% sur les pi\u00e8ces automobiles canadiennes ? - CanadaMotorJobs.com<\/title>\n<meta name=\"description\" content=\"Taxe de 25% sur les pi\u00e8ces automobiles canadiennes ? - Benoit Charette - Annuel automobile - CanadaMotorJobs.com.\" \/>\n<meta name=\"robots\" content=\"index, follow, max-snippet:-1, max-image-preview:large, max-video-preview:-1\" \/>\n<meta property=\"og:locale\" content=\"fr_CA\" \/>\n<meta property=\"og:type\" content=\"article\" \/>\n<meta property=\"og:title\" content=\"Taxe de 25% sur les pi\u00e8ces automobiles canadiennes ? - CanadaMotorJobs.com\" \/>\n<meta property=\"og:description\" content=\"Taxe de 25% sur les pi\u00e8ces automobiles canadiennes ? - Benoit Charette - Annuel automobile - CanadaMotorJobs.com.\" \/>\n<meta property=\"og:url\" content=\"https:\/\/news.canadamotorjobs.com\/fr\/taxe-de-25-sur-les-pieces-automobiles-canadiennes\/\" \/>\n<meta property=\"og:site_name\" content=\"CanadaMotorJobs.com\" \/>\n<meta property=\"article:publisher\" content=\"https:\/\/www.facebook.com\/canadamotorjobs\/\" \/>\n<meta property=\"article:published_time\" content=\"2024-11-26T19:52:04+00:00\" \/>\n<meta property=\"article:modified_time\" content=\"2024-11-26T19:59:04+00:00\" \/>\n<meta property=\"og:image\" content=\"https:\/\/news.canadamotorjobs.com\/wp-content\/uploads\/2024\/11\/auto.jpg\" \/>\n\t<meta property=\"og:image:width\" content=\"1024\" \/>\n\t<meta property=\"og:image:height\" content=\"762\" \/>\n\t<meta property=\"og:image:type\" content=\"image\/jpeg\" \/>\n<meta name=\"author\" content=\"Benoit Charette\" \/>\n<meta name=\"twitter:card\" content=\"summary_large_image\" \/>\n<meta name=\"twitter:creator\" content=\"@canadamotorjobs\" \/>\n<meta name=\"twitter:site\" content=\"@canadamotorjobs\" \/>\n<meta name=\"twitter:label1\" content=\"\u00c9crit par\" \/>\n\t<meta name=\"twitter:data1\" content=\"Benoit Charette\" \/>\n\t<meta name=\"twitter:label2\" content=\"Estimation du temps de lecture\" \/>\n\t<meta name=\"twitter:data2\" content=\"2 minutes\" \/>\n<!-- \/ Yoast SEO plugin. -->","yoast_head_json":{"title":"Taxe de 25% sur les pi\u00e8ces automobiles canadiennes ? - CanadaMotorJobs.com","description":"Taxe de 25% sur les pi\u00e8ces automobiles canadiennes ? - Benoit Charette - Annuel automobile - CanadaMotorJobs.com.","robots":{"index":"index","follow":"follow","max-snippet":"max-snippet:-1","max-image-preview":"max-image-preview:large","max-video-preview":"max-video-preview:-1"},"og_locale":"fr_CA","og_type":"article","og_title":"Taxe de 25% sur les pi\u00e8ces automobiles canadiennes ? - CanadaMotorJobs.com","og_description":"Taxe de 25% sur les pi\u00e8ces automobiles canadiennes ? - Benoit Charette - Annuel automobile - CanadaMotorJobs.com.","og_url":"https:\/\/news.canadamotorjobs.com\/fr\/taxe-de-25-sur-les-pieces-automobiles-canadiennes\/","og_site_name":"CanadaMotorJobs.com","article_publisher":"https:\/\/www.facebook.com\/canadamotorjobs\/","article_published_time":"2024-11-26T19:52:04+00:00","article_modified_time":"2024-11-26T19:59:04+00:00","og_image":[{"width":1024,"height":762,"url":"https:\/\/news.canadamotorjobs.com\/wp-content\/uploads\/2024\/11\/auto.jpg","type":"image\/jpeg"}],"author":"Benoit Charette","twitter_card":"summary_large_image","twitter_creator":"@canadamotorjobs","twitter_site":"@canadamotorjobs","twitter_misc":{"\u00c9crit par":"Benoit Charette","Estimation du temps de lecture":"2 minutes"},"schema":{"@context":"https:\/\/schema.org","@graph":[{"@type":"Article","@id":"https:\/\/news.canadamotorjobs.com\/fr\/taxe-de-25-sur-les-pieces-automobiles-canadiennes\/#article","isPartOf":{"@id":"https:\/\/news.canadamotorjobs.com\/fr\/taxe-de-25-sur-les-pieces-automobiles-canadiennes\/"},"author":{"name":"Benoit Charette","@id":"https:\/\/news.canadamotorjobs.com\/#\/schema\/person\/51793d1f87d44011d7bcc2ed99269a90"},"headline":"Taxe de 25% sur les pi\u00e8ces automobiles canadiennes ?","datePublished":"2024-11-26T19:52:04+00:00","dateModified":"2024-11-26T19:59:04+00:00","mainEntityOfPage":{"@id":"https:\/\/news.canadamotorjobs.com\/fr\/taxe-de-25-sur-les-pieces-automobiles-canadiennes\/"},"wordCount":412,"publisher":{"@id":"https:\/\/news.canadamotorjobs.com\/#organization"},"image":{"@id":"https:\/\/news.canadamotorjobs.com\/fr\/taxe-de-25-sur-les-pieces-automobiles-canadiennes\/#primaryimage"},"thumbnailUrl":"https:\/\/news.canadamotorjobs.com\/wp-content\/uploads\/2024\/11\/auto.jpg","articleSection":["Annuel automobile"],"inLanguage":"fr-CA"},{"@type":"WebPage","@id":"https:\/\/news.canadamotorjobs.com\/fr\/taxe-de-25-sur-les-pieces-automobiles-canadiennes\/","url":"https:\/\/news.canadamotorjobs.com\/fr\/taxe-de-25-sur-les-pieces-automobiles-canadiennes\/","name":"Taxe de 25% sur les pi\u00e8ces automobiles canadiennes ? - CanadaMotorJobs.com","isPartOf":{"@id":"https:\/\/news.canadamotorjobs.com\/#website"},"primaryImageOfPage":{"@id":"https:\/\/news.canadamotorjobs.com\/fr\/taxe-de-25-sur-les-pieces-automobiles-canadiennes\/#primaryimage"},"image":{"@id":"https:\/\/news.canadamotorjobs.com\/fr\/taxe-de-25-sur-les-pieces-automobiles-canadiennes\/#primaryimage"},"thumbnailUrl":"https:\/\/news.canadamotorjobs.com\/wp-content\/uploads\/2024\/11\/auto.jpg","datePublished":"2024-11-26T19:52:04+00:00","dateModified":"2024-11-26T19:59:04+00:00","description":"Taxe de 25% sur les pi\u00e8ces automobiles canadiennes ? - Benoit Charette - Annuel automobile - CanadaMotorJobs.com.","breadcrumb":{"@id":"https:\/\/news.canadamotorjobs.com\/fr\/taxe-de-25-sur-les-pieces-automobiles-canadiennes\/#breadcrumb"},"inLanguage":"fr-CA","potentialAction":[{"@type":"ReadAction","target":["https:\/\/news.canadamotorjobs.com\/fr\/taxe-de-25-sur-les-pieces-automobiles-canadiennes\/"]}]},{"@type":"ImageObject","inLanguage":"fr-CA","@id":"https:\/\/news.canadamotorjobs.com\/fr\/taxe-de-25-sur-les-pieces-automobiles-canadiennes\/#primaryimage","url":"https:\/\/news.canadamotorjobs.com\/wp-content\/uploads\/2024\/11\/auto.jpg","contentUrl":"https:\/\/news.canadamotorjobs.com\/wp-content\/uploads\/2024\/11\/auto.jpg","width":1024,"height":762},{"@type":"BreadcrumbList","@id":"https:\/\/news.canadamotorjobs.com\/fr\/taxe-de-25-sur-les-pieces-automobiles-canadiennes\/#breadcrumb","itemListElement":[{"@type":"ListItem","position":1,"name":"Home","item":"https:\/\/news.canadamotorjobs.com\/fr\/blog\/"},{"@type":"ListItem","position":2,"name":"Taxe de 25% sur les pi\u00e8ces automobiles canadiennes ?"}]},{"@type":"WebSite","@id":"https:\/\/news.canadamotorjobs.com\/#website","url":"https:\/\/news.canadamotorjobs.com\/","name":"CanadaMotorJobs.com","description":"Automotive Jobs","publisher":{"@id":"https:\/\/news.canadamotorjobs.com\/#organization"},"potentialAction":[{"@type":"SearchAction","target":{"@type":"EntryPoint","urlTemplate":"https:\/\/news.canadamotorjobs.com\/?s={search_term_string}"},"query-input":"required name=search_term_string"}],"inLanguage":"fr-CA"},{"@type":"Organization","@id":"https:\/\/news.canadamotorjobs.com\/#organization","name":"Canada Motor Jobs","url":"https:\/\/news.canadamotorjobs.com\/","logo":{"@type":"ImageObject","inLanguage":"fr-CA","@id":"https:\/\/news.canadamotorjobs.com\/#\/schema\/logo\/image\/","url":"https:\/\/news.canadamotorjobs.com\/wp-content\/uploads\/2022\/10\/logo-canada-motor-jobs-1.png","contentUrl":"https:\/\/news.canadamotorjobs.com\/wp-content\/uploads\/2022\/10\/logo-canada-motor-jobs-1.png","width":800,"height":400,"caption":"Canada Motor Jobs"},"image":{"@id":"https:\/\/news.canadamotorjobs.com\/#\/schema\/logo\/image\/"},"sameAs":["https:\/\/www.facebook.com\/canadamotorjobs\/","https:\/\/x.com\/canadamotorjobs","https:\/\/www.instagram.com\/canadamotorjobs\/","https:\/\/www.linkedin.com\/company\/canadamotorjobs"]},{"@type":"Person","@id":"https:\/\/news.canadamotorjobs.com\/#\/schema\/person\/51793d1f87d44011d7bcc2ed99269a90","name":"Benoit Charette","image":{"@type":"ImageObject","inLanguage":"fr-CA","@id":"https:\/\/news.canadamotorjobs.com\/#\/schema\/person\/image\/","url":"https:\/\/secure.gravatar.com\/avatar\/45f3d2eebcccd909668d7ce7ea7267b6?s=96&d=mm&r=g","contentUrl":"https:\/\/secure.gravatar.com\/avatar\/45f3d2eebcccd909668d7ce7ea7267b6?s=96&d=mm&r=g","caption":"Benoit Charette"},"description":"Benoit Charette \/ Propri\u00e9taire et r\u00e9dacteur en chef Benoit Charette pratique le journalisme automobile depuis bient\u00f4t 30 ans. Il a fait ses classes au c\u00f4t\u00e9 de Daniel H\u00e9raud et au Carnet de route de 1992 \u00e0 2001. Il est fondateur, copropri\u00e9taire et r\u00e9dacteur en chef de L\u2019Annuel de l\u2019automobile, qu\u2019il publie depuis 2001. Il a anim\u00e9 les \u00e9missions RPM et RPM+ sur V et les L\u00e9gendes de la route sur Historia. \u00c0 la radio depuis 1986, il reprend l\u2019antenne cette ann\u00e9e sur les ondes de Cogeco et participe pour la deuxi\u00e8me ann\u00e9e \u00e0 l\u2019\u00e9mission Passion Auto sur RDS en plus de mettre en ligne le site Web officiel de L\u2019Annuel de l\u2019automobile sur annuelauto.ca.","sameAs":["https:\/\/annuelauto.ca\/"],"url":"https:\/\/news.canadamotorjobs.com\/fr\/author\/benoit-charette\/"}]}},"_links":{"self":[{"href":"https:\/\/news.canadamotorjobs.com\/fr\/wp-json\/wp\/v2\/posts\/182392"}],"collection":[{"href":"https:\/\/news.canadamotorjobs.com\/fr\/wp-json\/wp\/v2\/posts"}],"about":[{"href":"https:\/\/news.canadamotorjobs.com\/fr\/wp-json\/wp\/v2\/types\/post"}],"author":[{"embeddable":true,"href":"https:\/\/news.canadamotorjobs.com\/fr\/wp-json\/wp\/v2\/users\/8"}],"replies":[{"embeddable":true,"href":"https:\/\/news.canadamotorjobs.com\/fr\/wp-json\/wp\/v2\/comments?post=182392"}],"version-history":[{"count":2,"href":"https:\/\/news.canadamotorjobs.com\/fr\/wp-json\/wp\/v2\/posts\/182392\/revisions"}],"predecessor-version":[{"id":182396,"href":"https:\/\/news.canadamotorjobs.com\/fr\/wp-json\/wp\/v2\/posts\/182392\/revisions\/182396"}],"wp:featuredmedia":[{"embeddable":true,"href":"https:\/\/news.canadamotorjobs.com\/fr\/wp-json\/wp\/v2\/media\/182394"}],"wp:attachment":[{"href":"https:\/\/news.canadamotorjobs.com\/fr\/wp-json\/wp\/v2\/media?parent=182392"}],"wp:term":[{"taxonomy":"category","embeddable":true,"href":"https:\/\/news.canadamotorjobs.com\/fr\/wp-json\/wp\/v2\/categories?post=182392"},{"taxonomy":"post_tag","embeddable":true,"href":"https:\/\/news.canadamotorjobs.com\/fr\/wp-json\/wp\/v2\/tags?post=182392"}],"curies":[{"name":"wp","href":"https:\/\/api.w.org\/{rel}","templated":true}]}}