{"id":182373,"date":"2024-11-26T09:39:56","date_gmt":"2024-11-26T14:39:56","guid":{"rendered":"https:\/\/news.canadamotorjobs.com\/?p=182373"},"modified":"2024-11-26T09:43:42","modified_gmt":"2024-11-26T14:43:42","slug":"une-legendaire-mercedes-w-196-r-f1-a-vendre","status":"publish","type":"post","link":"https:\/\/news.canadamotorjobs.com\/fr\/une-legendaire-mercedes-w-196-r-f1-a-vendre\/","title":{"rendered":"Une l\u00e9gendaire Mercedes W 196 R F1 \u00e0 vendre"},"content":{"rendered":"<\/p>\n<p>Dans l\u2019univers de la Formule 1, les premi\u00e8res ann\u00e9es de comp\u00e9tition offraient une libert\u00e9 de conception qui a permis aux constructeurs d\u2019innover sans limites. Mercedes-Benz a profit\u00e9 de cette \u00e9poque pour concevoir la l\u00e9gendaire <strong>W 196 R<\/strong>, une voiture de course \u00e0 cockpit ouvert, \u00e9galement disponible avec une carrosserie profil\u00e9e, appel\u00e9e <em>Stromlinienwagen<\/em>. Aujourd\u2019hui, RM Sotheby\u2019s met aux ench\u00e8res l\u2019un de ces mod\u00e8les iconiques, charg\u00e9 d\u2019un pass\u00e9 glorieux.<\/p>\n<h3><strong>Une carri\u00e8re sportive exceptionnelle<\/strong><\/h3>\n<p>\nC\u2019est lors du Grand Prix de Buenos Aires en janvier 1955 que cette voiture, pilot\u00e9e par le l\u00e9gendaire <strong>Juan Manuel Fangio<\/strong>, a fait ses d\u00e9buts en comp\u00e9tition. Le ch\u00e2ssis num\u00e9ro 9, arborant le num\u00e9ro de course 9, a offert \u00e0 Mercedes une victoire \u00e9clatante, un doubl\u00e9 historique. La m\u00eame voiture a termin\u00e9 sa carri\u00e8re en apoth\u00e9ose au Grand Prix d\u2019Italie 1955, cette fois sous la conduite de <strong>Sir Stirling Moss<\/strong>, avec une nouvelle victoire et le tour le plus rapide en prime. Mercedes-Benz avait initialement conserv\u00e9 les 10 exemplaires de la W 196 apr\u00e8s leurs campagnes victorieuses, en veillant \u00e0 les maintenir en \u00e9tat de fonctionnement. Cependant, le constructeur a fini par en c\u00e9der quatre, dont le fameux ch\u00e2ssis num\u00e9ro 9. Cette voiture a ensuite trouv\u00e9 refuge \u00e0 la Fondation de l\u2019Indianapolis Motor Speedway, o\u00f9 elle a \u00e9t\u00e9 soigneusement restaur\u00e9e \u00e0 deux reprises.<\/p>\n<h3><strong>Un tr\u00e9sor inestimable<\/strong><\/h3>\n<p>\nSelon RM Sotheby\u2019s, cette <strong>Stromlinienwagen<\/strong> est la seule W 196 R jamais propos\u00e9e \u00e0 un client priv\u00e9. Elle fait \u00e9galement partie des quatre mod\u00e8les encore existants avec cette carrosserie profil\u00e9e, telle qu\u2019elle \u00e9tait utilis\u00e9e lors de la saison 1955 de Formule 1. Son prix est estim\u00e9 \u00e0 <strong>plus de 55 millions de dollars am\u00e9ricain<\/strong>. Cette vente intervient seulement deux ans apr\u00e8s qu\u2019une autre Mercedes mythique, la <strong>300 SLR Uhlenhaut Coup\u00e9<\/strong>, a \u00e9t\u00e9 adjug\u00e9e pour un montant record de <strong>143 millions de dollars<\/strong>, devenant ainsi le v\u00e9hicule le plus cher jamais vendu. Si la W 196 est l\u00e9g\u00e8rement moins rare, son <strong>palmar\u00e8s sportif in\u00e9gal\u00e9<\/strong> et son statut d\u2019ic\u00f4ne suffisent \u00e0 justifier son prix.<\/p>\n<h3><strong>Un joyau de l\u2019histoire automobile<\/strong><\/h3>\n<p>\nCe mod\u00e8le incarne une \u00e9poque o\u00f9 la Formule 1 \u00e9tait encore un terrain de cr\u00e9ativit\u00e9 illimit\u00e9e, et son h\u00e9ritage t\u00e9moigne de l\u2019excellence de Mercedes-Benz en comp\u00e9tition. Les collectionneurs et passionn\u00e9s d\u2019automobiles classiques auront bient\u00f4t l\u2019opportunit\u00e9 unique de poss\u00e9der un morceau vivant de l\u2019histoire du sport automobile.<\/p>\n<h4>Avec des renseignements de Motor1<\/h4>\n<p>Le texte <a rel=\"nofollow\" href=\"https:\/\/annuelauto.ca\/une-legendaire-mercedes-w-196-r-f1-a-vendre\/\">Une l\u00e9gendaire Mercedes W 196 R F1 \u00e0 vendre<\/a> provient de <a rel=\"nofollow\" href=\"https:\/\/annuelauto.ca\">L&#8217;annuel de l&#8217;automobile &#8211; Actualit\u00e9 automobile<\/a><\/p>\n<p><\/p>\n","protected":false},"excerpt":{"rendered":"<p>Dans l\u2019univers de la Formule 1, les premi\u00e8res ann\u00e9es de comp\u00e9tition offraient une libert\u00e9 de conception qui a permis aux constructeurs d\u2019innover sans limites. Mercedes-Benz a profit\u00e9 de cette \u00e9poque pour concevoir la l\u00e9gendaire W 196 R, une voiture de course \u00e0 cockpit ouvert, \u00e9galement disponible avec une carrosserie profil\u00e9e, appel\u00e9e Stromlinienwagen. Aujourd\u2019hui, RM Sotheby\u2019s [&hellip;]<\/p>\n","protected":false},"author":8,"featured_media":182375,"comment_status":"close","ping_status":"closed","sticky":false,"template":"","format":"standard","meta":{"_monsterinsights_skip_tracking":false,"_monsterinsights_sitenote_active":false,"_monsterinsights_sitenote_note":"","_monsterinsights_sitenote_category":0,"footnotes":""},"categories":[101],"tags":[],"yoast_head":"<!-- This site is optimized with the Yoast SEO plugin v23.2 - https:\/\/yoast.com\/wordpress\/plugins\/seo\/ -->\n<title>Une l\u00e9gendaire Mercedes W 196 R F1 \u00e0 vendre - CanadaMotorJobs.com<\/title>\n<meta name=\"description\" content=\"Une l\u00e9gendaire Mercedes W 196 R F1 \u00e0 vendre - Benoit Charette - Annuel automobile - CanadaMotorJobs.com.\" \/>\n<meta name=\"robots\" content=\"index, follow, max-snippet:-1, max-image-preview:large, max-video-preview:-1\" \/>\n<meta property=\"og:locale\" content=\"fr_CA\" \/>\n<meta property=\"og:type\" content=\"article\" \/>\n<meta property=\"og:title\" content=\"Une l\u00e9gendaire Mercedes W 196 R F1 \u00e0 vendre - CanadaMotorJobs.com\" \/>\n<meta property=\"og:description\" content=\"Une l\u00e9gendaire Mercedes W 196 R F1 \u00e0 vendre - Benoit Charette - Annuel automobile - CanadaMotorJobs.com.\" \/>\n<meta property=\"og:url\" content=\"https:\/\/news.canadamotorjobs.com\/fr\/une-legendaire-mercedes-w-196-r-f1-a-vendre\/\" \/>\n<meta property=\"og:site_name\" content=\"CanadaMotorJobs.com\" \/>\n<meta property=\"article:publisher\" content=\"https:\/\/www.facebook.com\/canadamotorjobs\/\" \/>\n<meta property=\"article:published_time\" content=\"2024-11-26T14:39:56+00:00\" \/>\n<meta property=\"article:modified_time\" content=\"2024-11-26T14:43:42+00:00\" \/>\n<meta property=\"og:image\" content=\"https:\/\/news.canadamotorjobs.com\/wp-content\/uploads\/2024\/11\/177352464.jpg\" \/>\n\t<meta property=\"og:image:width\" content=\"700\" \/>\n\t<meta property=\"og:image:height\" content=\"525\" \/>\n\t<meta property=\"og:image:type\" content=\"image\/jpeg\" \/>\n<meta name=\"author\" content=\"Benoit Charette\" \/>\n<meta name=\"twitter:card\" content=\"summary_large_image\" \/>\n<meta name=\"twitter:creator\" content=\"@canadamotorjobs\" \/>\n<meta name=\"twitter:site\" content=\"@canadamotorjobs\" \/>\n<meta name=\"twitter:label1\" content=\"\u00c9crit par\" \/>\n\t<meta name=\"twitter:data1\" content=\"Benoit Charette\" \/>\n\t<meta name=\"twitter:label2\" content=\"Estimation du temps de lecture\" \/>\n\t<meta name=\"twitter:data2\" content=\"2 minutes\" \/>\n<!-- \/ Yoast SEO plugin. -->","yoast_head_json":{"title":"Une l\u00e9gendaire Mercedes W 196 R F1 \u00e0 vendre - CanadaMotorJobs.com","description":"Une l\u00e9gendaire Mercedes W 196 R F1 \u00e0 vendre - Benoit Charette - Annuel automobile - CanadaMotorJobs.com.","robots":{"index":"index","follow":"follow","max-snippet":"max-snippet:-1","max-image-preview":"max-image-preview:large","max-video-preview":"max-video-preview:-1"},"og_locale":"fr_CA","og_type":"article","og_title":"Une l\u00e9gendaire Mercedes W 196 R F1 \u00e0 vendre - CanadaMotorJobs.com","og_description":"Une l\u00e9gendaire Mercedes W 196 R F1 \u00e0 vendre - Benoit Charette - Annuel automobile - CanadaMotorJobs.com.","og_url":"https:\/\/news.canadamotorjobs.com\/fr\/une-legendaire-mercedes-w-196-r-f1-a-vendre\/","og_site_name":"CanadaMotorJobs.com","article_publisher":"https:\/\/www.facebook.com\/canadamotorjobs\/","article_published_time":"2024-11-26T14:39:56+00:00","article_modified_time":"2024-11-26T14:43:42+00:00","og_image":[{"width":700,"height":525,"url":"https:\/\/news.canadamotorjobs.com\/wp-content\/uploads\/2024\/11\/177352464.jpg","type":"image\/jpeg"}],"author":"Benoit Charette","twitter_card":"summary_large_image","twitter_creator":"@canadamotorjobs","twitter_site":"@canadamotorjobs","twitter_misc":{"\u00c9crit par":"Benoit Charette","Estimation du temps de lecture":"2 minutes"},"schema":{"@context":"https:\/\/schema.org","@graph":[{"@type":"Article","@id":"https:\/\/news.canadamotorjobs.com\/fr\/une-legendaire-mercedes-w-196-r-f1-a-vendre\/#article","isPartOf":{"@id":"https:\/\/news.canadamotorjobs.com\/fr\/une-legendaire-mercedes-w-196-r-f1-a-vendre\/"},"author":{"name":"Benoit Charette","@id":"https:\/\/news.canadamotorjobs.com\/#\/schema\/person\/51793d1f87d44011d7bcc2ed99269a90"},"headline":"Une l\u00e9gendaire Mercedes W 196 R F1 \u00e0 vendre","datePublished":"2024-11-26T14:39:56+00:00","dateModified":"2024-11-26T14:43:42+00:00","mainEntityOfPage":{"@id":"https:\/\/news.canadamotorjobs.com\/fr\/une-legendaire-mercedes-w-196-r-f1-a-vendre\/"},"wordCount":453,"publisher":{"@id":"https:\/\/news.canadamotorjobs.com\/#organization"},"image":{"@id":"https:\/\/news.canadamotorjobs.com\/fr\/une-legendaire-mercedes-w-196-r-f1-a-vendre\/#primaryimage"},"thumbnailUrl":"https:\/\/news.canadamotorjobs.com\/wp-content\/uploads\/2024\/11\/177352464.jpg","articleSection":["Annuel automobile"],"inLanguage":"fr-CA"},{"@type":"WebPage","@id":"https:\/\/news.canadamotorjobs.com\/fr\/une-legendaire-mercedes-w-196-r-f1-a-vendre\/","url":"https:\/\/news.canadamotorjobs.com\/fr\/une-legendaire-mercedes-w-196-r-f1-a-vendre\/","name":"Une l\u00e9gendaire Mercedes W 196 R F1 \u00e0 vendre - CanadaMotorJobs.com","isPartOf":{"@id":"https:\/\/news.canadamotorjobs.com\/#website"},"primaryImageOfPage":{"@id":"https:\/\/news.canadamotorjobs.com\/fr\/une-legendaire-mercedes-w-196-r-f1-a-vendre\/#primaryimage"},"image":{"@id":"https:\/\/news.canadamotorjobs.com\/fr\/une-legendaire-mercedes-w-196-r-f1-a-vendre\/#primaryimage"},"thumbnailUrl":"https:\/\/news.canadamotorjobs.com\/wp-content\/uploads\/2024\/11\/177352464.jpg","datePublished":"2024-11-26T14:39:56+00:00","dateModified":"2024-11-26T14:43:42+00:00","description":"Une l\u00e9gendaire Mercedes W 196 R F1 \u00e0 vendre - Benoit Charette - Annuel automobile - CanadaMotorJobs.com.","breadcrumb":{"@id":"https:\/\/news.canadamotorjobs.com\/fr\/une-legendaire-mercedes-w-196-r-f1-a-vendre\/#breadcrumb"},"inLanguage":"fr-CA","potentialAction":[{"@type":"ReadAction","target":["https:\/\/news.canadamotorjobs.com\/fr\/une-legendaire-mercedes-w-196-r-f1-a-vendre\/"]}]},{"@type":"ImageObject","inLanguage":"fr-CA","@id":"https:\/\/news.canadamotorjobs.com\/fr\/une-legendaire-mercedes-w-196-r-f1-a-vendre\/#primaryimage","url":"https:\/\/news.canadamotorjobs.com\/wp-content\/uploads\/2024\/11\/177352464.jpg","contentUrl":"https:\/\/news.canadamotorjobs.com\/wp-content\/uploads\/2024\/11\/177352464.jpg","width":700,"height":525},{"@type":"BreadcrumbList","@id":"https:\/\/news.canadamotorjobs.com\/fr\/une-legendaire-mercedes-w-196-r-f1-a-vendre\/#breadcrumb","itemListElement":[{"@type":"ListItem","position":1,"name":"Home","item":"https:\/\/news.canadamotorjobs.com\/fr\/blog\/"},{"@type":"ListItem","position":2,"name":"Une l\u00e9gendaire Mercedes W 196 R F1 \u00e0 vendre"}]},{"@type":"WebSite","@id":"https:\/\/news.canadamotorjobs.com\/#website","url":"https:\/\/news.canadamotorjobs.com\/","name":"CanadaMotorJobs.com","description":"Automotive Jobs","publisher":{"@id":"https:\/\/news.canadamotorjobs.com\/#organization"},"potentialAction":[{"@type":"SearchAction","target":{"@type":"EntryPoint","urlTemplate":"https:\/\/news.canadamotorjobs.com\/?s={search_term_string}"},"query-input":"required name=search_term_string"}],"inLanguage":"fr-CA"},{"@type":"Organization","@id":"https:\/\/news.canadamotorjobs.com\/#organization","name":"Canada Motor Jobs","url":"https:\/\/news.canadamotorjobs.com\/","logo":{"@type":"ImageObject","inLanguage":"fr-CA","@id":"https:\/\/news.canadamotorjobs.com\/#\/schema\/logo\/image\/","url":"https:\/\/news.canadamotorjobs.com\/wp-content\/uploads\/2022\/10\/logo-canada-motor-jobs-1.png","contentUrl":"https:\/\/news.canadamotorjobs.com\/wp-content\/uploads\/2022\/10\/logo-canada-motor-jobs-1.png","width":800,"height":400,"caption":"Canada Motor Jobs"},"image":{"@id":"https:\/\/news.canadamotorjobs.com\/#\/schema\/logo\/image\/"},"sameAs":["https:\/\/www.facebook.com\/canadamotorjobs\/","https:\/\/x.com\/canadamotorjobs","https:\/\/www.instagram.com\/canadamotorjobs\/","https:\/\/www.linkedin.com\/company\/canadamotorjobs"]},{"@type":"Person","@id":"https:\/\/news.canadamotorjobs.com\/#\/schema\/person\/51793d1f87d44011d7bcc2ed99269a90","name":"Benoit Charette","image":{"@type":"ImageObject","inLanguage":"fr-CA","@id":"https:\/\/news.canadamotorjobs.com\/#\/schema\/person\/image\/","url":"https:\/\/secure.gravatar.com\/avatar\/45f3d2eebcccd909668d7ce7ea7267b6?s=96&d=mm&r=g","contentUrl":"https:\/\/secure.gravatar.com\/avatar\/45f3d2eebcccd909668d7ce7ea7267b6?s=96&d=mm&r=g","caption":"Benoit Charette"},"description":"Benoit Charette \/ Propri\u00e9taire et r\u00e9dacteur en chef Benoit Charette pratique le journalisme automobile depuis bient\u00f4t 30 ans. Il a fait ses classes au c\u00f4t\u00e9 de Daniel H\u00e9raud et au Carnet de route de 1992 \u00e0 2001. Il est fondateur, copropri\u00e9taire et r\u00e9dacteur en chef de L\u2019Annuel de l\u2019automobile, qu\u2019il publie depuis 2001. Il a anim\u00e9 les \u00e9missions RPM et RPM+ sur V et les L\u00e9gendes de la route sur Historia. \u00c0 la radio depuis 1986, il reprend l\u2019antenne cette ann\u00e9e sur les ondes de Cogeco et participe pour la deuxi\u00e8me ann\u00e9e \u00e0 l\u2019\u00e9mission Passion Auto sur RDS en plus de mettre en ligne le site Web officiel de L\u2019Annuel de l\u2019automobile sur annuelauto.ca.","sameAs":["https:\/\/annuelauto.ca\/"],"url":"https:\/\/news.canadamotorjobs.com\/fr\/author\/benoit-charette\/"}]}},"_links":{"self":[{"href":"https:\/\/news.canadamotorjobs.com\/fr\/wp-json\/wp\/v2\/posts\/182373"}],"collection":[{"href":"https:\/\/news.canadamotorjobs.com\/fr\/wp-json\/wp\/v2\/posts"}],"about":[{"href":"https:\/\/news.canadamotorjobs.com\/fr\/wp-json\/wp\/v2\/types\/post"}],"author":[{"embeddable":true,"href":"https:\/\/news.canadamotorjobs.com\/fr\/wp-json\/wp\/v2\/users\/8"}],"replies":[{"embeddable":true,"href":"https:\/\/news.canadamotorjobs.com\/fr\/wp-json\/wp\/v2\/comments?post=182373"}],"version-history":[{"count":2,"href":"https:\/\/news.canadamotorjobs.com\/fr\/wp-json\/wp\/v2\/posts\/182373\/revisions"}],"predecessor-version":[{"id":182377,"href":"https:\/\/news.canadamotorjobs.com\/fr\/wp-json\/wp\/v2\/posts\/182373\/revisions\/182377"}],"wp:featuredmedia":[{"embeddable":true,"href":"https:\/\/news.canadamotorjobs.com\/fr\/wp-json\/wp\/v2\/media\/182375"}],"wp:attachment":[{"href":"https:\/\/news.canadamotorjobs.com\/fr\/wp-json\/wp\/v2\/media?parent=182373"}],"wp:term":[{"taxonomy":"category","embeddable":true,"href":"https:\/\/news.canadamotorjobs.com\/fr\/wp-json\/wp\/v2\/categories?post=182373"},{"taxonomy":"post_tag","embeddable":true,"href":"https:\/\/news.canadamotorjobs.com\/fr\/wp-json\/wp\/v2\/tags?post=182373"}],"curies":[{"name":"wp","href":"https:\/\/api.w.org\/{rel}","templated":true}]}}