{"id":182312,"date":"2024-11-25T15:33:02","date_gmt":"2024-11-25T20:33:02","guid":{"rendered":"https:\/\/news.canadamotorjobs.com\/?p=182312"},"modified":"2024-11-25T15:43:49","modified_gmt":"2024-11-25T20:43:49","slug":"volkswagen-revise-a-la-baisse-sa-participation-dans-northvolt","status":"publish","type":"post","link":"https:\/\/news.canadamotorjobs.com\/fr\/volkswagen-revise-a-la-baisse-sa-participation-dans-northvolt\/","title":{"rendered":"Volkswagen r\u00e9vise \u00e0 la baisse sa participation dans Northvolt"},"content":{"rendered":"<\/p>\n<p><strong>Volkswagen<\/strong>, principal actionnaire de <strong>Northvolt<\/strong>, a consid\u00e9rablement d\u00e9pr\u00e9ci\u00e9 sa participation de 21 % dans le fabricant su\u00e9dois de batteries. Northvolt, qui a r\u00e9cemment d\u00e9pos\u00e9 une demande de protection contre la faillite aux \u00c9tats-Unis, a accumul\u00e9 des retards de production et subi les cons\u00e9quences d&#8217;une demande plus faible que pr\u00e9vue pour les v\u00e9hicules \u00e9lectriques en Europe.<\/p>\n<h3>Une baisse de valeur progressive<\/h3>\n<p>\n\u00c0 la fin de 2023, Volkswagen estimait la valeur comptable de sa participation dans Northvolt \u00e0 <strong>693 millions d\u2019euros<\/strong>, soit une baisse de pr\u00e8s de 25 % par rapport \u00e0 l&#8217;ann\u00e9e pr\u00e9c\u00e9dente. Cette valeur aurait chut\u00e9 encore plus au cours de l&#8217;ann\u00e9e 2024, selon des sources anonymes. Ces d\u00e9pr\u00e9ciations, bien que significatives, n&#8217;affecteront pas les r\u00e9sultats annuels de Volkswagen, la majorit\u00e9 des ajustements ayant \u00e9t\u00e9 r\u00e9alis\u00e9s avant que Northvolt ne d\u00e9clare faillite. Volkswagen pr\u00e9voit une marge d\u2019exploitation de <strong>5,6 %<\/strong> et un flux de tr\u00e9sorerie net de <strong>2 milliards d\u2019euros<\/strong> dans sa division automobile pour 2024.<\/p>\n<h3>Silence officiel de Volkswagen<\/h3>\n<p>\nVolkswagen a refus\u00e9 de commenter ces ajustements, soulignant qu&#8217;aucune d\u00e9claration sp\u00e9cifique ne serait faite sur les r\u00e9percussions du d\u00e9p\u00f4t de bilan de Northvolt.<\/p>\n<h3>Autres actionnaires \u00e9galement touch\u00e9s<\/h3>\n<p><\/p>\n<ul><\/p>\n<li><strong>Goldman Sachs<\/strong>, deuxi\u00e8me actionnaire avec 19,2 %, pr\u00e9voit d&#8217;\u00e9liminer enti\u00e8rement la valeur de sa participation, \u00e9valu\u00e9e \u00e0 900 millions de dollars.<\/li>\n<p><\/p>\n<li>Le fonds de pension su\u00e9dois <strong>AMF<\/strong>, parmi les 10 principaux actionnaires, a \u00e9galement ajust\u00e9 ses investissements dans Northvolt. Bien qu&#8217;aucun chiffre pr\u00e9cis n&#8217;ait \u00e9t\u00e9 fourni, un porte-parole a admis que la valeur de Northvolt avait consid\u00e9rablement diminu\u00e9 en un an.<\/li>\n<p><\/p>\n<li><strong>Baillie Gifford<\/strong>, sixi\u00e8me actionnaire avec 4,8 %, a r\u00e9duit la valorisation de sa participation \u00e0 20 millions de livres en septembre 2024, contre 375 millions en mars.<\/li>\n<p>\n<\/ul>\n<p><\/p>\n<h3>Une chute brutale pour Northvolt<\/h3>\n<p>\nLe fabricant de batteries, autrefois symbole de l&#8217;essor des v\u00e9hicules \u00e9lectriques en Europe, fait face \u00e0 une crise qui refl\u00e8te les d\u00e9fis du secteur dans une p\u00e9riode d&#8217;incertitude \u00e9conomique et de lente adoption des v\u00e9hicules \u00e9lectriques.<\/p>\n<p><strong>Avec des renseignements de Reuters<\/strong><\/p>\n<p>Le texte <a rel=\"nofollow\" href=\"https:\/\/annuelauto.ca\/volkswagen-depreciation-northvolt-faillite\/\">Volkswagen r\u00e9vise \u00e0 la baisse sa participation dans Northvolt<\/a> provient de <a rel=\"nofollow\" href=\"https:\/\/annuelauto.ca\">L&#8217;annuel de l&#8217;automobile &#8211; Actualit\u00e9 automobile<\/a><\/p>\n<p><\/p>\n","protected":false},"excerpt":{"rendered":"<p>Volkswagen, principal actionnaire de Northvolt, a consid\u00e9rablement d\u00e9pr\u00e9ci\u00e9 sa participation de 21 % dans le fabricant su\u00e9dois de batteries. Northvolt, qui a r\u00e9cemment d\u00e9pos\u00e9 une demande de protection contre la faillite aux \u00c9tats-Unis, a accumul\u00e9 des retards de production et subi les cons\u00e9quences d&#8217;une demande plus faible que pr\u00e9vue pour les v\u00e9hicules \u00e9lectriques en Europe. [&hellip;]<\/p>\n","protected":false},"author":8,"featured_media":182314,"comment_status":"close","ping_status":"closed","sticky":false,"template":"","format":"standard","meta":{"_monsterinsights_skip_tracking":false,"_monsterinsights_sitenote_active":false,"_monsterinsights_sitenote_note":"","_monsterinsights_sitenote_category":0,"footnotes":""},"categories":[101],"tags":[],"yoast_head":"<!-- This site is optimized with the Yoast SEO plugin v23.2 - https:\/\/yoast.com\/wordpress\/plugins\/seo\/ -->\n<title>Volkswagen r\u00e9vise \u00e0 la baisse sa participation dans Northvolt - CanadaMotorJobs.com<\/title>\n<meta name=\"description\" content=\"Volkswagen r\u00e9vise \u00e0 la baisse sa participation dans Northvolt - Benoit Charette - Annuel automobile - CanadaMotorJobs.com.\" \/>\n<meta name=\"robots\" content=\"index, follow, max-snippet:-1, max-image-preview:large, max-video-preview:-1\" \/>\n<meta property=\"og:locale\" content=\"fr_CA\" \/>\n<meta property=\"og:type\" content=\"article\" \/>\n<meta property=\"og:title\" content=\"Volkswagen r\u00e9vise \u00e0 la baisse sa participation dans Northvolt - CanadaMotorJobs.com\" \/>\n<meta property=\"og:description\" content=\"Volkswagen r\u00e9vise \u00e0 la baisse sa participation dans Northvolt - Benoit Charette - Annuel automobile - CanadaMotorJobs.com.\" \/>\n<meta property=\"og:url\" content=\"https:\/\/news.canadamotorjobs.com\/fr\/volkswagen-revise-a-la-baisse-sa-participation-dans-northvolt\/\" \/>\n<meta property=\"og:site_name\" content=\"CanadaMotorJobs.com\" \/>\n<meta property=\"article:publisher\" content=\"https:\/\/www.facebook.com\/canadamotorjobs\/\" \/>\n<meta property=\"article:published_time\" content=\"2024-11-25T20:33:02+00:00\" \/>\n<meta property=\"article:modified_time\" content=\"2024-11-25T20:43:49+00:00\" \/>\n<meta property=\"og:image\" content=\"https:\/\/news.canadamotorjobs.com\/wp-content\/uploads\/2024\/11\/redirect.jpg\" \/>\n\t<meta property=\"og:image:width\" content=\"980\" \/>\n\t<meta property=\"og:image:height\" content=\"551\" \/>\n\t<meta property=\"og:image:type\" content=\"image\/jpeg\" \/>\n<meta name=\"author\" content=\"Benoit Charette\" \/>\n<meta name=\"twitter:card\" content=\"summary_large_image\" \/>\n<meta name=\"twitter:creator\" content=\"@canadamotorjobs\" \/>\n<meta name=\"twitter:site\" content=\"@canadamotorjobs\" \/>\n<meta name=\"twitter:label1\" content=\"\u00c9crit par\" \/>\n\t<meta name=\"twitter:data1\" content=\"Benoit Charette\" \/>\n\t<meta name=\"twitter:label2\" content=\"Estimation du temps de lecture\" \/>\n\t<meta name=\"twitter:data2\" content=\"2 minutes\" \/>\n<!-- \/ Yoast SEO plugin. -->","yoast_head_json":{"title":"Volkswagen r\u00e9vise \u00e0 la baisse sa participation dans Northvolt - CanadaMotorJobs.com","description":"Volkswagen r\u00e9vise \u00e0 la baisse sa participation dans Northvolt - Benoit Charette - Annuel automobile - CanadaMotorJobs.com.","robots":{"index":"index","follow":"follow","max-snippet":"max-snippet:-1","max-image-preview":"max-image-preview:large","max-video-preview":"max-video-preview:-1"},"og_locale":"fr_CA","og_type":"article","og_title":"Volkswagen r\u00e9vise \u00e0 la baisse sa participation dans Northvolt - CanadaMotorJobs.com","og_description":"Volkswagen r\u00e9vise \u00e0 la baisse sa participation dans Northvolt - Benoit Charette - Annuel automobile - CanadaMotorJobs.com.","og_url":"https:\/\/news.canadamotorjobs.com\/fr\/volkswagen-revise-a-la-baisse-sa-participation-dans-northvolt\/","og_site_name":"CanadaMotorJobs.com","article_publisher":"https:\/\/www.facebook.com\/canadamotorjobs\/","article_published_time":"2024-11-25T20:33:02+00:00","article_modified_time":"2024-11-25T20:43:49+00:00","og_image":[{"width":980,"height":551,"url":"https:\/\/news.canadamotorjobs.com\/wp-content\/uploads\/2024\/11\/redirect.jpg","type":"image\/jpeg"}],"author":"Benoit Charette","twitter_card":"summary_large_image","twitter_creator":"@canadamotorjobs","twitter_site":"@canadamotorjobs","twitter_misc":{"\u00c9crit par":"Benoit Charette","Estimation du temps de lecture":"2 minutes"},"schema":{"@context":"https:\/\/schema.org","@graph":[{"@type":"Article","@id":"https:\/\/news.canadamotorjobs.com\/fr\/volkswagen-revise-a-la-baisse-sa-participation-dans-northvolt\/#article","isPartOf":{"@id":"https:\/\/news.canadamotorjobs.com\/fr\/volkswagen-revise-a-la-baisse-sa-participation-dans-northvolt\/"},"author":{"name":"Benoit Charette","@id":"https:\/\/news.canadamotorjobs.com\/#\/schema\/person\/51793d1f87d44011d7bcc2ed99269a90"},"headline":"Volkswagen r\u00e9vise \u00e0 la baisse sa participation dans Northvolt","datePublished":"2024-11-25T20:33:02+00:00","dateModified":"2024-11-25T20:43:49+00:00","mainEntityOfPage":{"@id":"https:\/\/news.canadamotorjobs.com\/fr\/volkswagen-revise-a-la-baisse-sa-participation-dans-northvolt\/"},"wordCount":380,"publisher":{"@id":"https:\/\/news.canadamotorjobs.com\/#organization"},"image":{"@id":"https:\/\/news.canadamotorjobs.com\/fr\/volkswagen-revise-a-la-baisse-sa-participation-dans-northvolt\/#primaryimage"},"thumbnailUrl":"https:\/\/news.canadamotorjobs.com\/wp-content\/uploads\/2024\/11\/redirect.jpg","articleSection":["Annuel automobile"],"inLanguage":"fr-CA"},{"@type":"WebPage","@id":"https:\/\/news.canadamotorjobs.com\/fr\/volkswagen-revise-a-la-baisse-sa-participation-dans-northvolt\/","url":"https:\/\/news.canadamotorjobs.com\/fr\/volkswagen-revise-a-la-baisse-sa-participation-dans-northvolt\/","name":"Volkswagen r\u00e9vise \u00e0 la baisse sa participation dans Northvolt - CanadaMotorJobs.com","isPartOf":{"@id":"https:\/\/news.canadamotorjobs.com\/#website"},"primaryImageOfPage":{"@id":"https:\/\/news.canadamotorjobs.com\/fr\/volkswagen-revise-a-la-baisse-sa-participation-dans-northvolt\/#primaryimage"},"image":{"@id":"https:\/\/news.canadamotorjobs.com\/fr\/volkswagen-revise-a-la-baisse-sa-participation-dans-northvolt\/#primaryimage"},"thumbnailUrl":"https:\/\/news.canadamotorjobs.com\/wp-content\/uploads\/2024\/11\/redirect.jpg","datePublished":"2024-11-25T20:33:02+00:00","dateModified":"2024-11-25T20:43:49+00:00","description":"Volkswagen r\u00e9vise \u00e0 la baisse sa participation dans Northvolt - Benoit Charette - Annuel automobile - CanadaMotorJobs.com.","breadcrumb":{"@id":"https:\/\/news.canadamotorjobs.com\/fr\/volkswagen-revise-a-la-baisse-sa-participation-dans-northvolt\/#breadcrumb"},"inLanguage":"fr-CA","potentialAction":[{"@type":"ReadAction","target":["https:\/\/news.canadamotorjobs.com\/fr\/volkswagen-revise-a-la-baisse-sa-participation-dans-northvolt\/"]}]},{"@type":"ImageObject","inLanguage":"fr-CA","@id":"https:\/\/news.canadamotorjobs.com\/fr\/volkswagen-revise-a-la-baisse-sa-participation-dans-northvolt\/#primaryimage","url":"https:\/\/news.canadamotorjobs.com\/wp-content\/uploads\/2024\/11\/redirect.jpg","contentUrl":"https:\/\/news.canadamotorjobs.com\/wp-content\/uploads\/2024\/11\/redirect.jpg","width":980,"height":551},{"@type":"BreadcrumbList","@id":"https:\/\/news.canadamotorjobs.com\/fr\/volkswagen-revise-a-la-baisse-sa-participation-dans-northvolt\/#breadcrumb","itemListElement":[{"@type":"ListItem","position":1,"name":"Home","item":"https:\/\/news.canadamotorjobs.com\/fr\/blog\/"},{"@type":"ListItem","position":2,"name":"Volkswagen r\u00e9vise \u00e0 la baisse sa participation dans Northvolt"}]},{"@type":"WebSite","@id":"https:\/\/news.canadamotorjobs.com\/#website","url":"https:\/\/news.canadamotorjobs.com\/","name":"CanadaMotorJobs.com","description":"Automotive Jobs","publisher":{"@id":"https:\/\/news.canadamotorjobs.com\/#organization"},"potentialAction":[{"@type":"SearchAction","target":{"@type":"EntryPoint","urlTemplate":"https:\/\/news.canadamotorjobs.com\/?s={search_term_string}"},"query-input":"required name=search_term_string"}],"inLanguage":"fr-CA"},{"@type":"Organization","@id":"https:\/\/news.canadamotorjobs.com\/#organization","name":"Canada Motor Jobs","url":"https:\/\/news.canadamotorjobs.com\/","logo":{"@type":"ImageObject","inLanguage":"fr-CA","@id":"https:\/\/news.canadamotorjobs.com\/#\/schema\/logo\/image\/","url":"https:\/\/news.canadamotorjobs.com\/wp-content\/uploads\/2022\/10\/logo-canada-motor-jobs-1.png","contentUrl":"https:\/\/news.canadamotorjobs.com\/wp-content\/uploads\/2022\/10\/logo-canada-motor-jobs-1.png","width":800,"height":400,"caption":"Canada Motor Jobs"},"image":{"@id":"https:\/\/news.canadamotorjobs.com\/#\/schema\/logo\/image\/"},"sameAs":["https:\/\/www.facebook.com\/canadamotorjobs\/","https:\/\/x.com\/canadamotorjobs","https:\/\/www.instagram.com\/canadamotorjobs\/","https:\/\/www.linkedin.com\/company\/canadamotorjobs"]},{"@type":"Person","@id":"https:\/\/news.canadamotorjobs.com\/#\/schema\/person\/51793d1f87d44011d7bcc2ed99269a90","name":"Benoit Charette","image":{"@type":"ImageObject","inLanguage":"fr-CA","@id":"https:\/\/news.canadamotorjobs.com\/#\/schema\/person\/image\/","url":"https:\/\/secure.gravatar.com\/avatar\/45f3d2eebcccd909668d7ce7ea7267b6?s=96&d=mm&r=g","contentUrl":"https:\/\/secure.gravatar.com\/avatar\/45f3d2eebcccd909668d7ce7ea7267b6?s=96&d=mm&r=g","caption":"Benoit Charette"},"description":"Benoit Charette \/ Propri\u00e9taire et r\u00e9dacteur en chef Benoit Charette pratique le journalisme automobile depuis bient\u00f4t 30 ans. Il a fait ses classes au c\u00f4t\u00e9 de Daniel H\u00e9raud et au Carnet de route de 1992 \u00e0 2001. Il est fondateur, copropri\u00e9taire et r\u00e9dacteur en chef de L\u2019Annuel de l\u2019automobile, qu\u2019il publie depuis 2001. Il a anim\u00e9 les \u00e9missions RPM et RPM+ sur V et les L\u00e9gendes de la route sur Historia. \u00c0 la radio depuis 1986, il reprend l\u2019antenne cette ann\u00e9e sur les ondes de Cogeco et participe pour la deuxi\u00e8me ann\u00e9e \u00e0 l\u2019\u00e9mission Passion Auto sur RDS en plus de mettre en ligne le site Web officiel de L\u2019Annuel de l\u2019automobile sur annuelauto.ca.","sameAs":["https:\/\/annuelauto.ca\/"],"url":"https:\/\/news.canadamotorjobs.com\/fr\/author\/benoit-charette\/"}]}},"_links":{"self":[{"href":"https:\/\/news.canadamotorjobs.com\/fr\/wp-json\/wp\/v2\/posts\/182312"}],"collection":[{"href":"https:\/\/news.canadamotorjobs.com\/fr\/wp-json\/wp\/v2\/posts"}],"about":[{"href":"https:\/\/news.canadamotorjobs.com\/fr\/wp-json\/wp\/v2\/types\/post"}],"author":[{"embeddable":true,"href":"https:\/\/news.canadamotorjobs.com\/fr\/wp-json\/wp\/v2\/users\/8"}],"replies":[{"embeddable":true,"href":"https:\/\/news.canadamotorjobs.com\/fr\/wp-json\/wp\/v2\/comments?post=182312"}],"version-history":[{"count":2,"href":"https:\/\/news.canadamotorjobs.com\/fr\/wp-json\/wp\/v2\/posts\/182312\/revisions"}],"predecessor-version":[{"id":182316,"href":"https:\/\/news.canadamotorjobs.com\/fr\/wp-json\/wp\/v2\/posts\/182312\/revisions\/182316"}],"wp:featuredmedia":[{"embeddable":true,"href":"https:\/\/news.canadamotorjobs.com\/fr\/wp-json\/wp\/v2\/media\/182314"}],"wp:attachment":[{"href":"https:\/\/news.canadamotorjobs.com\/fr\/wp-json\/wp\/v2\/media?parent=182312"}],"wp:term":[{"taxonomy":"category","embeddable":true,"href":"https:\/\/news.canadamotorjobs.com\/fr\/wp-json\/wp\/v2\/categories?post=182312"},{"taxonomy":"post_tag","embeddable":true,"href":"https:\/\/news.canadamotorjobs.com\/fr\/wp-json\/wp\/v2\/tags?post=182312"}],"curies":[{"name":"wp","href":"https:\/\/api.w.org\/{rel}","templated":true}]}}