{"id":182241,"date":"2024-11-25T07:14:57","date_gmt":"2024-11-25T12:14:57","guid":{"rendered":"https:\/\/news.canadamotorjobs.com\/?p=182241"},"modified":"2024-11-25T07:15:15","modified_gmt":"2024-11-25T12:15:15","slug":"toyota-prepare-le-grand-retour-de-la-celica","status":"publish","type":"post","link":"https:\/\/news.canadamotorjobs.com\/fr\/toyota-prepare-le-grand-retour-de-la-celica\/","title":{"rendered":"Toyota pr\u00e9pare le grand retour de la C\u00e9lica"},"content":{"rendered":"<\/p>\n<p>Les fans de la C\u00e9lica ont attendu des ann\u00e9es. En 2017, Toyota avait d\u00e9pos\u00e9 un brevet pour relancer le nom, mais celui-ci a expir\u00e9 en 2021 sans aboutir. Cependant, en octobre dernier, Toyota a de nouveau revendiqu\u00e9 la marque aupr\u00e8s de l\u2019USPTO (United States Patent and Trademark Office), d\u00e9crivant la C\u00e9lica comme des &#8220;automobiles et leurs pi\u00e8ces structurelles&#8221;.<\/p>\n<h3>Une renaissance en pleine transition \u00e9nerg\u00e9tique<\/h3>\n<p>\nDans une industrie automobile en marche vers l&#8217;\u00e9lectrification, Toyota adopte une strat\u00e9gie singuli\u00e8re en ne tournant pas le dos enti\u00e8rement aux moteurs thermiques. Conscient de son retard sur le march\u00e9 des v\u00e9hicules \u00e9lectriques (VE), le constructeur mise sur des solutions hybrides et des moteurs \u00e0 combustion interne (ICE). La C\u00e9lica pourrait ainsi revenir sous la forme d\u2019un mod\u00e8le thermique, propuls\u00e9 par l\u2019un des moteurs les plus performants de Toyota. En effet, le constructeur a r\u00e9cemment d\u00e9voil\u00e9 son travail sur un moteur 2.0 litres turbo pouvant produire jusqu&#8217;\u00e0 600 chevaux. Cette m\u00e9canique surpuissante pourrait trouver sa place sous le capot de la huiti\u00e8me g\u00e9n\u00e9ration de C\u00e9lica.<\/p>\n<h3>Un moteur \u00e0 la hauteur des attentes<\/h3>\n<p>\nLe moteur d\u00e9velopp\u00e9 par Toyota d\u00e9passerait les performances du c\u00e9l\u00e8bre 2.0 litres Mercedes-AMG M139, qui produit 421 chevaux . Parall\u00e8lement, Toyota pourrait \u00e9galement proposer une version hybride, utilisant le moteur 1.6 litres trois cylindres turbo d\u00e9j\u00e0 \u00e9prouv\u00e9 dans la GR Yaris. Les puristes esp\u00e8rent \u00e9galement une transmission manuelle, mais cette option reste \u00e0 confirmer.<\/p>\n<h3>Confirmation officielle de Toyota<\/h3>\n<p>\nHiroi Nakajima, directeur de la technologie de Toyota, a confirm\u00e9 lors du Championnat du monde des rallyes que la C\u00e9lica \u00e9tait bien en d\u00e9veloppement. &#8220;De nombreuses personnes au sein de l&#8217;entreprise attendent avec impatience la C\u00e9lica&#8221;, a-t-il d\u00e9clar\u00e9. Bien qu\u2019aucun prototype ne soit encore visible, cette d\u00e9claration marque une \u00e9tape majeure pour les amateurs de la sportive l\u00e9gendaire.<\/p>\n<h3>La vision de Koji Sato<\/h3>\n<p>\nL\u2019an dernier, Koji Sato, nouvellement \u00e9lu pr\u00e9sident de Toyota, avait d\u00e9j\u00e0 annonc\u00e9 son ambition de ressusciter la C\u00e9lica. Ses propos et les r\u00e9cents d\u00e9veloppements confirment que le retour de cette ic\u00f4ne n\u2019est plus un r\u00eave lointain. Avec presque deux d\u00e9cennies de pause, la C\u00e9lica s&#8217;appr\u00eate \u00e0 reprendre la route. Son avenir repose sur un m\u00e9lange d\u2019innovation technologique et de respect pour son riche h\u00e9ritage, r\u00e9pondant ainsi aux attentes des passionn\u00e9s et aux d\u00e9fis de l\u2019industrie actuelle.<\/p>\n<h3>Un mod\u00e8le qui fait r\u00eaver<\/h3>\n<p>\nLe retour de la C\u00e9lica, pr\u00e9vu dans les ann\u00e9es \u00e0 venir, promet d\u2019\u00eatre un moment charni\u00e8re pour Toyota. Entre tradition et modernit\u00e9, cette sportive embl\u00e9matique pourrait red\u00e9finir l\u2019avenir des v\u00e9hicules de la marque dans un monde en pleine mutation.<\/p>\n<p>Avec des renseignements d&#8217;Auto evolution<\/p>\n<p>Le texte <a rel=\"nofollow\" href=\"https:\/\/annuelauto.ca\/toyota-prepare-le-grand-retour-de-la-celica\/\">Toyota pr\u00e9pare le grand retour de la C\u00e9lica<\/a> provient de <a rel=\"nofollow\" href=\"https:\/\/annuelauto.ca\">L&#8217;annuel de l&#8217;automobile &#8211; Actualit\u00e9 automobile<\/a><\/p>\n<p><\/p>\n","protected":false},"excerpt":{"rendered":"<p>Les fans de la C\u00e9lica ont attendu des ann\u00e9es. En 2017, Toyota avait d\u00e9pos\u00e9 un brevet pour relancer le nom, mais celui-ci a expir\u00e9 en 2021 sans aboutir. Cependant, en octobre dernier, Toyota a de nouveau revendiqu\u00e9 la marque aupr\u00e8s de l\u2019USPTO (United States Patent and Trademark Office), d\u00e9crivant la C\u00e9lica comme des &#8220;automobiles et [&hellip;]<\/p>\n","protected":false},"author":8,"featured_media":182243,"comment_status":"close","ping_status":"closed","sticky":false,"template":"","format":"standard","meta":{"_monsterinsights_skip_tracking":false,"_monsterinsights_sitenote_active":false,"_monsterinsights_sitenote_note":"","_monsterinsights_sitenote_category":0,"footnotes":""},"categories":[101],"tags":[],"yoast_head":"<!-- This site is optimized with the Yoast SEO plugin v23.2 - https:\/\/yoast.com\/wordpress\/plugins\/seo\/ -->\n<title>Toyota pr\u00e9pare le grand retour de la C\u00e9lica - CanadaMotorJobs.com<\/title>\n<meta name=\"description\" content=\"Toyota pr\u00e9pare le grand retour de la C\u00e9lica - Benoit Charette - Annuel automobile - CanadaMotorJobs.com.\" \/>\n<meta name=\"robots\" content=\"index, follow, max-snippet:-1, max-image-preview:large, max-video-preview:-1\" \/>\n<meta property=\"og:locale\" content=\"fr_CA\" \/>\n<meta property=\"og:type\" content=\"article\" \/>\n<meta property=\"og:title\" content=\"Toyota pr\u00e9pare le grand retour de la C\u00e9lica - CanadaMotorJobs.com\" \/>\n<meta property=\"og:description\" content=\"Toyota pr\u00e9pare le grand retour de la C\u00e9lica - Benoit Charette - Annuel automobile - CanadaMotorJobs.com.\" \/>\n<meta property=\"og:url\" content=\"https:\/\/news.canadamotorjobs.com\/fr\/toyota-prepare-le-grand-retour-de-la-celica\/\" \/>\n<meta property=\"og:site_name\" content=\"CanadaMotorJobs.com\" \/>\n<meta property=\"article:publisher\" content=\"https:\/\/www.facebook.com\/canadamotorjobs\/\" \/>\n<meta property=\"article:published_time\" content=\"2024-11-25T12:14:57+00:00\" \/>\n<meta property=\"article:modified_time\" content=\"2024-11-25T12:15:15+00:00\" \/>\n<meta property=\"og:image\" content=\"https:\/\/news.canadamotorjobs.com\/wp-content\/uploads\/2024\/11\/maxresdefault-1-1.jpg\" \/>\n\t<meta property=\"og:image:width\" content=\"1280\" \/>\n\t<meta property=\"og:image:height\" content=\"720\" \/>\n\t<meta property=\"og:image:type\" content=\"image\/jpeg\" \/>\n<meta name=\"author\" content=\"Benoit Charette\" \/>\n<meta name=\"twitter:card\" content=\"summary_large_image\" \/>\n<meta name=\"twitter:creator\" content=\"@canadamotorjobs\" \/>\n<meta name=\"twitter:site\" content=\"@canadamotorjobs\" \/>\n<meta name=\"twitter:label1\" content=\"\u00c9crit par\" \/>\n\t<meta name=\"twitter:data1\" content=\"Benoit Charette\" \/>\n\t<meta name=\"twitter:label2\" content=\"Estimation du temps de lecture\" \/>\n\t<meta name=\"twitter:data2\" content=\"2 minutes\" \/>\n<!-- \/ Yoast SEO plugin. -->","yoast_head_json":{"title":"Toyota pr\u00e9pare le grand retour de la C\u00e9lica - CanadaMotorJobs.com","description":"Toyota pr\u00e9pare le grand retour de la C\u00e9lica - Benoit Charette - Annuel automobile - CanadaMotorJobs.com.","robots":{"index":"index","follow":"follow","max-snippet":"max-snippet:-1","max-image-preview":"max-image-preview:large","max-video-preview":"max-video-preview:-1"},"og_locale":"fr_CA","og_type":"article","og_title":"Toyota pr\u00e9pare le grand retour de la C\u00e9lica - CanadaMotorJobs.com","og_description":"Toyota pr\u00e9pare le grand retour de la C\u00e9lica - Benoit Charette - Annuel automobile - CanadaMotorJobs.com.","og_url":"https:\/\/news.canadamotorjobs.com\/fr\/toyota-prepare-le-grand-retour-de-la-celica\/","og_site_name":"CanadaMotorJobs.com","article_publisher":"https:\/\/www.facebook.com\/canadamotorjobs\/","article_published_time":"2024-11-25T12:14:57+00:00","article_modified_time":"2024-11-25T12:15:15+00:00","og_image":[{"width":1280,"height":720,"url":"https:\/\/news.canadamotorjobs.com\/wp-content\/uploads\/2024\/11\/maxresdefault-1-1.jpg","type":"image\/jpeg"}],"author":"Benoit Charette","twitter_card":"summary_large_image","twitter_creator":"@canadamotorjobs","twitter_site":"@canadamotorjobs","twitter_misc":{"\u00c9crit par":"Benoit Charette","Estimation du temps de lecture":"2 minutes"},"schema":{"@context":"https:\/\/schema.org","@graph":[{"@type":"Article","@id":"https:\/\/news.canadamotorjobs.com\/fr\/toyota-prepare-le-grand-retour-de-la-celica\/#article","isPartOf":{"@id":"https:\/\/news.canadamotorjobs.com\/fr\/toyota-prepare-le-grand-retour-de-la-celica\/"},"author":{"name":"Benoit Charette","@id":"https:\/\/news.canadamotorjobs.com\/#\/schema\/person\/51793d1f87d44011d7bcc2ed99269a90"},"headline":"Toyota pr\u00e9pare le grand retour de la C\u00e9lica","datePublished":"2024-11-25T12:14:57+00:00","dateModified":"2024-11-25T12:15:15+00:00","mainEntityOfPage":{"@id":"https:\/\/news.canadamotorjobs.com\/fr\/toyota-prepare-le-grand-retour-de-la-celica\/"},"wordCount":512,"publisher":{"@id":"https:\/\/news.canadamotorjobs.com\/#organization"},"image":{"@id":"https:\/\/news.canadamotorjobs.com\/fr\/toyota-prepare-le-grand-retour-de-la-celica\/#primaryimage"},"thumbnailUrl":"https:\/\/news.canadamotorjobs.com\/wp-content\/uploads\/2024\/11\/maxresdefault-1-1.jpg","articleSection":["Annuel automobile"],"inLanguage":"fr-CA"},{"@type":"WebPage","@id":"https:\/\/news.canadamotorjobs.com\/fr\/toyota-prepare-le-grand-retour-de-la-celica\/","url":"https:\/\/news.canadamotorjobs.com\/fr\/toyota-prepare-le-grand-retour-de-la-celica\/","name":"Toyota pr\u00e9pare le grand retour de la C\u00e9lica - CanadaMotorJobs.com","isPartOf":{"@id":"https:\/\/news.canadamotorjobs.com\/#website"},"primaryImageOfPage":{"@id":"https:\/\/news.canadamotorjobs.com\/fr\/toyota-prepare-le-grand-retour-de-la-celica\/#primaryimage"},"image":{"@id":"https:\/\/news.canadamotorjobs.com\/fr\/toyota-prepare-le-grand-retour-de-la-celica\/#primaryimage"},"thumbnailUrl":"https:\/\/news.canadamotorjobs.com\/wp-content\/uploads\/2024\/11\/maxresdefault-1-1.jpg","datePublished":"2024-11-25T12:14:57+00:00","dateModified":"2024-11-25T12:15:15+00:00","description":"Toyota pr\u00e9pare le grand retour de la C\u00e9lica - Benoit Charette - Annuel automobile - CanadaMotorJobs.com.","breadcrumb":{"@id":"https:\/\/news.canadamotorjobs.com\/fr\/toyota-prepare-le-grand-retour-de-la-celica\/#breadcrumb"},"inLanguage":"fr-CA","potentialAction":[{"@type":"ReadAction","target":["https:\/\/news.canadamotorjobs.com\/fr\/toyota-prepare-le-grand-retour-de-la-celica\/"]}]},{"@type":"ImageObject","inLanguage":"fr-CA","@id":"https:\/\/news.canadamotorjobs.com\/fr\/toyota-prepare-le-grand-retour-de-la-celica\/#primaryimage","url":"https:\/\/news.canadamotorjobs.com\/wp-content\/uploads\/2024\/11\/maxresdefault-1-1.jpg","contentUrl":"https:\/\/news.canadamotorjobs.com\/wp-content\/uploads\/2024\/11\/maxresdefault-1-1.jpg","width":1280,"height":720},{"@type":"BreadcrumbList","@id":"https:\/\/news.canadamotorjobs.com\/fr\/toyota-prepare-le-grand-retour-de-la-celica\/#breadcrumb","itemListElement":[{"@type":"ListItem","position":1,"name":"Home","item":"https:\/\/news.canadamotorjobs.com\/fr\/blog\/"},{"@type":"ListItem","position":2,"name":"Toyota pr\u00e9pare le grand retour de la C\u00e9lica"}]},{"@type":"WebSite","@id":"https:\/\/news.canadamotorjobs.com\/#website","url":"https:\/\/news.canadamotorjobs.com\/","name":"CanadaMotorJobs.com","description":"Automotive Jobs","publisher":{"@id":"https:\/\/news.canadamotorjobs.com\/#organization"},"potentialAction":[{"@type":"SearchAction","target":{"@type":"EntryPoint","urlTemplate":"https:\/\/news.canadamotorjobs.com\/?s={search_term_string}"},"query-input":"required name=search_term_string"}],"inLanguage":"fr-CA"},{"@type":"Organization","@id":"https:\/\/news.canadamotorjobs.com\/#organization","name":"Canada Motor Jobs","url":"https:\/\/news.canadamotorjobs.com\/","logo":{"@type":"ImageObject","inLanguage":"fr-CA","@id":"https:\/\/news.canadamotorjobs.com\/#\/schema\/logo\/image\/","url":"https:\/\/news.canadamotorjobs.com\/wp-content\/uploads\/2022\/10\/logo-canada-motor-jobs-1.png","contentUrl":"https:\/\/news.canadamotorjobs.com\/wp-content\/uploads\/2022\/10\/logo-canada-motor-jobs-1.png","width":800,"height":400,"caption":"Canada Motor Jobs"},"image":{"@id":"https:\/\/news.canadamotorjobs.com\/#\/schema\/logo\/image\/"},"sameAs":["https:\/\/www.facebook.com\/canadamotorjobs\/","https:\/\/x.com\/canadamotorjobs","https:\/\/www.instagram.com\/canadamotorjobs\/","https:\/\/www.linkedin.com\/company\/canadamotorjobs"]},{"@type":"Person","@id":"https:\/\/news.canadamotorjobs.com\/#\/schema\/person\/51793d1f87d44011d7bcc2ed99269a90","name":"Benoit Charette","image":{"@type":"ImageObject","inLanguage":"fr-CA","@id":"https:\/\/news.canadamotorjobs.com\/#\/schema\/person\/image\/","url":"https:\/\/secure.gravatar.com\/avatar\/45f3d2eebcccd909668d7ce7ea7267b6?s=96&d=mm&r=g","contentUrl":"https:\/\/secure.gravatar.com\/avatar\/45f3d2eebcccd909668d7ce7ea7267b6?s=96&d=mm&r=g","caption":"Benoit Charette"},"description":"Benoit Charette \/ Propri\u00e9taire et r\u00e9dacteur en chef Benoit Charette pratique le journalisme automobile depuis bient\u00f4t 30 ans. Il a fait ses classes au c\u00f4t\u00e9 de Daniel H\u00e9raud et au Carnet de route de 1992 \u00e0 2001. Il est fondateur, copropri\u00e9taire et r\u00e9dacteur en chef de L\u2019Annuel de l\u2019automobile, qu\u2019il publie depuis 2001. Il a anim\u00e9 les \u00e9missions RPM et RPM+ sur V et les L\u00e9gendes de la route sur Historia. \u00c0 la radio depuis 1986, il reprend l\u2019antenne cette ann\u00e9e sur les ondes de Cogeco et participe pour la deuxi\u00e8me ann\u00e9e \u00e0 l\u2019\u00e9mission Passion Auto sur RDS en plus de mettre en ligne le site Web officiel de L\u2019Annuel de l\u2019automobile sur annuelauto.ca.","sameAs":["https:\/\/annuelauto.ca\/"],"url":"https:\/\/news.canadamotorjobs.com\/fr\/author\/benoit-charette\/"}]}},"_links":{"self":[{"href":"https:\/\/news.canadamotorjobs.com\/fr\/wp-json\/wp\/v2\/posts\/182241"}],"collection":[{"href":"https:\/\/news.canadamotorjobs.com\/fr\/wp-json\/wp\/v2\/posts"}],"about":[{"href":"https:\/\/news.canadamotorjobs.com\/fr\/wp-json\/wp\/v2\/types\/post"}],"author":[{"embeddable":true,"href":"https:\/\/news.canadamotorjobs.com\/fr\/wp-json\/wp\/v2\/users\/8"}],"replies":[{"embeddable":true,"href":"https:\/\/news.canadamotorjobs.com\/fr\/wp-json\/wp\/v2\/comments?post=182241"}],"version-history":[{"count":2,"href":"https:\/\/news.canadamotorjobs.com\/fr\/wp-json\/wp\/v2\/posts\/182241\/revisions"}],"predecessor-version":[{"id":182245,"href":"https:\/\/news.canadamotorjobs.com\/fr\/wp-json\/wp\/v2\/posts\/182241\/revisions\/182245"}],"wp:featuredmedia":[{"embeddable":true,"href":"https:\/\/news.canadamotorjobs.com\/fr\/wp-json\/wp\/v2\/media\/182243"}],"wp:attachment":[{"href":"https:\/\/news.canadamotorjobs.com\/fr\/wp-json\/wp\/v2\/media?parent=182241"}],"wp:term":[{"taxonomy":"category","embeddable":true,"href":"https:\/\/news.canadamotorjobs.com\/fr\/wp-json\/wp\/v2\/categories?post=182241"},{"taxonomy":"post_tag","embeddable":true,"href":"https:\/\/news.canadamotorjobs.com\/fr\/wp-json\/wp\/v2\/tags?post=182241"}],"curies":[{"name":"wp","href":"https:\/\/api.w.org\/{rel}","templated":true}]}}