{"id":182159,"date":"2024-11-22T13:11:36","date_gmt":"2024-11-22T18:11:36","guid":{"rendered":"https:\/\/news.canadamotorjobs.com\/?p=182159"},"modified":"2024-11-22T13:44:09","modified_gmt":"2024-11-22T18:44:09","slug":"toyota-teste-une-camionnette-hilux-electrique-en-australie","status":"publish","type":"post","link":"https:\/\/news.canadamotorjobs.com\/fr\/toyota-teste-une-camionnette-hilux-electrique-en-australie\/","title":{"rendered":"Toyota teste une camionnette Hilux \u00e9lectrique en Australie"},"content":{"rendered":"<\/p>\n<p><a href=\"https:\/\/annuelauto.ca\/top-10-voitures-volees-canada-2023\/\" target=\"_blank\" rel=\"noopener noreferrer\">Toyota<\/a> pr\u00e9pare une version <a href=\"https:\/\/annuelauto.ca\/hyundai-ioniq-9-vus-electrique-trois-rangees\/\" target=\"_blank\" rel=\"noopener noreferrer\">\u00e9lectrique<\/a> de la <a href=\"https:\/\/annuelauto.ca\/toyota-hilux-1971-a-vendre-mais-pas-donne\/\" target=\"_blank\" rel=\"noopener noreferrer\">Hilux<\/a>, la camionnette vendue par ce constructeur nippon ailleurs qu\u2019en Am\u00e9rique du Nord. Un prototype \u00e0 batterie d\u2019une Hilux Double Cab sera d\u2019ailleurs bient\u00f4t mis \u00e0 l\u2019essai par la soci\u00e9t\u00e9 mini\u00e8re BHP, en Australie. Ces deux entreprises en ont fait l\u2019annonce par voie de communiqu\u00e9 \u00e0 la fin d\u2019octobre.<\/p>\n<p>D\u2019une dur\u00e9e de 12\u00a0mois, ce test commencera d\u2019ici la fin du mois de novembre et il sera r\u00e9alis\u00e9 dans les installations portuaires de BHP \u00e0 Port Hedland, sur la c\u00f4te nord de l\u2019Australie-Occidentale. Ces installations servent \u00e0 l\u2019exportation de minerai de fer.<\/p>\n<p>Ce prototype \u00e9lectrique se substituera \u00e0 divers mod\u00e8les similaires dot\u00e9s de moteurs diesel. Il servira aux t\u00e2ches g\u00e9n\u00e9ralement attribu\u00e9es \u00e0 ces derniers, pr\u00e9cise la mini\u00e8re.<\/p>\n<p>Gr\u00e2ce \u00e0 ce test, Toyota entend recueillir des donn\u00e9es brutes et objectives qui l\u2019aideront \u00e0 fa\u00e7onner un futur mod\u00e8le de production. Du m\u00eame coup, le constructeur souhaite d\u00e9montrer qu\u2019une camionnette Hilux \u00e9lectrique serait en mesure de r\u00e9pondre aux exigences rigoureuses de travaux industriels.<\/p>\n<h3><strong>Une mini\u00e8re qui a h\u00e2te d\u2019\u00e9lectrifier ses camions l\u00e9gers<\/strong><\/h3>\n<p>\nCe test que r\u00e9aliseront Toyota et BHP fait suite \u00e0 la signature par les deux soci\u00e9t\u00e9s d&#8217;un protocole d\u2019entente en ao\u00fbt 2023, qui vise \u00e0 \u00ab\u00a0promouvoir les mesures de d\u00e9carbonisation dans les op\u00e9rations australiennes de BHP.\u00a0\u00bb<\/p>\n<p>\u00ab\u00a0L\u2019ambition que nous avons d&#8217;\u00e9lectrifier notre parc de v\u00e9hicules l\u00e9gers pour r\u00e9duire les \u00e9missions de gaz \u00e0 effet de serre dans l&#8217;ensemble de nos op\u00e9rations d\u00e9pend d&#8217;une technologie habilitante qui ne peut \u00eatre obtenue qu\u2019avec des collaborations comme celle-ci, avec des partenaires de premier plan comme Toyota\u00a0\u00bb, explique la pr\u00e9sidente de BHP Australia, Geraldine Slattery, dans le communiqu\u00e9.<\/p>\n<p>Elle ajoute\u00a0: \u00ab\u00a0Avec environ 5\u00a0000 v\u00e9hicules l\u00e9gers sur nos diff\u00e9rents sites australiens, nous sommes impatients de mettre le Hilux \u00e9lectrique \u00e0 l&#8217;\u00e9preuve et de voir le potentiel qu&#8217;il peut apporter, non seulement pour r\u00e9duire l&#8217;utilisation du diesel dans l&#8217;exploitation mini\u00e8re, mais aussi \u00e0 terme pour tous les conducteurs utilisant ce mod\u00e8le de camionnette. \u00bb<\/p>\n<h3><strong>Un prototype qui succ\u00e8de au concept Hilux Revo BEV<\/strong><\/h3>\n<p>\nAu moment d\u2019annoncer ce test, le constructeur s\u2019est malheureusement gard\u00e9 de r\u00e9v\u00e9ler quoi que ce soit au sujet des caract\u00e9ristiques techniques du prototype \u00e9lectrique, le premier du genre r\u00e9alis\u00e9 sur la base d\u2019une camionnette Hilux. On ne sait donc rien sur sa motorisation et sa puissance ni sur le type de batterie utilis\u00e9 et sa capacit\u00e9.<\/p>\n<p>En outre, la mise en service de ce prototype survient environ deux ans apr\u00e8s le d\u00e9voilement de la Hilux Revo BEV au Salon de Bangkok, en d\u00e9cembre 2022. Lors de la pr\u00e9sentation de ce v\u00e9hicule-concept \u00e0 motorisation \u00e9lectrique pour usage citadin, Toyota laissait miroiter une \u00e9ventuelle commercialisation. Certaines sources non officielles pr\u00e9tendent d\u2019ailleurs qu\u2019elle pourrait entrer en production en Tha\u00eflande d\u2019ici un ou deux ans.<\/p>\n<p>Destin\u00e9 \u00e0 certains march\u00e9s d\u2019Asie du Sud-Est, ce v\u00e9hicule ferait ses d\u00e9buts dans la foul\u00e9e du lancement d\u2019une version modernis\u00e9e de la Hilux, qui est pressenti pour 2025, du moins d\u2019apr\u00e8s les m\u00e9dias sp\u00e9cialis\u00e9s de cette r\u00e9gion du monde.<\/p>\n<h3><strong>Autonomie adapt\u00e9e aux march\u00e9s cibl\u00e9s<\/strong><\/h3>\n<p>\nPar ailleurs, certaines de ces sources non officielles attribuent \u00e0 cette future camionnette \u00e9lectrique une autonomie d\u2019environ 200 kilom\u00e8tres. D\u2019un point de vue nord-am\u00e9ricain, ce chiffre para\u00eet nettement insuffisant. Par contre, pour l\u2019automobiliste cibl\u00e9 par ce v\u00e9hicule, qui doit se d\u00e9placer dans des villes dens\u00e9ment peupl\u00e9es o\u00f9 le trafic est intense, la perception sera tr\u00e8s diff\u00e9rente. Une autonomie pareille signifie que la batterie serait de taille r\u00e9duite et, donc, moins lourde et moins co\u00fbteuse. Cela permettrait \u00e0 un v\u00e9hicule \u00e9lectrique du genre d\u2019avoir une capacit\u00e9 de charge satisfaisante et son prix ne serait pas exag\u00e9r\u00e9ment grev\u00e9 par la valeur de la batterie, deux facteurs importants pour la client\u00e8le cibl\u00e9e dans cette r\u00e9gion du monde.<\/p>\n<p><em>Photos : Toyota<\/em><\/p>\n<p>Le texte <a rel=\"nofollow\" href=\"https:\/\/annuelauto.ca\/toyota-teste-une-camionnette-hilux-electrique-en-australie\/\">Toyota teste une camionnette Hilux \u00e9lectrique en Australie<\/a> provient de <a rel=\"nofollow\" href=\"https:\/\/annuelauto.ca\">L&#8217;annuel de l&#8217;automobile &#8211; Actualit\u00e9 automobile<\/a><\/p>\n<p><\/p>\n","protected":false},"excerpt":{"rendered":"<p>Toyota pr\u00e9pare une version \u00e9lectrique de la Hilux, la camionnette vendue par ce constructeur nippon ailleurs qu\u2019en Am\u00e9rique du Nord. Un prototype \u00e0 batterie d\u2019une Hilux Double Cab sera d\u2019ailleurs bient\u00f4t mis \u00e0 l\u2019essai par la soci\u00e9t\u00e9 mini\u00e8re BHP, en Australie. Ces deux entreprises en ont fait l\u2019annonce par voie de communiqu\u00e9 \u00e0 la fin [&hellip;]<\/p>\n","protected":false},"author":8,"featured_media":182161,"comment_status":"close","ping_status":"closed","sticky":false,"template":"","format":"standard","meta":{"_monsterinsights_skip_tracking":false,"_monsterinsights_sitenote_active":false,"_monsterinsights_sitenote_note":"","_monsterinsights_sitenote_category":0,"footnotes":""},"categories":[101],"tags":[],"yoast_head":"<!-- This site is optimized with the Yoast SEO plugin v23.2 - https:\/\/yoast.com\/wordpress\/plugins\/seo\/ -->\n<title>Toyota teste une camionnette Hilux \u00e9lectrique en Australie - CanadaMotorJobs.com<\/title>\n<meta name=\"description\" content=\"Toyota teste une camionnette Hilux \u00e9lectrique en Australie - Benoit Charette - Annuel automobile - CanadaMotorJobs.com.\" \/>\n<meta name=\"robots\" content=\"index, follow, max-snippet:-1, max-image-preview:large, max-video-preview:-1\" \/>\n<meta property=\"og:locale\" content=\"fr_CA\" \/>\n<meta property=\"og:type\" content=\"article\" \/>\n<meta property=\"og:title\" content=\"Toyota teste une camionnette Hilux \u00e9lectrique en Australie - CanadaMotorJobs.com\" \/>\n<meta property=\"og:description\" content=\"Toyota teste une camionnette Hilux \u00e9lectrique en Australie - Benoit Charette - Annuel automobile - CanadaMotorJobs.com.\" \/>\n<meta property=\"og:url\" content=\"https:\/\/news.canadamotorjobs.com\/fr\/toyota-teste-une-camionnette-hilux-electrique-en-australie\/\" \/>\n<meta property=\"og:site_name\" content=\"CanadaMotorJobs.com\" \/>\n<meta property=\"article:publisher\" content=\"https:\/\/www.facebook.com\/canadamotorjobs\/\" \/>\n<meta property=\"article:published_time\" content=\"2024-11-22T18:11:36+00:00\" \/>\n<meta property=\"article:modified_time\" content=\"2024-11-22T18:44:09+00:00\" \/>\n<meta property=\"og:image\" content=\"https:\/\/news.canadamotorjobs.com\/wp-content\/uploads\/2024\/11\/Toyota-Hilux-Double-Cab-BEV-prototype-2024-5.jpg\" \/>\n\t<meta property=\"og:image:width\" content=\"1024\" \/>\n\t<meta property=\"og:image:height\" content=\"683\" \/>\n\t<meta property=\"og:image:type\" content=\"image\/jpeg\" \/>\n<meta name=\"author\" content=\"Benoit Charette\" \/>\n<meta name=\"twitter:card\" content=\"summary_large_image\" \/>\n<meta name=\"twitter:creator\" content=\"@canadamotorjobs\" \/>\n<meta name=\"twitter:site\" content=\"@canadamotorjobs\" \/>\n<meta name=\"twitter:label1\" content=\"\u00c9crit par\" \/>\n\t<meta name=\"twitter:data1\" content=\"Benoit Charette\" \/>\n\t<meta name=\"twitter:label2\" content=\"Estimation du temps de lecture\" \/>\n\t<meta name=\"twitter:data2\" content=\"4 minutes\" \/>\n<!-- \/ Yoast SEO plugin. -->","yoast_head_json":{"title":"Toyota teste une camionnette Hilux \u00e9lectrique en Australie - CanadaMotorJobs.com","description":"Toyota teste une camionnette Hilux \u00e9lectrique en Australie - Benoit Charette - Annuel automobile - CanadaMotorJobs.com.","robots":{"index":"index","follow":"follow","max-snippet":"max-snippet:-1","max-image-preview":"max-image-preview:large","max-video-preview":"max-video-preview:-1"},"og_locale":"fr_CA","og_type":"article","og_title":"Toyota teste une camionnette Hilux \u00e9lectrique en Australie - CanadaMotorJobs.com","og_description":"Toyota teste une camionnette Hilux \u00e9lectrique en Australie - Benoit Charette - Annuel automobile - CanadaMotorJobs.com.","og_url":"https:\/\/news.canadamotorjobs.com\/fr\/toyota-teste-une-camionnette-hilux-electrique-en-australie\/","og_site_name":"CanadaMotorJobs.com","article_publisher":"https:\/\/www.facebook.com\/canadamotorjobs\/","article_published_time":"2024-11-22T18:11:36+00:00","article_modified_time":"2024-11-22T18:44:09+00:00","og_image":[{"width":1024,"height":683,"url":"https:\/\/news.canadamotorjobs.com\/wp-content\/uploads\/2024\/11\/Toyota-Hilux-Double-Cab-BEV-prototype-2024-5.jpg","type":"image\/jpeg"}],"author":"Benoit Charette","twitter_card":"summary_large_image","twitter_creator":"@canadamotorjobs","twitter_site":"@canadamotorjobs","twitter_misc":{"\u00c9crit par":"Benoit Charette","Estimation du temps de lecture":"4 minutes"},"schema":{"@context":"https:\/\/schema.org","@graph":[{"@type":"Article","@id":"https:\/\/news.canadamotorjobs.com\/fr\/toyota-teste-une-camionnette-hilux-electrique-en-australie\/#article","isPartOf":{"@id":"https:\/\/news.canadamotorjobs.com\/fr\/toyota-teste-une-camionnette-hilux-electrique-en-australie\/"},"author":{"name":"Benoit Charette","@id":"https:\/\/news.canadamotorjobs.com\/#\/schema\/person\/51793d1f87d44011d7bcc2ed99269a90"},"headline":"Toyota teste une camionnette Hilux \u00e9lectrique en Australie","datePublished":"2024-11-22T18:11:36+00:00","dateModified":"2024-11-22T18:44:09+00:00","mainEntityOfPage":{"@id":"https:\/\/news.canadamotorjobs.com\/fr\/toyota-teste-une-camionnette-hilux-electrique-en-australie\/"},"wordCount":740,"publisher":{"@id":"https:\/\/news.canadamotorjobs.com\/#organization"},"image":{"@id":"https:\/\/news.canadamotorjobs.com\/fr\/toyota-teste-une-camionnette-hilux-electrique-en-australie\/#primaryimage"},"thumbnailUrl":"https:\/\/news.canadamotorjobs.com\/wp-content\/uploads\/2024\/11\/Toyota-Hilux-Double-Cab-BEV-prototype-2024-5.jpg","articleSection":["Annuel automobile"],"inLanguage":"fr-CA"},{"@type":"WebPage","@id":"https:\/\/news.canadamotorjobs.com\/fr\/toyota-teste-une-camionnette-hilux-electrique-en-australie\/","url":"https:\/\/news.canadamotorjobs.com\/fr\/toyota-teste-une-camionnette-hilux-electrique-en-australie\/","name":"Toyota teste une camionnette Hilux \u00e9lectrique en Australie - CanadaMotorJobs.com","isPartOf":{"@id":"https:\/\/news.canadamotorjobs.com\/#website"},"primaryImageOfPage":{"@id":"https:\/\/news.canadamotorjobs.com\/fr\/toyota-teste-une-camionnette-hilux-electrique-en-australie\/#primaryimage"},"image":{"@id":"https:\/\/news.canadamotorjobs.com\/fr\/toyota-teste-une-camionnette-hilux-electrique-en-australie\/#primaryimage"},"thumbnailUrl":"https:\/\/news.canadamotorjobs.com\/wp-content\/uploads\/2024\/11\/Toyota-Hilux-Double-Cab-BEV-prototype-2024-5.jpg","datePublished":"2024-11-22T18:11:36+00:00","dateModified":"2024-11-22T18:44:09+00:00","description":"Toyota teste une camionnette Hilux \u00e9lectrique en Australie - Benoit Charette - Annuel automobile - CanadaMotorJobs.com.","breadcrumb":{"@id":"https:\/\/news.canadamotorjobs.com\/fr\/toyota-teste-une-camionnette-hilux-electrique-en-australie\/#breadcrumb"},"inLanguage":"fr-CA","potentialAction":[{"@type":"ReadAction","target":["https:\/\/news.canadamotorjobs.com\/fr\/toyota-teste-une-camionnette-hilux-electrique-en-australie\/"]}]},{"@type":"ImageObject","inLanguage":"fr-CA","@id":"https:\/\/news.canadamotorjobs.com\/fr\/toyota-teste-une-camionnette-hilux-electrique-en-australie\/#primaryimage","url":"https:\/\/news.canadamotorjobs.com\/wp-content\/uploads\/2024\/11\/Toyota-Hilux-Double-Cab-BEV-prototype-2024-5.jpg","contentUrl":"https:\/\/news.canadamotorjobs.com\/wp-content\/uploads\/2024\/11\/Toyota-Hilux-Double-Cab-BEV-prototype-2024-5.jpg","width":1024,"height":683},{"@type":"BreadcrumbList","@id":"https:\/\/news.canadamotorjobs.com\/fr\/toyota-teste-une-camionnette-hilux-electrique-en-australie\/#breadcrumb","itemListElement":[{"@type":"ListItem","position":1,"name":"Home","item":"https:\/\/news.canadamotorjobs.com\/fr\/blog\/"},{"@type":"ListItem","position":2,"name":"Toyota teste une camionnette Hilux \u00e9lectrique en Australie"}]},{"@type":"WebSite","@id":"https:\/\/news.canadamotorjobs.com\/#website","url":"https:\/\/news.canadamotorjobs.com\/","name":"CanadaMotorJobs.com","description":"Automotive Jobs","publisher":{"@id":"https:\/\/news.canadamotorjobs.com\/#organization"},"potentialAction":[{"@type":"SearchAction","target":{"@type":"EntryPoint","urlTemplate":"https:\/\/news.canadamotorjobs.com\/?s={search_term_string}"},"query-input":"required name=search_term_string"}],"inLanguage":"fr-CA"},{"@type":"Organization","@id":"https:\/\/news.canadamotorjobs.com\/#organization","name":"Canada Motor Jobs","url":"https:\/\/news.canadamotorjobs.com\/","logo":{"@type":"ImageObject","inLanguage":"fr-CA","@id":"https:\/\/news.canadamotorjobs.com\/#\/schema\/logo\/image\/","url":"https:\/\/news.canadamotorjobs.com\/wp-content\/uploads\/2022\/10\/logo-canada-motor-jobs-1.png","contentUrl":"https:\/\/news.canadamotorjobs.com\/wp-content\/uploads\/2022\/10\/logo-canada-motor-jobs-1.png","width":800,"height":400,"caption":"Canada Motor Jobs"},"image":{"@id":"https:\/\/news.canadamotorjobs.com\/#\/schema\/logo\/image\/"},"sameAs":["https:\/\/www.facebook.com\/canadamotorjobs\/","https:\/\/x.com\/canadamotorjobs","https:\/\/www.instagram.com\/canadamotorjobs\/","https:\/\/www.linkedin.com\/company\/canadamotorjobs"]},{"@type":"Person","@id":"https:\/\/news.canadamotorjobs.com\/#\/schema\/person\/51793d1f87d44011d7bcc2ed99269a90","name":"Benoit Charette","image":{"@type":"ImageObject","inLanguage":"fr-CA","@id":"https:\/\/news.canadamotorjobs.com\/#\/schema\/person\/image\/","url":"https:\/\/secure.gravatar.com\/avatar\/45f3d2eebcccd909668d7ce7ea7267b6?s=96&d=mm&r=g","contentUrl":"https:\/\/secure.gravatar.com\/avatar\/45f3d2eebcccd909668d7ce7ea7267b6?s=96&d=mm&r=g","caption":"Benoit Charette"},"description":"Benoit Charette \/ Propri\u00e9taire et r\u00e9dacteur en chef Benoit Charette pratique le journalisme automobile depuis bient\u00f4t 30 ans. Il a fait ses classes au c\u00f4t\u00e9 de Daniel H\u00e9raud et au Carnet de route de 1992 \u00e0 2001. Il est fondateur, copropri\u00e9taire et r\u00e9dacteur en chef de L\u2019Annuel de l\u2019automobile, qu\u2019il publie depuis 2001. Il a anim\u00e9 les \u00e9missions RPM et RPM+ sur V et les L\u00e9gendes de la route sur Historia. \u00c0 la radio depuis 1986, il reprend l\u2019antenne cette ann\u00e9e sur les ondes de Cogeco et participe pour la deuxi\u00e8me ann\u00e9e \u00e0 l\u2019\u00e9mission Passion Auto sur RDS en plus de mettre en ligne le site Web officiel de L\u2019Annuel de l\u2019automobile sur annuelauto.ca.","sameAs":["https:\/\/annuelauto.ca\/"],"url":"https:\/\/news.canadamotorjobs.com\/fr\/author\/benoit-charette\/"}]}},"_links":{"self":[{"href":"https:\/\/news.canadamotorjobs.com\/fr\/wp-json\/wp\/v2\/posts\/182159"}],"collection":[{"href":"https:\/\/news.canadamotorjobs.com\/fr\/wp-json\/wp\/v2\/posts"}],"about":[{"href":"https:\/\/news.canadamotorjobs.com\/fr\/wp-json\/wp\/v2\/types\/post"}],"author":[{"embeddable":true,"href":"https:\/\/news.canadamotorjobs.com\/fr\/wp-json\/wp\/v2\/users\/8"}],"replies":[{"embeddable":true,"href":"https:\/\/news.canadamotorjobs.com\/fr\/wp-json\/wp\/v2\/comments?post=182159"}],"version-history":[{"count":2,"href":"https:\/\/news.canadamotorjobs.com\/fr\/wp-json\/wp\/v2\/posts\/182159\/revisions"}],"predecessor-version":[{"id":182163,"href":"https:\/\/news.canadamotorjobs.com\/fr\/wp-json\/wp\/v2\/posts\/182159\/revisions\/182163"}],"wp:featuredmedia":[{"embeddable":true,"href":"https:\/\/news.canadamotorjobs.com\/fr\/wp-json\/wp\/v2\/media\/182161"}],"wp:attachment":[{"href":"https:\/\/news.canadamotorjobs.com\/fr\/wp-json\/wp\/v2\/media?parent=182159"}],"wp:term":[{"taxonomy":"category","embeddable":true,"href":"https:\/\/news.canadamotorjobs.com\/fr\/wp-json\/wp\/v2\/categories?post=182159"},{"taxonomy":"post_tag","embeddable":true,"href":"https:\/\/news.canadamotorjobs.com\/fr\/wp-json\/wp\/v2\/tags?post=182159"}],"curies":[{"name":"wp","href":"https:\/\/api.w.org\/{rel}","templated":true}]}}