{"id":182136,"date":"2024-11-22T13:06:54","date_gmt":"2024-11-22T18:06:54","guid":{"rendered":"https:\/\/news.canadamotorjobs.com\/?p=182136"},"modified":"2024-11-22T13:14:02","modified_gmt":"2024-11-22T18:14:02","slug":"chrysler-annonce-une-pacifica-electrique","status":"publish","type":"post","link":"https:\/\/news.canadamotorjobs.com\/fr\/chrysler-annonce-une-pacifica-electrique\/","title":{"rendered":"Chrysler annonce une Pacifica \u00e9lectrique"},"content":{"rendered":"<\/p>\n<p>Chrysler a confirm\u00e9 que sa future fourgonnette \u00e9lectrique conservera le nom embl\u00e9matique de Pacifica, reconnu et appr\u00e9ci\u00e9 par les consommateurs. L\u2019annonce a \u00e9t\u00e9 faite par Christine Feuell, PDG de Chrysler, lors du Salon de l\u2019auto de Los Angeles 2024, soulignant l\u2019\u00e9quit\u00e9 et la reconnaissance associ\u00e9es \u00e0 la marque Pacifica.<\/p>\n<h3>Un Design Inspir\u00e9 du Concept Halcyon<\/h3>\n<p>\nLe futur mod\u00e8le prendra ses bases esth\u00e9tiques dans le concept Halcyon d\u00e9voil\u00e9 plus t\u00f4t cette ann\u00e9e, s\u2019\u00e9loignant des lignes du concept VUS \u00e9lectrique Airflow. Chrysler promet un design r\u00e9solument moderne et futuriste.<\/p>\n<h3>Une Modularit\u00e9 Repens\u00e9e<\/h3>\n<p>\nLa flexibilit\u00e9 int\u00e9rieure sera un axe majeur de d\u00e9veloppement pour cette version \u00e9lectrique. Chrysler travaille \u00e0 r\u00e9inventer son c\u00e9l\u00e8bre syst\u00e8me Stow \u2018N Go pour surmonter les d\u00e9fis li\u00e9s aux motorisations \u00e9lectriques.<\/p>\n<h3>Des innovations \u00e0 l\u2019\u00e9tude :<\/h3>\n<p><\/p>\n<ul><\/p>\n<li>Si\u00e8ges avant coulissants pour cr\u00e9er des rangements sous les si\u00e8ges arri\u00e8re.<\/li>\n<p><\/p>\n<li>Mouvements lat\u00e9raux des si\u00e8ges arri\u00e8re gr\u00e2ce \u00e0 des rails, offrant de nouvelles configurations.<\/li>\n<p>\n<\/ul>\n<p>\nChrysler collabore avec ses fournisseurs pour \u00e9valuer la faisabilit\u00e9 de ces solutions, avec l\u2019ambition d\u2019offrir une modularit\u00e9 adapt\u00e9e aux besoins vari\u00e9s : sorties familiales, camping, transport de marchandises ou \u00e9v\u00e9nements comme le tailgating.<\/p>\n<h3>Quel Avenir pour la Pacifica Hybrid ?<\/h3>\n<p>\nChristine Feuell n\u2019a pas confirm\u00e9 si le mod\u00e8le hybride rechargeable actuel coexistera avec la version enti\u00e8rement \u00e9lectrique. Elle n\u2019a pas non plus exclu l\u2019\u00e9ventualit\u00e9 d\u2019une variante \u00e0 prolongateur d\u2019autonomie, inspir\u00e9e du Ram Charger EREV.<\/p>\n<h3>Lancement Pr\u00e9vu en 2027 Apr\u00e8s une Mise \u00e0 Jour de la Gamme<\/h3>\n<p>\nAvant l\u2019arriv\u00e9e du mod\u00e8le \u00e9lectrique, Chrysler pr\u00e9voit une refonte de la gamme Pacifica actuelle pour 2026. Ce rafra\u00eechissement devrait pr\u00e9c\u00e9der le lancement de la version \u00e9lectrique, attendu pour 2027. Avec un design avant-gardiste et une modularit\u00e9 repens\u00e9e, la Pacifica \u00e9lectrique s\u2019annonce comme une r\u00e9ponse innovante \u00e0 des concurrents tels que le VW ID.Buzz, tout en restant fid\u00e8le \u00e0 son ADN de minivan polyvalent.<\/p>\n<p>Avec des renseignements de Motor Illustrated<\/p>\n<p>Le texte <a rel=\"nofollow\" href=\"https:\/\/annuelauto.ca\/chrysler-annonce-une-pacifica-electrique\/\">Chrysler annonce une Pacifica \u00e9lectrique<\/a> provient de <a rel=\"nofollow\" href=\"https:\/\/annuelauto.ca\">L&#8217;annuel de l&#8217;automobile &#8211; Actualit\u00e9 automobile<\/a><\/p>\n<p><\/p>\n","protected":false},"excerpt":{"rendered":"<p>Chrysler a confirm\u00e9 que sa future fourgonnette \u00e9lectrique conservera le nom embl\u00e9matique de Pacifica, reconnu et appr\u00e9ci\u00e9 par les consommateurs. L\u2019annonce a \u00e9t\u00e9 faite par Christine Feuell, PDG de Chrysler, lors du Salon de l\u2019auto de Los Angeles 2024, soulignant l\u2019\u00e9quit\u00e9 et la reconnaissance associ\u00e9es \u00e0 la marque Pacifica. Un Design Inspir\u00e9 du Concept Halcyon [&hellip;]<\/p>\n","protected":false},"author":8,"featured_media":182138,"comment_status":"close","ping_status":"closed","sticky":false,"template":"","format":"standard","meta":{"_monsterinsights_skip_tracking":false,"_monsterinsights_sitenote_active":false,"_monsterinsights_sitenote_note":"","_monsterinsights_sitenote_category":0,"footnotes":""},"categories":[101],"tags":[],"yoast_head":"<!-- This site is optimized with the Yoast SEO plugin v23.2 - https:\/\/yoast.com\/wordpress\/plugins\/seo\/ -->\n<title>Chrysler annonce une Pacifica \u00e9lectrique - CanadaMotorJobs.com<\/title>\n<meta name=\"description\" content=\"Chrysler annonce une Pacifica \u00e9lectrique - Benoit Charette - Annuel automobile - CanadaMotorJobs.com.\" \/>\n<meta name=\"robots\" content=\"index, follow, max-snippet:-1, max-image-preview:large, max-video-preview:-1\" \/>\n<meta property=\"og:locale\" content=\"fr_CA\" \/>\n<meta property=\"og:type\" content=\"article\" \/>\n<meta property=\"og:title\" content=\"Chrysler annonce une Pacifica \u00e9lectrique - CanadaMotorJobs.com\" \/>\n<meta property=\"og:description\" content=\"Chrysler annonce une Pacifica \u00e9lectrique - Benoit Charette - Annuel automobile - CanadaMotorJobs.com.\" \/>\n<meta property=\"og:url\" content=\"https:\/\/news.canadamotorjobs.com\/fr\/chrysler-annonce-une-pacifica-electrique\/\" \/>\n<meta property=\"og:site_name\" content=\"CanadaMotorJobs.com\" \/>\n<meta property=\"article:publisher\" content=\"https:\/\/www.facebook.com\/canadamotorjobs\/\" \/>\n<meta property=\"article:published_time\" content=\"2024-11-22T18:06:54+00:00\" \/>\n<meta property=\"article:modified_time\" content=\"2024-11-22T18:14:02+00:00\" \/>\n<meta property=\"og:image\" content=\"https:\/\/news.canadamotorjobs.com\/wp-content\/uploads\/2024\/11\/CH023_111PFs1qhncu85hksl1e9pcrc48pr7.jpg\" \/>\n\t<meta property=\"og:image:width\" content=\"1200\" \/>\n\t<meta property=\"og:image:height\" content=\"800\" \/>\n\t<meta property=\"og:image:type\" content=\"image\/jpeg\" \/>\n<meta name=\"author\" content=\"Benoit Charette\" \/>\n<meta name=\"twitter:card\" content=\"summary_large_image\" \/>\n<meta name=\"twitter:creator\" content=\"@canadamotorjobs\" \/>\n<meta name=\"twitter:site\" content=\"@canadamotorjobs\" \/>\n<meta name=\"twitter:label1\" content=\"\u00c9crit par\" \/>\n\t<meta name=\"twitter:data1\" content=\"Benoit Charette\" \/>\n\t<meta name=\"twitter:label2\" content=\"Estimation du temps de lecture\" \/>\n\t<meta name=\"twitter:data2\" content=\"2 minutes\" \/>\n<!-- \/ Yoast SEO plugin. -->","yoast_head_json":{"title":"Chrysler annonce une Pacifica \u00e9lectrique - CanadaMotorJobs.com","description":"Chrysler annonce une Pacifica \u00e9lectrique - Benoit Charette - Annuel automobile - CanadaMotorJobs.com.","robots":{"index":"index","follow":"follow","max-snippet":"max-snippet:-1","max-image-preview":"max-image-preview:large","max-video-preview":"max-video-preview:-1"},"og_locale":"fr_CA","og_type":"article","og_title":"Chrysler annonce une Pacifica \u00e9lectrique - CanadaMotorJobs.com","og_description":"Chrysler annonce une Pacifica \u00e9lectrique - Benoit Charette - Annuel automobile - CanadaMotorJobs.com.","og_url":"https:\/\/news.canadamotorjobs.com\/fr\/chrysler-annonce-une-pacifica-electrique\/","og_site_name":"CanadaMotorJobs.com","article_publisher":"https:\/\/www.facebook.com\/canadamotorjobs\/","article_published_time":"2024-11-22T18:06:54+00:00","article_modified_time":"2024-11-22T18:14:02+00:00","og_image":[{"width":1200,"height":800,"url":"https:\/\/news.canadamotorjobs.com\/wp-content\/uploads\/2024\/11\/CH023_111PFs1qhncu85hksl1e9pcrc48pr7.jpg","type":"image\/jpeg"}],"author":"Benoit Charette","twitter_card":"summary_large_image","twitter_creator":"@canadamotorjobs","twitter_site":"@canadamotorjobs","twitter_misc":{"\u00c9crit par":"Benoit Charette","Estimation du temps de lecture":"2 minutes"},"schema":{"@context":"https:\/\/schema.org","@graph":[{"@type":"Article","@id":"https:\/\/news.canadamotorjobs.com\/fr\/chrysler-annonce-une-pacifica-electrique\/#article","isPartOf":{"@id":"https:\/\/news.canadamotorjobs.com\/fr\/chrysler-annonce-une-pacifica-electrique\/"},"author":{"name":"Benoit Charette","@id":"https:\/\/news.canadamotorjobs.com\/#\/schema\/person\/51793d1f87d44011d7bcc2ed99269a90"},"headline":"Chrysler annonce une Pacifica \u00e9lectrique","datePublished":"2024-11-22T18:06:54+00:00","dateModified":"2024-11-22T18:14:02+00:00","mainEntityOfPage":{"@id":"https:\/\/news.canadamotorjobs.com\/fr\/chrysler-annonce-une-pacifica-electrique\/"},"wordCount":369,"publisher":{"@id":"https:\/\/news.canadamotorjobs.com\/#organization"},"image":{"@id":"https:\/\/news.canadamotorjobs.com\/fr\/chrysler-annonce-une-pacifica-electrique\/#primaryimage"},"thumbnailUrl":"https:\/\/news.canadamotorjobs.com\/wp-content\/uploads\/2024\/11\/CH023_111PFs1qhncu85hksl1e9pcrc48pr7.jpg","articleSection":["Annuel automobile"],"inLanguage":"fr-CA"},{"@type":"WebPage","@id":"https:\/\/news.canadamotorjobs.com\/fr\/chrysler-annonce-une-pacifica-electrique\/","url":"https:\/\/news.canadamotorjobs.com\/fr\/chrysler-annonce-une-pacifica-electrique\/","name":"Chrysler annonce une Pacifica \u00e9lectrique - CanadaMotorJobs.com","isPartOf":{"@id":"https:\/\/news.canadamotorjobs.com\/#website"},"primaryImageOfPage":{"@id":"https:\/\/news.canadamotorjobs.com\/fr\/chrysler-annonce-une-pacifica-electrique\/#primaryimage"},"image":{"@id":"https:\/\/news.canadamotorjobs.com\/fr\/chrysler-annonce-une-pacifica-electrique\/#primaryimage"},"thumbnailUrl":"https:\/\/news.canadamotorjobs.com\/wp-content\/uploads\/2024\/11\/CH023_111PFs1qhncu85hksl1e9pcrc48pr7.jpg","datePublished":"2024-11-22T18:06:54+00:00","dateModified":"2024-11-22T18:14:02+00:00","description":"Chrysler annonce une Pacifica \u00e9lectrique - Benoit Charette - Annuel automobile - CanadaMotorJobs.com.","breadcrumb":{"@id":"https:\/\/news.canadamotorjobs.com\/fr\/chrysler-annonce-une-pacifica-electrique\/#breadcrumb"},"inLanguage":"fr-CA","potentialAction":[{"@type":"ReadAction","target":["https:\/\/news.canadamotorjobs.com\/fr\/chrysler-annonce-une-pacifica-electrique\/"]}]},{"@type":"ImageObject","inLanguage":"fr-CA","@id":"https:\/\/news.canadamotorjobs.com\/fr\/chrysler-annonce-une-pacifica-electrique\/#primaryimage","url":"https:\/\/news.canadamotorjobs.com\/wp-content\/uploads\/2024\/11\/CH023_111PFs1qhncu85hksl1e9pcrc48pr7.jpg","contentUrl":"https:\/\/news.canadamotorjobs.com\/wp-content\/uploads\/2024\/11\/CH023_111PFs1qhncu85hksl1e9pcrc48pr7.jpg","width":1200,"height":800},{"@type":"BreadcrumbList","@id":"https:\/\/news.canadamotorjobs.com\/fr\/chrysler-annonce-une-pacifica-electrique\/#breadcrumb","itemListElement":[{"@type":"ListItem","position":1,"name":"Home","item":"https:\/\/news.canadamotorjobs.com\/fr\/blog\/"},{"@type":"ListItem","position":2,"name":"Chrysler annonce une Pacifica \u00e9lectrique"}]},{"@type":"WebSite","@id":"https:\/\/news.canadamotorjobs.com\/#website","url":"https:\/\/news.canadamotorjobs.com\/","name":"CanadaMotorJobs.com","description":"Automotive Jobs","publisher":{"@id":"https:\/\/news.canadamotorjobs.com\/#organization"},"potentialAction":[{"@type":"SearchAction","target":{"@type":"EntryPoint","urlTemplate":"https:\/\/news.canadamotorjobs.com\/?s={search_term_string}"},"query-input":"required name=search_term_string"}],"inLanguage":"fr-CA"},{"@type":"Organization","@id":"https:\/\/news.canadamotorjobs.com\/#organization","name":"Canada Motor Jobs","url":"https:\/\/news.canadamotorjobs.com\/","logo":{"@type":"ImageObject","inLanguage":"fr-CA","@id":"https:\/\/news.canadamotorjobs.com\/#\/schema\/logo\/image\/","url":"https:\/\/news.canadamotorjobs.com\/wp-content\/uploads\/2022\/10\/logo-canada-motor-jobs-1.png","contentUrl":"https:\/\/news.canadamotorjobs.com\/wp-content\/uploads\/2022\/10\/logo-canada-motor-jobs-1.png","width":800,"height":400,"caption":"Canada Motor Jobs"},"image":{"@id":"https:\/\/news.canadamotorjobs.com\/#\/schema\/logo\/image\/"},"sameAs":["https:\/\/www.facebook.com\/canadamotorjobs\/","https:\/\/x.com\/canadamotorjobs","https:\/\/www.instagram.com\/canadamotorjobs\/","https:\/\/www.linkedin.com\/company\/canadamotorjobs"]},{"@type":"Person","@id":"https:\/\/news.canadamotorjobs.com\/#\/schema\/person\/51793d1f87d44011d7bcc2ed99269a90","name":"Benoit Charette","image":{"@type":"ImageObject","inLanguage":"fr-CA","@id":"https:\/\/news.canadamotorjobs.com\/#\/schema\/person\/image\/","url":"https:\/\/secure.gravatar.com\/avatar\/45f3d2eebcccd909668d7ce7ea7267b6?s=96&d=mm&r=g","contentUrl":"https:\/\/secure.gravatar.com\/avatar\/45f3d2eebcccd909668d7ce7ea7267b6?s=96&d=mm&r=g","caption":"Benoit Charette"},"description":"Benoit Charette \/ Propri\u00e9taire et r\u00e9dacteur en chef Benoit Charette pratique le journalisme automobile depuis bient\u00f4t 30 ans. Il a fait ses classes au c\u00f4t\u00e9 de Daniel H\u00e9raud et au Carnet de route de 1992 \u00e0 2001. Il est fondateur, copropri\u00e9taire et r\u00e9dacteur en chef de L\u2019Annuel de l\u2019automobile, qu\u2019il publie depuis 2001. Il a anim\u00e9 les \u00e9missions RPM et RPM+ sur V et les L\u00e9gendes de la route sur Historia. \u00c0 la radio depuis 1986, il reprend l\u2019antenne cette ann\u00e9e sur les ondes de Cogeco et participe pour la deuxi\u00e8me ann\u00e9e \u00e0 l\u2019\u00e9mission Passion Auto sur RDS en plus de mettre en ligne le site Web officiel de L\u2019Annuel de l\u2019automobile sur annuelauto.ca.","sameAs":["https:\/\/annuelauto.ca\/"],"url":"https:\/\/news.canadamotorjobs.com\/fr\/author\/benoit-charette\/"}]}},"_links":{"self":[{"href":"https:\/\/news.canadamotorjobs.com\/fr\/wp-json\/wp\/v2\/posts\/182136"}],"collection":[{"href":"https:\/\/news.canadamotorjobs.com\/fr\/wp-json\/wp\/v2\/posts"}],"about":[{"href":"https:\/\/news.canadamotorjobs.com\/fr\/wp-json\/wp\/v2\/types\/post"}],"author":[{"embeddable":true,"href":"https:\/\/news.canadamotorjobs.com\/fr\/wp-json\/wp\/v2\/users\/8"}],"replies":[{"embeddable":true,"href":"https:\/\/news.canadamotorjobs.com\/fr\/wp-json\/wp\/v2\/comments?post=182136"}],"version-history":[{"count":2,"href":"https:\/\/news.canadamotorjobs.com\/fr\/wp-json\/wp\/v2\/posts\/182136\/revisions"}],"predecessor-version":[{"id":182140,"href":"https:\/\/news.canadamotorjobs.com\/fr\/wp-json\/wp\/v2\/posts\/182136\/revisions\/182140"}],"wp:featuredmedia":[{"embeddable":true,"href":"https:\/\/news.canadamotorjobs.com\/fr\/wp-json\/wp\/v2\/media\/182138"}],"wp:attachment":[{"href":"https:\/\/news.canadamotorjobs.com\/fr\/wp-json\/wp\/v2\/media?parent=182136"}],"wp:term":[{"taxonomy":"category","embeddable":true,"href":"https:\/\/news.canadamotorjobs.com\/fr\/wp-json\/wp\/v2\/categories?post=182136"},{"taxonomy":"post_tag","embeddable":true,"href":"https:\/\/news.canadamotorjobs.com\/fr\/wp-json\/wp\/v2\/tags?post=182136"}],"curies":[{"name":"wp","href":"https:\/\/api.w.org\/{rel}","templated":true}]}}