{"id":182113,"date":"2024-11-22T12:21:28","date_gmt":"2024-11-22T17:21:28","guid":{"rendered":"https:\/\/news.canadamotorjobs.com\/?p=182113"},"modified":"2024-11-22T12:29:08","modified_gmt":"2024-11-22T17:29:08","slug":"hyundai-rappelle-plus-de-145-000-ioniq-5-et-6","status":"publish","type":"post","link":"https:\/\/news.canadamotorjobs.com\/fr\/hyundai-rappelle-plus-de-145-000-ioniq-5-et-6\/","title":{"rendered":"Hyundai rappelle plus de 145 000 Ioniq 5 et 6"},"content":{"rendered":"<\/p>\n<p>Hyundai Motors a \u00e9mis un rappel de 145 235 v\u00e9hicules \u00e9lectriques et \u00e9lectrifi\u00e9s aux \u00c9tats-Unis, invoquant des pr\u00e9occupations li\u00e9es \u00e0 une perte de puissance de conduite. Cette annonce a \u00e9t\u00e9 confirm\u00e9e vendredi par la National Highway Traffic Safety Administration (NHTSA). Le rappel concerne principalement des mod\u00e8les des ann\u00e9es 2022 \u00e0 2025, incluant les Hyundai IONIQ 5 et IONIQ 6, ainsi que des mod\u00e8les de luxe Genesis comme les GV60, GV70 et G80 en version \u00e9lectrifi\u00e9e, selon des informations relay\u00e9es par Reuters. Des rapports mentionnent \u00e9galement certains mod\u00e8les Kia potentiellement touch\u00e9s, mais une confirmation officielle reste en attente.<\/p>\n<h3>Une unit\u00e9 de contr\u00f4le d\u00e9fectueuse<\/h3>\n<p>\nLa NHTSA a pr\u00e9cis\u00e9 que le probl\u00e8me provient des unit\u00e9s de contr\u00f4le de charge int\u00e9gr\u00e9es, qui peuvent \u00eatre endommag\u00e9es, emp\u00eachant ainsi la charge de la batterie auxiliaire de 12 volts. Cette d\u00e9faillance peut entra\u00eener une perte totale de puissance de conduite, mettant en danger la s\u00e9curit\u00e9 des conducteurs. Ce probl\u00e8me survient apr\u00e8s un rappel similaire effectu\u00e9 en mars 2024, o\u00f9 147 110 v\u00e9hicules Hyundai, Kia et Genesis avaient \u00e9t\u00e9 touch\u00e9s pour des probl\u00e8mes identiques li\u00e9s \u00e0 ces unit\u00e9s de contr\u00f4le de charge.<\/p>\n<h3>Que faire si votre v\u00e9hicule est concern\u00e9 ?<\/h3>\n<p>\nPour les propri\u00e9taires de v\u00e9hicules Hyundai des ann\u00e9es mod\u00e8les 2022 \u00e0 2025, il est conseill\u00e9 de rester attentifs aux communications officielles. Hyundai n\u2019a pas encore indiqu\u00e9 de calendrier pr\u00e9cis pour la r\u00e9paration des v\u00e9hicules affect\u00e9s.<\/p>\n<h3>Solutions propos\u00e9es<\/h3>\n<p>\nLes concessionnaires Hyundai inspecteront et remplaceront les unit\u00e9s de contr\u00f4le de charge et leurs fusibles si n\u00e9cessaire. Un mise \u00e0 jour logicielle sera \u00e9galement effectu\u00e9e pour renforcer la fiabilit\u00e9 des syst\u00e8mes de charge.<\/p>\n<h3>Conclusion<\/h3>\n<p>\nHyundai d\u00e9montre sa volont\u00e9 de corriger rapidement ces d\u00e9faillances, mais la s\u00e9curit\u00e9 des conducteurs reste la priorit\u00e9 absolue. Si vous \u00eates concern\u00e9, surveillez vos courriels ou notifications de rappel pour prendre rendez-vous chez un concessionnaire d\u00e8s que les r\u00e9parations seront disponibles.<\/p>\n<p>Avec des renseignements d&#8217;Electrek<\/p>\n<p>\u00a0<\/p>\n<p>Le texte <a rel=\"nofollow\" href=\"https:\/\/annuelauto.ca\/hyundai-rappelle-plus-de-145-000-ioniq-5-et-6\/\">Hyundai rappelle plus de 145 000 Ioniq 5 et 6<\/a> provient de <a rel=\"nofollow\" href=\"https:\/\/annuelauto.ca\">L&#8217;annuel de l&#8217;automobile &#8211; Actualit\u00e9 automobile<\/a><\/p>\n<p><\/p>\n","protected":false},"excerpt":{"rendered":"<p>Hyundai Motors a \u00e9mis un rappel de 145 235 v\u00e9hicules \u00e9lectriques et \u00e9lectrifi\u00e9s aux \u00c9tats-Unis, invoquant des pr\u00e9occupations li\u00e9es \u00e0 une perte de puissance de conduite. Cette annonce a \u00e9t\u00e9 confirm\u00e9e vendredi par la National Highway Traffic Safety Administration (NHTSA). Le rappel concerne principalement des mod\u00e8les des ann\u00e9es 2022 \u00e0 2025, incluant les Hyundai IONIQ [&hellip;]<\/p>\n","protected":false},"author":8,"featured_media":182115,"comment_status":"close","ping_status":"closed","sticky":false,"template":"","format":"standard","meta":{"_monsterinsights_skip_tracking":false,"_monsterinsights_sitenote_active":false,"_monsterinsights_sitenote_note":"","_monsterinsights_sitenote_category":0,"footnotes":""},"categories":[101],"tags":[],"yoast_head":"<!-- This site is optimized with the Yoast SEO plugin v23.2 - https:\/\/yoast.com\/wordpress\/plugins\/seo\/ -->\n<title>Hyundai rappelle plus de 145 000 Ioniq 5 et 6 - CanadaMotorJobs.com<\/title>\n<meta name=\"description\" content=\"Hyundai rappelle plus de 145 000 Ioniq 5 et 6 - Benoit Charette - Annuel automobile - CanadaMotorJobs.com.\" \/>\n<meta name=\"robots\" content=\"index, follow, max-snippet:-1, max-image-preview:large, max-video-preview:-1\" \/>\n<meta property=\"og:locale\" content=\"fr_CA\" \/>\n<meta property=\"og:type\" content=\"article\" \/>\n<meta property=\"og:title\" content=\"Hyundai rappelle plus de 145 000 Ioniq 5 et 6 - CanadaMotorJobs.com\" \/>\n<meta property=\"og:description\" content=\"Hyundai rappelle plus de 145 000 Ioniq 5 et 6 - Benoit Charette - Annuel automobile - CanadaMotorJobs.com.\" \/>\n<meta property=\"og:url\" content=\"https:\/\/news.canadamotorjobs.com\/fr\/hyundai-rappelle-plus-de-145-000-ioniq-5-et-6\/\" \/>\n<meta property=\"og:site_name\" content=\"CanadaMotorJobs.com\" \/>\n<meta property=\"article:publisher\" content=\"https:\/\/www.facebook.com\/canadamotorjobs\/\" \/>\n<meta property=\"article:published_time\" content=\"2024-11-22T17:21:28+00:00\" \/>\n<meta property=\"article:modified_time\" content=\"2024-11-22T17:29:08+00:00\" \/>\n<meta property=\"og:image\" content=\"https:\/\/news.canadamotorjobs.com\/wp-content\/uploads\/2024\/11\/Large-53140-2023IONIQ6.jpg\" \/>\n\t<meta property=\"og:image:width\" content=\"1500\" \/>\n\t<meta property=\"og:image:height\" content=\"1000\" \/>\n\t<meta property=\"og:image:type\" content=\"image\/jpeg\" \/>\n<meta name=\"author\" content=\"Benoit Charette\" \/>\n<meta name=\"twitter:card\" content=\"summary_large_image\" \/>\n<meta name=\"twitter:creator\" content=\"@canadamotorjobs\" \/>\n<meta name=\"twitter:site\" content=\"@canadamotorjobs\" \/>\n<meta name=\"twitter:label1\" content=\"\u00c9crit par\" \/>\n\t<meta name=\"twitter:data1\" content=\"Benoit Charette\" \/>\n\t<meta name=\"twitter:label2\" content=\"Estimation du temps de lecture\" \/>\n\t<meta name=\"twitter:data2\" content=\"2 minutes\" \/>\n<!-- \/ Yoast SEO plugin. -->","yoast_head_json":{"title":"Hyundai rappelle plus de 145 000 Ioniq 5 et 6 - CanadaMotorJobs.com","description":"Hyundai rappelle plus de 145 000 Ioniq 5 et 6 - Benoit Charette - Annuel automobile - CanadaMotorJobs.com.","robots":{"index":"index","follow":"follow","max-snippet":"max-snippet:-1","max-image-preview":"max-image-preview:large","max-video-preview":"max-video-preview:-1"},"og_locale":"fr_CA","og_type":"article","og_title":"Hyundai rappelle plus de 145 000 Ioniq 5 et 6 - CanadaMotorJobs.com","og_description":"Hyundai rappelle plus de 145 000 Ioniq 5 et 6 - Benoit Charette - Annuel automobile - CanadaMotorJobs.com.","og_url":"https:\/\/news.canadamotorjobs.com\/fr\/hyundai-rappelle-plus-de-145-000-ioniq-5-et-6\/","og_site_name":"CanadaMotorJobs.com","article_publisher":"https:\/\/www.facebook.com\/canadamotorjobs\/","article_published_time":"2024-11-22T17:21:28+00:00","article_modified_time":"2024-11-22T17:29:08+00:00","og_image":[{"width":1500,"height":1000,"url":"https:\/\/news.canadamotorjobs.com\/wp-content\/uploads\/2024\/11\/Large-53140-2023IONIQ6.jpg","type":"image\/jpeg"}],"author":"Benoit Charette","twitter_card":"summary_large_image","twitter_creator":"@canadamotorjobs","twitter_site":"@canadamotorjobs","twitter_misc":{"\u00c9crit par":"Benoit Charette","Estimation du temps de lecture":"2 minutes"},"schema":{"@context":"https:\/\/schema.org","@graph":[{"@type":"Article","@id":"https:\/\/news.canadamotorjobs.com\/fr\/hyundai-rappelle-plus-de-145-000-ioniq-5-et-6\/#article","isPartOf":{"@id":"https:\/\/news.canadamotorjobs.com\/fr\/hyundai-rappelle-plus-de-145-000-ioniq-5-et-6\/"},"author":{"name":"Benoit Charette","@id":"https:\/\/news.canadamotorjobs.com\/#\/schema\/person\/51793d1f87d44011d7bcc2ed99269a90"},"headline":"Hyundai rappelle plus de 145 000 Ioniq 5 et 6","datePublished":"2024-11-22T17:21:28+00:00","dateModified":"2024-11-22T17:29:08+00:00","mainEntityOfPage":{"@id":"https:\/\/news.canadamotorjobs.com\/fr\/hyundai-rappelle-plus-de-145-000-ioniq-5-et-6\/"},"wordCount":369,"publisher":{"@id":"https:\/\/news.canadamotorjobs.com\/#organization"},"image":{"@id":"https:\/\/news.canadamotorjobs.com\/fr\/hyundai-rappelle-plus-de-145-000-ioniq-5-et-6\/#primaryimage"},"thumbnailUrl":"https:\/\/news.canadamotorjobs.com\/wp-content\/uploads\/2024\/11\/Large-53140-2023IONIQ6.jpg","articleSection":["Annuel automobile"],"inLanguage":"fr-CA"},{"@type":"WebPage","@id":"https:\/\/news.canadamotorjobs.com\/fr\/hyundai-rappelle-plus-de-145-000-ioniq-5-et-6\/","url":"https:\/\/news.canadamotorjobs.com\/fr\/hyundai-rappelle-plus-de-145-000-ioniq-5-et-6\/","name":"Hyundai rappelle plus de 145 000 Ioniq 5 et 6 - CanadaMotorJobs.com","isPartOf":{"@id":"https:\/\/news.canadamotorjobs.com\/#website"},"primaryImageOfPage":{"@id":"https:\/\/news.canadamotorjobs.com\/fr\/hyundai-rappelle-plus-de-145-000-ioniq-5-et-6\/#primaryimage"},"image":{"@id":"https:\/\/news.canadamotorjobs.com\/fr\/hyundai-rappelle-plus-de-145-000-ioniq-5-et-6\/#primaryimage"},"thumbnailUrl":"https:\/\/news.canadamotorjobs.com\/wp-content\/uploads\/2024\/11\/Large-53140-2023IONIQ6.jpg","datePublished":"2024-11-22T17:21:28+00:00","dateModified":"2024-11-22T17:29:08+00:00","description":"Hyundai rappelle plus de 145 000 Ioniq 5 et 6 - Benoit Charette - Annuel automobile - CanadaMotorJobs.com.","breadcrumb":{"@id":"https:\/\/news.canadamotorjobs.com\/fr\/hyundai-rappelle-plus-de-145-000-ioniq-5-et-6\/#breadcrumb"},"inLanguage":"fr-CA","potentialAction":[{"@type":"ReadAction","target":["https:\/\/news.canadamotorjobs.com\/fr\/hyundai-rappelle-plus-de-145-000-ioniq-5-et-6\/"]}]},{"@type":"ImageObject","inLanguage":"fr-CA","@id":"https:\/\/news.canadamotorjobs.com\/fr\/hyundai-rappelle-plus-de-145-000-ioniq-5-et-6\/#primaryimage","url":"https:\/\/news.canadamotorjobs.com\/wp-content\/uploads\/2024\/11\/Large-53140-2023IONIQ6.jpg","contentUrl":"https:\/\/news.canadamotorjobs.com\/wp-content\/uploads\/2024\/11\/Large-53140-2023IONIQ6.jpg","width":1500,"height":1000},{"@type":"BreadcrumbList","@id":"https:\/\/news.canadamotorjobs.com\/fr\/hyundai-rappelle-plus-de-145-000-ioniq-5-et-6\/#breadcrumb","itemListElement":[{"@type":"ListItem","position":1,"name":"Home","item":"https:\/\/news.canadamotorjobs.com\/fr\/blog\/"},{"@type":"ListItem","position":2,"name":"Hyundai rappelle plus de 145 000 Ioniq 5 et 6"}]},{"@type":"WebSite","@id":"https:\/\/news.canadamotorjobs.com\/#website","url":"https:\/\/news.canadamotorjobs.com\/","name":"CanadaMotorJobs.com","description":"Automotive Jobs","publisher":{"@id":"https:\/\/news.canadamotorjobs.com\/#organization"},"potentialAction":[{"@type":"SearchAction","target":{"@type":"EntryPoint","urlTemplate":"https:\/\/news.canadamotorjobs.com\/?s={search_term_string}"},"query-input":"required name=search_term_string"}],"inLanguage":"fr-CA"},{"@type":"Organization","@id":"https:\/\/news.canadamotorjobs.com\/#organization","name":"Canada Motor Jobs","url":"https:\/\/news.canadamotorjobs.com\/","logo":{"@type":"ImageObject","inLanguage":"fr-CA","@id":"https:\/\/news.canadamotorjobs.com\/#\/schema\/logo\/image\/","url":"https:\/\/news.canadamotorjobs.com\/wp-content\/uploads\/2022\/10\/logo-canada-motor-jobs-1.png","contentUrl":"https:\/\/news.canadamotorjobs.com\/wp-content\/uploads\/2022\/10\/logo-canada-motor-jobs-1.png","width":800,"height":400,"caption":"Canada Motor Jobs"},"image":{"@id":"https:\/\/news.canadamotorjobs.com\/#\/schema\/logo\/image\/"},"sameAs":["https:\/\/www.facebook.com\/canadamotorjobs\/","https:\/\/x.com\/canadamotorjobs","https:\/\/www.instagram.com\/canadamotorjobs\/","https:\/\/www.linkedin.com\/company\/canadamotorjobs"]},{"@type":"Person","@id":"https:\/\/news.canadamotorjobs.com\/#\/schema\/person\/51793d1f87d44011d7bcc2ed99269a90","name":"Benoit Charette","image":{"@type":"ImageObject","inLanguage":"fr-CA","@id":"https:\/\/news.canadamotorjobs.com\/#\/schema\/person\/image\/","url":"https:\/\/secure.gravatar.com\/avatar\/45f3d2eebcccd909668d7ce7ea7267b6?s=96&d=mm&r=g","contentUrl":"https:\/\/secure.gravatar.com\/avatar\/45f3d2eebcccd909668d7ce7ea7267b6?s=96&d=mm&r=g","caption":"Benoit Charette"},"description":"Benoit Charette \/ Propri\u00e9taire et r\u00e9dacteur en chef Benoit Charette pratique le journalisme automobile depuis bient\u00f4t 30 ans. Il a fait ses classes au c\u00f4t\u00e9 de Daniel H\u00e9raud et au Carnet de route de 1992 \u00e0 2001. Il est fondateur, copropri\u00e9taire et r\u00e9dacteur en chef de L\u2019Annuel de l\u2019automobile, qu\u2019il publie depuis 2001. Il a anim\u00e9 les \u00e9missions RPM et RPM+ sur V et les L\u00e9gendes de la route sur Historia. \u00c0 la radio depuis 1986, il reprend l\u2019antenne cette ann\u00e9e sur les ondes de Cogeco et participe pour la deuxi\u00e8me ann\u00e9e \u00e0 l\u2019\u00e9mission Passion Auto sur RDS en plus de mettre en ligne le site Web officiel de L\u2019Annuel de l\u2019automobile sur annuelauto.ca.","sameAs":["https:\/\/annuelauto.ca\/"],"url":"https:\/\/news.canadamotorjobs.com\/fr\/author\/benoit-charette\/"}]}},"_links":{"self":[{"href":"https:\/\/news.canadamotorjobs.com\/fr\/wp-json\/wp\/v2\/posts\/182113"}],"collection":[{"href":"https:\/\/news.canadamotorjobs.com\/fr\/wp-json\/wp\/v2\/posts"}],"about":[{"href":"https:\/\/news.canadamotorjobs.com\/fr\/wp-json\/wp\/v2\/types\/post"}],"author":[{"embeddable":true,"href":"https:\/\/news.canadamotorjobs.com\/fr\/wp-json\/wp\/v2\/users\/8"}],"replies":[{"embeddable":true,"href":"https:\/\/news.canadamotorjobs.com\/fr\/wp-json\/wp\/v2\/comments?post=182113"}],"version-history":[{"count":2,"href":"https:\/\/news.canadamotorjobs.com\/fr\/wp-json\/wp\/v2\/posts\/182113\/revisions"}],"predecessor-version":[{"id":182117,"href":"https:\/\/news.canadamotorjobs.com\/fr\/wp-json\/wp\/v2\/posts\/182113\/revisions\/182117"}],"wp:featuredmedia":[{"embeddable":true,"href":"https:\/\/news.canadamotorjobs.com\/fr\/wp-json\/wp\/v2\/media\/182115"}],"wp:attachment":[{"href":"https:\/\/news.canadamotorjobs.com\/fr\/wp-json\/wp\/v2\/media?parent=182113"}],"wp:term":[{"taxonomy":"category","embeddable":true,"href":"https:\/\/news.canadamotorjobs.com\/fr\/wp-json\/wp\/v2\/categories?post=182113"},{"taxonomy":"post_tag","embeddable":true,"href":"https:\/\/news.canadamotorjobs.com\/fr\/wp-json\/wp\/v2\/tags?post=182113"}],"curies":[{"name":"wp","href":"https:\/\/api.w.org\/{rel}","templated":true}]}}