{"id":182094,"date":"2024-11-22T08:29:35","date_gmt":"2024-11-22T13:29:35","guid":{"rendered":"https:\/\/news.canadamotorjobs.com\/?p=182094"},"modified":"2024-11-22T08:44:17","modified_gmt":"2024-11-22T13:44:17","slug":"gm-et-hyundai-sunissent-pour-conquerir-le-marche-des-camions","status":"publish","type":"post","link":"https:\/\/news.canadamotorjobs.com\/fr\/gm-et-hyundai-sunissent-pour-conquerir-le-marche-des-camions\/","title":{"rendered":"GM et Hyundai s\u2019unissent pour conqu\u00e9rir le march\u00e9 des camions"},"content":{"rendered":"<\/p>\n<div class=\"flex max-w-full flex-col flex-grow\"><\/p>\n<div class=\"min-h-8 text-message flex w-full flex-col items-end gap-2 whitespace-normal break-words [.text-message+&amp;]:mt-5\" dir=\"auto\" data-message-author-role=\"assistant\" data-message-id=\"710094e6-c305-47f9-a832-4ef05cdbf870\" data-client-thread-id=\"WEB:b7814708-b9f4-415b-98e1-a6d1bf92a88b\" data-message-model-slug=\"gpt-4o\"><\/p>\n<div class=\"flex w-full flex-col gap-1 empty:hidden first:pt-[3px]\"><\/p>\n<div class=\"markdown prose w-full break-words dark:prose-invert light\">\n<p>Hyundai et General Motors unissent leurs forces pour d\u00e9velopper une gamme de camions destin\u00e9s au march\u00e9 latino-am\u00e9ricain, selon des m\u00e9dias sud-cor\u00e9ens. Cette alliance pourrait donner naissance \u00e0 des v\u00e9hicules issus de la pratique du badge-engineering, o\u00f9 un m\u00eame mod\u00e8le est vendu sous diff\u00e9rentes marques.<\/p>\n<p>L\u2019initiative fait suite \u00e0 un accord sign\u00e9 en septembre par Mary Barra, PDG de GM, et Euisun Chung, pr\u00e9sident du Hyundai Motor Group. Bien que l\u2019entente soit non contraignante, elle ouvre la porte \u00e0 une collaboration sur le d\u00e9veloppement de v\u00e9hicules et des technologies futures.<\/p>\n<h3>Un march\u00e9 lucratif en ligne de mire<\/h3>\n<p>\nLe segment des camions repr\u00e9sente un march\u00e9 mondial de 208,6 milliards de dollars en 2023. GM, d\u00e9j\u00e0 un acteur majeur, souhaite renforcer sa position en Am\u00e9rique latine, tandis que Hyundai ambitionne d\u2019y augmenter sa part de march\u00e9.<\/p>\n<p>Au lieu de concevoir de nouveaux mod\u00e8les, les deux constructeurs pr\u00e9voient de maximiser leurs ressources actuelles. Ainsi, GM pourrait vendre des petits camions Hyundai sous son logo, tandis qu\u2019Hyundai proposerait des camions plus imposants con\u00e7us par GM sous sa propre marque.<\/p>\n<h3>Des ambitions d\u00e9passant le march\u00e9 des camions<\/h3>\n<p>\nCette collaboration va au-del\u00e0 des camions. Hyundai et GM explorent des opportunit\u00e9s dans les cha\u00eenes d&#8217;approvisionnement, les motorisations et les technologies propres, notamment l\u2019hydrog\u00e8ne et les v\u00e9hicules \u00e9lectriques.<\/p>\n<p>Lors d\u2019une r\u00e9union r\u00e9cente aux \u00c9tats-Unis, Mary Barra et Euisun Chung ont discut\u00e9 des progr\u00e8s depuis la signature de leur protocole d\u2019accord. \u00ab Nous examinons divers domaines de collaboration bilat\u00e9rale, allant du d\u00e9veloppement de v\u00e9hicules aux solutions \u00e9nerg\u00e9tiques futures \u00bb, a d\u00e9clar\u00e9 un repr\u00e9sentant de Hyundai au m\u00e9dia sud-cor\u00e9en <em>Pulse<\/em>.<\/p>\n<h3>Une alliance renforc\u00e9e par un \u00e9change d\u2019actions ?<\/h3>\n<p>\nPour solidifier ce partenariat strat\u00e9gique, les deux entreprises envisagent un \u00e9change d\u2019actions. Cet engagement pourrait renforcer leur collaboration \u00e0 long terme et leur permettre d\u2019innover ensemble dans les solutions de mobilit\u00e9 durable.<\/p>\n<p>Avec des renseignements de Carscoops<\/p>\n<\/div>\n<p>\n<\/div>\n<p>\n<\/div>\n<p>\n<\/div>\n<p><\/p>\n<div class=\"mb-2 flex gap-3 empty:hidden -ml-2\"><\/p>\n<div class=\"items-center justify-start rounded-xl p-1 flex\"><\/p>\n<div class=\"flex items-center\"><\/div>\n<p>\n<\/div>\n<p>\n<\/div>\n<p>Le texte <a rel=\"nofollow\" href=\"https:\/\/annuelauto.ca\/hyundai-gm-alliance-camions\/\">GM et Hyundai s\u2019unissent pour conqu\u00e9rir le march\u00e9 des camions<\/a> provient de <a rel=\"nofollow\" href=\"https:\/\/annuelauto.ca\">L&#8217;annuel de l&#8217;automobile &#8211; Actualit\u00e9 automobile<\/a><\/p>\n<p><\/p>\n","protected":false},"excerpt":{"rendered":"<p>Hyundai et General Motors unissent leurs forces pour d\u00e9velopper une gamme de camions destin\u00e9s au march\u00e9 latino-am\u00e9ricain, selon des m\u00e9dias sud-cor\u00e9ens. Cette alliance pourrait donner naissance \u00e0 des v\u00e9hicules issus de la pratique du badge-engineering, o\u00f9 un m\u00eame mod\u00e8le est vendu sous diff\u00e9rentes marques. L\u2019initiative fait suite \u00e0 un accord sign\u00e9 en septembre par Mary [&hellip;]<\/p>\n","protected":false},"author":8,"featured_media":182096,"comment_status":"close","ping_status":"closed","sticky":false,"template":"","format":"standard","meta":{"_monsterinsights_skip_tracking":false,"_monsterinsights_sitenote_active":false,"_monsterinsights_sitenote_note":"","_monsterinsights_sitenote_category":0,"footnotes":""},"categories":[101],"tags":[],"yoast_head":"<!-- This site is optimized with the Yoast SEO plugin v23.2 - https:\/\/yoast.com\/wordpress\/plugins\/seo\/ -->\n<title>GM et Hyundai s\u2019unissent pour conqu\u00e9rir le march\u00e9 des camions - CanadaMotorJobs.com<\/title>\n<meta name=\"description\" content=\"GM et Hyundai s\u2019unissent pour conqu\u00e9rir le march\u00e9 des camions - Benoit Charette - Annuel automobile - CanadaMotorJobs.com.\" \/>\n<meta name=\"robots\" content=\"index, follow, max-snippet:-1, max-image-preview:large, max-video-preview:-1\" \/>\n<meta property=\"og:locale\" content=\"fr_CA\" \/>\n<meta property=\"og:type\" content=\"article\" \/>\n<meta property=\"og:title\" content=\"GM et Hyundai s\u2019unissent pour conqu\u00e9rir le march\u00e9 des camions - CanadaMotorJobs.com\" \/>\n<meta property=\"og:description\" content=\"GM et Hyundai s\u2019unissent pour conqu\u00e9rir le march\u00e9 des camions - Benoit Charette - Annuel automobile - CanadaMotorJobs.com.\" \/>\n<meta property=\"og:url\" content=\"https:\/\/news.canadamotorjobs.com\/fr\/gm-et-hyundai-sunissent-pour-conquerir-le-marche-des-camions\/\" \/>\n<meta property=\"og:site_name\" content=\"CanadaMotorJobs.com\" \/>\n<meta property=\"article:publisher\" content=\"https:\/\/www.facebook.com\/canadamotorjobs\/\" \/>\n<meta property=\"article:published_time\" content=\"2024-11-22T13:29:35+00:00\" \/>\n<meta property=\"article:modified_time\" content=\"2024-11-22T13:44:17+00:00\" \/>\n<meta property=\"og:image\" content=\"https:\/\/news.canadamotorjobs.com\/wp-content\/uploads\/2024\/11\/Alliance-GM-Hyundai-Photo-5.jpg\" \/>\n\t<meta property=\"og:image:width\" content=\"1000\" \/>\n\t<meta property=\"og:image:height\" content=\"563\" \/>\n\t<meta property=\"og:image:type\" content=\"image\/jpeg\" \/>\n<meta name=\"author\" content=\"Benoit Charette\" \/>\n<meta name=\"twitter:card\" content=\"summary_large_image\" \/>\n<meta name=\"twitter:creator\" content=\"@canadamotorjobs\" \/>\n<meta name=\"twitter:site\" content=\"@canadamotorjobs\" \/>\n<meta name=\"twitter:label1\" content=\"\u00c9crit par\" \/>\n\t<meta name=\"twitter:data1\" content=\"Benoit Charette\" \/>\n\t<meta name=\"twitter:label2\" content=\"Estimation du temps de lecture\" \/>\n\t<meta name=\"twitter:data2\" content=\"2 minutes\" \/>\n<!-- \/ Yoast SEO plugin. -->","yoast_head_json":{"title":"GM et Hyundai s\u2019unissent pour conqu\u00e9rir le march\u00e9 des camions - CanadaMotorJobs.com","description":"GM et Hyundai s\u2019unissent pour conqu\u00e9rir le march\u00e9 des camions - Benoit Charette - Annuel automobile - CanadaMotorJobs.com.","robots":{"index":"index","follow":"follow","max-snippet":"max-snippet:-1","max-image-preview":"max-image-preview:large","max-video-preview":"max-video-preview:-1"},"og_locale":"fr_CA","og_type":"article","og_title":"GM et Hyundai s\u2019unissent pour conqu\u00e9rir le march\u00e9 des camions - CanadaMotorJobs.com","og_description":"GM et Hyundai s\u2019unissent pour conqu\u00e9rir le march\u00e9 des camions - Benoit Charette - Annuel automobile - CanadaMotorJobs.com.","og_url":"https:\/\/news.canadamotorjobs.com\/fr\/gm-et-hyundai-sunissent-pour-conquerir-le-marche-des-camions\/","og_site_name":"CanadaMotorJobs.com","article_publisher":"https:\/\/www.facebook.com\/canadamotorjobs\/","article_published_time":"2024-11-22T13:29:35+00:00","article_modified_time":"2024-11-22T13:44:17+00:00","og_image":[{"width":1000,"height":563,"url":"https:\/\/news.canadamotorjobs.com\/wp-content\/uploads\/2024\/11\/Alliance-GM-Hyundai-Photo-5.jpg","type":"image\/jpeg"}],"author":"Benoit Charette","twitter_card":"summary_large_image","twitter_creator":"@canadamotorjobs","twitter_site":"@canadamotorjobs","twitter_misc":{"\u00c9crit par":"Benoit Charette","Estimation du temps de lecture":"2 minutes"},"schema":{"@context":"https:\/\/schema.org","@graph":[{"@type":"Article","@id":"https:\/\/news.canadamotorjobs.com\/fr\/gm-et-hyundai-sunissent-pour-conquerir-le-marche-des-camions\/#article","isPartOf":{"@id":"https:\/\/news.canadamotorjobs.com\/fr\/gm-et-hyundai-sunissent-pour-conquerir-le-marche-des-camions\/"},"author":{"name":"Benoit Charette","@id":"https:\/\/news.canadamotorjobs.com\/#\/schema\/person\/51793d1f87d44011d7bcc2ed99269a90"},"headline":"GM et Hyundai s\u2019unissent pour conqu\u00e9rir le march\u00e9 des camions","datePublished":"2024-11-22T13:29:35+00:00","dateModified":"2024-11-22T13:44:17+00:00","mainEntityOfPage":{"@id":"https:\/\/news.canadamotorjobs.com\/fr\/gm-et-hyundai-sunissent-pour-conquerir-le-marche-des-camions\/"},"wordCount":378,"publisher":{"@id":"https:\/\/news.canadamotorjobs.com\/#organization"},"image":{"@id":"https:\/\/news.canadamotorjobs.com\/fr\/gm-et-hyundai-sunissent-pour-conquerir-le-marche-des-camions\/#primaryimage"},"thumbnailUrl":"https:\/\/news.canadamotorjobs.com\/wp-content\/uploads\/2024\/11\/Alliance-GM-Hyundai-Photo-5.jpg","articleSection":["Annuel automobile"],"inLanguage":"fr-CA"},{"@type":"WebPage","@id":"https:\/\/news.canadamotorjobs.com\/fr\/gm-et-hyundai-sunissent-pour-conquerir-le-marche-des-camions\/","url":"https:\/\/news.canadamotorjobs.com\/fr\/gm-et-hyundai-sunissent-pour-conquerir-le-marche-des-camions\/","name":"GM et Hyundai s\u2019unissent pour conqu\u00e9rir le march\u00e9 des camions - CanadaMotorJobs.com","isPartOf":{"@id":"https:\/\/news.canadamotorjobs.com\/#website"},"primaryImageOfPage":{"@id":"https:\/\/news.canadamotorjobs.com\/fr\/gm-et-hyundai-sunissent-pour-conquerir-le-marche-des-camions\/#primaryimage"},"image":{"@id":"https:\/\/news.canadamotorjobs.com\/fr\/gm-et-hyundai-sunissent-pour-conquerir-le-marche-des-camions\/#primaryimage"},"thumbnailUrl":"https:\/\/news.canadamotorjobs.com\/wp-content\/uploads\/2024\/11\/Alliance-GM-Hyundai-Photo-5.jpg","datePublished":"2024-11-22T13:29:35+00:00","dateModified":"2024-11-22T13:44:17+00:00","description":"GM et Hyundai s\u2019unissent pour conqu\u00e9rir le march\u00e9 des camions - Benoit Charette - Annuel automobile - CanadaMotorJobs.com.","breadcrumb":{"@id":"https:\/\/news.canadamotorjobs.com\/fr\/gm-et-hyundai-sunissent-pour-conquerir-le-marche-des-camions\/#breadcrumb"},"inLanguage":"fr-CA","potentialAction":[{"@type":"ReadAction","target":["https:\/\/news.canadamotorjobs.com\/fr\/gm-et-hyundai-sunissent-pour-conquerir-le-marche-des-camions\/"]}]},{"@type":"ImageObject","inLanguage":"fr-CA","@id":"https:\/\/news.canadamotorjobs.com\/fr\/gm-et-hyundai-sunissent-pour-conquerir-le-marche-des-camions\/#primaryimage","url":"https:\/\/news.canadamotorjobs.com\/wp-content\/uploads\/2024\/11\/Alliance-GM-Hyundai-Photo-5.jpg","contentUrl":"https:\/\/news.canadamotorjobs.com\/wp-content\/uploads\/2024\/11\/Alliance-GM-Hyundai-Photo-5.jpg","width":1000,"height":563},{"@type":"BreadcrumbList","@id":"https:\/\/news.canadamotorjobs.com\/fr\/gm-et-hyundai-sunissent-pour-conquerir-le-marche-des-camions\/#breadcrumb","itemListElement":[{"@type":"ListItem","position":1,"name":"Home","item":"https:\/\/news.canadamotorjobs.com\/fr\/blog\/"},{"@type":"ListItem","position":2,"name":"GM et Hyundai s\u2019unissent pour conqu\u00e9rir le march\u00e9 des camions"}]},{"@type":"WebSite","@id":"https:\/\/news.canadamotorjobs.com\/#website","url":"https:\/\/news.canadamotorjobs.com\/","name":"CanadaMotorJobs.com","description":"Automotive Jobs","publisher":{"@id":"https:\/\/news.canadamotorjobs.com\/#organization"},"potentialAction":[{"@type":"SearchAction","target":{"@type":"EntryPoint","urlTemplate":"https:\/\/news.canadamotorjobs.com\/?s={search_term_string}"},"query-input":"required name=search_term_string"}],"inLanguage":"fr-CA"},{"@type":"Organization","@id":"https:\/\/news.canadamotorjobs.com\/#organization","name":"Canada Motor Jobs","url":"https:\/\/news.canadamotorjobs.com\/","logo":{"@type":"ImageObject","inLanguage":"fr-CA","@id":"https:\/\/news.canadamotorjobs.com\/#\/schema\/logo\/image\/","url":"https:\/\/news.canadamotorjobs.com\/wp-content\/uploads\/2022\/10\/logo-canada-motor-jobs-1.png","contentUrl":"https:\/\/news.canadamotorjobs.com\/wp-content\/uploads\/2022\/10\/logo-canada-motor-jobs-1.png","width":800,"height":400,"caption":"Canada Motor Jobs"},"image":{"@id":"https:\/\/news.canadamotorjobs.com\/#\/schema\/logo\/image\/"},"sameAs":["https:\/\/www.facebook.com\/canadamotorjobs\/","https:\/\/x.com\/canadamotorjobs","https:\/\/www.instagram.com\/canadamotorjobs\/","https:\/\/www.linkedin.com\/company\/canadamotorjobs"]},{"@type":"Person","@id":"https:\/\/news.canadamotorjobs.com\/#\/schema\/person\/51793d1f87d44011d7bcc2ed99269a90","name":"Benoit Charette","image":{"@type":"ImageObject","inLanguage":"fr-CA","@id":"https:\/\/news.canadamotorjobs.com\/#\/schema\/person\/image\/","url":"https:\/\/secure.gravatar.com\/avatar\/45f3d2eebcccd909668d7ce7ea7267b6?s=96&d=mm&r=g","contentUrl":"https:\/\/secure.gravatar.com\/avatar\/45f3d2eebcccd909668d7ce7ea7267b6?s=96&d=mm&r=g","caption":"Benoit Charette"},"description":"Benoit Charette \/ Propri\u00e9taire et r\u00e9dacteur en chef Benoit Charette pratique le journalisme automobile depuis bient\u00f4t 30 ans. Il a fait ses classes au c\u00f4t\u00e9 de Daniel H\u00e9raud et au Carnet de route de 1992 \u00e0 2001. Il est fondateur, copropri\u00e9taire et r\u00e9dacteur en chef de L\u2019Annuel de l\u2019automobile, qu\u2019il publie depuis 2001. Il a anim\u00e9 les \u00e9missions RPM et RPM+ sur V et les L\u00e9gendes de la route sur Historia. \u00c0 la radio depuis 1986, il reprend l\u2019antenne cette ann\u00e9e sur les ondes de Cogeco et participe pour la deuxi\u00e8me ann\u00e9e \u00e0 l\u2019\u00e9mission Passion Auto sur RDS en plus de mettre en ligne le site Web officiel de L\u2019Annuel de l\u2019automobile sur annuelauto.ca.","sameAs":["https:\/\/annuelauto.ca\/"],"url":"https:\/\/news.canadamotorjobs.com\/fr\/author\/benoit-charette\/"}]}},"_links":{"self":[{"href":"https:\/\/news.canadamotorjobs.com\/fr\/wp-json\/wp\/v2\/posts\/182094"}],"collection":[{"href":"https:\/\/news.canadamotorjobs.com\/fr\/wp-json\/wp\/v2\/posts"}],"about":[{"href":"https:\/\/news.canadamotorjobs.com\/fr\/wp-json\/wp\/v2\/types\/post"}],"author":[{"embeddable":true,"href":"https:\/\/news.canadamotorjobs.com\/fr\/wp-json\/wp\/v2\/users\/8"}],"replies":[{"embeddable":true,"href":"https:\/\/news.canadamotorjobs.com\/fr\/wp-json\/wp\/v2\/comments?post=182094"}],"version-history":[{"count":2,"href":"https:\/\/news.canadamotorjobs.com\/fr\/wp-json\/wp\/v2\/posts\/182094\/revisions"}],"predecessor-version":[{"id":182098,"href":"https:\/\/news.canadamotorjobs.com\/fr\/wp-json\/wp\/v2\/posts\/182094\/revisions\/182098"}],"wp:featuredmedia":[{"embeddable":true,"href":"https:\/\/news.canadamotorjobs.com\/fr\/wp-json\/wp\/v2\/media\/182096"}],"wp:attachment":[{"href":"https:\/\/news.canadamotorjobs.com\/fr\/wp-json\/wp\/v2\/media?parent=182094"}],"wp:term":[{"taxonomy":"category","embeddable":true,"href":"https:\/\/news.canadamotorjobs.com\/fr\/wp-json\/wp\/v2\/categories?post=182094"},{"taxonomy":"post_tag","embeddable":true,"href":"https:\/\/news.canadamotorjobs.com\/fr\/wp-json\/wp\/v2\/tags?post=182094"}],"curies":[{"name":"wp","href":"https:\/\/api.w.org\/{rel}","templated":true}]}}