{"id":182017,"date":"2024-11-21T17:10:33","date_gmt":"2024-11-21T22:10:33","guid":{"rendered":"https:\/\/news.canadamotorjobs.com\/?p=182017"},"modified":"2024-11-21T17:14:35","modified_gmt":"2024-11-21T22:14:35","slug":"une-version-gt-du-kia-ev9-a-los-angeles","status":"publish","type":"post","link":"https:\/\/news.canadamotorjobs.com\/fr\/une-version-gt-du-kia-ev9-a-los-angeles\/","title":{"rendered":"Une version GT du Kia EV9 \u00e0 Los Angeles"},"content":{"rendered":"<\/p>\n<p>Kia a lev\u00e9 le voile sur le tout nouveau EV9 GT 2026, un VUS \u00e9lectrique haute performance, lors du Salon de l\u2019Auto de Los Angeles. Avec ses 501 chevaux g\u00e9n\u00e9r\u00e9s par deux moteurs \u00e9lectriques mont\u00e9s \u00e0 l\u2019avant et \u00e0 l\u2019arri\u00e8re, ce v\u00e9hicule est capable d\u2019abattre le 0 \u00e0 100 km\/h en 4,3 secondes. Une suspension \u00e9lectronique et des freins avant surdimensionn\u00e9s compl\u00e8tent un design angulaire et innovant, tandis que des \u00e9l\u00e9ments distinctifs diff\u00e9rencient ce mod\u00e8le du reste de la gamme EV9.<\/p>\n<h3>Pour les parents press\u00e9s<\/h3>\n<p>\nAssembl\u00e9 en Cor\u00e9e du Sud et attendu dans la seconde moiti\u00e9 de 2025, le EV9 GT promet de s\u00e9duire les amateurs de performances sans compromettre le c\u00f4t\u00e9 pratique d\u2019un v\u00e9hicule familial \u00e0 six places. Le Kia EV9 GT dispose de deux moteurs \u00e9lectriques : un moteur de 160 kW \u00e0 l\u2019avant et un autre de 270 kW \u00e0 l\u2019arri\u00e8re, pour une puissance combin\u00e9e de 501 chevaux. Cela repr\u00e9sente un gain significatif par rapport \u00e0 la version GT-Line (379 chevaux). Dot\u00e9 d\u2019un syst\u00e8me de freinage am\u00e9lior\u00e9 pour absorber le surplus de puissance.<\/p>\n<p>La suspension contr\u00f4l\u00e9e \u00e9lectronique (ECS), une premi\u00e8re chez Kia pour un VUS, ajuste l\u2019amortissement en fonction du mode de conduite s\u00e9lectionn\u00e9 (Normal, Eco, Sport ou My Drive). En activant le bouton GT vert fluo sur le volant, le mode GT configure la suspension pour une conduite dynamique optimale.<\/p>\n<h3>Une transmission virtuelle et des sensations in\u00e9dites<\/h3>\n<p>\nPour renforcer l\u2019exp\u00e9rience de conduite sportive, le EV9 GT inclut une transmission virtuelle (VGS), simulant des passages de vitesses pour une acc\u00e9l\u00e9ration plus immersive. Cette technologie est accompagn\u00e9e par un design sonore actif (e-ASD) qui amplifie les sensations. De plus, le v\u00e9hicule est \u00e9quip\u00e9 d\u2019un diff\u00e9rentiel \u00e9lectronique \u00e0 glissement limit\u00e9 (e-LSD), am\u00e9liorant la stabilit\u00e9 en virage en r\u00e9partissant le couple sur les roues ayant le plus d\u2019adh\u00e9rence.<\/p>\n<h3>Un design distinctif<\/h3>\n<p>\nL&#8217;ext\u00e9rieur du EV9 GT se d\u00e9marque par des roues en alliage de 21 pouces et des pneus haute performance. Les \u00e9triers de frein verts fluo, signature des mod\u00e8les GT de Kia, apportent une touche sportive. L\u2019int\u00e9rieur propose des si\u00e8ges baquets en Alcantara avec logo GT et des accents verts n\u00e9on sur le tableau de bord et le volant. Le v\u00e9hicule int\u00e8gre aussi un \u00e9clairage d\u2019ambiance exclusif, configurable gr\u00e2ce aux mises \u00e0 jour OTA via l\u2019application Kia Connect.<\/p>\n<h3>Technologies d\u2019assistance avanc\u00e9es<\/h3>\n<p>\nLe EV9 GT est \u00e9quip\u00e9 de nombreuses fonctionnalit\u00e9s ADAS, telles que l&#8217;assistance anti-collision frontale et lat\u00e9rale, l&#8217;aide au stationnement intelligent, et le contr\u00f4le de croisi\u00e8re intelligent bas\u00e9 sur la navigation. Ces technologies visent \u00e0 rendre la conduite et les man\u0153uvres plus s\u00fbres et intuitive. Le EV9 GT arrivera en concession au milieu de l&#8217;ann\u00e9e 2025.<\/p>\n<p>Source: Kia<\/p>\n<p>\u00a0<\/p>\n<p>\u00a0<\/p>\n<p>Le texte <a rel=\"nofollow\" href=\"https:\/\/annuelauto.ca\/une-version-gt-du-kia-ev9-a-los-angeles\/\">Une version GT du Kia EV9 \u00e0 Los Angeles<\/a> provient de <a rel=\"nofollow\" href=\"https:\/\/annuelauto.ca\">L&#8217;annuel de l&#8217;automobile &#8211; Actualit\u00e9 automobile<\/a><\/p>\n<p><\/p>\n","protected":false},"excerpt":{"rendered":"<p>Kia a lev\u00e9 le voile sur le tout nouveau EV9 GT 2026, un VUS \u00e9lectrique haute performance, lors du Salon de l\u2019Auto de Los Angeles. Avec ses 501 chevaux g\u00e9n\u00e9r\u00e9s par deux moteurs \u00e9lectriques mont\u00e9s \u00e0 l\u2019avant et \u00e0 l\u2019arri\u00e8re, ce v\u00e9hicule est capable d\u2019abattre le 0 \u00e0 100 km\/h en 4,3 secondes. Une suspension [&hellip;]<\/p>\n","protected":false},"author":8,"featured_media":182019,"comment_status":"close","ping_status":"closed","sticky":false,"template":"","format":"standard","meta":{"_monsterinsights_skip_tracking":false,"_monsterinsights_sitenote_active":false,"_monsterinsights_sitenote_note":"","_monsterinsights_sitenote_category":0,"footnotes":""},"categories":[101],"tags":[],"yoast_head":"<!-- This site is optimized with the Yoast SEO plugin v23.2 - https:\/\/yoast.com\/wordpress\/plugins\/seo\/ -->\n<title>Une version GT du Kia EV9 \u00e0 Los Angeles - CanadaMotorJobs.com<\/title>\n<meta name=\"description\" content=\"Une version GT du Kia EV9 \u00e0 Los Angeles - Benoit Charette - Annuel automobile - CanadaMotorJobs.com.\" \/>\n<meta name=\"robots\" content=\"index, follow, max-snippet:-1, max-image-preview:large, max-video-preview:-1\" \/>\n<meta property=\"og:locale\" content=\"fr_CA\" \/>\n<meta property=\"og:type\" content=\"article\" \/>\n<meta property=\"og:title\" content=\"Une version GT du Kia EV9 \u00e0 Los Angeles - CanadaMotorJobs.com\" \/>\n<meta property=\"og:description\" content=\"Une version GT du Kia EV9 \u00e0 Los Angeles - Benoit Charette - Annuel automobile - CanadaMotorJobs.com.\" \/>\n<meta property=\"og:url\" content=\"https:\/\/news.canadamotorjobs.com\/fr\/une-version-gt-du-kia-ev9-a-los-angeles\/\" \/>\n<meta property=\"og:site_name\" content=\"CanadaMotorJobs.com\" \/>\n<meta property=\"article:publisher\" content=\"https:\/\/www.facebook.com\/canadamotorjobs\/\" \/>\n<meta property=\"article:published_time\" content=\"2024-11-21T22:10:33+00:00\" \/>\n<meta property=\"article:modified_time\" content=\"2024-11-21T22:14:35+00:00\" \/>\n<meta property=\"og:image\" content=\"https:\/\/news.canadamotorjobs.com\/wp-content\/uploads\/2024\/11\/IMG_8701-scaled-1.jpg\" \/>\n\t<meta property=\"og:image:width\" content=\"2560\" \/>\n\t<meta property=\"og:image:height\" content=\"1920\" \/>\n\t<meta property=\"og:image:type\" content=\"image\/jpeg\" \/>\n<meta name=\"author\" content=\"Benoit Charette\" \/>\n<meta name=\"twitter:card\" content=\"summary_large_image\" \/>\n<meta name=\"twitter:creator\" content=\"@canadamotorjobs\" \/>\n<meta name=\"twitter:site\" content=\"@canadamotorjobs\" \/>\n<meta name=\"twitter:label1\" content=\"\u00c9crit par\" \/>\n\t<meta name=\"twitter:data1\" content=\"Benoit Charette\" \/>\n\t<meta name=\"twitter:label2\" content=\"Estimation du temps de lecture\" \/>\n\t<meta name=\"twitter:data2\" content=\"3 minutes\" \/>\n<!-- \/ Yoast SEO plugin. -->","yoast_head_json":{"title":"Une version GT du Kia EV9 \u00e0 Los Angeles - CanadaMotorJobs.com","description":"Une version GT du Kia EV9 \u00e0 Los Angeles - Benoit Charette - Annuel automobile - CanadaMotorJobs.com.","robots":{"index":"index","follow":"follow","max-snippet":"max-snippet:-1","max-image-preview":"max-image-preview:large","max-video-preview":"max-video-preview:-1"},"og_locale":"fr_CA","og_type":"article","og_title":"Une version GT du Kia EV9 \u00e0 Los Angeles - CanadaMotorJobs.com","og_description":"Une version GT du Kia EV9 \u00e0 Los Angeles - Benoit Charette - Annuel automobile - CanadaMotorJobs.com.","og_url":"https:\/\/news.canadamotorjobs.com\/fr\/une-version-gt-du-kia-ev9-a-los-angeles\/","og_site_name":"CanadaMotorJobs.com","article_publisher":"https:\/\/www.facebook.com\/canadamotorjobs\/","article_published_time":"2024-11-21T22:10:33+00:00","article_modified_time":"2024-11-21T22:14:35+00:00","og_image":[{"width":2560,"height":1920,"url":"https:\/\/news.canadamotorjobs.com\/wp-content\/uploads\/2024\/11\/IMG_8701-scaled-1.jpg","type":"image\/jpeg"}],"author":"Benoit Charette","twitter_card":"summary_large_image","twitter_creator":"@canadamotorjobs","twitter_site":"@canadamotorjobs","twitter_misc":{"\u00c9crit par":"Benoit Charette","Estimation du temps de lecture":"3 minutes"},"schema":{"@context":"https:\/\/schema.org","@graph":[{"@type":"Article","@id":"https:\/\/news.canadamotorjobs.com\/fr\/une-version-gt-du-kia-ev9-a-los-angeles\/#article","isPartOf":{"@id":"https:\/\/news.canadamotorjobs.com\/fr\/une-version-gt-du-kia-ev9-a-los-angeles\/"},"author":{"name":"Benoit Charette","@id":"https:\/\/news.canadamotorjobs.com\/#\/schema\/person\/51793d1f87d44011d7bcc2ed99269a90"},"headline":"Une version GT du Kia EV9 \u00e0 Los Angeles","datePublished":"2024-11-21T22:10:33+00:00","dateModified":"2024-11-21T22:14:35+00:00","mainEntityOfPage":{"@id":"https:\/\/news.canadamotorjobs.com\/fr\/une-version-gt-du-kia-ev9-a-los-angeles\/"},"wordCount":516,"publisher":{"@id":"https:\/\/news.canadamotorjobs.com\/#organization"},"image":{"@id":"https:\/\/news.canadamotorjobs.com\/fr\/une-version-gt-du-kia-ev9-a-los-angeles\/#primaryimage"},"thumbnailUrl":"https:\/\/news.canadamotorjobs.com\/wp-content\/uploads\/2024\/11\/IMG_8701-scaled-1.jpg","articleSection":["Annuel automobile"],"inLanguage":"fr-CA"},{"@type":"WebPage","@id":"https:\/\/news.canadamotorjobs.com\/fr\/une-version-gt-du-kia-ev9-a-los-angeles\/","url":"https:\/\/news.canadamotorjobs.com\/fr\/une-version-gt-du-kia-ev9-a-los-angeles\/","name":"Une version GT du Kia EV9 \u00e0 Los Angeles - CanadaMotorJobs.com","isPartOf":{"@id":"https:\/\/news.canadamotorjobs.com\/#website"},"primaryImageOfPage":{"@id":"https:\/\/news.canadamotorjobs.com\/fr\/une-version-gt-du-kia-ev9-a-los-angeles\/#primaryimage"},"image":{"@id":"https:\/\/news.canadamotorjobs.com\/fr\/une-version-gt-du-kia-ev9-a-los-angeles\/#primaryimage"},"thumbnailUrl":"https:\/\/news.canadamotorjobs.com\/wp-content\/uploads\/2024\/11\/IMG_8701-scaled-1.jpg","datePublished":"2024-11-21T22:10:33+00:00","dateModified":"2024-11-21T22:14:35+00:00","description":"Une version GT du Kia EV9 \u00e0 Los Angeles - Benoit Charette - Annuel automobile - CanadaMotorJobs.com.","breadcrumb":{"@id":"https:\/\/news.canadamotorjobs.com\/fr\/une-version-gt-du-kia-ev9-a-los-angeles\/#breadcrumb"},"inLanguage":"fr-CA","potentialAction":[{"@type":"ReadAction","target":["https:\/\/news.canadamotorjobs.com\/fr\/une-version-gt-du-kia-ev9-a-los-angeles\/"]}]},{"@type":"ImageObject","inLanguage":"fr-CA","@id":"https:\/\/news.canadamotorjobs.com\/fr\/une-version-gt-du-kia-ev9-a-los-angeles\/#primaryimage","url":"https:\/\/news.canadamotorjobs.com\/wp-content\/uploads\/2024\/11\/IMG_8701-scaled-1.jpg","contentUrl":"https:\/\/news.canadamotorjobs.com\/wp-content\/uploads\/2024\/11\/IMG_8701-scaled-1.jpg","width":2560,"height":1920},{"@type":"BreadcrumbList","@id":"https:\/\/news.canadamotorjobs.com\/fr\/une-version-gt-du-kia-ev9-a-los-angeles\/#breadcrumb","itemListElement":[{"@type":"ListItem","position":1,"name":"Home","item":"https:\/\/news.canadamotorjobs.com\/fr\/blog\/"},{"@type":"ListItem","position":2,"name":"Une version GT du Kia EV9 \u00e0 Los Angeles"}]},{"@type":"WebSite","@id":"https:\/\/news.canadamotorjobs.com\/#website","url":"https:\/\/news.canadamotorjobs.com\/","name":"CanadaMotorJobs.com","description":"Automotive Jobs","publisher":{"@id":"https:\/\/news.canadamotorjobs.com\/#organization"},"potentialAction":[{"@type":"SearchAction","target":{"@type":"EntryPoint","urlTemplate":"https:\/\/news.canadamotorjobs.com\/?s={search_term_string}"},"query-input":"required name=search_term_string"}],"inLanguage":"fr-CA"},{"@type":"Organization","@id":"https:\/\/news.canadamotorjobs.com\/#organization","name":"Canada Motor Jobs","url":"https:\/\/news.canadamotorjobs.com\/","logo":{"@type":"ImageObject","inLanguage":"fr-CA","@id":"https:\/\/news.canadamotorjobs.com\/#\/schema\/logo\/image\/","url":"https:\/\/news.canadamotorjobs.com\/wp-content\/uploads\/2022\/10\/logo-canada-motor-jobs-1.png","contentUrl":"https:\/\/news.canadamotorjobs.com\/wp-content\/uploads\/2022\/10\/logo-canada-motor-jobs-1.png","width":800,"height":400,"caption":"Canada Motor Jobs"},"image":{"@id":"https:\/\/news.canadamotorjobs.com\/#\/schema\/logo\/image\/"},"sameAs":["https:\/\/www.facebook.com\/canadamotorjobs\/","https:\/\/x.com\/canadamotorjobs","https:\/\/www.instagram.com\/canadamotorjobs\/","https:\/\/www.linkedin.com\/company\/canadamotorjobs"]},{"@type":"Person","@id":"https:\/\/news.canadamotorjobs.com\/#\/schema\/person\/51793d1f87d44011d7bcc2ed99269a90","name":"Benoit Charette","image":{"@type":"ImageObject","inLanguage":"fr-CA","@id":"https:\/\/news.canadamotorjobs.com\/#\/schema\/person\/image\/","url":"https:\/\/secure.gravatar.com\/avatar\/45f3d2eebcccd909668d7ce7ea7267b6?s=96&d=mm&r=g","contentUrl":"https:\/\/secure.gravatar.com\/avatar\/45f3d2eebcccd909668d7ce7ea7267b6?s=96&d=mm&r=g","caption":"Benoit Charette"},"description":"Benoit Charette \/ Propri\u00e9taire et r\u00e9dacteur en chef Benoit Charette pratique le journalisme automobile depuis bient\u00f4t 30 ans. Il a fait ses classes au c\u00f4t\u00e9 de Daniel H\u00e9raud et au Carnet de route de 1992 \u00e0 2001. Il est fondateur, copropri\u00e9taire et r\u00e9dacteur en chef de L\u2019Annuel de l\u2019automobile, qu\u2019il publie depuis 2001. Il a anim\u00e9 les \u00e9missions RPM et RPM+ sur V et les L\u00e9gendes de la route sur Historia. \u00c0 la radio depuis 1986, il reprend l\u2019antenne cette ann\u00e9e sur les ondes de Cogeco et participe pour la deuxi\u00e8me ann\u00e9e \u00e0 l\u2019\u00e9mission Passion Auto sur RDS en plus de mettre en ligne le site Web officiel de L\u2019Annuel de l\u2019automobile sur annuelauto.ca.","sameAs":["https:\/\/annuelauto.ca\/"],"url":"https:\/\/news.canadamotorjobs.com\/fr\/author\/benoit-charette\/"}]}},"_links":{"self":[{"href":"https:\/\/news.canadamotorjobs.com\/fr\/wp-json\/wp\/v2\/posts\/182017"}],"collection":[{"href":"https:\/\/news.canadamotorjobs.com\/fr\/wp-json\/wp\/v2\/posts"}],"about":[{"href":"https:\/\/news.canadamotorjobs.com\/fr\/wp-json\/wp\/v2\/types\/post"}],"author":[{"embeddable":true,"href":"https:\/\/news.canadamotorjobs.com\/fr\/wp-json\/wp\/v2\/users\/8"}],"replies":[{"embeddable":true,"href":"https:\/\/news.canadamotorjobs.com\/fr\/wp-json\/wp\/v2\/comments?post=182017"}],"version-history":[{"count":2,"href":"https:\/\/news.canadamotorjobs.com\/fr\/wp-json\/wp\/v2\/posts\/182017\/revisions"}],"predecessor-version":[{"id":182021,"href":"https:\/\/news.canadamotorjobs.com\/fr\/wp-json\/wp\/v2\/posts\/182017\/revisions\/182021"}],"wp:featuredmedia":[{"embeddable":true,"href":"https:\/\/news.canadamotorjobs.com\/fr\/wp-json\/wp\/v2\/media\/182019"}],"wp:attachment":[{"href":"https:\/\/news.canadamotorjobs.com\/fr\/wp-json\/wp\/v2\/media?parent=182017"}],"wp:term":[{"taxonomy":"category","embeddable":true,"href":"https:\/\/news.canadamotorjobs.com\/fr\/wp-json\/wp\/v2\/categories?post=182017"},{"taxonomy":"post_tag","embeddable":true,"href":"https:\/\/news.canadamotorjobs.com\/fr\/wp-json\/wp\/v2\/tags?post=182017"}],"curies":[{"name":"wp","href":"https:\/\/api.w.org\/{rel}","templated":true}]}}