{"id":181994,"date":"2024-11-21T14:48:35","date_gmt":"2024-11-21T19:48:35","guid":{"rendered":"https:\/\/news.canadamotorjobs.com\/?p=181994"},"modified":"2024-11-21T14:59:23","modified_gmt":"2024-11-21T19:59:23","slug":"quelques-coups-de-pinceau-pour-le-kia-ev6-2025","status":"publish","type":"post","link":"https:\/\/news.canadamotorjobs.com\/fr\/quelques-coups-de-pinceau-pour-le-kia-ev6-2025\/","title":{"rendered":"Quelques coups de pinceau pour le Kia EV6 2025"},"content":{"rendered":"<\/p>\n<p>Trois ans apr\u00e8s ses d\u00e9buts dans le march\u00e9 des v\u00e9hicules \u00e9lectriques, Kia a d\u00e9voil\u00e9 une version remani\u00e9e de son EV6 au Salon international de l&#8217;auto de Los Angeles. Avec un design revisit\u00e9, des am\u00e9liorations int\u00e9rieures haut de gamme, et des versions enrichies en \u00e9quipements, le mod\u00e8le 2025 se refait une beaut\u00e9 sans changer l\u2019essence m\u00eame du mod\u00e8le.<\/p>\n<h3>Retouches de style<\/h3>\n<p>\nLe Kia EV6 2025 affiche un design ext\u00e9rieur un peu plus audacieux. Les phares avec \u00e9clairage Star Map et les feux arri\u00e8re tridimensionnels ajoutent une touche technologique. Le bouclier avant plus angulaire et des lignes de capot renforc\u00e9es soulignent son allure sportive. Les nouvelles jantes, disponibles en tailles de 19 \u00e0 21 pouces, rehaussent son \u00e9l\u00e9gance.<\/p>\n<h3>Int\u00e9rieur inspir\u00e9 du EV9<\/h3>\n<p>\nL\u2019habitacle mise sur une ambiance ouverte et immersive gr\u00e2ce \u00e0 deux \u00e9crans incurv\u00e9s de 12,3 pouces int\u00e9grant le tableau de bord et l\u2019\u00e9cran central. Inspir\u00e9 par l\u2019EV9, il propose un \u00e9clairage Star Map, un volant en D, et une console centrale au design \u00e9pur\u00e9. Des mat\u00e9riaux insonorisants et un cadre renforc\u00e9 garantissent un confort accru.<\/p>\n<h3>Autonomie accrue<\/h3>\n<p>\nL\u2019EV6 2025 r\u00e9pond \u00e0 la demande croissante d\u2019autonomie gr\u00e2ce \u00e0 une batterie de 84,0 kWh, offrant jusqu\u2019\u00e0 514 km d\u2019autonomie pour les versions \u00e0 propulsion. Les mod\u00e8les \u00e0 transmission int\u00e9grale (AWD) atteignent 601 chevaux avec une puissance maximale de 641 chevaux pour la version GT. La recharge rapide \u00e0 800 volts reste un atout majeur, permettant une charge de 10 \u00e0 80 % en moins de 18 minutes. Avec son syst\u00e8me ccNC de nouvelle g\u00e9n\u00e9ration, l\u2019EV6 propose des mises \u00e0 jour OTA (over-the-air) pour optimiser les fonctionnalit\u00e9s, ainsi que des services comme le streaming vid\u00e9o et la personnalisation avec des th\u00e8mes NBA. Le Digital Key 2.0 permet de d\u00e9verrouiller et d\u00e9marrer le v\u00e9hicule via un smartphone ou une carte NFC. Les aides \u00e0 la conduite avanc\u00e9es (ADAS) incluent des syst\u00e8mes perfectionn\u00e9s comme l\u2019assistance \u00e0 la collision avant avec d\u00e9tection de croisement et le stationnement assist\u00e9 \u00e0 distance.<\/p>\n<h3>Disponibilit\u00e9 et production<\/h3>\n<p>\nL\u2019EV6 2025 sera assembl\u00e9 dans l\u2019usine Kia de G\u00e9orgie aux c\u00f4t\u00e9s du EV9. Il sera d\u00e9clin\u00e9 en cinq versions (Light, Light Long Range, Wind, GT-Line, et GT) et commercialis\u00e9 au premier semestre 2025.<\/p>\n<p>\u00a0<\/p>\n<p>Le texte <a rel=\"nofollow\" href=\"https:\/\/annuelauto.ca\/kia-ev6-2025-nouveau-modele\/\">Quelques coups de pinceau pour le Kia EV6 2025<\/a> provient de <a rel=\"nofollow\" href=\"https:\/\/annuelauto.ca\">L&#8217;annuel de l&#8217;automobile &#8211; Actualit\u00e9 automobile<\/a><\/p>\n<p><\/p>\n","protected":false},"excerpt":{"rendered":"<p>Trois ans apr\u00e8s ses d\u00e9buts dans le march\u00e9 des v\u00e9hicules \u00e9lectriques, Kia a d\u00e9voil\u00e9 une version remani\u00e9e de son EV6 au Salon international de l&#8217;auto de Los Angeles. Avec un design revisit\u00e9, des am\u00e9liorations int\u00e9rieures haut de gamme, et des versions enrichies en \u00e9quipements, le mod\u00e8le 2025 se refait une beaut\u00e9 sans changer l\u2019essence m\u00eame [&hellip;]<\/p>\n","protected":false},"author":8,"featured_media":181996,"comment_status":"close","ping_status":"closed","sticky":false,"template":"","format":"standard","meta":{"_monsterinsights_skip_tracking":false,"_monsterinsights_sitenote_active":false,"_monsterinsights_sitenote_note":"","_monsterinsights_sitenote_category":0,"footnotes":""},"categories":[101],"tags":[],"yoast_head":"<!-- This site is optimized with the Yoast SEO plugin v23.2 - https:\/\/yoast.com\/wordpress\/plugins\/seo\/ -->\n<title>Quelques coups de pinceau pour le Kia EV6 2025 - CanadaMotorJobs.com<\/title>\n<meta name=\"description\" content=\"Quelques coups de pinceau pour le Kia EV6 2025 - Benoit Charette - Annuel automobile - CanadaMotorJobs.com.\" \/>\n<meta name=\"robots\" content=\"index, follow, max-snippet:-1, max-image-preview:large, max-video-preview:-1\" \/>\n<meta property=\"og:locale\" content=\"fr_CA\" \/>\n<meta property=\"og:type\" content=\"article\" \/>\n<meta property=\"og:title\" content=\"Quelques coups de pinceau pour le Kia EV6 2025 - CanadaMotorJobs.com\" \/>\n<meta property=\"og:description\" content=\"Quelques coups de pinceau pour le Kia EV6 2025 - Benoit Charette - Annuel automobile - CanadaMotorJobs.com.\" \/>\n<meta property=\"og:url\" content=\"https:\/\/news.canadamotorjobs.com\/fr\/quelques-coups-de-pinceau-pour-le-kia-ev6-2025\/\" \/>\n<meta property=\"og:site_name\" content=\"CanadaMotorJobs.com\" \/>\n<meta property=\"article:publisher\" content=\"https:\/\/www.facebook.com\/canadamotorjobs\/\" \/>\n<meta property=\"article:published_time\" content=\"2024-11-21T19:48:35+00:00\" \/>\n<meta property=\"article:modified_time\" content=\"2024-11-21T19:59:23+00:00\" \/>\n<meta property=\"og:image\" content=\"https:\/\/news.canadamotorjobs.com\/wp-content\/uploads\/2024\/11\/IMG_8692.jpg\" \/>\n\t<meta property=\"og:image:width\" content=\"1200\" \/>\n\t<meta property=\"og:image:height\" content=\"900\" \/>\n\t<meta property=\"og:image:type\" content=\"image\/jpeg\" \/>\n<meta name=\"author\" content=\"Benoit Charette\" \/>\n<meta name=\"twitter:card\" content=\"summary_large_image\" \/>\n<meta name=\"twitter:creator\" content=\"@canadamotorjobs\" \/>\n<meta name=\"twitter:site\" content=\"@canadamotorjobs\" \/>\n<meta name=\"twitter:label1\" content=\"\u00c9crit par\" \/>\n\t<meta name=\"twitter:data1\" content=\"Benoit Charette\" \/>\n\t<meta name=\"twitter:label2\" content=\"Estimation du temps de lecture\" \/>\n\t<meta name=\"twitter:data2\" content=\"2 minutes\" \/>\n<!-- \/ Yoast SEO plugin. -->","yoast_head_json":{"title":"Quelques coups de pinceau pour le Kia EV6 2025 - CanadaMotorJobs.com","description":"Quelques coups de pinceau pour le Kia EV6 2025 - Benoit Charette - Annuel automobile - CanadaMotorJobs.com.","robots":{"index":"index","follow":"follow","max-snippet":"max-snippet:-1","max-image-preview":"max-image-preview:large","max-video-preview":"max-video-preview:-1"},"og_locale":"fr_CA","og_type":"article","og_title":"Quelques coups de pinceau pour le Kia EV6 2025 - CanadaMotorJobs.com","og_description":"Quelques coups de pinceau pour le Kia EV6 2025 - Benoit Charette - Annuel automobile - CanadaMotorJobs.com.","og_url":"https:\/\/news.canadamotorjobs.com\/fr\/quelques-coups-de-pinceau-pour-le-kia-ev6-2025\/","og_site_name":"CanadaMotorJobs.com","article_publisher":"https:\/\/www.facebook.com\/canadamotorjobs\/","article_published_time":"2024-11-21T19:48:35+00:00","article_modified_time":"2024-11-21T19:59:23+00:00","og_image":[{"width":1200,"height":900,"url":"https:\/\/news.canadamotorjobs.com\/wp-content\/uploads\/2024\/11\/IMG_8692.jpg","type":"image\/jpeg"}],"author":"Benoit Charette","twitter_card":"summary_large_image","twitter_creator":"@canadamotorjobs","twitter_site":"@canadamotorjobs","twitter_misc":{"\u00c9crit par":"Benoit Charette","Estimation du temps de lecture":"2 minutes"},"schema":{"@context":"https:\/\/schema.org","@graph":[{"@type":"Article","@id":"https:\/\/news.canadamotorjobs.com\/fr\/quelques-coups-de-pinceau-pour-le-kia-ev6-2025\/#article","isPartOf":{"@id":"https:\/\/news.canadamotorjobs.com\/fr\/quelques-coups-de-pinceau-pour-le-kia-ev6-2025\/"},"author":{"name":"Benoit Charette","@id":"https:\/\/news.canadamotorjobs.com\/#\/schema\/person\/51793d1f87d44011d7bcc2ed99269a90"},"headline":"Quelques coups de pinceau pour le Kia EV6 2025","datePublished":"2024-11-21T19:48:35+00:00","dateModified":"2024-11-21T19:59:23+00:00","mainEntityOfPage":{"@id":"https:\/\/news.canadamotorjobs.com\/fr\/quelques-coups-de-pinceau-pour-le-kia-ev6-2025\/"},"wordCount":410,"publisher":{"@id":"https:\/\/news.canadamotorjobs.com\/#organization"},"image":{"@id":"https:\/\/news.canadamotorjobs.com\/fr\/quelques-coups-de-pinceau-pour-le-kia-ev6-2025\/#primaryimage"},"thumbnailUrl":"https:\/\/news.canadamotorjobs.com\/wp-content\/uploads\/2024\/11\/IMG_8692.jpg","articleSection":["Annuel automobile"],"inLanguage":"fr-CA"},{"@type":"WebPage","@id":"https:\/\/news.canadamotorjobs.com\/fr\/quelques-coups-de-pinceau-pour-le-kia-ev6-2025\/","url":"https:\/\/news.canadamotorjobs.com\/fr\/quelques-coups-de-pinceau-pour-le-kia-ev6-2025\/","name":"Quelques coups de pinceau pour le Kia EV6 2025 - CanadaMotorJobs.com","isPartOf":{"@id":"https:\/\/news.canadamotorjobs.com\/#website"},"primaryImageOfPage":{"@id":"https:\/\/news.canadamotorjobs.com\/fr\/quelques-coups-de-pinceau-pour-le-kia-ev6-2025\/#primaryimage"},"image":{"@id":"https:\/\/news.canadamotorjobs.com\/fr\/quelques-coups-de-pinceau-pour-le-kia-ev6-2025\/#primaryimage"},"thumbnailUrl":"https:\/\/news.canadamotorjobs.com\/wp-content\/uploads\/2024\/11\/IMG_8692.jpg","datePublished":"2024-11-21T19:48:35+00:00","dateModified":"2024-11-21T19:59:23+00:00","description":"Quelques coups de pinceau pour le Kia EV6 2025 - Benoit Charette - Annuel automobile - CanadaMotorJobs.com.","breadcrumb":{"@id":"https:\/\/news.canadamotorjobs.com\/fr\/quelques-coups-de-pinceau-pour-le-kia-ev6-2025\/#breadcrumb"},"inLanguage":"fr-CA","potentialAction":[{"@type":"ReadAction","target":["https:\/\/news.canadamotorjobs.com\/fr\/quelques-coups-de-pinceau-pour-le-kia-ev6-2025\/"]}]},{"@type":"ImageObject","inLanguage":"fr-CA","@id":"https:\/\/news.canadamotorjobs.com\/fr\/quelques-coups-de-pinceau-pour-le-kia-ev6-2025\/#primaryimage","url":"https:\/\/news.canadamotorjobs.com\/wp-content\/uploads\/2024\/11\/IMG_8692.jpg","contentUrl":"https:\/\/news.canadamotorjobs.com\/wp-content\/uploads\/2024\/11\/IMG_8692.jpg","width":1200,"height":900},{"@type":"BreadcrumbList","@id":"https:\/\/news.canadamotorjobs.com\/fr\/quelques-coups-de-pinceau-pour-le-kia-ev6-2025\/#breadcrumb","itemListElement":[{"@type":"ListItem","position":1,"name":"Home","item":"https:\/\/news.canadamotorjobs.com\/fr\/blog\/"},{"@type":"ListItem","position":2,"name":"Quelques coups de pinceau pour le Kia EV6 2025"}]},{"@type":"WebSite","@id":"https:\/\/news.canadamotorjobs.com\/#website","url":"https:\/\/news.canadamotorjobs.com\/","name":"CanadaMotorJobs.com","description":"Automotive Jobs","publisher":{"@id":"https:\/\/news.canadamotorjobs.com\/#organization"},"potentialAction":[{"@type":"SearchAction","target":{"@type":"EntryPoint","urlTemplate":"https:\/\/news.canadamotorjobs.com\/?s={search_term_string}"},"query-input":"required name=search_term_string"}],"inLanguage":"fr-CA"},{"@type":"Organization","@id":"https:\/\/news.canadamotorjobs.com\/#organization","name":"Canada Motor Jobs","url":"https:\/\/news.canadamotorjobs.com\/","logo":{"@type":"ImageObject","inLanguage":"fr-CA","@id":"https:\/\/news.canadamotorjobs.com\/#\/schema\/logo\/image\/","url":"https:\/\/news.canadamotorjobs.com\/wp-content\/uploads\/2022\/10\/logo-canada-motor-jobs-1.png","contentUrl":"https:\/\/news.canadamotorjobs.com\/wp-content\/uploads\/2022\/10\/logo-canada-motor-jobs-1.png","width":800,"height":400,"caption":"Canada Motor Jobs"},"image":{"@id":"https:\/\/news.canadamotorjobs.com\/#\/schema\/logo\/image\/"},"sameAs":["https:\/\/www.facebook.com\/canadamotorjobs\/","https:\/\/x.com\/canadamotorjobs","https:\/\/www.instagram.com\/canadamotorjobs\/","https:\/\/www.linkedin.com\/company\/canadamotorjobs"]},{"@type":"Person","@id":"https:\/\/news.canadamotorjobs.com\/#\/schema\/person\/51793d1f87d44011d7bcc2ed99269a90","name":"Benoit Charette","image":{"@type":"ImageObject","inLanguage":"fr-CA","@id":"https:\/\/news.canadamotorjobs.com\/#\/schema\/person\/image\/","url":"https:\/\/secure.gravatar.com\/avatar\/45f3d2eebcccd909668d7ce7ea7267b6?s=96&d=mm&r=g","contentUrl":"https:\/\/secure.gravatar.com\/avatar\/45f3d2eebcccd909668d7ce7ea7267b6?s=96&d=mm&r=g","caption":"Benoit Charette"},"description":"Benoit Charette \/ Propri\u00e9taire et r\u00e9dacteur en chef Benoit Charette pratique le journalisme automobile depuis bient\u00f4t 30 ans. Il a fait ses classes au c\u00f4t\u00e9 de Daniel H\u00e9raud et au Carnet de route de 1992 \u00e0 2001. Il est fondateur, copropri\u00e9taire et r\u00e9dacteur en chef de L\u2019Annuel de l\u2019automobile, qu\u2019il publie depuis 2001. Il a anim\u00e9 les \u00e9missions RPM et RPM+ sur V et les L\u00e9gendes de la route sur Historia. \u00c0 la radio depuis 1986, il reprend l\u2019antenne cette ann\u00e9e sur les ondes de Cogeco et participe pour la deuxi\u00e8me ann\u00e9e \u00e0 l\u2019\u00e9mission Passion Auto sur RDS en plus de mettre en ligne le site Web officiel de L\u2019Annuel de l\u2019automobile sur annuelauto.ca.","sameAs":["https:\/\/annuelauto.ca\/"],"url":"https:\/\/news.canadamotorjobs.com\/fr\/author\/benoit-charette\/"}]}},"_links":{"self":[{"href":"https:\/\/news.canadamotorjobs.com\/fr\/wp-json\/wp\/v2\/posts\/181994"}],"collection":[{"href":"https:\/\/news.canadamotorjobs.com\/fr\/wp-json\/wp\/v2\/posts"}],"about":[{"href":"https:\/\/news.canadamotorjobs.com\/fr\/wp-json\/wp\/v2\/types\/post"}],"author":[{"embeddable":true,"href":"https:\/\/news.canadamotorjobs.com\/fr\/wp-json\/wp\/v2\/users\/8"}],"replies":[{"embeddable":true,"href":"https:\/\/news.canadamotorjobs.com\/fr\/wp-json\/wp\/v2\/comments?post=181994"}],"version-history":[{"count":2,"href":"https:\/\/news.canadamotorjobs.com\/fr\/wp-json\/wp\/v2\/posts\/181994\/revisions"}],"predecessor-version":[{"id":181998,"href":"https:\/\/news.canadamotorjobs.com\/fr\/wp-json\/wp\/v2\/posts\/181994\/revisions\/181998"}],"wp:featuredmedia":[{"embeddable":true,"href":"https:\/\/news.canadamotorjobs.com\/fr\/wp-json\/wp\/v2\/media\/181996"}],"wp:attachment":[{"href":"https:\/\/news.canadamotorjobs.com\/fr\/wp-json\/wp\/v2\/media?parent=181994"}],"wp:term":[{"taxonomy":"category","embeddable":true,"href":"https:\/\/news.canadamotorjobs.com\/fr\/wp-json\/wp\/v2\/categories?post=181994"},{"taxonomy":"post_tag","embeddable":true,"href":"https:\/\/news.canadamotorjobs.com\/fr\/wp-json\/wp\/v2\/tags?post=181994"}],"curies":[{"name":"wp","href":"https:\/\/api.w.org\/{rel}","templated":true}]}}