{"id":181964,"date":"2024-11-21T08:35:00","date_gmt":"2024-11-21T13:35:00","guid":{"rendered":"https:\/\/news.canadamotorjobs.com\/?p=181964"},"modified":"2024-11-21T08:43:53","modified_gmt":"2024-11-21T13:43:53","slug":"un-premier-vus-electrique-3-rangees-chez-hyundai","status":"publish","type":"post","link":"https:\/\/news.canadamotorjobs.com\/fr\/un-premier-vus-electrique-3-rangees-chez-hyundai\/","title":{"rendered":"Un premier VUS \u00e9lectrique 3 rang\u00e9es chez Hyundai"},"content":{"rendered":"<\/p>\n<p>Hyundai a d\u00e9voil\u00e9 l\u2019IONIQ 9, son premier VUS \u00e9lectrique \u00e0 trois rang\u00e9es, marquant une \u00e9tape cl\u00e9 dans sa strat\u00e9gie de domination du segment des v\u00e9hicules familiaux. Pr\u00e9vu pour une commercialisation aux \u00c9tats-Unis et en Cor\u00e9e d\u00e9but 2025, ce mod\u00e8le vise une autonomie de plus de 480 km.<\/p>\n<h3>Le retour des v\u00e9hicules spacieux pour familles<\/h3>\n<p>\nLongtemps boud\u00e9s au profit des berlines et VUS compacts, les grands v\u00e9hicules familiaux font leur retour en force. Les VUS \u00e0 trois rang\u00e9es remplacent d\u00e9sormais les fourgonnettes, offrant une solution id\u00e9ale pour les parents sportifs ou les escapades en famille avec bagages \u00e0 profusion.<\/p>\n<h3>La concurrence s\u2019\u00e9chauffe<\/h3>\n<p>\nHyundai rejoint un segment de plus en plus comp\u00e9titif. Des marques comme Tesla, Rivian, VinFast et Cadillac ont d\u00e9j\u00e0 des mod\u00e8les \u00e0 trois rang\u00e9es sur le march\u00e9 ou en pr\u00e9paration. Le IONIQ 9, construit en G\u00e9orgie, s\u2019aligne avec les ambitions de Hyundai de produire 23 mod\u00e8les \u00e9lectriques d\u2019ici 2030.<\/p>\n<p>Son tarif reste inconnu, mais il pourrait s\u2019approcher du prix de son proche couson le Kia EV9. Parmi ses atouts, une recharge rapide de 10 % \u00e0 80 % en seulement 24 minutes et une compatibilit\u00e9 avec le r\u00e9seau Supercharger de Tesla.<\/p>\n<h3>Des attentes mesur\u00e9es pour un segment en croissance<\/h3>\n<p>\nMalgr\u00e9 une hausse attendue des ventes de VUS \u00e9lectriques \u00e0 trois rang\u00e9es, le march\u00e9 reste fragile. Les prix \u00e9lev\u00e9s et l\u2019autonomie encore limit\u00e9e pour les longs trajets dissuadent de nombreux acheteurs. Pourtant, les marques continuent de se positionner, sachant que les premiers entrants pourraient tirer parti des \u00e9conomies d\u2019\u00e9chelle \u00e0 mesure que les co\u00fbts des batteries diminuent.<\/p>\n<h3>Conclusion : Hyundai entre en jeu avec force<\/h3>\n<p>\nAvec l\u2019IONIQ 9, Hyundai mise sur l\u2019avenir d\u2019un segment prometteur mais exigeant. La question reste : ce VUS familial saura-t-il s\u00e9duire les acheteurs pr\u00eats \u00e0 investir dans l\u2019\u00e9lectrique, malgr\u00e9 des conditions de march\u00e9 encore incertaines ?<\/p>\n<p>\u00a0<\/p>\n<p>Le texte <a rel=\"nofollow\" href=\"https:\/\/annuelauto.ca\/hyundai-ioniq-9-vus-electrique-trois-rangees\/\">Un premier VUS \u00e9lectrique 3 rang\u00e9es chez Hyundai<\/a> provient de <a rel=\"nofollow\" href=\"https:\/\/annuelauto.ca\">L&#8217;annuel de l&#8217;automobile &#8211; Actualit\u00e9 automobile<\/a><\/p>\n<p><\/p>\n","protected":false},"excerpt":{"rendered":"<p>Hyundai a d\u00e9voil\u00e9 l\u2019IONIQ 9, son premier VUS \u00e9lectrique \u00e0 trois rang\u00e9es, marquant une \u00e9tape cl\u00e9 dans sa strat\u00e9gie de domination du segment des v\u00e9hicules familiaux. Pr\u00e9vu pour une commercialisation aux \u00c9tats-Unis et en Cor\u00e9e d\u00e9but 2025, ce mod\u00e8le vise une autonomie de plus de 480 km. Le retour des v\u00e9hicules spacieux pour familles Longtemps [&hellip;]<\/p>\n","protected":false},"author":8,"featured_media":181966,"comment_status":"close","ping_status":"closed","sticky":false,"template":"","format":"standard","meta":{"_monsterinsights_skip_tracking":false,"_monsterinsights_sitenote_active":false,"_monsterinsights_sitenote_note":"","_monsterinsights_sitenote_category":0,"footnotes":""},"categories":[101],"tags":[],"yoast_head":"<!-- This site is optimized with the Yoast SEO plugin v23.2 - https:\/\/yoast.com\/wordpress\/plugins\/seo\/ -->\n<title>Un premier VUS \u00e9lectrique 3 rang\u00e9es chez Hyundai - CanadaMotorJobs.com<\/title>\n<meta name=\"description\" content=\"Un premier VUS \u00e9lectrique 3 rang\u00e9es chez Hyundai - Benoit Charette - Annuel automobile - CanadaMotorJobs.com.\" \/>\n<meta name=\"robots\" content=\"index, follow, max-snippet:-1, max-image-preview:large, max-video-preview:-1\" \/>\n<meta property=\"og:locale\" content=\"fr_CA\" \/>\n<meta property=\"og:type\" content=\"article\" \/>\n<meta property=\"og:title\" content=\"Un premier VUS \u00e9lectrique 3 rang\u00e9es chez Hyundai - CanadaMotorJobs.com\" \/>\n<meta property=\"og:description\" content=\"Un premier VUS \u00e9lectrique 3 rang\u00e9es chez Hyundai - Benoit Charette - Annuel automobile - CanadaMotorJobs.com.\" \/>\n<meta property=\"og:url\" content=\"https:\/\/news.canadamotorjobs.com\/fr\/un-premier-vus-electrique-3-rangees-chez-hyundai\/\" \/>\n<meta property=\"og:site_name\" content=\"CanadaMotorJobs.com\" \/>\n<meta property=\"article:publisher\" content=\"https:\/\/www.facebook.com\/canadamotorjobs\/\" \/>\n<meta property=\"article:published_time\" content=\"2024-11-21T13:35:00+00:00\" \/>\n<meta property=\"article:modified_time\" content=\"2024-11-21T13:43:53+00:00\" \/>\n<meta property=\"og:image\" content=\"https:\/\/news.canadamotorjobs.com\/wp-content\/uploads\/2024\/11\/2025-Hyundai-Ioniq-9-rear-3-4-REL.jpg\" \/>\n\t<meta property=\"og:image:width\" content=\"1823\" \/>\n\t<meta property=\"og:image:height\" content=\"1215\" \/>\n\t<meta property=\"og:image:type\" content=\"image\/jpeg\" \/>\n<meta name=\"author\" content=\"Benoit Charette\" \/>\n<meta name=\"twitter:card\" content=\"summary_large_image\" \/>\n<meta name=\"twitter:creator\" content=\"@canadamotorjobs\" \/>\n<meta name=\"twitter:site\" content=\"@canadamotorjobs\" \/>\n<meta name=\"twitter:label1\" content=\"\u00c9crit par\" \/>\n\t<meta name=\"twitter:data1\" content=\"Benoit Charette\" \/>\n\t<meta name=\"twitter:label2\" content=\"Estimation du temps de lecture\" \/>\n\t<meta name=\"twitter:data2\" content=\"2 minutes\" \/>\n<!-- \/ Yoast SEO plugin. -->","yoast_head_json":{"title":"Un premier VUS \u00e9lectrique 3 rang\u00e9es chez Hyundai - CanadaMotorJobs.com","description":"Un premier VUS \u00e9lectrique 3 rang\u00e9es chez Hyundai - Benoit Charette - Annuel automobile - CanadaMotorJobs.com.","robots":{"index":"index","follow":"follow","max-snippet":"max-snippet:-1","max-image-preview":"max-image-preview:large","max-video-preview":"max-video-preview:-1"},"og_locale":"fr_CA","og_type":"article","og_title":"Un premier VUS \u00e9lectrique 3 rang\u00e9es chez Hyundai - CanadaMotorJobs.com","og_description":"Un premier VUS \u00e9lectrique 3 rang\u00e9es chez Hyundai - Benoit Charette - Annuel automobile - CanadaMotorJobs.com.","og_url":"https:\/\/news.canadamotorjobs.com\/fr\/un-premier-vus-electrique-3-rangees-chez-hyundai\/","og_site_name":"CanadaMotorJobs.com","article_publisher":"https:\/\/www.facebook.com\/canadamotorjobs\/","article_published_time":"2024-11-21T13:35:00+00:00","article_modified_time":"2024-11-21T13:43:53+00:00","og_image":[{"width":1823,"height":1215,"url":"https:\/\/news.canadamotorjobs.com\/wp-content\/uploads\/2024\/11\/2025-Hyundai-Ioniq-9-rear-3-4-REL.jpg","type":"image\/jpeg"}],"author":"Benoit Charette","twitter_card":"summary_large_image","twitter_creator":"@canadamotorjobs","twitter_site":"@canadamotorjobs","twitter_misc":{"\u00c9crit par":"Benoit Charette","Estimation du temps de lecture":"2 minutes"},"schema":{"@context":"https:\/\/schema.org","@graph":[{"@type":"Article","@id":"https:\/\/news.canadamotorjobs.com\/fr\/un-premier-vus-electrique-3-rangees-chez-hyundai\/#article","isPartOf":{"@id":"https:\/\/news.canadamotorjobs.com\/fr\/un-premier-vus-electrique-3-rangees-chez-hyundai\/"},"author":{"name":"Benoit Charette","@id":"https:\/\/news.canadamotorjobs.com\/#\/schema\/person\/51793d1f87d44011d7bcc2ed99269a90"},"headline":"Un premier VUS \u00e9lectrique 3 rang\u00e9es chez Hyundai","datePublished":"2024-11-21T13:35:00+00:00","dateModified":"2024-11-21T13:43:53+00:00","mainEntityOfPage":{"@id":"https:\/\/news.canadamotorjobs.com\/fr\/un-premier-vus-electrique-3-rangees-chez-hyundai\/"},"wordCount":346,"publisher":{"@id":"https:\/\/news.canadamotorjobs.com\/#organization"},"image":{"@id":"https:\/\/news.canadamotorjobs.com\/fr\/un-premier-vus-electrique-3-rangees-chez-hyundai\/#primaryimage"},"thumbnailUrl":"https:\/\/news.canadamotorjobs.com\/wp-content\/uploads\/2024\/11\/2025-Hyundai-Ioniq-9-rear-3-4-REL.jpg","articleSection":["Annuel automobile"],"inLanguage":"fr-CA"},{"@type":"WebPage","@id":"https:\/\/news.canadamotorjobs.com\/fr\/un-premier-vus-electrique-3-rangees-chez-hyundai\/","url":"https:\/\/news.canadamotorjobs.com\/fr\/un-premier-vus-electrique-3-rangees-chez-hyundai\/","name":"Un premier VUS \u00e9lectrique 3 rang\u00e9es chez Hyundai - CanadaMotorJobs.com","isPartOf":{"@id":"https:\/\/news.canadamotorjobs.com\/#website"},"primaryImageOfPage":{"@id":"https:\/\/news.canadamotorjobs.com\/fr\/un-premier-vus-electrique-3-rangees-chez-hyundai\/#primaryimage"},"image":{"@id":"https:\/\/news.canadamotorjobs.com\/fr\/un-premier-vus-electrique-3-rangees-chez-hyundai\/#primaryimage"},"thumbnailUrl":"https:\/\/news.canadamotorjobs.com\/wp-content\/uploads\/2024\/11\/2025-Hyundai-Ioniq-9-rear-3-4-REL.jpg","datePublished":"2024-11-21T13:35:00+00:00","dateModified":"2024-11-21T13:43:53+00:00","description":"Un premier VUS \u00e9lectrique 3 rang\u00e9es chez Hyundai - Benoit Charette - Annuel automobile - CanadaMotorJobs.com.","breadcrumb":{"@id":"https:\/\/news.canadamotorjobs.com\/fr\/un-premier-vus-electrique-3-rangees-chez-hyundai\/#breadcrumb"},"inLanguage":"fr-CA","potentialAction":[{"@type":"ReadAction","target":["https:\/\/news.canadamotorjobs.com\/fr\/un-premier-vus-electrique-3-rangees-chez-hyundai\/"]}]},{"@type":"ImageObject","inLanguage":"fr-CA","@id":"https:\/\/news.canadamotorjobs.com\/fr\/un-premier-vus-electrique-3-rangees-chez-hyundai\/#primaryimage","url":"https:\/\/news.canadamotorjobs.com\/wp-content\/uploads\/2024\/11\/2025-Hyundai-Ioniq-9-rear-3-4-REL.jpg","contentUrl":"https:\/\/news.canadamotorjobs.com\/wp-content\/uploads\/2024\/11\/2025-Hyundai-Ioniq-9-rear-3-4-REL.jpg","width":1823,"height":1215},{"@type":"BreadcrumbList","@id":"https:\/\/news.canadamotorjobs.com\/fr\/un-premier-vus-electrique-3-rangees-chez-hyundai\/#breadcrumb","itemListElement":[{"@type":"ListItem","position":1,"name":"Home","item":"https:\/\/news.canadamotorjobs.com\/fr\/blog\/"},{"@type":"ListItem","position":2,"name":"Un premier VUS \u00e9lectrique 3 rang\u00e9es chez Hyundai"}]},{"@type":"WebSite","@id":"https:\/\/news.canadamotorjobs.com\/#website","url":"https:\/\/news.canadamotorjobs.com\/","name":"CanadaMotorJobs.com","description":"Automotive Jobs","publisher":{"@id":"https:\/\/news.canadamotorjobs.com\/#organization"},"potentialAction":[{"@type":"SearchAction","target":{"@type":"EntryPoint","urlTemplate":"https:\/\/news.canadamotorjobs.com\/?s={search_term_string}"},"query-input":"required name=search_term_string"}],"inLanguage":"fr-CA"},{"@type":"Organization","@id":"https:\/\/news.canadamotorjobs.com\/#organization","name":"Canada Motor Jobs","url":"https:\/\/news.canadamotorjobs.com\/","logo":{"@type":"ImageObject","inLanguage":"fr-CA","@id":"https:\/\/news.canadamotorjobs.com\/#\/schema\/logo\/image\/","url":"https:\/\/news.canadamotorjobs.com\/wp-content\/uploads\/2022\/10\/logo-canada-motor-jobs-1.png","contentUrl":"https:\/\/news.canadamotorjobs.com\/wp-content\/uploads\/2022\/10\/logo-canada-motor-jobs-1.png","width":800,"height":400,"caption":"Canada Motor Jobs"},"image":{"@id":"https:\/\/news.canadamotorjobs.com\/#\/schema\/logo\/image\/"},"sameAs":["https:\/\/www.facebook.com\/canadamotorjobs\/","https:\/\/x.com\/canadamotorjobs","https:\/\/www.instagram.com\/canadamotorjobs\/","https:\/\/www.linkedin.com\/company\/canadamotorjobs"]},{"@type":"Person","@id":"https:\/\/news.canadamotorjobs.com\/#\/schema\/person\/51793d1f87d44011d7bcc2ed99269a90","name":"Benoit Charette","image":{"@type":"ImageObject","inLanguage":"fr-CA","@id":"https:\/\/news.canadamotorjobs.com\/#\/schema\/person\/image\/","url":"https:\/\/secure.gravatar.com\/avatar\/45f3d2eebcccd909668d7ce7ea7267b6?s=96&d=mm&r=g","contentUrl":"https:\/\/secure.gravatar.com\/avatar\/45f3d2eebcccd909668d7ce7ea7267b6?s=96&d=mm&r=g","caption":"Benoit Charette"},"description":"Benoit Charette \/ Propri\u00e9taire et r\u00e9dacteur en chef Benoit Charette pratique le journalisme automobile depuis bient\u00f4t 30 ans. Il a fait ses classes au c\u00f4t\u00e9 de Daniel H\u00e9raud et au Carnet de route de 1992 \u00e0 2001. Il est fondateur, copropri\u00e9taire et r\u00e9dacteur en chef de L\u2019Annuel de l\u2019automobile, qu\u2019il publie depuis 2001. Il a anim\u00e9 les \u00e9missions RPM et RPM+ sur V et les L\u00e9gendes de la route sur Historia. \u00c0 la radio depuis 1986, il reprend l\u2019antenne cette ann\u00e9e sur les ondes de Cogeco et participe pour la deuxi\u00e8me ann\u00e9e \u00e0 l\u2019\u00e9mission Passion Auto sur RDS en plus de mettre en ligne le site Web officiel de L\u2019Annuel de l\u2019automobile sur annuelauto.ca.","sameAs":["https:\/\/annuelauto.ca\/"],"url":"https:\/\/news.canadamotorjobs.com\/fr\/author\/benoit-charette\/"}]}},"_links":{"self":[{"href":"https:\/\/news.canadamotorjobs.com\/fr\/wp-json\/wp\/v2\/posts\/181964"}],"collection":[{"href":"https:\/\/news.canadamotorjobs.com\/fr\/wp-json\/wp\/v2\/posts"}],"about":[{"href":"https:\/\/news.canadamotorjobs.com\/fr\/wp-json\/wp\/v2\/types\/post"}],"author":[{"embeddable":true,"href":"https:\/\/news.canadamotorjobs.com\/fr\/wp-json\/wp\/v2\/users\/8"}],"replies":[{"embeddable":true,"href":"https:\/\/news.canadamotorjobs.com\/fr\/wp-json\/wp\/v2\/comments?post=181964"}],"version-history":[{"count":2,"href":"https:\/\/news.canadamotorjobs.com\/fr\/wp-json\/wp\/v2\/posts\/181964\/revisions"}],"predecessor-version":[{"id":181968,"href":"https:\/\/news.canadamotorjobs.com\/fr\/wp-json\/wp\/v2\/posts\/181964\/revisions\/181968"}],"wp:featuredmedia":[{"embeddable":true,"href":"https:\/\/news.canadamotorjobs.com\/fr\/wp-json\/wp\/v2\/media\/181966"}],"wp:attachment":[{"href":"https:\/\/news.canadamotorjobs.com\/fr\/wp-json\/wp\/v2\/media?parent=181964"}],"wp:term":[{"taxonomy":"category","embeddable":true,"href":"https:\/\/news.canadamotorjobs.com\/fr\/wp-json\/wp\/v2\/categories?post=181964"},{"taxonomy":"post_tag","embeddable":true,"href":"https:\/\/news.canadamotorjobs.com\/fr\/wp-json\/wp\/v2\/tags?post=181964"}],"curies":[{"name":"wp","href":"https:\/\/api.w.org\/{rel}","templated":true}]}}