{"id":181937,"date":"2024-11-21T08:14:58","date_gmt":"2024-11-21T13:14:58","guid":{"rendered":"https:\/\/news.canadamotorjobs.com\/?p=181937"},"modified":"2024-11-21T08:28:57","modified_gmt":"2024-11-21T13:28:57","slug":"stellantis-reporte-a-nouveau-le-lancement-de-ces-vehicules-electriques","status":"publish","type":"post","link":"https:\/\/news.canadamotorjobs.com\/fr\/stellantis-reporte-a-nouveau-le-lancement-de-ces-vehicules-electriques\/","title":{"rendered":"Stellantis reporte \u00e0 nouveau le lancement de ces v\u00e9hicules \u00e9lectriques"},"content":{"rendered":"<\/p>\n<p>Stellantis, ambitieux constructeur mondial, joue la carte de la patience en mati\u00e8re de v\u00e9hicules \u00e9lectriques (VE). Alors que l\u2019Am\u00e9rique s\u2019impatiente, Carlos Tavares, PDG de Stellantis, semble r\u00e9citer un mantra : \u00ab Mieux vaut tard que b\u00e2cl\u00e9. \u00bb Et les retards s\u2019accumulent.<\/p>\n<h3>Dodge Charger Daytona : Attendu mais pas press\u00e9<\/h3>\n<p>\nPr\u00e9vu pour l\u2019\u00e9t\u00e9 dernier, le Dodge Charger Daytona n\u2019a toujours pas fait son entr\u00e9e en sc\u00e8ne. Stellantis promet n\u00e9anmoins aux concessionnaires une livraison avant la fin de l\u2019ann\u00e9e. Entre-temps, Jeep mise aussi sur une arriv\u00e9e du Wagoneer S d\u2019ici d\u00e9cembre. Et pendant que le public surveille son calendrier, Antonio Filosa, PDG de Jeep, mart\u00e8le : \u00ab Priorit\u00e9 \u00e0 la qualit\u00e9, pas au calendrier. \u00bb<\/p>\n<h3>Ram 1500 REV : Pas avant 2025<\/h3>\n<p>\nCarlos Tavares a confirm\u00e9 le report du Ram 1500 REV \u00e0 2025, initialement pr\u00e9vu pour fin 2024. Christine Feuell, patronne de Ram, pr\u00e9voit que ce mod\u00e8le sera suivi du Ramcharger, une version \u00e0 autonomie prolong\u00e9e \u00e9quip\u00e9e d\u2019un g\u00e9n\u00e9rateur embarqu\u00e9. Tavares insiste : \u00ab Nous validons. Nous prenons notre temps. \u00bb<\/p>\n<h3>La flexibilit\u00e9 des plateformes pour une industrie impr\u00e9visible<\/h3>\n<p>\nL\u2019architecture STLA Frame, con\u00e7ue pour les gros camions et VUS, s&#8217;adapte \u00e0 plusieurs technologies : essence, hybride, hydrog\u00e8ne, \u00e9lectrique ou \u00e0 autonomie prolong\u00e9e. De m\u00eame, les plateformes STLA Large, Medium et Small offrent une polyvalence pour r\u00e9pondre aux besoins de march\u00e9s changeants et \u00e0 des r\u00e9glementations fluctuantes.<\/p>\n<h3>La promesse d\u2019une conduite \u00e9lectrisante<\/h3>\n<p>\nLa Dodge Charger Daytona Scat Pack promet des performances impressionnantes : 670 chevaux, 3,3 secondes pour atteindre 100 km\/h et une autonomie de 420 km. Quant au Wagoneer S, il a laiss\u00e9 Carlos Tavares \u00ab bouche b\u00e9e \u00bb lors d\u2019un essai. Mais ces prouesses suffiront-elles \u00e0 convertir les sceptiques du VE, surtout face aux d\u00e9fis d\u2019infrastructure et \u00e0 la question cruciale de l\u2019accessibilit\u00e9 financi\u00e8re ?<\/p>\n<h3>Conclusion : Une strat\u00e9gie r\u00e9fl\u00e9chie<\/h3>\n<p>\nEntre retards strat\u00e9giques et vision pragmatique, Stellantis semble jouer la carte de la prudence. La question reste : les consommateurs accepteront-ils cette lenteur, ou passeront-ils leur chemin ?<\/p>\n<p>\u00a0<\/p>\n<p>Le texte <a rel=\"nofollow\" href=\"https:\/\/annuelauto.ca\/stellantis-strategie-retards-ve\/\">Stellantis reporte \u00e0 nouveau le lancement de ces v\u00e9hicules \u00e9lectriques<\/a> provient de <a rel=\"nofollow\" href=\"https:\/\/annuelauto.ca\">L&#8217;annuel de l&#8217;automobile &#8211; Actualit\u00e9 automobile<\/a><\/p>\n<p><\/p>\n","protected":false},"excerpt":{"rendered":"<p>Stellantis, ambitieux constructeur mondial, joue la carte de la patience en mati\u00e8re de v\u00e9hicules \u00e9lectriques (VE). Alors que l\u2019Am\u00e9rique s\u2019impatiente, Carlos Tavares, PDG de Stellantis, semble r\u00e9citer un mantra : \u00ab Mieux vaut tard que b\u00e2cl\u00e9. \u00bb Et les retards s\u2019accumulent. Dodge Charger Daytona : Attendu mais pas press\u00e9 Pr\u00e9vu pour l\u2019\u00e9t\u00e9 dernier, le Dodge [&hellip;]<\/p>\n","protected":false},"author":8,"featured_media":181939,"comment_status":"close","ping_status":"closed","sticky":false,"template":"","format":"standard","meta":{"_monsterinsights_skip_tracking":false,"_monsterinsights_sitenote_active":false,"_monsterinsights_sitenote_note":"","_monsterinsights_sitenote_category":0,"footnotes":""},"categories":[101],"tags":[],"yoast_head":"<!-- This site is optimized with the Yoast SEO plugin v23.2 - https:\/\/yoast.com\/wordpress\/plugins\/seo\/ -->\n<title>Stellantis reporte \u00e0 nouveau le lancement de ces v\u00e9hicules \u00e9lectriques - CanadaMotorJobs.com<\/title>\n<meta name=\"description\" content=\"Stellantis reporte \u00e0 nouveau le lancement de ces v\u00e9hicules \u00e9lectriques - Benoit Charette - Annuel automobile - CanadaMotorJobs.com.\" \/>\n<meta name=\"robots\" content=\"index, follow, max-snippet:-1, max-image-preview:large, max-video-preview:-1\" \/>\n<meta property=\"og:locale\" content=\"fr_CA\" \/>\n<meta property=\"og:type\" content=\"article\" \/>\n<meta property=\"og:title\" content=\"Stellantis reporte \u00e0 nouveau le lancement de ces v\u00e9hicules \u00e9lectriques - CanadaMotorJobs.com\" \/>\n<meta property=\"og:description\" content=\"Stellantis reporte \u00e0 nouveau le lancement de ces v\u00e9hicules \u00e9lectriques - Benoit Charette - Annuel automobile - CanadaMotorJobs.com.\" \/>\n<meta property=\"og:url\" content=\"https:\/\/news.canadamotorjobs.com\/fr\/stellantis-reporte-a-nouveau-le-lancement-de-ces-vehicules-electriques\/\" \/>\n<meta property=\"og:site_name\" content=\"CanadaMotorJobs.com\" \/>\n<meta property=\"article:publisher\" content=\"https:\/\/www.facebook.com\/canadamotorjobs\/\" \/>\n<meta property=\"article:published_time\" content=\"2024-11-21T13:14:58+00:00\" \/>\n<meta property=\"article:modified_time\" content=\"2024-11-21T13:28:57+00:00\" \/>\n<meta property=\"og:image\" content=\"https:\/\/news.canadamotorjobs.com\/wp-content\/uploads\/2024\/11\/k2y1rhy03s1ex62dyj5lex0xugs0.jpg\" \/>\n\t<meta property=\"og:image:width\" content=\"1704\" \/>\n\t<meta property=\"og:image:height\" content=\"952\" \/>\n\t<meta property=\"og:image:type\" content=\"image\/jpeg\" \/>\n<meta name=\"author\" content=\"Benoit Charette\" \/>\n<meta name=\"twitter:card\" content=\"summary_large_image\" \/>\n<meta name=\"twitter:creator\" content=\"@canadamotorjobs\" \/>\n<meta name=\"twitter:site\" content=\"@canadamotorjobs\" \/>\n<meta name=\"twitter:label1\" content=\"\u00c9crit par\" \/>\n\t<meta name=\"twitter:data1\" content=\"Benoit Charette\" \/>\n\t<meta name=\"twitter:label2\" content=\"Estimation du temps de lecture\" \/>\n\t<meta name=\"twitter:data2\" content=\"2 minutes\" \/>\n<!-- \/ Yoast SEO plugin. -->","yoast_head_json":{"title":"Stellantis reporte \u00e0 nouveau le lancement de ces v\u00e9hicules \u00e9lectriques - CanadaMotorJobs.com","description":"Stellantis reporte \u00e0 nouveau le lancement de ces v\u00e9hicules \u00e9lectriques - Benoit Charette - Annuel automobile - CanadaMotorJobs.com.","robots":{"index":"index","follow":"follow","max-snippet":"max-snippet:-1","max-image-preview":"max-image-preview:large","max-video-preview":"max-video-preview:-1"},"og_locale":"fr_CA","og_type":"article","og_title":"Stellantis reporte \u00e0 nouveau le lancement de ces v\u00e9hicules \u00e9lectriques - CanadaMotorJobs.com","og_description":"Stellantis reporte \u00e0 nouveau le lancement de ces v\u00e9hicules \u00e9lectriques - Benoit Charette - Annuel automobile - CanadaMotorJobs.com.","og_url":"https:\/\/news.canadamotorjobs.com\/fr\/stellantis-reporte-a-nouveau-le-lancement-de-ces-vehicules-electriques\/","og_site_name":"CanadaMotorJobs.com","article_publisher":"https:\/\/www.facebook.com\/canadamotorjobs\/","article_published_time":"2024-11-21T13:14:58+00:00","article_modified_time":"2024-11-21T13:28:57+00:00","og_image":[{"width":1704,"height":952,"url":"https:\/\/news.canadamotorjobs.com\/wp-content\/uploads\/2024\/11\/k2y1rhy03s1ex62dyj5lex0xugs0.jpg","type":"image\/jpeg"}],"author":"Benoit Charette","twitter_card":"summary_large_image","twitter_creator":"@canadamotorjobs","twitter_site":"@canadamotorjobs","twitter_misc":{"\u00c9crit par":"Benoit Charette","Estimation du temps de lecture":"2 minutes"},"schema":{"@context":"https:\/\/schema.org","@graph":[{"@type":"Article","@id":"https:\/\/news.canadamotorjobs.com\/fr\/stellantis-reporte-a-nouveau-le-lancement-de-ces-vehicules-electriques\/#article","isPartOf":{"@id":"https:\/\/news.canadamotorjobs.com\/fr\/stellantis-reporte-a-nouveau-le-lancement-de-ces-vehicules-electriques\/"},"author":{"name":"Benoit Charette","@id":"https:\/\/news.canadamotorjobs.com\/#\/schema\/person\/51793d1f87d44011d7bcc2ed99269a90"},"headline":"Stellantis reporte \u00e0 nouveau le lancement de ces v\u00e9hicules \u00e9lectriques","datePublished":"2024-11-21T13:14:58+00:00","dateModified":"2024-11-21T13:28:57+00:00","mainEntityOfPage":{"@id":"https:\/\/news.canadamotorjobs.com\/fr\/stellantis-reporte-a-nouveau-le-lancement-de-ces-vehicules-electriques\/"},"wordCount":374,"publisher":{"@id":"https:\/\/news.canadamotorjobs.com\/#organization"},"image":{"@id":"https:\/\/news.canadamotorjobs.com\/fr\/stellantis-reporte-a-nouveau-le-lancement-de-ces-vehicules-electriques\/#primaryimage"},"thumbnailUrl":"https:\/\/news.canadamotorjobs.com\/wp-content\/uploads\/2024\/11\/k2y1rhy03s1ex62dyj5lex0xugs0.jpg","articleSection":["Annuel automobile"],"inLanguage":"fr-CA"},{"@type":"WebPage","@id":"https:\/\/news.canadamotorjobs.com\/fr\/stellantis-reporte-a-nouveau-le-lancement-de-ces-vehicules-electriques\/","url":"https:\/\/news.canadamotorjobs.com\/fr\/stellantis-reporte-a-nouveau-le-lancement-de-ces-vehicules-electriques\/","name":"Stellantis reporte \u00e0 nouveau le lancement de ces v\u00e9hicules \u00e9lectriques - CanadaMotorJobs.com","isPartOf":{"@id":"https:\/\/news.canadamotorjobs.com\/#website"},"primaryImageOfPage":{"@id":"https:\/\/news.canadamotorjobs.com\/fr\/stellantis-reporte-a-nouveau-le-lancement-de-ces-vehicules-electriques\/#primaryimage"},"image":{"@id":"https:\/\/news.canadamotorjobs.com\/fr\/stellantis-reporte-a-nouveau-le-lancement-de-ces-vehicules-electriques\/#primaryimage"},"thumbnailUrl":"https:\/\/news.canadamotorjobs.com\/wp-content\/uploads\/2024\/11\/k2y1rhy03s1ex62dyj5lex0xugs0.jpg","datePublished":"2024-11-21T13:14:58+00:00","dateModified":"2024-11-21T13:28:57+00:00","description":"Stellantis reporte \u00e0 nouveau le lancement de ces v\u00e9hicules \u00e9lectriques - Benoit Charette - Annuel automobile - CanadaMotorJobs.com.","breadcrumb":{"@id":"https:\/\/news.canadamotorjobs.com\/fr\/stellantis-reporte-a-nouveau-le-lancement-de-ces-vehicules-electriques\/#breadcrumb"},"inLanguage":"fr-CA","potentialAction":[{"@type":"ReadAction","target":["https:\/\/news.canadamotorjobs.com\/fr\/stellantis-reporte-a-nouveau-le-lancement-de-ces-vehicules-electriques\/"]}]},{"@type":"ImageObject","inLanguage":"fr-CA","@id":"https:\/\/news.canadamotorjobs.com\/fr\/stellantis-reporte-a-nouveau-le-lancement-de-ces-vehicules-electriques\/#primaryimage","url":"https:\/\/news.canadamotorjobs.com\/wp-content\/uploads\/2024\/11\/k2y1rhy03s1ex62dyj5lex0xugs0.jpg","contentUrl":"https:\/\/news.canadamotorjobs.com\/wp-content\/uploads\/2024\/11\/k2y1rhy03s1ex62dyj5lex0xugs0.jpg","width":1704,"height":952},{"@type":"BreadcrumbList","@id":"https:\/\/news.canadamotorjobs.com\/fr\/stellantis-reporte-a-nouveau-le-lancement-de-ces-vehicules-electriques\/#breadcrumb","itemListElement":[{"@type":"ListItem","position":1,"name":"Home","item":"https:\/\/news.canadamotorjobs.com\/fr\/blog\/"},{"@type":"ListItem","position":2,"name":"Stellantis reporte \u00e0 nouveau le lancement de ces v\u00e9hicules \u00e9lectriques"}]},{"@type":"WebSite","@id":"https:\/\/news.canadamotorjobs.com\/#website","url":"https:\/\/news.canadamotorjobs.com\/","name":"CanadaMotorJobs.com","description":"Automotive Jobs","publisher":{"@id":"https:\/\/news.canadamotorjobs.com\/#organization"},"potentialAction":[{"@type":"SearchAction","target":{"@type":"EntryPoint","urlTemplate":"https:\/\/news.canadamotorjobs.com\/?s={search_term_string}"},"query-input":"required name=search_term_string"}],"inLanguage":"fr-CA"},{"@type":"Organization","@id":"https:\/\/news.canadamotorjobs.com\/#organization","name":"Canada Motor Jobs","url":"https:\/\/news.canadamotorjobs.com\/","logo":{"@type":"ImageObject","inLanguage":"fr-CA","@id":"https:\/\/news.canadamotorjobs.com\/#\/schema\/logo\/image\/","url":"https:\/\/news.canadamotorjobs.com\/wp-content\/uploads\/2022\/10\/logo-canada-motor-jobs-1.png","contentUrl":"https:\/\/news.canadamotorjobs.com\/wp-content\/uploads\/2022\/10\/logo-canada-motor-jobs-1.png","width":800,"height":400,"caption":"Canada Motor Jobs"},"image":{"@id":"https:\/\/news.canadamotorjobs.com\/#\/schema\/logo\/image\/"},"sameAs":["https:\/\/www.facebook.com\/canadamotorjobs\/","https:\/\/x.com\/canadamotorjobs","https:\/\/www.instagram.com\/canadamotorjobs\/","https:\/\/www.linkedin.com\/company\/canadamotorjobs"]},{"@type":"Person","@id":"https:\/\/news.canadamotorjobs.com\/#\/schema\/person\/51793d1f87d44011d7bcc2ed99269a90","name":"Benoit Charette","image":{"@type":"ImageObject","inLanguage":"fr-CA","@id":"https:\/\/news.canadamotorjobs.com\/#\/schema\/person\/image\/","url":"https:\/\/secure.gravatar.com\/avatar\/45f3d2eebcccd909668d7ce7ea7267b6?s=96&d=mm&r=g","contentUrl":"https:\/\/secure.gravatar.com\/avatar\/45f3d2eebcccd909668d7ce7ea7267b6?s=96&d=mm&r=g","caption":"Benoit Charette"},"description":"Benoit Charette \/ Propri\u00e9taire et r\u00e9dacteur en chef Benoit Charette pratique le journalisme automobile depuis bient\u00f4t 30 ans. Il a fait ses classes au c\u00f4t\u00e9 de Daniel H\u00e9raud et au Carnet de route de 1992 \u00e0 2001. Il est fondateur, copropri\u00e9taire et r\u00e9dacteur en chef de L\u2019Annuel de l\u2019automobile, qu\u2019il publie depuis 2001. Il a anim\u00e9 les \u00e9missions RPM et RPM+ sur V et les L\u00e9gendes de la route sur Historia. \u00c0 la radio depuis 1986, il reprend l\u2019antenne cette ann\u00e9e sur les ondes de Cogeco et participe pour la deuxi\u00e8me ann\u00e9e \u00e0 l\u2019\u00e9mission Passion Auto sur RDS en plus de mettre en ligne le site Web officiel de L\u2019Annuel de l\u2019automobile sur annuelauto.ca.","sameAs":["https:\/\/annuelauto.ca\/"],"url":"https:\/\/news.canadamotorjobs.com\/fr\/author\/benoit-charette\/"}]}},"_links":{"self":[{"href":"https:\/\/news.canadamotorjobs.com\/fr\/wp-json\/wp\/v2\/posts\/181937"}],"collection":[{"href":"https:\/\/news.canadamotorjobs.com\/fr\/wp-json\/wp\/v2\/posts"}],"about":[{"href":"https:\/\/news.canadamotorjobs.com\/fr\/wp-json\/wp\/v2\/types\/post"}],"author":[{"embeddable":true,"href":"https:\/\/news.canadamotorjobs.com\/fr\/wp-json\/wp\/v2\/users\/8"}],"replies":[{"embeddable":true,"href":"https:\/\/news.canadamotorjobs.com\/fr\/wp-json\/wp\/v2\/comments?post=181937"}],"version-history":[{"count":2,"href":"https:\/\/news.canadamotorjobs.com\/fr\/wp-json\/wp\/v2\/posts\/181937\/revisions"}],"predecessor-version":[{"id":181941,"href":"https:\/\/news.canadamotorjobs.com\/fr\/wp-json\/wp\/v2\/posts\/181937\/revisions\/181941"}],"wp:featuredmedia":[{"embeddable":true,"href":"https:\/\/news.canadamotorjobs.com\/fr\/wp-json\/wp\/v2\/media\/181939"}],"wp:attachment":[{"href":"https:\/\/news.canadamotorjobs.com\/fr\/wp-json\/wp\/v2\/media?parent=181937"}],"wp:term":[{"taxonomy":"category","embeddable":true,"href":"https:\/\/news.canadamotorjobs.com\/fr\/wp-json\/wp\/v2\/categories?post=181937"},{"taxonomy":"post_tag","embeddable":true,"href":"https:\/\/news.canadamotorjobs.com\/fr\/wp-json\/wp\/v2\/tags?post=181937"}],"curies":[{"name":"wp","href":"https:\/\/api.w.org\/{rel}","templated":true}]}}