{"id":181906,"date":"2024-11-21T07:54:48","date_gmt":"2024-11-21T12:54:48","guid":{"rendered":"https:\/\/news.canadamotorjobs.com\/?p=181906"},"modified":"2024-11-21T07:59:07","modified_gmt":"2024-11-21T12:59:07","slug":"volkswagen-redessine-son-tiguan-pour-2025","status":"publish","type":"post","link":"https:\/\/news.canadamotorjobs.com\/fr\/volkswagen-redessine-son-tiguan-pour-2025\/","title":{"rendered":"Volkswagen redessine son Tiguan pour 2025"},"content":{"rendered":"<\/p>\n<p>C\u2019est au Salon de l\u2019auto de Los Angeles que Volks a lev\u00e9 le\u00a0 voile sur une nouvelle cuv\u00e9e du Tiguan pour 2025.<\/p>\n<h3>Ligne plus dynamique<\/h3>\n<p>\nLe Tiguan 2025 repose sur la plateforme MQB Evo et arbore une silhouette plus expressive. Parmi les nouveaut\u00e9s :<\/p>\n<ul><\/p>\n<li>Un nez rehauss\u00e9 et des phares plus fins.<\/li>\n<p><\/p>\n<li>Une barre lumineuse DEL et un logo illumin\u00e9, offrant une signature visuelle distinctive.<\/li>\n<p><\/p>\n<li>Une ligne de carrosserie puissante gr\u00e2ce \u00e0 un d\u00e9croch\u00e9 au-dessus des ailes avant.<\/li>\n<p><\/p>\n<li>Une a\u00e9rodynamique am\u00e9lior\u00e9e via un spoiler de toit prolong\u00e9 et des \u00e9l\u00e9ments de flux d\u2019air au niveau des montants arri\u00e8re.<\/li>\n<p>\n<\/ul>\n<p><\/p>\n<h3>De nouvelles jantes et teintes viennent compl\u00e9ter ce look modernis\u00e9 :<\/h3>\n<p><\/p>\n<ul><\/p>\n<li>Jantes de s\u00e9rie : 17 pouces, avec des options jusqu\u2019\u00e0 20 pouces sur les finitions sup\u00e9rieures.<\/li>\n<p><\/p>\n<li>Nouvelles couleurs : Avocado Green Pearl, Sandstone Uni et Monterey Blue Pearl.<\/li>\n<p>\n<\/ul>\n<p><\/p>\n<h3>Un habitacle haut de gamme et technologique<\/h3>\n<p>\nVolkswagen \u00e9l\u00e8ve le niveau avec un int\u00e9rieur revisit\u00e9 :<\/p>\n<ul><\/p>\n<li>Mat\u00e9riaux haut de gamme : bois de noyer am\u00e9ricain v\u00e9ritable, cuir Savona am\u00e9lior\u00e9 et si\u00e8ges en tissu emboss\u00e9.<\/li>\n<p><\/p>\n<li>Console centrale repens\u00e9e : le levier de vitesse d\u00e9plac\u00e9 sur la colonne de direction lib\u00e8re de l\u2019espace.<\/li>\n<p><\/p>\n<li>Configuration \u00e0 deux rang\u00e9es pour l\u2019Am\u00e9rique du Nord, offrant davantage de confort.<\/li>\n<p>\n<\/ul>\n<p><\/p>\n<h3>Technologie embarqu\u00e9e de pointe<\/h3>\n<p>\nLe Tiguan 2025 embarque :<\/p>\n<ul><\/p>\n<li>Cockpit Digital Pro 10,25 pouces de s\u00e9rie.<\/li>\n<p><\/p>\n<li>\u00c9cran central MIB4 de 12,9 pouces, avec molette de contr\u00f4le pour les r\u00e9glages rapides.<\/li>\n<p><\/p>\n<li>Ambiances personnalisables (&#8220;Atmospheres&#8221;) combinant \u00e9clairage d\u2019ambiance et audio.<\/li>\n<p>\n<\/ul>\n<p><\/p>\n<h3>Performance accrue et consommation optimis\u00e9e<\/h3>\n<p>\nSous le capot, le Tiguan 2025 est \u00e9quip\u00e9 du moteur EA888 2.0L turbo :<\/p>\n<ul><\/p>\n<li>Puissance port\u00e9e \u00e0 201 chevaux (contre 184 pr\u00e9c\u00e9demment).<\/li>\n<p><\/p>\n<li>Poids r\u00e9duit de 170 livres gr\u00e2ce \u00e0 l\u2019utilisation d\u2019aluminium et d\u2019acier haute r\u00e9sistance, am\u00e9liorant l\u2019acc\u00e9l\u00e9ration et l\u2019efficacit\u00e9 \u00e9nerg\u00e9tique.<\/li>\n<p>\n<\/ul>\n<p>\nLes donn\u00e9es officielles de consommation EPA seront annonc\u00e9es ult\u00e9rieurement.<\/p>\n<h3>S\u00e9curit\u00e9 en t\u00eate de liste<\/h3>\n<p>\nVolkswagen int\u00e8gre 10 coussins gonflables, y compris de nouveaux pour les genoux du conducteur et les c\u00f4t\u00e9s arri\u00e8re. Le syst\u00e8me IQ.DRIVE\u00ae est d\u00e9sormais de s\u00e9rie sur tous les mod\u00e8les, avec des fonctionnalit\u00e9s comme :<\/p>\n<ul><\/p>\n<li>Travel Assist : assistance semi-autonome de niveau 2.<\/li>\n<p><\/p>\n<li>Front Assist : freinage d\u2019urgence avec d\u00e9tection des pi\u00e9tons.<\/li>\n<p><\/p>\n<li>Adaptive Cruise Control (ACC) avec fonction Stop-and-Go.<\/li>\n<p><\/p>\n<li>Park Assist Plus en option pour faciliter les man\u0153uvres de stationnement.<\/li>\n<p>\n<\/ul>\n<p><\/p>\n<h3>Disponibilit\u00e9 et prix<\/h3>\n<p>\nLe Tiguan 2025 sera lanc\u00e9 prochainement. Les d\u00e9tails sur les prix et la disponibilit\u00e9 seront d\u00e9voil\u00e9s ult\u00e9rieurement.<\/p>\n<p>\u00a0<\/p>\n<p>Le texte <a rel=\"nofollow\" href=\"https:\/\/annuelauto.ca\/volkswagen-redessine-son-tiguan-pour-2025\/\">Volkswagen redessine son Tiguan pour 2025<\/a> provient de <a rel=\"nofollow\" href=\"https:\/\/annuelauto.ca\">L&#8217;annuel de l&#8217;automobile &#8211; Actualit\u00e9 automobile<\/a><\/p>\n<p><\/p>\n","protected":false},"excerpt":{"rendered":"<p>C\u2019est au Salon de l\u2019auto de Los Angeles que Volks a lev\u00e9 le\u00a0 voile sur une nouvelle cuv\u00e9e du Tiguan pour 2025. Ligne plus dynamique Le Tiguan 2025 repose sur la plateforme MQB Evo et arbore une silhouette plus expressive. Parmi les nouveaut\u00e9s : Un nez rehauss\u00e9 et des phares plus fins. Une barre lumineuse [&hellip;]<\/p>\n","protected":false},"author":8,"featured_media":181908,"comment_status":"close","ping_status":"closed","sticky":false,"template":"","format":"standard","meta":{"_monsterinsights_skip_tracking":false,"_monsterinsights_sitenote_active":false,"_monsterinsights_sitenote_note":"","_monsterinsights_sitenote_category":0,"footnotes":""},"categories":[101],"tags":[],"yoast_head":"<!-- This site is optimized with the Yoast SEO plugin v23.2 - https:\/\/yoast.com\/wordpress\/plugins\/seo\/ -->\n<title>Volkswagen redessine son Tiguan pour 2025 - CanadaMotorJobs.com<\/title>\n<meta name=\"description\" content=\"Volkswagen redessine son Tiguan pour 2025 - Benoit Charette - Annuel automobile - CanadaMotorJobs.com.\" \/>\n<meta name=\"robots\" content=\"index, follow, max-snippet:-1, max-image-preview:large, max-video-preview:-1\" \/>\n<meta property=\"og:locale\" content=\"fr_CA\" \/>\n<meta property=\"og:type\" content=\"article\" \/>\n<meta property=\"og:title\" content=\"Volkswagen redessine son Tiguan pour 2025 - CanadaMotorJobs.com\" \/>\n<meta property=\"og:description\" content=\"Volkswagen redessine son Tiguan pour 2025 - Benoit Charette - Annuel automobile - CanadaMotorJobs.com.\" \/>\n<meta property=\"og:url\" content=\"https:\/\/news.canadamotorjobs.com\/fr\/volkswagen-redessine-son-tiguan-pour-2025\/\" \/>\n<meta property=\"og:site_name\" content=\"CanadaMotorJobs.com\" \/>\n<meta property=\"article:publisher\" content=\"https:\/\/www.facebook.com\/canadamotorjobs\/\" \/>\n<meta property=\"article:published_time\" content=\"2024-11-21T12:54:48+00:00\" \/>\n<meta property=\"article:modified_time\" content=\"2024-11-21T12:59:07+00:00\" \/>\n<meta property=\"og:image\" content=\"https:\/\/news.canadamotorjobs.com\/wp-content\/uploads\/2024\/11\/r0_0_3276_2184_w3276_h2184_fmax-scaled-1.jpg\" \/>\n\t<meta property=\"og:image:width\" content=\"2560\" \/>\n\t<meta property=\"og:image:height\" content=\"1707\" \/>\n\t<meta property=\"og:image:type\" content=\"image\/jpeg\" \/>\n<meta name=\"author\" content=\"Benoit Charette\" \/>\n<meta name=\"twitter:card\" content=\"summary_large_image\" \/>\n<meta name=\"twitter:creator\" content=\"@canadamotorjobs\" \/>\n<meta name=\"twitter:site\" content=\"@canadamotorjobs\" \/>\n<meta name=\"twitter:label1\" content=\"\u00c9crit par\" \/>\n\t<meta name=\"twitter:data1\" content=\"Benoit Charette\" \/>\n\t<meta name=\"twitter:label2\" content=\"Estimation du temps de lecture\" \/>\n\t<meta name=\"twitter:data2\" content=\"2 minutes\" \/>\n<!-- \/ Yoast SEO plugin. -->","yoast_head_json":{"title":"Volkswagen redessine son Tiguan pour 2025 - CanadaMotorJobs.com","description":"Volkswagen redessine son Tiguan pour 2025 - Benoit Charette - Annuel automobile - CanadaMotorJobs.com.","robots":{"index":"index","follow":"follow","max-snippet":"max-snippet:-1","max-image-preview":"max-image-preview:large","max-video-preview":"max-video-preview:-1"},"og_locale":"fr_CA","og_type":"article","og_title":"Volkswagen redessine son Tiguan pour 2025 - CanadaMotorJobs.com","og_description":"Volkswagen redessine son Tiguan pour 2025 - Benoit Charette - Annuel automobile - CanadaMotorJobs.com.","og_url":"https:\/\/news.canadamotorjobs.com\/fr\/volkswagen-redessine-son-tiguan-pour-2025\/","og_site_name":"CanadaMotorJobs.com","article_publisher":"https:\/\/www.facebook.com\/canadamotorjobs\/","article_published_time":"2024-11-21T12:54:48+00:00","article_modified_time":"2024-11-21T12:59:07+00:00","og_image":[{"width":2560,"height":1707,"url":"https:\/\/news.canadamotorjobs.com\/wp-content\/uploads\/2024\/11\/r0_0_3276_2184_w3276_h2184_fmax-scaled-1.jpg","type":"image\/jpeg"}],"author":"Benoit Charette","twitter_card":"summary_large_image","twitter_creator":"@canadamotorjobs","twitter_site":"@canadamotorjobs","twitter_misc":{"\u00c9crit par":"Benoit Charette","Estimation du temps de lecture":"2 minutes"},"schema":{"@context":"https:\/\/schema.org","@graph":[{"@type":"Article","@id":"https:\/\/news.canadamotorjobs.com\/fr\/volkswagen-redessine-son-tiguan-pour-2025\/#article","isPartOf":{"@id":"https:\/\/news.canadamotorjobs.com\/fr\/volkswagen-redessine-son-tiguan-pour-2025\/"},"author":{"name":"Benoit Charette","@id":"https:\/\/news.canadamotorjobs.com\/#\/schema\/person\/51793d1f87d44011d7bcc2ed99269a90"},"headline":"Volkswagen redessine son Tiguan pour 2025","datePublished":"2024-11-21T12:54:48+00:00","dateModified":"2024-11-21T12:59:07+00:00","mainEntityOfPage":{"@id":"https:\/\/news.canadamotorjobs.com\/fr\/volkswagen-redessine-son-tiguan-pour-2025\/"},"wordCount":451,"publisher":{"@id":"https:\/\/news.canadamotorjobs.com\/#organization"},"image":{"@id":"https:\/\/news.canadamotorjobs.com\/fr\/volkswagen-redessine-son-tiguan-pour-2025\/#primaryimage"},"thumbnailUrl":"https:\/\/news.canadamotorjobs.com\/wp-content\/uploads\/2024\/11\/r0_0_3276_2184_w3276_h2184_fmax-scaled-1.jpg","articleSection":["Annuel automobile"],"inLanguage":"fr-CA"},{"@type":"WebPage","@id":"https:\/\/news.canadamotorjobs.com\/fr\/volkswagen-redessine-son-tiguan-pour-2025\/","url":"https:\/\/news.canadamotorjobs.com\/fr\/volkswagen-redessine-son-tiguan-pour-2025\/","name":"Volkswagen redessine son Tiguan pour 2025 - CanadaMotorJobs.com","isPartOf":{"@id":"https:\/\/news.canadamotorjobs.com\/#website"},"primaryImageOfPage":{"@id":"https:\/\/news.canadamotorjobs.com\/fr\/volkswagen-redessine-son-tiguan-pour-2025\/#primaryimage"},"image":{"@id":"https:\/\/news.canadamotorjobs.com\/fr\/volkswagen-redessine-son-tiguan-pour-2025\/#primaryimage"},"thumbnailUrl":"https:\/\/news.canadamotorjobs.com\/wp-content\/uploads\/2024\/11\/r0_0_3276_2184_w3276_h2184_fmax-scaled-1.jpg","datePublished":"2024-11-21T12:54:48+00:00","dateModified":"2024-11-21T12:59:07+00:00","description":"Volkswagen redessine son Tiguan pour 2025 - Benoit Charette - Annuel automobile - CanadaMotorJobs.com.","breadcrumb":{"@id":"https:\/\/news.canadamotorjobs.com\/fr\/volkswagen-redessine-son-tiguan-pour-2025\/#breadcrumb"},"inLanguage":"fr-CA","potentialAction":[{"@type":"ReadAction","target":["https:\/\/news.canadamotorjobs.com\/fr\/volkswagen-redessine-son-tiguan-pour-2025\/"]}]},{"@type":"ImageObject","inLanguage":"fr-CA","@id":"https:\/\/news.canadamotorjobs.com\/fr\/volkswagen-redessine-son-tiguan-pour-2025\/#primaryimage","url":"https:\/\/news.canadamotorjobs.com\/wp-content\/uploads\/2024\/11\/r0_0_3276_2184_w3276_h2184_fmax-scaled-1.jpg","contentUrl":"https:\/\/news.canadamotorjobs.com\/wp-content\/uploads\/2024\/11\/r0_0_3276_2184_w3276_h2184_fmax-scaled-1.jpg","width":2560,"height":1707},{"@type":"BreadcrumbList","@id":"https:\/\/news.canadamotorjobs.com\/fr\/volkswagen-redessine-son-tiguan-pour-2025\/#breadcrumb","itemListElement":[{"@type":"ListItem","position":1,"name":"Home","item":"https:\/\/news.canadamotorjobs.com\/fr\/blog\/"},{"@type":"ListItem","position":2,"name":"Volkswagen redessine son Tiguan pour 2025"}]},{"@type":"WebSite","@id":"https:\/\/news.canadamotorjobs.com\/#website","url":"https:\/\/news.canadamotorjobs.com\/","name":"CanadaMotorJobs.com","description":"Automotive Jobs","publisher":{"@id":"https:\/\/news.canadamotorjobs.com\/#organization"},"potentialAction":[{"@type":"SearchAction","target":{"@type":"EntryPoint","urlTemplate":"https:\/\/news.canadamotorjobs.com\/?s={search_term_string}"},"query-input":"required name=search_term_string"}],"inLanguage":"fr-CA"},{"@type":"Organization","@id":"https:\/\/news.canadamotorjobs.com\/#organization","name":"Canada Motor Jobs","url":"https:\/\/news.canadamotorjobs.com\/","logo":{"@type":"ImageObject","inLanguage":"fr-CA","@id":"https:\/\/news.canadamotorjobs.com\/#\/schema\/logo\/image\/","url":"https:\/\/news.canadamotorjobs.com\/wp-content\/uploads\/2022\/10\/logo-canada-motor-jobs-1.png","contentUrl":"https:\/\/news.canadamotorjobs.com\/wp-content\/uploads\/2022\/10\/logo-canada-motor-jobs-1.png","width":800,"height":400,"caption":"Canada Motor Jobs"},"image":{"@id":"https:\/\/news.canadamotorjobs.com\/#\/schema\/logo\/image\/"},"sameAs":["https:\/\/www.facebook.com\/canadamotorjobs\/","https:\/\/x.com\/canadamotorjobs","https:\/\/www.instagram.com\/canadamotorjobs\/","https:\/\/www.linkedin.com\/company\/canadamotorjobs"]},{"@type":"Person","@id":"https:\/\/news.canadamotorjobs.com\/#\/schema\/person\/51793d1f87d44011d7bcc2ed99269a90","name":"Benoit Charette","image":{"@type":"ImageObject","inLanguage":"fr-CA","@id":"https:\/\/news.canadamotorjobs.com\/#\/schema\/person\/image\/","url":"https:\/\/secure.gravatar.com\/avatar\/45f3d2eebcccd909668d7ce7ea7267b6?s=96&d=mm&r=g","contentUrl":"https:\/\/secure.gravatar.com\/avatar\/45f3d2eebcccd909668d7ce7ea7267b6?s=96&d=mm&r=g","caption":"Benoit Charette"},"description":"Benoit Charette \/ Propri\u00e9taire et r\u00e9dacteur en chef Benoit Charette pratique le journalisme automobile depuis bient\u00f4t 30 ans. Il a fait ses classes au c\u00f4t\u00e9 de Daniel H\u00e9raud et au Carnet de route de 1992 \u00e0 2001. Il est fondateur, copropri\u00e9taire et r\u00e9dacteur en chef de L\u2019Annuel de l\u2019automobile, qu\u2019il publie depuis 2001. Il a anim\u00e9 les \u00e9missions RPM et RPM+ sur V et les L\u00e9gendes de la route sur Historia. \u00c0 la radio depuis 1986, il reprend l\u2019antenne cette ann\u00e9e sur les ondes de Cogeco et participe pour la deuxi\u00e8me ann\u00e9e \u00e0 l\u2019\u00e9mission Passion Auto sur RDS en plus de mettre en ligne le site Web officiel de L\u2019Annuel de l\u2019automobile sur annuelauto.ca.","sameAs":["https:\/\/annuelauto.ca\/"],"url":"https:\/\/news.canadamotorjobs.com\/fr\/author\/benoit-charette\/"}]}},"_links":{"self":[{"href":"https:\/\/news.canadamotorjobs.com\/fr\/wp-json\/wp\/v2\/posts\/181906"}],"collection":[{"href":"https:\/\/news.canadamotorjobs.com\/fr\/wp-json\/wp\/v2\/posts"}],"about":[{"href":"https:\/\/news.canadamotorjobs.com\/fr\/wp-json\/wp\/v2\/types\/post"}],"author":[{"embeddable":true,"href":"https:\/\/news.canadamotorjobs.com\/fr\/wp-json\/wp\/v2\/users\/8"}],"replies":[{"embeddable":true,"href":"https:\/\/news.canadamotorjobs.com\/fr\/wp-json\/wp\/v2\/comments?post=181906"}],"version-history":[{"count":2,"href":"https:\/\/news.canadamotorjobs.com\/fr\/wp-json\/wp\/v2\/posts\/181906\/revisions"}],"predecessor-version":[{"id":181910,"href":"https:\/\/news.canadamotorjobs.com\/fr\/wp-json\/wp\/v2\/posts\/181906\/revisions\/181910"}],"wp:featuredmedia":[{"embeddable":true,"href":"https:\/\/news.canadamotorjobs.com\/fr\/wp-json\/wp\/v2\/media\/181908"}],"wp:attachment":[{"href":"https:\/\/news.canadamotorjobs.com\/fr\/wp-json\/wp\/v2\/media?parent=181906"}],"wp:term":[{"taxonomy":"category","embeddable":true,"href":"https:\/\/news.canadamotorjobs.com\/fr\/wp-json\/wp\/v2\/categories?post=181906"},{"taxonomy":"post_tag","embeddable":true,"href":"https:\/\/news.canadamotorjobs.com\/fr\/wp-json\/wp\/v2\/tags?post=181906"}],"curies":[{"name":"wp","href":"https:\/\/api.w.org\/{rel}","templated":true}]}}