{"id":181883,"date":"2024-11-20T16:19:45","date_gmt":"2024-11-20T21:19:45","guid":{"rendered":"https:\/\/news.canadamotorjobs.com\/?p=181883"},"modified":"2024-11-20T16:28:48","modified_gmt":"2024-11-20T21:28:48","slug":"gmc-sierra-denali-ev-2025","status":"publish","type":"post","link":"https:\/\/news.canadamotorjobs.com\/fr\/gmc-sierra-denali-ev-2025\/","title":{"rendered":"GMC Sierra Denali EV 2025"},"content":{"rendered":"<\/p>\n<p>Le GMC Sierra Denali EV 2025 d\u00e9passe les fronti\u00e8res de la camionnette classique pour s\u2019imposer comme un v\u00e9ritable monument roulant. Alliant un design imposant \u00e0 une technologie avant-gardiste, il transforme chaque trajet en une exp\u00e9rience de premi\u00e8re classe. \u00c0 plus de 115 000 $, le Sierra EV joue dans la cour des grands. Mais ce prix est-il justifi\u00e9?<\/p>\n<h3><strong>Le poids de l\u2019\u00e9l\u00e9gance<\/strong><\/h3>\n<p>\nL\u2019esth\u00e9tique du Sierra EV conjugue puissance et raffinement. Avec sa calandre pleine et futuriste et des teintes exclusives comme le <em>Dark Ember Tintcoat<\/em>, il revendique sa double identit\u00e9 : robuste et luxueux. Ses proportions imposantes \u2013 qui rappellent celles d\u2019un titan \u2013 masquent pourtant un souci du d\u00e9tail rarement vu dans le segment des pickups. Mais ce gigantisme a un prix : un poids qui d\u00e9passe les 4 000 kg, influant directement sur l\u2019agilit\u00e9 et la consommation.<\/p>\n<h3><strong>Puissance et port\u00e9e<\/strong><\/h3>\n<p>\nAvec 760 chevaux et 785 lb-pi de couple dans sa version <em>Max Range<\/em>, le Sierra EV est une v\u00e9ritable b\u00eate de route. Le sprint de 0 \u00e0 100 km\/h en 4,5 secondes impressionne pour un v\u00e9hicule de cette taille. Son autonomie, allant jusqu&#8217;\u00e0 740 km dans la version Max range gr\u00e2ce \u00e0 une batterie colossale de 205 kWh, le propulse au sommet du segment des \u00e9lectriques longue port\u00e9e. La version de base vous donne 640 chevaux et une autonomie de 628 km. Pour la diff\u00e9rence de prix, le mod\u00e8le Max range est plus int\u00e9ressant. La technologie de recharge ultra-rapide de 350 kW permet de regagner 160 km en seulement 10 minutes, annihilant l\u2019une des principales critiques envers les v\u00e9hicules \u00e9lectriques : l\u2019attente. Avec une capacit\u00e9 de remorquage de 4 500 kg, ce pickup n\u2019a rien \u00e0 envier \u00e0 ses concurrents en termes de performance utilitaire. Les modes de conduite permettent d\u2019adapter la conduite en fonction du terrain, et la fonction de r\u00e9g\u00e9n\u00e9ration du freinage permet de ralentir le v\u00e9hicule avec une seule p\u00e9dale, un d\u00e9tail pratique pour un v\u00e9hicule de cette taille.<\/p>\n<h3><strong>Une maniabilit\u00e9 surprenante<\/strong><\/h3>\n<p>\nInspir\u00e9 du Hummer EV, le mode <em>Crab Walk<\/em> fait briller ce mastodonte dans les espaces confin\u00e9s. Pourtant, sur routes en mauvais \u00e9tat, le poids et les gigantesques roues de 24 pouces rappellent leurs limites en mati\u00e8re de confort. Heureusement, la suspension pneumatique ajustable att\u00e9nue en partie ces d\u00e9sagr\u00e9ments. Le Sierra EV Denali red\u00e9finit les standards de l\u2019habitabilit\u00e9. Entre son <em>e-trunk<\/em> de 311 litres, la fonctionnalit\u00e9 <em>midgate<\/em> qui prolonge la benne \u00e0 prewsque 11 pieds et son habitacle orn\u00e9 de bois v\u00e9ritable et de cuir, il incarne le luxe fonctionnel. Les si\u00e8ges arri\u00e8re spacieux et le syst\u00e8me de connectivit\u00e9 5G assurent un confort moderne, bien que l\u2019absence actuelle de CarPlay et Android Auto laisse un peu sur sa faim. Le syst\u00e8me d&#8217;infodivertissement de s\u00e9rie se compose d\u2019un \u00e9cran tactile de 16,8 pouces en mode portrait, proposant une interface fluide et intuitive.<\/p>\n<h3><strong>Gourmand en \u00e9lectron<\/strong><\/h3>\n<p>\nLa consommation estim\u00e9e \u00e0 34 kWh\/100 km s\u2019aligne avec ses rivaux comme le Chevrolet Silverado EV. Toutefois, \u00e0 ce niveau de poids, chaque acc\u00e9l\u00e9ration ou freinage met \u00e0 l\u2019\u00e9preuve les lois de la physique, rendant sa gestion \u00e9nerg\u00e9tique impressionnante mais non r\u00e9volutionnaire. Le Sierra EV brille par son arsenal s\u00e9curitaire, notamment gr\u00e2ce au syst\u00e8me <em>Super Cruise<\/em>, le summum en mati\u00e8re de conduite semi-autonome. Les fonctions comme le freinage d\u2019urgence automatis\u00e9 et le r\u00e9gulateur adaptatif assurent une tranquillit\u00e9 d\u2019esprit.<\/p>\n<h3><strong>Un prestige qui p\u00e8se lourd<br \/>\n<\/strong><\/h3>\n<p>\nLe luxe et la technologie ne sont pas gratuits : \u00e0 partir de 118 599 $, le Sierra EV Denali cible une client\u00e8le \u00e9litiste. Malgr\u00e9 ses qualit\u00e9s ind\u00e9niables, ce prix \u2013 major\u00e9 par les taxes de luxe au Canada \u2013 limite son accessibilit\u00e9, laissant son march\u00e9 potentiel relativement restreint. La version Max range vous soulagera de 122\u00a0599 $ avant les taxes.<\/p>\n<h3><strong>L&#8217;\u00e9clat d&#8217;une nouvelle \u00e8re<\/strong><\/h3>\n<p>\nLe GMC Sierra Denali EV 2025 incarne un futur audacieux pour les pickups, o\u00f9 luxe, puissance et technologie se rencontrent. Cependant, son prix exorbitant et son poids imposant limitent sa port\u00e9e. Il reste n\u00e9anmoins une d\u00e9monstration impressionnante de ce que l\u2019\u00e9lectrique peut offrir dans le segment utilitaire.<\/p>\n<h3><strong>Forces<\/strong><\/h3>\n<p><\/p>\n<ul><\/p>\n<li>Performances et autonomie impressionnantes<\/li>\n<p><\/p>\n<li>Design et luxe int\u00e9rieur exceptionnels<\/li>\n<p><\/p>\n<li>Technologie de pointe et s\u00e9curit\u00e9 accrue<\/li>\n<p>\n<\/ul>\n<p><\/p>\n<h3><strong>Faiblesses<\/strong><\/h3>\n<p><\/p>\n<ul><\/p>\n<li>Prix astronomique<\/li>\n<p><\/p>\n<li>Confort r\u00e9duit sur routes accident\u00e9es<\/li>\n<p><\/p>\n<li>Absence d&#8217;options de connectivit\u00e9 basiques<\/li>\n<p>\n<\/ul>\n<p>\n\u00a0<\/p>\n<p>Le texte <a rel=\"nofollow\" href=\"https:\/\/annuelauto.ca\/gmc-sierra-denali-ev-2025\/\">GMC Sierra Denali EV 2025<\/a> provient de <a rel=\"nofollow\" href=\"https:\/\/annuelauto.ca\">L&#8217;annuel de l&#8217;automobile &#8211; Actualit\u00e9 automobile<\/a><\/p>\n<p><\/p>\n","protected":false},"excerpt":{"rendered":"<p>Le GMC Sierra Denali EV 2025 d\u00e9passe les fronti\u00e8res de la camionnette classique pour s\u2019imposer comme un v\u00e9ritable monument roulant. Alliant un design imposant \u00e0 une technologie avant-gardiste, il transforme chaque trajet en une exp\u00e9rience de premi\u00e8re classe. \u00c0 plus de 115 000 $, le Sierra EV joue dans la cour des grands. Mais ce [&hellip;]<\/p>\n","protected":false},"author":8,"featured_media":181885,"comment_status":"close","ping_status":"closed","sticky":false,"template":"","format":"standard","meta":{"_monsterinsights_skip_tracking":false,"_monsterinsights_sitenote_active":false,"_monsterinsights_sitenote_note":"","_monsterinsights_sitenote_category":0,"footnotes":""},"categories":[101],"tags":[],"yoast_head":"<!-- This site is optimized with the Yoast SEO plugin v23.2 - https:\/\/yoast.com\/wordpress\/plugins\/seo\/ -->\n<title>GMC Sierra Denali EV 2025 - CanadaMotorJobs.com<\/title>\n<meta name=\"description\" content=\"GMC Sierra Denali EV 2025 - Benoit Charette - Annuel automobile - CanadaMotorJobs.com.\" \/>\n<meta name=\"robots\" content=\"index, follow, max-snippet:-1, max-image-preview:large, max-video-preview:-1\" \/>\n<meta property=\"og:locale\" content=\"fr_CA\" \/>\n<meta property=\"og:type\" content=\"article\" \/>\n<meta property=\"og:title\" content=\"GMC Sierra Denali EV 2025 - CanadaMotorJobs.com\" \/>\n<meta property=\"og:description\" content=\"GMC Sierra Denali EV 2025 - Benoit Charette - Annuel automobile - CanadaMotorJobs.com.\" \/>\n<meta property=\"og:url\" content=\"https:\/\/news.canadamotorjobs.com\/fr\/gmc-sierra-denali-ev-2025\/\" \/>\n<meta property=\"og:site_name\" content=\"CanadaMotorJobs.com\" \/>\n<meta property=\"article:publisher\" content=\"https:\/\/www.facebook.com\/canadamotorjobs\/\" \/>\n<meta property=\"article:published_time\" content=\"2024-11-20T21:19:45+00:00\" \/>\n<meta property=\"article:modified_time\" content=\"2024-11-20T21:28:48+00:00\" \/>\n<meta property=\"og:image\" content=\"https:\/\/news.canadamotorjobs.com\/wp-content\/uploads\/2024\/11\/IMG_8651.jpg\" \/>\n\t<meta property=\"og:image:width\" content=\"1067\" \/>\n\t<meta property=\"og:image:height\" content=\"800\" \/>\n\t<meta property=\"og:image:type\" content=\"image\/jpeg\" \/>\n<meta name=\"author\" content=\"Benoit Charette\" \/>\n<meta name=\"twitter:card\" content=\"summary_large_image\" \/>\n<meta name=\"twitter:creator\" content=\"@canadamotorjobs\" \/>\n<meta name=\"twitter:site\" content=\"@canadamotorjobs\" \/>\n<meta name=\"twitter:label1\" content=\"\u00c9crit par\" \/>\n\t<meta name=\"twitter:data1\" content=\"Benoit Charette\" \/>\n\t<meta name=\"twitter:label2\" content=\"Estimation du temps de lecture\" \/>\n\t<meta name=\"twitter:data2\" content=\"4 minutes\" \/>\n<!-- \/ Yoast SEO plugin. -->","yoast_head_json":{"title":"GMC Sierra Denali EV 2025 - CanadaMotorJobs.com","description":"GMC Sierra Denali EV 2025 - Benoit Charette - Annuel automobile - CanadaMotorJobs.com.","robots":{"index":"index","follow":"follow","max-snippet":"max-snippet:-1","max-image-preview":"max-image-preview:large","max-video-preview":"max-video-preview:-1"},"og_locale":"fr_CA","og_type":"article","og_title":"GMC Sierra Denali EV 2025 - CanadaMotorJobs.com","og_description":"GMC Sierra Denali EV 2025 - Benoit Charette - Annuel automobile - CanadaMotorJobs.com.","og_url":"https:\/\/news.canadamotorjobs.com\/fr\/gmc-sierra-denali-ev-2025\/","og_site_name":"CanadaMotorJobs.com","article_publisher":"https:\/\/www.facebook.com\/canadamotorjobs\/","article_published_time":"2024-11-20T21:19:45+00:00","article_modified_time":"2024-11-20T21:28:48+00:00","og_image":[{"width":1067,"height":800,"url":"https:\/\/news.canadamotorjobs.com\/wp-content\/uploads\/2024\/11\/IMG_8651.jpg","type":"image\/jpeg"}],"author":"Benoit Charette","twitter_card":"summary_large_image","twitter_creator":"@canadamotorjobs","twitter_site":"@canadamotorjobs","twitter_misc":{"\u00c9crit par":"Benoit Charette","Estimation du temps de lecture":"4 minutes"},"schema":{"@context":"https:\/\/schema.org","@graph":[{"@type":"Article","@id":"https:\/\/news.canadamotorjobs.com\/fr\/gmc-sierra-denali-ev-2025\/#article","isPartOf":{"@id":"https:\/\/news.canadamotorjobs.com\/fr\/gmc-sierra-denali-ev-2025\/"},"author":{"name":"Benoit Charette","@id":"https:\/\/news.canadamotorjobs.com\/#\/schema\/person\/51793d1f87d44011d7bcc2ed99269a90"},"headline":"GMC Sierra Denali EV 2025","datePublished":"2024-11-20T21:19:45+00:00","dateModified":"2024-11-20T21:28:48+00:00","mainEntityOfPage":{"@id":"https:\/\/news.canadamotorjobs.com\/fr\/gmc-sierra-denali-ev-2025\/"},"wordCount":745,"publisher":{"@id":"https:\/\/news.canadamotorjobs.com\/#organization"},"image":{"@id":"https:\/\/news.canadamotorjobs.com\/fr\/gmc-sierra-denali-ev-2025\/#primaryimage"},"thumbnailUrl":"https:\/\/news.canadamotorjobs.com\/wp-content\/uploads\/2024\/11\/IMG_8651.jpg","articleSection":["Annuel automobile"],"inLanguage":"fr-CA"},{"@type":"WebPage","@id":"https:\/\/news.canadamotorjobs.com\/fr\/gmc-sierra-denali-ev-2025\/","url":"https:\/\/news.canadamotorjobs.com\/fr\/gmc-sierra-denali-ev-2025\/","name":"GMC Sierra Denali EV 2025 - CanadaMotorJobs.com","isPartOf":{"@id":"https:\/\/news.canadamotorjobs.com\/#website"},"primaryImageOfPage":{"@id":"https:\/\/news.canadamotorjobs.com\/fr\/gmc-sierra-denali-ev-2025\/#primaryimage"},"image":{"@id":"https:\/\/news.canadamotorjobs.com\/fr\/gmc-sierra-denali-ev-2025\/#primaryimage"},"thumbnailUrl":"https:\/\/news.canadamotorjobs.com\/wp-content\/uploads\/2024\/11\/IMG_8651.jpg","datePublished":"2024-11-20T21:19:45+00:00","dateModified":"2024-11-20T21:28:48+00:00","description":"GMC Sierra Denali EV 2025 - Benoit Charette - Annuel automobile - CanadaMotorJobs.com.","breadcrumb":{"@id":"https:\/\/news.canadamotorjobs.com\/fr\/gmc-sierra-denali-ev-2025\/#breadcrumb"},"inLanguage":"fr-CA","potentialAction":[{"@type":"ReadAction","target":["https:\/\/news.canadamotorjobs.com\/fr\/gmc-sierra-denali-ev-2025\/"]}]},{"@type":"ImageObject","inLanguage":"fr-CA","@id":"https:\/\/news.canadamotorjobs.com\/fr\/gmc-sierra-denali-ev-2025\/#primaryimage","url":"https:\/\/news.canadamotorjobs.com\/wp-content\/uploads\/2024\/11\/IMG_8651.jpg","contentUrl":"https:\/\/news.canadamotorjobs.com\/wp-content\/uploads\/2024\/11\/IMG_8651.jpg","width":1067,"height":800},{"@type":"BreadcrumbList","@id":"https:\/\/news.canadamotorjobs.com\/fr\/gmc-sierra-denali-ev-2025\/#breadcrumb","itemListElement":[{"@type":"ListItem","position":1,"name":"Home","item":"https:\/\/news.canadamotorjobs.com\/fr\/blog\/"},{"@type":"ListItem","position":2,"name":"GMC Sierra Denali EV 2025"}]},{"@type":"WebSite","@id":"https:\/\/news.canadamotorjobs.com\/#website","url":"https:\/\/news.canadamotorjobs.com\/","name":"CanadaMotorJobs.com","description":"Automotive Jobs","publisher":{"@id":"https:\/\/news.canadamotorjobs.com\/#organization"},"potentialAction":[{"@type":"SearchAction","target":{"@type":"EntryPoint","urlTemplate":"https:\/\/news.canadamotorjobs.com\/?s={search_term_string}"},"query-input":"required name=search_term_string"}],"inLanguage":"fr-CA"},{"@type":"Organization","@id":"https:\/\/news.canadamotorjobs.com\/#organization","name":"Canada Motor Jobs","url":"https:\/\/news.canadamotorjobs.com\/","logo":{"@type":"ImageObject","inLanguage":"fr-CA","@id":"https:\/\/news.canadamotorjobs.com\/#\/schema\/logo\/image\/","url":"https:\/\/news.canadamotorjobs.com\/wp-content\/uploads\/2022\/10\/logo-canada-motor-jobs-1.png","contentUrl":"https:\/\/news.canadamotorjobs.com\/wp-content\/uploads\/2022\/10\/logo-canada-motor-jobs-1.png","width":800,"height":400,"caption":"Canada Motor Jobs"},"image":{"@id":"https:\/\/news.canadamotorjobs.com\/#\/schema\/logo\/image\/"},"sameAs":["https:\/\/www.facebook.com\/canadamotorjobs\/","https:\/\/x.com\/canadamotorjobs","https:\/\/www.instagram.com\/canadamotorjobs\/","https:\/\/www.linkedin.com\/company\/canadamotorjobs"]},{"@type":"Person","@id":"https:\/\/news.canadamotorjobs.com\/#\/schema\/person\/51793d1f87d44011d7bcc2ed99269a90","name":"Benoit Charette","image":{"@type":"ImageObject","inLanguage":"fr-CA","@id":"https:\/\/news.canadamotorjobs.com\/#\/schema\/person\/image\/","url":"https:\/\/secure.gravatar.com\/avatar\/45f3d2eebcccd909668d7ce7ea7267b6?s=96&d=mm&r=g","contentUrl":"https:\/\/secure.gravatar.com\/avatar\/45f3d2eebcccd909668d7ce7ea7267b6?s=96&d=mm&r=g","caption":"Benoit Charette"},"description":"Benoit Charette \/ Propri\u00e9taire et r\u00e9dacteur en chef Benoit Charette pratique le journalisme automobile depuis bient\u00f4t 30 ans. Il a fait ses classes au c\u00f4t\u00e9 de Daniel H\u00e9raud et au Carnet de route de 1992 \u00e0 2001. Il est fondateur, copropri\u00e9taire et r\u00e9dacteur en chef de L\u2019Annuel de l\u2019automobile, qu\u2019il publie depuis 2001. Il a anim\u00e9 les \u00e9missions RPM et RPM+ sur V et les L\u00e9gendes de la route sur Historia. \u00c0 la radio depuis 1986, il reprend l\u2019antenne cette ann\u00e9e sur les ondes de Cogeco et participe pour la deuxi\u00e8me ann\u00e9e \u00e0 l\u2019\u00e9mission Passion Auto sur RDS en plus de mettre en ligne le site Web officiel de L\u2019Annuel de l\u2019automobile sur annuelauto.ca.","sameAs":["https:\/\/annuelauto.ca\/"],"url":"https:\/\/news.canadamotorjobs.com\/fr\/author\/benoit-charette\/"}]}},"_links":{"self":[{"href":"https:\/\/news.canadamotorjobs.com\/fr\/wp-json\/wp\/v2\/posts\/181883"}],"collection":[{"href":"https:\/\/news.canadamotorjobs.com\/fr\/wp-json\/wp\/v2\/posts"}],"about":[{"href":"https:\/\/news.canadamotorjobs.com\/fr\/wp-json\/wp\/v2\/types\/post"}],"author":[{"embeddable":true,"href":"https:\/\/news.canadamotorjobs.com\/fr\/wp-json\/wp\/v2\/users\/8"}],"replies":[{"embeddable":true,"href":"https:\/\/news.canadamotorjobs.com\/fr\/wp-json\/wp\/v2\/comments?post=181883"}],"version-history":[{"count":2,"href":"https:\/\/news.canadamotorjobs.com\/fr\/wp-json\/wp\/v2\/posts\/181883\/revisions"}],"predecessor-version":[{"id":181887,"href":"https:\/\/news.canadamotorjobs.com\/fr\/wp-json\/wp\/v2\/posts\/181883\/revisions\/181887"}],"wp:featuredmedia":[{"embeddable":true,"href":"https:\/\/news.canadamotorjobs.com\/fr\/wp-json\/wp\/v2\/media\/181885"}],"wp:attachment":[{"href":"https:\/\/news.canadamotorjobs.com\/fr\/wp-json\/wp\/v2\/media?parent=181883"}],"wp:term":[{"taxonomy":"category","embeddable":true,"href":"https:\/\/news.canadamotorjobs.com\/fr\/wp-json\/wp\/v2\/categories?post=181883"},{"taxonomy":"post_tag","embeddable":true,"href":"https:\/\/news.canadamotorjobs.com\/fr\/wp-json\/wp\/v2\/tags?post=181883"}],"curies":[{"name":"wp","href":"https:\/\/api.w.org\/{rel}","templated":true}]}}