{"id":181864,"date":"2024-11-20T11:29:22","date_gmt":"2024-11-20T16:29:22","guid":{"rendered":"https:\/\/news.canadamotorjobs.com\/?p=181864"},"modified":"2024-11-20T12:13:47","modified_gmt":"2024-11-20T17:13:47","slug":"la-liebre-la-nouvelle-vedette-des-hot-wheels","status":"publish","type":"post","link":"https:\/\/news.canadamotorjobs.com\/fr\/la-liebre-la-nouvelle-vedette-des-hot-wheels\/","title":{"rendered":"La\u00a0Liebre, la nouvelle vedette des Hot\u00a0Wheels"},"content":{"rendered":"<\/p>\n<p>Voici la \u00ab\u00a0<em>La\u00a0Liebre<\/em>\u00a0\u00bb. C\u2019est une future <a href=\"https:\/\/annuelauto.ca\/la-deora-et-la-beatnik-bandit-figurent-desormais-au-registre-national-des-vehicules-historiques\/\" target=\"_blank\" rel=\"noopener noreferrer\">Hot\u00a0Wheels<\/a>. En effet, vous verrez bient\u00f4t ses formes effil\u00e9es en format r\u00e9duit dans un \u00e9talage de ces populaires miniatures. Car ce bolide noir con\u00e7u au Chili a remport\u00e9 la 7e \u00e9dition du Hot\u00a0Wheels Legends Tour au terme d\u2019une finale pr\u00e9sent\u00e9e en mode virtuel sur YouTube, le 16\u00a0novembre dernier.<\/p>\n<p>\u00c9tant la grande gagnante de ce concours international, la La\u00a0Liebre sera donc immortalis\u00e9e sous la forme d&#8217;une miniature Hot\u00a0Wheels \u00e0 l&#8217;\u00e9chelle 1:64, qui sera vendue dans le monde entier.<\/p>\n<h3><strong>N\u00e9e au \u00ab\u00a0pays des po\u00e8tes\u00a0\u00bb<\/strong><\/h3>\n<p>\nLa La Liebre \u2014 le li\u00e8vre en espagnol \u2014 est le fruit de l\u2019imagination de Giuseppe Casagrande et Maurizio Moschini, deux passionn\u00e9s qui ont fond\u00e9 le <em>Cars and Coffee Chile<\/em> en 2012. Ce club chilien r\u00e9unit les collectionneurs, pilotes et autres amateurs vivant au rythme des \u00ab rugissements harmonieux de moteurs et de la beaut\u00e9 artistique des m\u00e9caniques complexes \u00bb. Cette mani\u00e8re de d\u00e9crire les membres de ce club sur son site internet constitue un joli rappel du surnom souvent attribu\u00e9 au Chili : <em>pa\u00eds de poetas<\/em> \u2014 le pays de po\u00e8tes !<\/p>\n<h3><strong>Des chevaux \u00e0 revendre pour les gauchos<\/strong><\/h3>\n<p>\nAvec l\u2019aide de leur \u00e9quipe, Casagrande et Moschini ont construit leur bolide \u00e0 partir d\u2019un ch\u00e2ssis de Ford Falcon 1968 de fabrication argentine qui avait \u00e9t\u00e9 modifi\u00e9e par Baufer Garage, un motoriste local d\u2019autrefois. On lui a ajout\u00e9 une structure tubulaire et un arceau de s\u00e9curit\u00e9 habill\u00e9e d\u2019une carrosserie en fibre de verre inspir\u00e9e par les voitures du Mans qui arbore fi\u00e8rement l&#8217;\u00e9cusson du club.<\/p>\n<p>Pour animer cette sportive dont la masse culmine \u00e0 900\u00a0kg, ils ont opt\u00e9 pour un V8 Chevrolet 350 traficot\u00e9 pour transmettre 600 chevaux aux roues arri\u00e8re par le biais d\u2019une bo\u00eete de vitesses Saenz\u00a0910 \u00e0 cinq rapports avec engrenages \u00e0 denture droite.<\/p>\n<h3><strong>Une dizaine de finalistes<\/strong><\/h3>\n<p>\nLa La\u00a0Liebre \u00e9tait une des dix voitures finalistes pr\u00e9sent\u00e9es lors de la grande finale mondiale virtuelle diffus\u00e9e depuis El\u00a0Segundo, lieu du si\u00e8ge social de la marque Hot Wheels de <a href=\"https:\/\/annuelauto.ca\/mattel-va-vendre-une-replique-du-cybertruck-a-partir-de-demain\/\" target=\"_blank\" rel=\"noopener noreferrer\">Mattel<\/a> situ\u00e9 \u00e0 une trentaine de kilom\u00e8tres au sud-ouest de Los Angeles.<\/p>\n<p>Outre la voiture chilienne, parmi cette dizaine de finalistes, on en retrouvait quatre provenant de pays europ\u00e9ens, une de Dubai et trois des \u00c9tats-Unis; des cr\u00e9ations qu\u2019on peut d\u00e9couvrir dans cette vid\u00e9o\u00a0:<\/p>\n<p><\/p>\n<div class='avia-iframe-wrap'><iframe loading=\"lazy\" title=\"2024 Hot Wheels Legends Tour | Grand Finale\" width=\"1500\" height=\"844\" src=\"https:\/\/www.youtube.com\/embed\/AJAi0MpAwzA?feature=oembed\" frameborder=\"0\" allow=\"accelerometer; autoplay; clipboard-write; encrypted-media; gyroscope; picture-in-picture; web-share\" referrerpolicy=\"strict-origin-when-cross-origin\" allowfullscreen><\/iframe><\/div>\n<p><strong>\u00c9v\u00e9nement international qui oublie le Canada<\/strong><\/p>\n<p>La Tourn\u00e9e des l\u00e9gendes Hot\u00a0Wheels a \u00e9t\u00e9 cr\u00e9\u00e9e en 2018 dans le cadre des c\u00e9l\u00e9brations du 50e anniversaire des Hot\u00a0Wheels organis\u00e9es par la soci\u00e9t\u00e9 Mattel. La popularit\u00e9 de l\u2019\u00e9v\u00e9nement fut telle que ses organisateurs ont choisi de la r\u00e9p\u00e9ter l\u2019ann\u00e9e suivante. Apr\u00e8s tout, en plus de mousser l\u2019int\u00e9r\u00eat pour ces miniatures aupr\u00e8s des acheteurs, jeunes et moins jeunes, la tourn\u00e9e constituait une excellente source d\u2019inspiration pour d\u00e9nicher les \u00ab\u00a0prochaines Hot Wheels\u00a0\u00bb\u00a0!<\/p>\n<p>D\u2019abord limit\u00e9e aux fronti\u00e8res \u00e9tatsuniennes, la tourn\u00e9e a \u00e9galement rapidement pris une envergure internationale. Si bien que l\u2019\u00e9dition 2024 a \u00e9t\u00e9 d\u2019abord disput\u00e9e dans 13\u00a0pays o\u00f9 ont d\u2019abord eu lieu des finales dites r\u00e9gionales\u00a0: les \u00c9tats-Unis, le Mexique, le Chili, la Colombie, le Br\u00e9sil, la France, l\u2019Allemagne, le Royaume-Uni, l\u2019Espagne, le Portugal, l\u2019Italie, la Pologne et m\u00eame Dubai. Curieusement, depuis 2018, le Canada semble tenu \u00e0 l\u2019\u00e9cart de cette comp\u00e9tition\u2026<\/p>\n<p>Les f\u00e9rus de miniatures Hot\u00a0Wheels se souviendront que les v\u00e9hicules prim\u00e9s lors des six premi\u00e8res \u00e9ditions de cette Tourn\u00e9e des l\u00e9gendes ont \u00e9t\u00e9\u00a0: la 2\u00a0JetZ (2018), la The\u00a0Nash (2019), la Pontiac Firebird 1970 (2020), <a href=\"https:\/\/annuelauto.ca\/volvo-p1800-aint-no-saint-gasser-bientot-dans-votre-collection-de-hot-wheels\/\" target=\"_blank\" rel=\"noopener noreferrer\">la Volvo P1800 Gasser 1969 (2021)<\/a>, l\u2019Autozam Scrum 1992 \u00ab\u00a0Texas Toot\u00a0\u00bb (2022) et la Mazda MX-5 1990 \u00ab\u00a0Chimera\u00a0\u00bb (2023).<\/p>\n<p><em>Photos : Mattel<\/em><\/p>\n<p>Le texte <a rel=\"nofollow\" href=\"https:\/\/annuelauto.ca\/la-liebre-la-nouvelle-vedette-des-hot-wheels\/\">La\u00a0Liebre, la nouvelle vedette des Hot\u00a0Wheels<\/a> provient de <a rel=\"nofollow\" href=\"https:\/\/annuelauto.ca\">L&#8217;annuel de l&#8217;automobile &#8211; Actualit\u00e9 automobile<\/a><\/p>\n<p><\/p>\n","protected":false},"excerpt":{"rendered":"<p>Voici la \u00ab\u00a0La\u00a0Liebre\u00a0\u00bb. C\u2019est une future Hot\u00a0Wheels. En effet, vous verrez bient\u00f4t ses formes effil\u00e9es en format r\u00e9duit dans un \u00e9talage de ces populaires miniatures. Car ce bolide noir con\u00e7u au Chili a remport\u00e9 la 7e \u00e9dition du Hot\u00a0Wheels Legends Tour au terme d\u2019une finale pr\u00e9sent\u00e9e en mode virtuel sur YouTube, le 16\u00a0novembre dernier. \u00c9tant [&hellip;]<\/p>\n","protected":false},"author":8,"featured_media":181866,"comment_status":"close","ping_status":"closed","sticky":false,"template":"","format":"standard","meta":{"_monsterinsights_skip_tracking":false,"_monsterinsights_sitenote_active":false,"_monsterinsights_sitenote_note":"","_monsterinsights_sitenote_category":0,"footnotes":""},"categories":[101],"tags":[],"yoast_head":"<!-- This site is optimized with the Yoast SEO plugin v23.2 - https:\/\/yoast.com\/wordpress\/plugins\/seo\/ -->\n<title>La\u00a0Liebre, la nouvelle vedette des Hot\u00a0Wheels - CanadaMotorJobs.com<\/title>\n<meta name=\"description\" content=\"La\u00a0Liebre, la nouvelle vedette des Hot\u00a0Wheels - Benoit Charette - Annuel automobile - CanadaMotorJobs.com.\" \/>\n<meta name=\"robots\" content=\"index, follow, max-snippet:-1, max-image-preview:large, max-video-preview:-1\" \/>\n<meta property=\"og:locale\" content=\"fr_CA\" \/>\n<meta property=\"og:type\" content=\"article\" \/>\n<meta property=\"og:title\" content=\"La\u00a0Liebre, la nouvelle vedette des Hot\u00a0Wheels - CanadaMotorJobs.com\" \/>\n<meta property=\"og:description\" content=\"La\u00a0Liebre, la nouvelle vedette des Hot\u00a0Wheels - Benoit Charette - Annuel automobile - CanadaMotorJobs.com.\" \/>\n<meta property=\"og:url\" content=\"https:\/\/news.canadamotorjobs.com\/fr\/la-liebre-la-nouvelle-vedette-des-hot-wheels\/\" \/>\n<meta property=\"og:site_name\" content=\"CanadaMotorJobs.com\" \/>\n<meta property=\"article:publisher\" content=\"https:\/\/www.facebook.com\/canadamotorjobs\/\" \/>\n<meta property=\"article:published_time\" content=\"2024-11-20T16:29:22+00:00\" \/>\n<meta property=\"article:modified_time\" content=\"2024-11-20T17:13:47+00:00\" \/>\n<meta property=\"og:image\" content=\"https:\/\/news.canadamotorjobs.com\/wp-content\/uploads\/2024\/11\/Hot-Wheels-La-Liebre-2024-1.jpg\" \/>\n\t<meta property=\"og:image:width\" content=\"1024\" \/>\n\t<meta property=\"og:image:height\" content=\"683\" \/>\n\t<meta property=\"og:image:type\" content=\"image\/jpeg\" \/>\n<meta name=\"author\" content=\"Benoit Charette\" \/>\n<meta name=\"twitter:card\" content=\"summary_large_image\" \/>\n<meta name=\"twitter:creator\" content=\"@canadamotorjobs\" \/>\n<meta name=\"twitter:site\" content=\"@canadamotorjobs\" \/>\n<meta name=\"twitter:label1\" content=\"\u00c9crit par\" \/>\n\t<meta name=\"twitter:data1\" content=\"Benoit Charette\" \/>\n\t<meta name=\"twitter:label2\" content=\"Estimation du temps de lecture\" \/>\n\t<meta name=\"twitter:data2\" content=\"3 minutes\" \/>\n<!-- \/ Yoast SEO plugin. -->","yoast_head_json":{"title":"La\u00a0Liebre, la nouvelle vedette des Hot\u00a0Wheels - CanadaMotorJobs.com","description":"La\u00a0Liebre, la nouvelle vedette des Hot\u00a0Wheels - Benoit Charette - Annuel automobile - CanadaMotorJobs.com.","robots":{"index":"index","follow":"follow","max-snippet":"max-snippet:-1","max-image-preview":"max-image-preview:large","max-video-preview":"max-video-preview:-1"},"og_locale":"fr_CA","og_type":"article","og_title":"La\u00a0Liebre, la nouvelle vedette des Hot\u00a0Wheels - CanadaMotorJobs.com","og_description":"La\u00a0Liebre, la nouvelle vedette des Hot\u00a0Wheels - Benoit Charette - Annuel automobile - CanadaMotorJobs.com.","og_url":"https:\/\/news.canadamotorjobs.com\/fr\/la-liebre-la-nouvelle-vedette-des-hot-wheels\/","og_site_name":"CanadaMotorJobs.com","article_publisher":"https:\/\/www.facebook.com\/canadamotorjobs\/","article_published_time":"2024-11-20T16:29:22+00:00","article_modified_time":"2024-11-20T17:13:47+00:00","og_image":[{"width":1024,"height":683,"url":"https:\/\/news.canadamotorjobs.com\/wp-content\/uploads\/2024\/11\/Hot-Wheels-La-Liebre-2024-1.jpg","type":"image\/jpeg"}],"author":"Benoit Charette","twitter_card":"summary_large_image","twitter_creator":"@canadamotorjobs","twitter_site":"@canadamotorjobs","twitter_misc":{"\u00c9crit par":"Benoit Charette","Estimation du temps de lecture":"3 minutes"},"schema":{"@context":"https:\/\/schema.org","@graph":[{"@type":"Article","@id":"https:\/\/news.canadamotorjobs.com\/fr\/la-liebre-la-nouvelle-vedette-des-hot-wheels\/#article","isPartOf":{"@id":"https:\/\/news.canadamotorjobs.com\/fr\/la-liebre-la-nouvelle-vedette-des-hot-wheels\/"},"author":{"name":"Benoit Charette","@id":"https:\/\/news.canadamotorjobs.com\/#\/schema\/person\/51793d1f87d44011d7bcc2ed99269a90"},"headline":"La\u00a0Liebre, la nouvelle vedette des Hot\u00a0Wheels","datePublished":"2024-11-20T16:29:22+00:00","dateModified":"2024-11-20T17:13:47+00:00","mainEntityOfPage":{"@id":"https:\/\/news.canadamotorjobs.com\/fr\/la-liebre-la-nouvelle-vedette-des-hot-wheels\/"},"wordCount":684,"publisher":{"@id":"https:\/\/news.canadamotorjobs.com\/#organization"},"image":{"@id":"https:\/\/news.canadamotorjobs.com\/fr\/la-liebre-la-nouvelle-vedette-des-hot-wheels\/#primaryimage"},"thumbnailUrl":"https:\/\/news.canadamotorjobs.com\/wp-content\/uploads\/2024\/11\/Hot-Wheels-La-Liebre-2024-1.jpg","articleSection":["Annuel automobile"],"inLanguage":"fr-CA"},{"@type":"WebPage","@id":"https:\/\/news.canadamotorjobs.com\/fr\/la-liebre-la-nouvelle-vedette-des-hot-wheels\/","url":"https:\/\/news.canadamotorjobs.com\/fr\/la-liebre-la-nouvelle-vedette-des-hot-wheels\/","name":"La\u00a0Liebre, la nouvelle vedette des Hot\u00a0Wheels - CanadaMotorJobs.com","isPartOf":{"@id":"https:\/\/news.canadamotorjobs.com\/#website"},"primaryImageOfPage":{"@id":"https:\/\/news.canadamotorjobs.com\/fr\/la-liebre-la-nouvelle-vedette-des-hot-wheels\/#primaryimage"},"image":{"@id":"https:\/\/news.canadamotorjobs.com\/fr\/la-liebre-la-nouvelle-vedette-des-hot-wheels\/#primaryimage"},"thumbnailUrl":"https:\/\/news.canadamotorjobs.com\/wp-content\/uploads\/2024\/11\/Hot-Wheels-La-Liebre-2024-1.jpg","datePublished":"2024-11-20T16:29:22+00:00","dateModified":"2024-11-20T17:13:47+00:00","description":"La\u00a0Liebre, la nouvelle vedette des Hot\u00a0Wheels - Benoit Charette - Annuel automobile - CanadaMotorJobs.com.","breadcrumb":{"@id":"https:\/\/news.canadamotorjobs.com\/fr\/la-liebre-la-nouvelle-vedette-des-hot-wheels\/#breadcrumb"},"inLanguage":"fr-CA","potentialAction":[{"@type":"ReadAction","target":["https:\/\/news.canadamotorjobs.com\/fr\/la-liebre-la-nouvelle-vedette-des-hot-wheels\/"]}]},{"@type":"ImageObject","inLanguage":"fr-CA","@id":"https:\/\/news.canadamotorjobs.com\/fr\/la-liebre-la-nouvelle-vedette-des-hot-wheels\/#primaryimage","url":"https:\/\/news.canadamotorjobs.com\/wp-content\/uploads\/2024\/11\/Hot-Wheels-La-Liebre-2024-1.jpg","contentUrl":"https:\/\/news.canadamotorjobs.com\/wp-content\/uploads\/2024\/11\/Hot-Wheels-La-Liebre-2024-1.jpg","width":1024,"height":683},{"@type":"BreadcrumbList","@id":"https:\/\/news.canadamotorjobs.com\/fr\/la-liebre-la-nouvelle-vedette-des-hot-wheels\/#breadcrumb","itemListElement":[{"@type":"ListItem","position":1,"name":"Home","item":"https:\/\/news.canadamotorjobs.com\/fr\/blog\/"},{"@type":"ListItem","position":2,"name":"La\u00a0Liebre, la nouvelle vedette des Hot\u00a0Wheels"}]},{"@type":"WebSite","@id":"https:\/\/news.canadamotorjobs.com\/#website","url":"https:\/\/news.canadamotorjobs.com\/","name":"CanadaMotorJobs.com","description":"Automotive Jobs","publisher":{"@id":"https:\/\/news.canadamotorjobs.com\/#organization"},"potentialAction":[{"@type":"SearchAction","target":{"@type":"EntryPoint","urlTemplate":"https:\/\/news.canadamotorjobs.com\/?s={search_term_string}"},"query-input":"required name=search_term_string"}],"inLanguage":"fr-CA"},{"@type":"Organization","@id":"https:\/\/news.canadamotorjobs.com\/#organization","name":"Canada Motor Jobs","url":"https:\/\/news.canadamotorjobs.com\/","logo":{"@type":"ImageObject","inLanguage":"fr-CA","@id":"https:\/\/news.canadamotorjobs.com\/#\/schema\/logo\/image\/","url":"https:\/\/news.canadamotorjobs.com\/wp-content\/uploads\/2022\/10\/logo-canada-motor-jobs-1.png","contentUrl":"https:\/\/news.canadamotorjobs.com\/wp-content\/uploads\/2022\/10\/logo-canada-motor-jobs-1.png","width":800,"height":400,"caption":"Canada Motor Jobs"},"image":{"@id":"https:\/\/news.canadamotorjobs.com\/#\/schema\/logo\/image\/"},"sameAs":["https:\/\/www.facebook.com\/canadamotorjobs\/","https:\/\/x.com\/canadamotorjobs","https:\/\/www.instagram.com\/canadamotorjobs\/","https:\/\/www.linkedin.com\/company\/canadamotorjobs"]},{"@type":"Person","@id":"https:\/\/news.canadamotorjobs.com\/#\/schema\/person\/51793d1f87d44011d7bcc2ed99269a90","name":"Benoit Charette","image":{"@type":"ImageObject","inLanguage":"fr-CA","@id":"https:\/\/news.canadamotorjobs.com\/#\/schema\/person\/image\/","url":"https:\/\/secure.gravatar.com\/avatar\/45f3d2eebcccd909668d7ce7ea7267b6?s=96&d=mm&r=g","contentUrl":"https:\/\/secure.gravatar.com\/avatar\/45f3d2eebcccd909668d7ce7ea7267b6?s=96&d=mm&r=g","caption":"Benoit Charette"},"description":"Benoit Charette \/ Propri\u00e9taire et r\u00e9dacteur en chef Benoit Charette pratique le journalisme automobile depuis bient\u00f4t 30 ans. Il a fait ses classes au c\u00f4t\u00e9 de Daniel H\u00e9raud et au Carnet de route de 1992 \u00e0 2001. Il est fondateur, copropri\u00e9taire et r\u00e9dacteur en chef de L\u2019Annuel de l\u2019automobile, qu\u2019il publie depuis 2001. Il a anim\u00e9 les \u00e9missions RPM et RPM+ sur V et les L\u00e9gendes de la route sur Historia. \u00c0 la radio depuis 1986, il reprend l\u2019antenne cette ann\u00e9e sur les ondes de Cogeco et participe pour la deuxi\u00e8me ann\u00e9e \u00e0 l\u2019\u00e9mission Passion Auto sur RDS en plus de mettre en ligne le site Web officiel de L\u2019Annuel de l\u2019automobile sur annuelauto.ca.","sameAs":["https:\/\/annuelauto.ca\/"],"url":"https:\/\/news.canadamotorjobs.com\/fr\/author\/benoit-charette\/"}]}},"_links":{"self":[{"href":"https:\/\/news.canadamotorjobs.com\/fr\/wp-json\/wp\/v2\/posts\/181864"}],"collection":[{"href":"https:\/\/news.canadamotorjobs.com\/fr\/wp-json\/wp\/v2\/posts"}],"about":[{"href":"https:\/\/news.canadamotorjobs.com\/fr\/wp-json\/wp\/v2\/types\/post"}],"author":[{"embeddable":true,"href":"https:\/\/news.canadamotorjobs.com\/fr\/wp-json\/wp\/v2\/users\/8"}],"replies":[{"embeddable":true,"href":"https:\/\/news.canadamotorjobs.com\/fr\/wp-json\/wp\/v2\/comments?post=181864"}],"version-history":[{"count":2,"href":"https:\/\/news.canadamotorjobs.com\/fr\/wp-json\/wp\/v2\/posts\/181864\/revisions"}],"predecessor-version":[{"id":181868,"href":"https:\/\/news.canadamotorjobs.com\/fr\/wp-json\/wp\/v2\/posts\/181864\/revisions\/181868"}],"wp:featuredmedia":[{"embeddable":true,"href":"https:\/\/news.canadamotorjobs.com\/fr\/wp-json\/wp\/v2\/media\/181866"}],"wp:attachment":[{"href":"https:\/\/news.canadamotorjobs.com\/fr\/wp-json\/wp\/v2\/media?parent=181864"}],"wp:term":[{"taxonomy":"category","embeddable":true,"href":"https:\/\/news.canadamotorjobs.com\/fr\/wp-json\/wp\/v2\/categories?post=181864"},{"taxonomy":"post_tag","embeddable":true,"href":"https:\/\/news.canadamotorjobs.com\/fr\/wp-json\/wp\/v2\/tags?post=181864"}],"curies":[{"name":"wp","href":"https:\/\/api.w.org\/{rel}","templated":true}]}}