{"id":181837,"date":"2024-11-20T11:32:48","date_gmt":"2024-11-20T16:32:48","guid":{"rendered":"https:\/\/news.canadamotorjobs.com\/?p=181837"},"modified":"2024-11-20T11:43:57","modified_gmt":"2024-11-20T16:43:57","slug":"musee-zentrum-portrait-de-neuf-classiques-de-bmw","status":"publish","type":"post","link":"https:\/\/news.canadamotorjobs.com\/fr\/musee-zentrum-portrait-de-neuf-classiques-de-bmw\/","title":{"rendered":"Mus\u00e9e Zentrum\u00a0: portrait de neuf classiques de BMW"},"content":{"rendered":"<\/p>\n<p>Spartanburg, Caroline du Sud \u2013 La semaine derni\u00e8re, nous \u00e9tions du c\u00f4t\u00e9 de Spartanburg, en Caroline du Sud. C\u2019est l\u00e0 que BMW s\u2019est install\u00e9e en Am\u00e9rique du Nord il y a maintenant 30\u00a0ans. Au d\u00e9part, ses installations \u00e9taient modestes, mais elles ont cr\u00fb de fa\u00e7on s\u00e9rieuse depuis.<\/p>\n<p>Lors de notre premi\u00e8re soir\u00e9e l\u00e0-bas, o\u00f9 les 30\u00a0ans de l\u2019entreprise en sol am\u00e9ricain \u00e9taient f\u00eat\u00e9s, nous avons eu l\u2019occasion de voir quelques mod\u00e8les classiques qui \u00e9taient expos\u00e9s dans la salle de r\u00e9ception. Nous n\u2019allions pas manquer l\u2019occasion de r\u00e9aliser quelques clich\u00e9s pour vous les pr\u00e9senter.<\/p>\n<p>Notre s\u00e9rie de photos vous pr\u00e9sente, dans l\u2019ordre, les v\u00e9hicules suivants\u00a0:<\/p>\n<h3>1 \u2014 BMW\u00a0Z1 1989<\/h3>\n<p>\nLa Z1 a \u00e9t\u00e9 con\u00e7ue comme un projet pilote chez BMW, avec comme objectif de pr\u00e9senter le v\u00e9hicule du futur. Ce roadster mettait de l\u2019avant un design avant-gardiste, avec notamment ces porti\u00e8res qui se glissent de fa\u00e7on verticale vers le bas pour pratiquement dispara\u00eetre. Le projet a eu l\u2019aval des dirigeants de l\u2019\u00e9poque pour une production limit\u00e9e. En tout, quelque 8000\u00a0exemplaires ont \u00e9t\u00e9 fabriqu\u00e9s entre 1989 et 1991. Sous le capot, un 6-cylindres en ligne de 2,5\u00a0litres bon pour 168\u00a0chevaux.<\/p>\n<h3>2 \u2014 Ihle Dixi 1930<\/h3>\n<p>\nVoil\u00e0 une BMW qui n\u2019est vraiment pas connue. Pourtant, la direction que le design a emprunt\u00e9e chez BMW \u00e0 l\u2019\u00e9poque est en grande partie attribuable au travail qui avait \u00e9t\u00e9 fait avec la Dixi, comme on peut le voir avec la grille. Le mod\u00e8le, qui se voulait un roadster de course, a \u00e9t\u00e9 modifi\u00e9 pour la production. Il a \u00e9t\u00e9 propos\u00e9 au public de 1930 \u00e0 1933. Il \u00e9tait, \u00e0 l\u2019\u00e9poque, le deuxi\u00e8me mod\u00e8le vendu dans l\u2019histoire de la marque. Un 4-cylindres produisant 15\u00a0chevaux \u00e9tait responsable de l\u2019animation de ce v\u00e9hicule, qui pouvait atteindre la vitesse de 80\u00a0km\/h.<\/p>\n<h3>3 \u2014 BMW S\u00e9rie 3 (1994-1998)<\/h3>\n<p>\nLa S\u00e9rie 3 produite de 1994 \u00e0 1998 a \u00e9t\u00e9 la premi\u00e8re voiture \u00e0 \u00eatre fabriqu\u00e9e \u00e0 l\u2019usine BMW de Spartanburg. Elle a trac\u00e9 la voie \u00e0 une histoire \u00e0 succ\u00e8s qui se poursuit.<\/p>\n<h3>4 \u2014 BMW\u00a0Z3 GoldenEye<\/h3>\n<p>\nLa Z3 a marqu\u00e9 l\u2019imaginaire en raison de son design accrocheur et du plaisir de conduire qu\u2019elle a procur\u00e9 \u00e0 ses propri\u00e9taires. Elle a aussi marqu\u00e9 l\u2019imaginaire des amateurs de la s\u00e9rie de films James Bond, alors qu\u2019elle a \u00e9t\u00e9 utilis\u00e9e par le c\u00e9l\u00e8bre agent secret dans le volet GoldenEye. Il s\u2019agissait de la premi\u00e8re fois que James Bond conduisait une BMW. Le mod\u00e8le destin\u00e9 au film a \u00e9t\u00e9 le premier de la s\u00e9rie\u00a0Z3, et on lui a donn\u00e9 le num\u00e9ro de s\u00e9rie\u00a0007. En tout, BMW a produit\u00a0297\u2009088\u00a0Z3 entre 1995 et 2002.<\/p>\n<h3>5 \u2014 BMW\u00a0M3 1986<\/h3>\n<p>\nLe d\u00e9bat fera toujours rage quant \u00e0 savoir quelle est la plus belle BMW de l\u2019histoire. L\u2019auteur de ces lignes aime bien la M5 des ann\u00e9es\u00a080, mais la M3 du milieu des ann\u00e9es\u00a080 est aussi une superbe cr\u00e9ation. Cette voiture a \u00e9t\u00e9 d\u00e9velopp\u00e9e pour \u00eatre utilis\u00e9e dans les s\u00e9ries de courses de type Touring, mais la r\u00e9action du public a fait qu\u2019on a donn\u00e9 naissance \u00e0 une version de production, ce qui n\u2019\u00e9tait pas le plan au d\u00e9part. Une l\u00e9gende \u00e9tait n\u00e9e.<\/p>\n<h3>6 \u2014 BMW Isetta<\/h3>\n<p>\nEn voil\u00e0 une qui n\u2019a plus besoin de pr\u00e9sentation. La BMW Isetta a \u00e9t\u00e9 lanc\u00e9e au milieu des ann\u00e9es 50. Cette puce a \u00e9t\u00e9 r\u00e9volutionnaire et elle a jou\u00e9 un r\u00f4le important dans l\u2019histoire de BMW. Elle a r\u00e9pondu aux besoins de mobilit\u00e9 \u00e0 bon march\u00e9 dans une \u00e9conomie d\u2019apr\u00e8s-guerre difficile en Europe. Ses principales caract\u00e9ristiques se r\u00e9sument \u00e0 un moteur monocylindre et \u00e0 son design \u00e0 porte frontale. Surtout, gr\u00e2ce \u00e0 sa taille compacte et \u00e0 sa faible consommation, l\u2019Isetta a permis \u00e0 BMW de survivre \u00e0 une p\u00e9riode financi\u00e8re difficile.<\/p>\n<h3>7 \u2014 BMW\u00a0Z8 1999<\/h3>\n<p>\nEn observant la BMW Z8 de pr\u00e8s, il est incroyable de penser que cette voiture a \u00e9t\u00e9 dessin\u00e9e il y a un quart de si\u00e8cle. Ses lignes sont encore spectaculaires, le signe d\u2019un design r\u00e9ussi et intemporel. Produite seulement pendant trois ann\u00e9es, elle s\u2019est rapidement \u00e9lev\u00e9 au rang de mythe, et exige aujourd\u2019hui une petite fortune pour \u00eatre acquise. Inspir\u00e9e par la 507 des ann\u00e9es\u00a050, la Z8 r\u00e9pond aux ordres d\u2019un V8 de 5,0\u00a0litres qui propose 394\u00a0chevaux. Son temps au 0-100\u00a0km\/h est d\u2019environ 4,5\u00a0secondes. Seulement 5703\u00a0Z8 ont \u00e9t\u00e9 fabriqu\u00e9es.<\/p>\n<h3>8 \u2014 BMW 319\u00a01934<\/h3>\n<p>\nDans les ann\u00e9es\u00a030, BMW remporte un succ\u00e8s fou en course automobile avec le roadster\u00a0315. La compagnie d\u00e9cide alors d\u2019en faire une version de production, qui allait \u00eatre modifi\u00e9e pour devenir la 319, une voiture qui allait lancer BMW dans la d\u00e9cennie maudite d\u2019avant-guerre. Un moteur\u00a06-cylindres offrant 45\u00a0chevaux \u00e9quipait le mod\u00e8le. La 319 \u00e9tait propos\u00e9e avec cinq carrosseries diff\u00e9rentes, y compris 3029\u00a0versions du mod\u00e8le qui est expos\u00e9 au mus\u00e9e Zentrum de Caroline du Sud. La 319 a \u00e9t\u00e9 assembl\u00e9e de 1934 \u00e0 1937.<\/p>\n<h3>9 \u2014 BMW\u00a0X5 4.6is<\/h3>\n<p>\nL\u2019histoire de BMW est riche, et elle compte aussi des classiques plus r\u00e9cents, comme ce X5 de premi\u00e8re g\u00e9n\u00e9ration. Le X5 est produit en Caroline du Sud depuis ses d\u00e9buts et il repr\u00e9sente un mod\u00e8le d\u2019importance pour l\u2019histoire de la marque en Am\u00e9rique du Nord. En fait, sans le succ\u00e8s des mod\u00e8les utilitaires, on peut se demander si la croissance de BMW sur notre continent aurait \u00e9t\u00e9 la m\u00eame.<\/p>\n<p>\u00a0<\/p>\n<p>\u00a0<\/p>\n<p>\u00a0<\/p>\n<p>\u00a0<\/p>\n<p>Le texte <a rel=\"nofollow\" href=\"https:\/\/annuelauto.ca\/musee-zentrum-bmw-spartenburg\/\">Mus\u00e9e Zentrum\u00a0: portrait de neuf classiques de BMW<\/a> provient de <a rel=\"nofollow\" href=\"https:\/\/annuelauto.ca\">L&#8217;annuel de l&#8217;automobile &#8211; Actualit\u00e9 automobile<\/a><\/p>\n<p><\/p>\n","protected":false},"excerpt":{"rendered":"<p>Spartanburg, Caroline du Sud \u2013 La semaine derni\u00e8re, nous \u00e9tions du c\u00f4t\u00e9 de Spartanburg, en Caroline du Sud. C\u2019est l\u00e0 que BMW s\u2019est install\u00e9e en Am\u00e9rique du Nord il y a maintenant 30\u00a0ans. Au d\u00e9part, ses installations \u00e9taient modestes, mais elles ont cr\u00fb de fa\u00e7on s\u00e9rieuse depuis. Lors de notre premi\u00e8re soir\u00e9e l\u00e0-bas, o\u00f9 les [&hellip;]<\/p>\n","protected":false},"author":8,"featured_media":181839,"comment_status":"close","ping_status":"closed","sticky":false,"template":"","format":"standard","meta":{"_monsterinsights_skip_tracking":false,"_monsterinsights_sitenote_active":false,"_monsterinsights_sitenote_note":"","_monsterinsights_sitenote_category":0,"footnotes":""},"categories":[101],"tags":[],"yoast_head":"<!-- This site is optimized with the Yoast SEO plugin v23.2 - https:\/\/yoast.com\/wordpress\/plugins\/seo\/ -->\n<title>Mus\u00e9e Zentrum\u00a0: portrait de neuf classiques de BMW - CanadaMotorJobs.com<\/title>\n<meta name=\"description\" content=\"Mus\u00e9e Zentrum\u00a0: portrait de neuf classiques de BMW - Benoit Charette - Annuel automobile - CanadaMotorJobs.com.\" \/>\n<meta name=\"robots\" content=\"index, follow, max-snippet:-1, max-image-preview:large, max-video-preview:-1\" \/>\n<meta property=\"og:locale\" content=\"fr_CA\" \/>\n<meta property=\"og:type\" content=\"article\" \/>\n<meta property=\"og:title\" content=\"Mus\u00e9e Zentrum\u00a0: portrait de neuf classiques de BMW - CanadaMotorJobs.com\" \/>\n<meta property=\"og:description\" content=\"Mus\u00e9e Zentrum\u00a0: portrait de neuf classiques de BMW - Benoit Charette - Annuel automobile - CanadaMotorJobs.com.\" \/>\n<meta property=\"og:url\" content=\"https:\/\/news.canadamotorjobs.com\/fr\/musee-zentrum-portrait-de-neuf-classiques-de-bmw\/\" \/>\n<meta property=\"og:site_name\" content=\"CanadaMotorJobs.com\" \/>\n<meta property=\"article:publisher\" content=\"https:\/\/www.facebook.com\/canadamotorjobs\/\" \/>\n<meta property=\"article:published_time\" content=\"2024-11-20T16:32:48+00:00\" \/>\n<meta property=\"article:modified_time\" content=\"2024-11-20T16:43:57+00:00\" \/>\n<meta property=\"og:image\" content=\"https:\/\/news.canadamotorjobs.com\/wp-content\/uploads\/2024\/11\/1-BMW-Z1.jpg\" \/>\n\t<meta property=\"og:image:width\" content=\"2048\" \/>\n\t<meta property=\"og:image:height\" content=\"1536\" \/>\n\t<meta property=\"og:image:type\" content=\"image\/jpeg\" \/>\n<meta name=\"author\" content=\"Benoit Charette\" \/>\n<meta name=\"twitter:card\" content=\"summary_large_image\" \/>\n<meta name=\"twitter:creator\" content=\"@canadamotorjobs\" \/>\n<meta name=\"twitter:site\" content=\"@canadamotorjobs\" \/>\n<meta name=\"twitter:label1\" content=\"\u00c9crit par\" \/>\n\t<meta name=\"twitter:data1\" content=\"Benoit Charette\" \/>\n\t<meta name=\"twitter:label2\" content=\"Estimation du temps de lecture\" \/>\n\t<meta name=\"twitter:data2\" content=\"5 minutes\" \/>\n<!-- \/ Yoast SEO plugin. -->","yoast_head_json":{"title":"Mus\u00e9e Zentrum\u00a0: portrait de neuf classiques de BMW - CanadaMotorJobs.com","description":"Mus\u00e9e Zentrum\u00a0: portrait de neuf classiques de BMW - Benoit Charette - Annuel automobile - CanadaMotorJobs.com.","robots":{"index":"index","follow":"follow","max-snippet":"max-snippet:-1","max-image-preview":"max-image-preview:large","max-video-preview":"max-video-preview:-1"},"og_locale":"fr_CA","og_type":"article","og_title":"Mus\u00e9e Zentrum\u00a0: portrait de neuf classiques de BMW - CanadaMotorJobs.com","og_description":"Mus\u00e9e Zentrum\u00a0: portrait de neuf classiques de BMW - Benoit Charette - Annuel automobile - CanadaMotorJobs.com.","og_url":"https:\/\/news.canadamotorjobs.com\/fr\/musee-zentrum-portrait-de-neuf-classiques-de-bmw\/","og_site_name":"CanadaMotorJobs.com","article_publisher":"https:\/\/www.facebook.com\/canadamotorjobs\/","article_published_time":"2024-11-20T16:32:48+00:00","article_modified_time":"2024-11-20T16:43:57+00:00","og_image":[{"width":2048,"height":1536,"url":"https:\/\/news.canadamotorjobs.com\/wp-content\/uploads\/2024\/11\/1-BMW-Z1.jpg","type":"image\/jpeg"}],"author":"Benoit Charette","twitter_card":"summary_large_image","twitter_creator":"@canadamotorjobs","twitter_site":"@canadamotorjobs","twitter_misc":{"\u00c9crit par":"Benoit Charette","Estimation du temps de lecture":"5 minutes"},"schema":{"@context":"https:\/\/schema.org","@graph":[{"@type":"Article","@id":"https:\/\/news.canadamotorjobs.com\/fr\/musee-zentrum-portrait-de-neuf-classiques-de-bmw\/#article","isPartOf":{"@id":"https:\/\/news.canadamotorjobs.com\/fr\/musee-zentrum-portrait-de-neuf-classiques-de-bmw\/"},"author":{"name":"Benoit Charette","@id":"https:\/\/news.canadamotorjobs.com\/#\/schema\/person\/51793d1f87d44011d7bcc2ed99269a90"},"headline":"Mus\u00e9e Zentrum\u00a0: portrait de neuf classiques de BMW","datePublished":"2024-11-20T16:32:48+00:00","dateModified":"2024-11-20T16:43:57+00:00","mainEntityOfPage":{"@id":"https:\/\/news.canadamotorjobs.com\/fr\/musee-zentrum-portrait-de-neuf-classiques-de-bmw\/"},"wordCount":985,"publisher":{"@id":"https:\/\/news.canadamotorjobs.com\/#organization"},"image":{"@id":"https:\/\/news.canadamotorjobs.com\/fr\/musee-zentrum-portrait-de-neuf-classiques-de-bmw\/#primaryimage"},"thumbnailUrl":"https:\/\/news.canadamotorjobs.com\/wp-content\/uploads\/2024\/11\/1-BMW-Z1.jpg","articleSection":["Annuel automobile"],"inLanguage":"fr-CA"},{"@type":"WebPage","@id":"https:\/\/news.canadamotorjobs.com\/fr\/musee-zentrum-portrait-de-neuf-classiques-de-bmw\/","url":"https:\/\/news.canadamotorjobs.com\/fr\/musee-zentrum-portrait-de-neuf-classiques-de-bmw\/","name":"Mus\u00e9e Zentrum\u00a0: portrait de neuf classiques de BMW - CanadaMotorJobs.com","isPartOf":{"@id":"https:\/\/news.canadamotorjobs.com\/#website"},"primaryImageOfPage":{"@id":"https:\/\/news.canadamotorjobs.com\/fr\/musee-zentrum-portrait-de-neuf-classiques-de-bmw\/#primaryimage"},"image":{"@id":"https:\/\/news.canadamotorjobs.com\/fr\/musee-zentrum-portrait-de-neuf-classiques-de-bmw\/#primaryimage"},"thumbnailUrl":"https:\/\/news.canadamotorjobs.com\/wp-content\/uploads\/2024\/11\/1-BMW-Z1.jpg","datePublished":"2024-11-20T16:32:48+00:00","dateModified":"2024-11-20T16:43:57+00:00","description":"Mus\u00e9e Zentrum\u00a0: portrait de neuf classiques de BMW - Benoit Charette - Annuel automobile - CanadaMotorJobs.com.","breadcrumb":{"@id":"https:\/\/news.canadamotorjobs.com\/fr\/musee-zentrum-portrait-de-neuf-classiques-de-bmw\/#breadcrumb"},"inLanguage":"fr-CA","potentialAction":[{"@type":"ReadAction","target":["https:\/\/news.canadamotorjobs.com\/fr\/musee-zentrum-portrait-de-neuf-classiques-de-bmw\/"]}]},{"@type":"ImageObject","inLanguage":"fr-CA","@id":"https:\/\/news.canadamotorjobs.com\/fr\/musee-zentrum-portrait-de-neuf-classiques-de-bmw\/#primaryimage","url":"https:\/\/news.canadamotorjobs.com\/wp-content\/uploads\/2024\/11\/1-BMW-Z1.jpg","contentUrl":"https:\/\/news.canadamotorjobs.com\/wp-content\/uploads\/2024\/11\/1-BMW-Z1.jpg","width":2048,"height":1536},{"@type":"BreadcrumbList","@id":"https:\/\/news.canadamotorjobs.com\/fr\/musee-zentrum-portrait-de-neuf-classiques-de-bmw\/#breadcrumb","itemListElement":[{"@type":"ListItem","position":1,"name":"Home","item":"https:\/\/news.canadamotorjobs.com\/fr\/blog\/"},{"@type":"ListItem","position":2,"name":"Mus\u00e9e Zentrum\u00a0: portrait de neuf classiques de BMW"}]},{"@type":"WebSite","@id":"https:\/\/news.canadamotorjobs.com\/#website","url":"https:\/\/news.canadamotorjobs.com\/","name":"CanadaMotorJobs.com","description":"Automotive Jobs","publisher":{"@id":"https:\/\/news.canadamotorjobs.com\/#organization"},"potentialAction":[{"@type":"SearchAction","target":{"@type":"EntryPoint","urlTemplate":"https:\/\/news.canadamotorjobs.com\/?s={search_term_string}"},"query-input":"required name=search_term_string"}],"inLanguage":"fr-CA"},{"@type":"Organization","@id":"https:\/\/news.canadamotorjobs.com\/#organization","name":"Canada Motor Jobs","url":"https:\/\/news.canadamotorjobs.com\/","logo":{"@type":"ImageObject","inLanguage":"fr-CA","@id":"https:\/\/news.canadamotorjobs.com\/#\/schema\/logo\/image\/","url":"https:\/\/news.canadamotorjobs.com\/wp-content\/uploads\/2022\/10\/logo-canada-motor-jobs-1.png","contentUrl":"https:\/\/news.canadamotorjobs.com\/wp-content\/uploads\/2022\/10\/logo-canada-motor-jobs-1.png","width":800,"height":400,"caption":"Canada Motor Jobs"},"image":{"@id":"https:\/\/news.canadamotorjobs.com\/#\/schema\/logo\/image\/"},"sameAs":["https:\/\/www.facebook.com\/canadamotorjobs\/","https:\/\/x.com\/canadamotorjobs","https:\/\/www.instagram.com\/canadamotorjobs\/","https:\/\/www.linkedin.com\/company\/canadamotorjobs"]},{"@type":"Person","@id":"https:\/\/news.canadamotorjobs.com\/#\/schema\/person\/51793d1f87d44011d7bcc2ed99269a90","name":"Benoit Charette","image":{"@type":"ImageObject","inLanguage":"fr-CA","@id":"https:\/\/news.canadamotorjobs.com\/#\/schema\/person\/image\/","url":"https:\/\/secure.gravatar.com\/avatar\/45f3d2eebcccd909668d7ce7ea7267b6?s=96&d=mm&r=g","contentUrl":"https:\/\/secure.gravatar.com\/avatar\/45f3d2eebcccd909668d7ce7ea7267b6?s=96&d=mm&r=g","caption":"Benoit Charette"},"description":"Benoit Charette \/ Propri\u00e9taire et r\u00e9dacteur en chef Benoit Charette pratique le journalisme automobile depuis bient\u00f4t 30 ans. Il a fait ses classes au c\u00f4t\u00e9 de Daniel H\u00e9raud et au Carnet de route de 1992 \u00e0 2001. Il est fondateur, copropri\u00e9taire et r\u00e9dacteur en chef de L\u2019Annuel de l\u2019automobile, qu\u2019il publie depuis 2001. Il a anim\u00e9 les \u00e9missions RPM et RPM+ sur V et les L\u00e9gendes de la route sur Historia. \u00c0 la radio depuis 1986, il reprend l\u2019antenne cette ann\u00e9e sur les ondes de Cogeco et participe pour la deuxi\u00e8me ann\u00e9e \u00e0 l\u2019\u00e9mission Passion Auto sur RDS en plus de mettre en ligne le site Web officiel de L\u2019Annuel de l\u2019automobile sur annuelauto.ca.","sameAs":["https:\/\/annuelauto.ca\/"],"url":"https:\/\/news.canadamotorjobs.com\/fr\/author\/benoit-charette\/"}]}},"_links":{"self":[{"href":"https:\/\/news.canadamotorjobs.com\/fr\/wp-json\/wp\/v2\/posts\/181837"}],"collection":[{"href":"https:\/\/news.canadamotorjobs.com\/fr\/wp-json\/wp\/v2\/posts"}],"about":[{"href":"https:\/\/news.canadamotorjobs.com\/fr\/wp-json\/wp\/v2\/types\/post"}],"author":[{"embeddable":true,"href":"https:\/\/news.canadamotorjobs.com\/fr\/wp-json\/wp\/v2\/users\/8"}],"replies":[{"embeddable":true,"href":"https:\/\/news.canadamotorjobs.com\/fr\/wp-json\/wp\/v2\/comments?post=181837"}],"version-history":[{"count":2,"href":"https:\/\/news.canadamotorjobs.com\/fr\/wp-json\/wp\/v2\/posts\/181837\/revisions"}],"predecessor-version":[{"id":181841,"href":"https:\/\/news.canadamotorjobs.com\/fr\/wp-json\/wp\/v2\/posts\/181837\/revisions\/181841"}],"wp:featuredmedia":[{"embeddable":true,"href":"https:\/\/news.canadamotorjobs.com\/fr\/wp-json\/wp\/v2\/media\/181839"}],"wp:attachment":[{"href":"https:\/\/news.canadamotorjobs.com\/fr\/wp-json\/wp\/v2\/media?parent=181837"}],"wp:term":[{"taxonomy":"category","embeddable":true,"href":"https:\/\/news.canadamotorjobs.com\/fr\/wp-json\/wp\/v2\/categories?post=181837"},{"taxonomy":"post_tag","embeddable":true,"href":"https:\/\/news.canadamotorjobs.com\/fr\/wp-json\/wp\/v2\/tags?post=181837"}],"curies":[{"name":"wp","href":"https:\/\/api.w.org\/{rel}","templated":true}]}}