{"id":181735,"date":"2024-11-19T16:07:12","date_gmt":"2024-11-19T21:07:12","guid":{"rendered":"https:\/\/news.canadamotorjobs.com\/?p=181735"},"modified":"2024-11-19T16:13:49","modified_gmt":"2024-11-19T21:13:49","slug":"le-vinfast-vf-9-debarque-au-canada","status":"publish","type":"post","link":"https:\/\/news.canadamotorjobs.com\/fr\/le-vinfast-vf-9-debarque-au-canada\/","title":{"rendered":"Le VinFast VF 9 d\u00e9barque au Canada"},"content":{"rendered":"<\/p>\n<p>VinFast Auto a officiellement d\u00e9but\u00e9 la livraison de son mod\u00e8le phare, le VF 9, un VUS enti\u00e8rement \u00e9lectrique, \u00e0 double moteur et \u00e0 traction int\u00e9grale. Dot\u00e9 de trois rang\u00e9es de si\u00e8ges et pouvant accueillir sept passagers, ce mod\u00e8le vise \u00e0 s\u00e9duire les consommateurs canadiens \u00e0 la recherche d&#8217;un grand v\u00e9hicule \u00e9coresponsable. Ce lancement marque une \u00e9tape cl\u00e9 dans la strat\u00e9gie de VinFast pour s\u2019implanter dans un march\u00e9 automobile ultra-comp\u00e9titif. Les prix d\u00e9butent \u00e0 <strong>77 321 $<\/strong> pour la version Eco et <strong>81 321 $<\/strong> pour la version Plus.<\/p>\n<h3><strong>Un espace g\u00e9n\u00e9reux<\/strong><\/h3>\n<p>\nAvec ses dimensions imposantes (5,12 m\u00e8tres de long, 2,00 m\u00e8tres de large et 1,69 m\u00e8tre de haut) et son garde au sol de 18,3 centim\u00e8tres, le VF 9 s\u2019adresse aux familles recherchant un espace g\u00e9n\u00e9reux sans compromettre l\u2019impact environnemental.<\/p>\n<h3><strong>Performance et autonomie impressionnantes<\/strong><\/h3>\n<p>\nLe VF 9 propose une autonomie estim\u00e9e par l\u2019EPA de <strong>518 kilom\u00e8tres<\/strong> pour la version Eco et de <strong>462 kilom\u00e8tres<\/strong> pour la version Plus. Il int\u00e8gre une application VinFast permettant de localiser facilement des bornes de recharge gr\u00e2ce \u00e0 un r\u00e9seau public parmi les plus vastes du march\u00e9.<\/p>\n<h3><strong>Un design et des technologies haut de gamme<\/strong><\/h3>\n<p>\nCon\u00e7u en collaboration avec <strong>Pininfarina<\/strong>, le VF 9 affiche un design audacieux et moderne. Parmi ses nombreuses fonctionnalit\u00e9s avanc\u00e9es figurent :<\/p>\n<ul><\/p>\n<li>Un syst\u00e8me d\u2019assistance \u00e0 la conduite avanc\u00e9 (ADAS).<\/li>\n<p><\/p>\n<li>Un \u00e9cran tactile personnalisable de 15,6 pouces avec capacit\u00e9s internet.<\/li>\n<p><\/p>\n<li>Un syst\u00e8me de s\u00e9curit\u00e9 incluant <strong>11 airbags<\/strong>.<\/li>\n<p>\n<\/ul>\n<p>\nDe plus, les mises \u00e0 jour logicielles continues garantissent une exp\u00e9rience utilisateur optimale.<\/p>\n<h3><strong>Une capacit\u00e9 et une praticit\u00e9 accrues<\/strong><\/h3>\n<p>\nLe VF 9 maximise l\u2019espace de chargement et inclut coffre avant. Avec une garantie de 10 ans ou 200 000 kilom\u00e8tres, ainsi qu\u2019un service d\u2019assistance routi\u00e8re 24\/7, VinFast \u00e9tablit de nouveaux standards en mati\u00e8re de tranquillit\u00e9 d\u2019esprit pour les propri\u00e9taires.<\/p>\n<p>\u00a0<\/p>\n<p>Le texte <a rel=\"nofollow\" href=\"https:\/\/annuelauto.ca\/le-vinfast-vf-9-debarque-au-canada\/\">Le VinFast VF 9 d\u00e9barque au Canada<\/a> provient de <a rel=\"nofollow\" href=\"https:\/\/annuelauto.ca\">L&#8217;annuel de l&#8217;automobile &#8211; Actualit\u00e9 automobile<\/a><\/p>\n<p><\/p>\n","protected":false},"excerpt":{"rendered":"<p>VinFast Auto a officiellement d\u00e9but\u00e9 la livraison de son mod\u00e8le phare, le VF 9, un VUS enti\u00e8rement \u00e9lectrique, \u00e0 double moteur et \u00e0 traction int\u00e9grale. Dot\u00e9 de trois rang\u00e9es de si\u00e8ges et pouvant accueillir sept passagers, ce mod\u00e8le vise \u00e0 s\u00e9duire les consommateurs canadiens \u00e0 la recherche d&#8217;un grand v\u00e9hicule \u00e9coresponsable. Ce lancement marque une [&hellip;]<\/p>\n","protected":false},"author":8,"featured_media":181737,"comment_status":"close","ping_status":"closed","sticky":false,"template":"","format":"standard","meta":{"_monsterinsights_skip_tracking":false,"_monsterinsights_sitenote_active":false,"_monsterinsights_sitenote_note":"","_monsterinsights_sitenote_category":0,"footnotes":""},"categories":[101],"tags":[],"yoast_head":"<!-- This site is optimized with the Yoast SEO plugin v23.2 - https:\/\/yoast.com\/wordpress\/plugins\/seo\/ -->\n<title>Le VinFast VF 9 d\u00e9barque au Canada - CanadaMotorJobs.com<\/title>\n<meta name=\"description\" content=\"Le VinFast VF 9 d\u00e9barque au Canada - Benoit Charette - Annuel automobile - CanadaMotorJobs.com.\" \/>\n<meta name=\"robots\" content=\"index, follow, max-snippet:-1, max-image-preview:large, max-video-preview:-1\" \/>\n<meta property=\"og:locale\" content=\"fr_CA\" \/>\n<meta property=\"og:type\" content=\"article\" \/>\n<meta property=\"og:title\" content=\"Le VinFast VF 9 d\u00e9barque au Canada - CanadaMotorJobs.com\" \/>\n<meta property=\"og:description\" content=\"Le VinFast VF 9 d\u00e9barque au Canada - Benoit Charette - Annuel automobile - CanadaMotorJobs.com.\" \/>\n<meta property=\"og:url\" content=\"https:\/\/news.canadamotorjobs.com\/fr\/le-vinfast-vf-9-debarque-au-canada\/\" \/>\n<meta property=\"og:site_name\" content=\"CanadaMotorJobs.com\" \/>\n<meta property=\"article:publisher\" content=\"https:\/\/www.facebook.com\/canadamotorjobs\/\" \/>\n<meta property=\"article:published_time\" content=\"2024-11-19T21:07:12+00:00\" \/>\n<meta property=\"article:modified_time\" content=\"2024-11-19T21:13:49+00:00\" \/>\n<meta property=\"og:image\" content=\"https:\/\/news.canadamotorjobs.com\/wp-content\/uploads\/2024\/11\/VinFast_VF_9-01@2x.jpg\" \/>\n\t<meta property=\"og:image:width\" content=\"1536\" \/>\n\t<meta property=\"og:image:height\" content=\"864\" \/>\n\t<meta property=\"og:image:type\" content=\"image\/jpeg\" \/>\n<meta name=\"author\" content=\"Benoit Charette\" \/>\n<meta name=\"twitter:card\" content=\"summary_large_image\" \/>\n<meta name=\"twitter:creator\" content=\"@canadamotorjobs\" \/>\n<meta name=\"twitter:site\" content=\"@canadamotorjobs\" \/>\n<meta name=\"twitter:label1\" content=\"\u00c9crit par\" \/>\n\t<meta name=\"twitter:data1\" content=\"Benoit Charette\" \/>\n\t<meta name=\"twitter:label2\" content=\"Estimation du temps de lecture\" \/>\n\t<meta name=\"twitter:data2\" content=\"2 minutes\" \/>\n<!-- \/ Yoast SEO plugin. -->","yoast_head_json":{"title":"Le VinFast VF 9 d\u00e9barque au Canada - CanadaMotorJobs.com","description":"Le VinFast VF 9 d\u00e9barque au Canada - Benoit Charette - Annuel automobile - CanadaMotorJobs.com.","robots":{"index":"index","follow":"follow","max-snippet":"max-snippet:-1","max-image-preview":"max-image-preview:large","max-video-preview":"max-video-preview:-1"},"og_locale":"fr_CA","og_type":"article","og_title":"Le VinFast VF 9 d\u00e9barque au Canada - CanadaMotorJobs.com","og_description":"Le VinFast VF 9 d\u00e9barque au Canada - Benoit Charette - Annuel automobile - CanadaMotorJobs.com.","og_url":"https:\/\/news.canadamotorjobs.com\/fr\/le-vinfast-vf-9-debarque-au-canada\/","og_site_name":"CanadaMotorJobs.com","article_publisher":"https:\/\/www.facebook.com\/canadamotorjobs\/","article_published_time":"2024-11-19T21:07:12+00:00","article_modified_time":"2024-11-19T21:13:49+00:00","og_image":[{"width":1536,"height":864,"url":"https:\/\/news.canadamotorjobs.com\/wp-content\/uploads\/2024\/11\/VinFast_VF_9-01@2x.jpg","type":"image\/jpeg"}],"author":"Benoit Charette","twitter_card":"summary_large_image","twitter_creator":"@canadamotorjobs","twitter_site":"@canadamotorjobs","twitter_misc":{"\u00c9crit par":"Benoit Charette","Estimation du temps de lecture":"2 minutes"},"schema":{"@context":"https:\/\/schema.org","@graph":[{"@type":"Article","@id":"https:\/\/news.canadamotorjobs.com\/fr\/le-vinfast-vf-9-debarque-au-canada\/#article","isPartOf":{"@id":"https:\/\/news.canadamotorjobs.com\/fr\/le-vinfast-vf-9-debarque-au-canada\/"},"author":{"name":"Benoit Charette","@id":"https:\/\/news.canadamotorjobs.com\/#\/schema\/person\/51793d1f87d44011d7bcc2ed99269a90"},"headline":"Le VinFast VF 9 d\u00e9barque au Canada","datePublished":"2024-11-19T21:07:12+00:00","dateModified":"2024-11-19T21:13:49+00:00","mainEntityOfPage":{"@id":"https:\/\/news.canadamotorjobs.com\/fr\/le-vinfast-vf-9-debarque-au-canada\/"},"wordCount":337,"publisher":{"@id":"https:\/\/news.canadamotorjobs.com\/#organization"},"image":{"@id":"https:\/\/news.canadamotorjobs.com\/fr\/le-vinfast-vf-9-debarque-au-canada\/#primaryimage"},"thumbnailUrl":"https:\/\/news.canadamotorjobs.com\/wp-content\/uploads\/2024\/11\/VinFast_VF_9-01@2x.jpg","articleSection":["Annuel automobile"],"inLanguage":"fr-CA"},{"@type":"WebPage","@id":"https:\/\/news.canadamotorjobs.com\/fr\/le-vinfast-vf-9-debarque-au-canada\/","url":"https:\/\/news.canadamotorjobs.com\/fr\/le-vinfast-vf-9-debarque-au-canada\/","name":"Le VinFast VF 9 d\u00e9barque au Canada - CanadaMotorJobs.com","isPartOf":{"@id":"https:\/\/news.canadamotorjobs.com\/#website"},"primaryImageOfPage":{"@id":"https:\/\/news.canadamotorjobs.com\/fr\/le-vinfast-vf-9-debarque-au-canada\/#primaryimage"},"image":{"@id":"https:\/\/news.canadamotorjobs.com\/fr\/le-vinfast-vf-9-debarque-au-canada\/#primaryimage"},"thumbnailUrl":"https:\/\/news.canadamotorjobs.com\/wp-content\/uploads\/2024\/11\/VinFast_VF_9-01@2x.jpg","datePublished":"2024-11-19T21:07:12+00:00","dateModified":"2024-11-19T21:13:49+00:00","description":"Le VinFast VF 9 d\u00e9barque au Canada - Benoit Charette - Annuel automobile - CanadaMotorJobs.com.","breadcrumb":{"@id":"https:\/\/news.canadamotorjobs.com\/fr\/le-vinfast-vf-9-debarque-au-canada\/#breadcrumb"},"inLanguage":"fr-CA","potentialAction":[{"@type":"ReadAction","target":["https:\/\/news.canadamotorjobs.com\/fr\/le-vinfast-vf-9-debarque-au-canada\/"]}]},{"@type":"ImageObject","inLanguage":"fr-CA","@id":"https:\/\/news.canadamotorjobs.com\/fr\/le-vinfast-vf-9-debarque-au-canada\/#primaryimage","url":"https:\/\/news.canadamotorjobs.com\/wp-content\/uploads\/2024\/11\/VinFast_VF_9-01@2x.jpg","contentUrl":"https:\/\/news.canadamotorjobs.com\/wp-content\/uploads\/2024\/11\/VinFast_VF_9-01@2x.jpg","width":1536,"height":864},{"@type":"BreadcrumbList","@id":"https:\/\/news.canadamotorjobs.com\/fr\/le-vinfast-vf-9-debarque-au-canada\/#breadcrumb","itemListElement":[{"@type":"ListItem","position":1,"name":"Home","item":"https:\/\/news.canadamotorjobs.com\/fr\/blog\/"},{"@type":"ListItem","position":2,"name":"Le VinFast VF 9 d\u00e9barque au Canada"}]},{"@type":"WebSite","@id":"https:\/\/news.canadamotorjobs.com\/#website","url":"https:\/\/news.canadamotorjobs.com\/","name":"CanadaMotorJobs.com","description":"Automotive Jobs","publisher":{"@id":"https:\/\/news.canadamotorjobs.com\/#organization"},"potentialAction":[{"@type":"SearchAction","target":{"@type":"EntryPoint","urlTemplate":"https:\/\/news.canadamotorjobs.com\/?s={search_term_string}"},"query-input":"required name=search_term_string"}],"inLanguage":"fr-CA"},{"@type":"Organization","@id":"https:\/\/news.canadamotorjobs.com\/#organization","name":"Canada Motor Jobs","url":"https:\/\/news.canadamotorjobs.com\/","logo":{"@type":"ImageObject","inLanguage":"fr-CA","@id":"https:\/\/news.canadamotorjobs.com\/#\/schema\/logo\/image\/","url":"https:\/\/news.canadamotorjobs.com\/wp-content\/uploads\/2022\/10\/logo-canada-motor-jobs-1.png","contentUrl":"https:\/\/news.canadamotorjobs.com\/wp-content\/uploads\/2022\/10\/logo-canada-motor-jobs-1.png","width":800,"height":400,"caption":"Canada Motor Jobs"},"image":{"@id":"https:\/\/news.canadamotorjobs.com\/#\/schema\/logo\/image\/"},"sameAs":["https:\/\/www.facebook.com\/canadamotorjobs\/","https:\/\/x.com\/canadamotorjobs","https:\/\/www.instagram.com\/canadamotorjobs\/","https:\/\/www.linkedin.com\/company\/canadamotorjobs"]},{"@type":"Person","@id":"https:\/\/news.canadamotorjobs.com\/#\/schema\/person\/51793d1f87d44011d7bcc2ed99269a90","name":"Benoit Charette","image":{"@type":"ImageObject","inLanguage":"fr-CA","@id":"https:\/\/news.canadamotorjobs.com\/#\/schema\/person\/image\/","url":"https:\/\/secure.gravatar.com\/avatar\/45f3d2eebcccd909668d7ce7ea7267b6?s=96&d=mm&r=g","contentUrl":"https:\/\/secure.gravatar.com\/avatar\/45f3d2eebcccd909668d7ce7ea7267b6?s=96&d=mm&r=g","caption":"Benoit Charette"},"description":"Benoit Charette \/ Propri\u00e9taire et r\u00e9dacteur en chef Benoit Charette pratique le journalisme automobile depuis bient\u00f4t 30 ans. Il a fait ses classes au c\u00f4t\u00e9 de Daniel H\u00e9raud et au Carnet de route de 1992 \u00e0 2001. Il est fondateur, copropri\u00e9taire et r\u00e9dacteur en chef de L\u2019Annuel de l\u2019automobile, qu\u2019il publie depuis 2001. Il a anim\u00e9 les \u00e9missions RPM et RPM+ sur V et les L\u00e9gendes de la route sur Historia. \u00c0 la radio depuis 1986, il reprend l\u2019antenne cette ann\u00e9e sur les ondes de Cogeco et participe pour la deuxi\u00e8me ann\u00e9e \u00e0 l\u2019\u00e9mission Passion Auto sur RDS en plus de mettre en ligne le site Web officiel de L\u2019Annuel de l\u2019automobile sur annuelauto.ca.","sameAs":["https:\/\/annuelauto.ca\/"],"url":"https:\/\/news.canadamotorjobs.com\/fr\/author\/benoit-charette\/"}]}},"_links":{"self":[{"href":"https:\/\/news.canadamotorjobs.com\/fr\/wp-json\/wp\/v2\/posts\/181735"}],"collection":[{"href":"https:\/\/news.canadamotorjobs.com\/fr\/wp-json\/wp\/v2\/posts"}],"about":[{"href":"https:\/\/news.canadamotorjobs.com\/fr\/wp-json\/wp\/v2\/types\/post"}],"author":[{"embeddable":true,"href":"https:\/\/news.canadamotorjobs.com\/fr\/wp-json\/wp\/v2\/users\/8"}],"replies":[{"embeddable":true,"href":"https:\/\/news.canadamotorjobs.com\/fr\/wp-json\/wp\/v2\/comments?post=181735"}],"version-history":[{"count":2,"href":"https:\/\/news.canadamotorjobs.com\/fr\/wp-json\/wp\/v2\/posts\/181735\/revisions"}],"predecessor-version":[{"id":181739,"href":"https:\/\/news.canadamotorjobs.com\/fr\/wp-json\/wp\/v2\/posts\/181735\/revisions\/181739"}],"wp:featuredmedia":[{"embeddable":true,"href":"https:\/\/news.canadamotorjobs.com\/fr\/wp-json\/wp\/v2\/media\/181737"}],"wp:attachment":[{"href":"https:\/\/news.canadamotorjobs.com\/fr\/wp-json\/wp\/v2\/media?parent=181735"}],"wp:term":[{"taxonomy":"category","embeddable":true,"href":"https:\/\/news.canadamotorjobs.com\/fr\/wp-json\/wp\/v2\/categories?post=181735"},{"taxonomy":"post_tag","embeddable":true,"href":"https:\/\/news.canadamotorjobs.com\/fr\/wp-json\/wp\/v2\/tags?post=181735"}],"curies":[{"name":"wp","href":"https:\/\/api.w.org\/{rel}","templated":true}]}}