{"id":181693,"date":"2024-11-19T11:25:15","date_gmt":"2024-11-19T16:25:15","guid":{"rendered":"https:\/\/news.canadamotorjobs.com\/?p=181693"},"modified":"2024-11-19T11:28:43","modified_gmt":"2024-11-19T16:28:43","slug":"la-kia-ev4-sera-une-petite-hatchback-comme-le-quebec-les-aime","status":"publish","type":"post","link":"https:\/\/news.canadamotorjobs.com\/fr\/la-kia-ev4-sera-une-petite-hatchback-comme-le-quebec-les-aime\/","title":{"rendered":"La Kia EV4 sera une petite hatchback comme le Qu\u00e9bec les aime"},"content":{"rendered":"<\/p>\n<p>Si vous vous ennuyez de la Honda Civic des ann\u00e9es 1990 et de la Mazda Proteg\u00e95 des ann\u00e9es 2000, attachez votre casque de pilote avec de la fibre de carbone, car la Kia EV4 promet de reprendre ce format tr\u00e8s populaire de petite hatchback, mais en version tout \u00e9lectrique et, esp\u00e9rons-le, \u00e0 prix moindre que la EV6.<\/p>\n<p>Il n\u2019y a pas longtemps, \u00e0 peu pr\u00e8s toutes les grandes marques avaient une petite compacte \u00e0 hayon au catalogue, mais le tout-aux-VUS a fait dispara\u00eetre ce cr\u00e9neau, ou presque. Du c\u00f4t\u00e9 de Kia, on a promis une gamme de pas moins de 14 mod\u00e8les tout \u00e9lectriques d\u2019ici 2027, alors il faut explorer tous les formats possibles. La EV4 joue dans le cr\u00e9neau des petites familiales d\u2019entr\u00e9e de gamme.<\/p>\n<p>D\u2019ailleurs, son prix de d\u00e9tail pourrait flirter avec les 40\u00a0000 \u00e0 45\u00a0000 dollars, si le taux de change entre le dollar canadien et le dollar am\u00e9ricain veut collaborer un peu. D\u2019ici la mise en march\u00e9 pr\u00e9vue \u00e0 la fin de l\u2019an prochain, tout peut arriver, m\u00eame si on promet plut\u00f4t l\u2019inverse\u00a0: elle risque de co\u00fbter plus cher. Rappelons que le EV3, un VUS d\u2019entr\u00e9e de gamme un peu plus compact, pourrait co\u00fbter autour de 40\u00a0000 $ en version de base.<\/p>\n<p>Cela dit, la EV4 pourrait \u00eatre livr\u00e9e en deux versions, si on se fie aux prototypes d\u00e9j\u00e0 pr\u00e9sent\u00e9s et aux photos espions qui circulent sur Internet depuis quelques jours. Il y aura la version \u00e0 cinq portes, aux formes assez classiques, puis une version un peu \u00e9tir\u00e9e \u00e0 l\u2019arri\u00e8re, que les anglos appellent \u00abliftback\u00bb.<\/p>\n<p>C\u00f4t\u00e9 m\u00e9canique, on s\u2019attend \u00e0 une m\u00e9canique \u00e9lectrique de 400 volts, avec un moteur de 201 chevaux qui entra\u00eene les roues \u00e0 l\u2019avant, Une version \u00e0 deux moteurs et rouage int\u00e9gral plus puissante et plus co\u00fbteuse pourrait aussi figurer au programme.<\/p>\n<p>Tout le reste est assez pr\u00e9visible, y compris l\u2019habitacle d\u00e9pouill\u00e9 gr\u00e2ce \u00e0 l\u2019utilisation d\u2019\u00e9cran multim\u00e9dias qui s\u2019occupent d\u2019\u00e0 peu pr\u00e8s tout. Kia a quand m\u00eame promis une IA \u00e0 bord de la EV4, avec qui on pourra parler, avec la voix. On verra bien.<\/p>\n<p>Le texte <a rel=\"nofollow\" href=\"https:\/\/annuelauto.ca\/la-kia-ev4-sera-une-petite-hatchback\/\">La Kia EV4 sera une petite hatchback comme le Qu\u00e9bec les aime<\/a> provient de <a rel=\"nofollow\" href=\"https:\/\/annuelauto.ca\">L&#8217;annuel de l&#8217;automobile &#8211; Actualit\u00e9 automobile<\/a><\/p>\n<p><\/p>\n","protected":false},"excerpt":{"rendered":"<p>Si vous vous ennuyez de la Honda Civic des ann\u00e9es 1990 et de la Mazda Proteg\u00e95 des ann\u00e9es 2000, attachez votre casque de pilote avec de la fibre de carbone, car la Kia EV4 promet de reprendre ce format tr\u00e8s populaire de petite hatchback, mais en version tout \u00e9lectrique et, esp\u00e9rons-le, \u00e0 prix moindre que [&hellip;]<\/p>\n","protected":false},"author":8,"featured_media":181695,"comment_status":"close","ping_status":"closed","sticky":false,"template":"","format":"standard","meta":{"_monsterinsights_skip_tracking":false,"_monsterinsights_sitenote_active":false,"_monsterinsights_sitenote_note":"","_monsterinsights_sitenote_category":0,"footnotes":""},"categories":[101],"tags":[],"yoast_head":"<!-- This site is optimized with the Yoast SEO plugin v23.2 - https:\/\/yoast.com\/wordpress\/plugins\/seo\/ -->\n<title>La Kia EV4 sera une petite hatchback comme le Qu\u00e9bec les aime - CanadaMotorJobs.com<\/title>\n<meta name=\"description\" content=\"La Kia EV4 sera une petite hatchback comme le Qu\u00e9bec les aime - Benoit Charette - Annuel automobile - CanadaMotorJobs.com.\" \/>\n<meta name=\"robots\" content=\"index, follow, max-snippet:-1, max-image-preview:large, max-video-preview:-1\" \/>\n<meta property=\"og:locale\" content=\"fr_CA\" \/>\n<meta property=\"og:type\" content=\"article\" \/>\n<meta property=\"og:title\" content=\"La Kia EV4 sera une petite hatchback comme le Qu\u00e9bec les aime - CanadaMotorJobs.com\" \/>\n<meta property=\"og:description\" content=\"La Kia EV4 sera une petite hatchback comme le Qu\u00e9bec les aime - Benoit Charette - Annuel automobile - CanadaMotorJobs.com.\" \/>\n<meta property=\"og:url\" content=\"https:\/\/news.canadamotorjobs.com\/fr\/la-kia-ev4-sera-une-petite-hatchback-comme-le-quebec-les-aime\/\" \/>\n<meta property=\"og:site_name\" content=\"CanadaMotorJobs.com\" \/>\n<meta property=\"article:publisher\" content=\"https:\/\/www.facebook.com\/canadamotorjobs\/\" \/>\n<meta property=\"article:published_time\" content=\"2024-11-19T16:25:15+00:00\" \/>\n<meta property=\"article:modified_time\" content=\"2024-11-19T16:28:43+00:00\" \/>\n<meta property=\"og:image\" content=\"https:\/\/news.canadamotorjobs.com\/wp-content\/uploads\/2024\/11\/kia-ev4-concept-side-2.jpg\" \/>\n\t<meta property=\"og:image:width\" content=\"792\" \/>\n\t<meta property=\"og:image:height\" content=\"990\" \/>\n\t<meta property=\"og:image:type\" content=\"image\/jpeg\" \/>\n<meta name=\"author\" content=\"Benoit Charette\" \/>\n<meta name=\"twitter:card\" content=\"summary_large_image\" \/>\n<meta name=\"twitter:creator\" content=\"@canadamotorjobs\" \/>\n<meta name=\"twitter:site\" content=\"@canadamotorjobs\" \/>\n<meta name=\"twitter:label1\" content=\"\u00c9crit par\" \/>\n\t<meta name=\"twitter:data1\" content=\"Benoit Charette\" \/>\n\t<meta name=\"twitter:label2\" content=\"Estimation du temps de lecture\" \/>\n\t<meta name=\"twitter:data2\" content=\"2 minutes\" \/>\n<!-- \/ Yoast SEO plugin. -->","yoast_head_json":{"title":"La Kia EV4 sera une petite hatchback comme le Qu\u00e9bec les aime - CanadaMotorJobs.com","description":"La Kia EV4 sera une petite hatchback comme le Qu\u00e9bec les aime - Benoit Charette - Annuel automobile - CanadaMotorJobs.com.","robots":{"index":"index","follow":"follow","max-snippet":"max-snippet:-1","max-image-preview":"max-image-preview:large","max-video-preview":"max-video-preview:-1"},"og_locale":"fr_CA","og_type":"article","og_title":"La Kia EV4 sera une petite hatchback comme le Qu\u00e9bec les aime - CanadaMotorJobs.com","og_description":"La Kia EV4 sera une petite hatchback comme le Qu\u00e9bec les aime - Benoit Charette - Annuel automobile - CanadaMotorJobs.com.","og_url":"https:\/\/news.canadamotorjobs.com\/fr\/la-kia-ev4-sera-une-petite-hatchback-comme-le-quebec-les-aime\/","og_site_name":"CanadaMotorJobs.com","article_publisher":"https:\/\/www.facebook.com\/canadamotorjobs\/","article_published_time":"2024-11-19T16:25:15+00:00","article_modified_time":"2024-11-19T16:28:43+00:00","og_image":[{"width":792,"height":990,"url":"https:\/\/news.canadamotorjobs.com\/wp-content\/uploads\/2024\/11\/kia-ev4-concept-side-2.jpg","type":"image\/jpeg"}],"author":"Benoit Charette","twitter_card":"summary_large_image","twitter_creator":"@canadamotorjobs","twitter_site":"@canadamotorjobs","twitter_misc":{"\u00c9crit par":"Benoit Charette","Estimation du temps de lecture":"2 minutes"},"schema":{"@context":"https:\/\/schema.org","@graph":[{"@type":"Article","@id":"https:\/\/news.canadamotorjobs.com\/fr\/la-kia-ev4-sera-une-petite-hatchback-comme-le-quebec-les-aime\/#article","isPartOf":{"@id":"https:\/\/news.canadamotorjobs.com\/fr\/la-kia-ev4-sera-une-petite-hatchback-comme-le-quebec-les-aime\/"},"author":{"name":"Benoit Charette","@id":"https:\/\/news.canadamotorjobs.com\/#\/schema\/person\/51793d1f87d44011d7bcc2ed99269a90"},"headline":"La Kia EV4 sera une petite hatchback comme le Qu\u00e9bec les aime","datePublished":"2024-11-19T16:25:15+00:00","dateModified":"2024-11-19T16:28:43+00:00","mainEntityOfPage":{"@id":"https:\/\/news.canadamotorjobs.com\/fr\/la-kia-ev4-sera-une-petite-hatchback-comme-le-quebec-les-aime\/"},"wordCount":413,"publisher":{"@id":"https:\/\/news.canadamotorjobs.com\/#organization"},"image":{"@id":"https:\/\/news.canadamotorjobs.com\/fr\/la-kia-ev4-sera-une-petite-hatchback-comme-le-quebec-les-aime\/#primaryimage"},"thumbnailUrl":"https:\/\/news.canadamotorjobs.com\/wp-content\/uploads\/2024\/11\/kia-ev4-concept-side-2.jpg","articleSection":["Annuel automobile"],"inLanguage":"fr-CA"},{"@type":"WebPage","@id":"https:\/\/news.canadamotorjobs.com\/fr\/la-kia-ev4-sera-une-petite-hatchback-comme-le-quebec-les-aime\/","url":"https:\/\/news.canadamotorjobs.com\/fr\/la-kia-ev4-sera-une-petite-hatchback-comme-le-quebec-les-aime\/","name":"La Kia EV4 sera une petite hatchback comme le Qu\u00e9bec les aime - CanadaMotorJobs.com","isPartOf":{"@id":"https:\/\/news.canadamotorjobs.com\/#website"},"primaryImageOfPage":{"@id":"https:\/\/news.canadamotorjobs.com\/fr\/la-kia-ev4-sera-une-petite-hatchback-comme-le-quebec-les-aime\/#primaryimage"},"image":{"@id":"https:\/\/news.canadamotorjobs.com\/fr\/la-kia-ev4-sera-une-petite-hatchback-comme-le-quebec-les-aime\/#primaryimage"},"thumbnailUrl":"https:\/\/news.canadamotorjobs.com\/wp-content\/uploads\/2024\/11\/kia-ev4-concept-side-2.jpg","datePublished":"2024-11-19T16:25:15+00:00","dateModified":"2024-11-19T16:28:43+00:00","description":"La Kia EV4 sera une petite hatchback comme le Qu\u00e9bec les aime - Benoit Charette - Annuel automobile - CanadaMotorJobs.com.","breadcrumb":{"@id":"https:\/\/news.canadamotorjobs.com\/fr\/la-kia-ev4-sera-une-petite-hatchback-comme-le-quebec-les-aime\/#breadcrumb"},"inLanguage":"fr-CA","potentialAction":[{"@type":"ReadAction","target":["https:\/\/news.canadamotorjobs.com\/fr\/la-kia-ev4-sera-une-petite-hatchback-comme-le-quebec-les-aime\/"]}]},{"@type":"ImageObject","inLanguage":"fr-CA","@id":"https:\/\/news.canadamotorjobs.com\/fr\/la-kia-ev4-sera-une-petite-hatchback-comme-le-quebec-les-aime\/#primaryimage","url":"https:\/\/news.canadamotorjobs.com\/wp-content\/uploads\/2024\/11\/kia-ev4-concept-side-2.jpg","contentUrl":"https:\/\/news.canadamotorjobs.com\/wp-content\/uploads\/2024\/11\/kia-ev4-concept-side-2.jpg","width":792,"height":990},{"@type":"BreadcrumbList","@id":"https:\/\/news.canadamotorjobs.com\/fr\/la-kia-ev4-sera-une-petite-hatchback-comme-le-quebec-les-aime\/#breadcrumb","itemListElement":[{"@type":"ListItem","position":1,"name":"Home","item":"https:\/\/news.canadamotorjobs.com\/fr\/blog\/"},{"@type":"ListItem","position":2,"name":"La Kia EV4 sera une petite hatchback comme le Qu\u00e9bec les aime"}]},{"@type":"WebSite","@id":"https:\/\/news.canadamotorjobs.com\/#website","url":"https:\/\/news.canadamotorjobs.com\/","name":"CanadaMotorJobs.com","description":"Automotive Jobs","publisher":{"@id":"https:\/\/news.canadamotorjobs.com\/#organization"},"potentialAction":[{"@type":"SearchAction","target":{"@type":"EntryPoint","urlTemplate":"https:\/\/news.canadamotorjobs.com\/?s={search_term_string}"},"query-input":"required name=search_term_string"}],"inLanguage":"fr-CA"},{"@type":"Organization","@id":"https:\/\/news.canadamotorjobs.com\/#organization","name":"Canada Motor Jobs","url":"https:\/\/news.canadamotorjobs.com\/","logo":{"@type":"ImageObject","inLanguage":"fr-CA","@id":"https:\/\/news.canadamotorjobs.com\/#\/schema\/logo\/image\/","url":"https:\/\/news.canadamotorjobs.com\/wp-content\/uploads\/2022\/10\/logo-canada-motor-jobs-1.png","contentUrl":"https:\/\/news.canadamotorjobs.com\/wp-content\/uploads\/2022\/10\/logo-canada-motor-jobs-1.png","width":800,"height":400,"caption":"Canada Motor Jobs"},"image":{"@id":"https:\/\/news.canadamotorjobs.com\/#\/schema\/logo\/image\/"},"sameAs":["https:\/\/www.facebook.com\/canadamotorjobs\/","https:\/\/x.com\/canadamotorjobs","https:\/\/www.instagram.com\/canadamotorjobs\/","https:\/\/www.linkedin.com\/company\/canadamotorjobs"]},{"@type":"Person","@id":"https:\/\/news.canadamotorjobs.com\/#\/schema\/person\/51793d1f87d44011d7bcc2ed99269a90","name":"Benoit Charette","image":{"@type":"ImageObject","inLanguage":"fr-CA","@id":"https:\/\/news.canadamotorjobs.com\/#\/schema\/person\/image\/","url":"https:\/\/secure.gravatar.com\/avatar\/45f3d2eebcccd909668d7ce7ea7267b6?s=96&d=mm&r=g","contentUrl":"https:\/\/secure.gravatar.com\/avatar\/45f3d2eebcccd909668d7ce7ea7267b6?s=96&d=mm&r=g","caption":"Benoit Charette"},"description":"Benoit Charette \/ Propri\u00e9taire et r\u00e9dacteur en chef Benoit Charette pratique le journalisme automobile depuis bient\u00f4t 30 ans. Il a fait ses classes au c\u00f4t\u00e9 de Daniel H\u00e9raud et au Carnet de route de 1992 \u00e0 2001. Il est fondateur, copropri\u00e9taire et r\u00e9dacteur en chef de L\u2019Annuel de l\u2019automobile, qu\u2019il publie depuis 2001. Il a anim\u00e9 les \u00e9missions RPM et RPM+ sur V et les L\u00e9gendes de la route sur Historia. \u00c0 la radio depuis 1986, il reprend l\u2019antenne cette ann\u00e9e sur les ondes de Cogeco et participe pour la deuxi\u00e8me ann\u00e9e \u00e0 l\u2019\u00e9mission Passion Auto sur RDS en plus de mettre en ligne le site Web officiel de L\u2019Annuel de l\u2019automobile sur annuelauto.ca.","sameAs":["https:\/\/annuelauto.ca\/"],"url":"https:\/\/news.canadamotorjobs.com\/fr\/author\/benoit-charette\/"}]}},"_links":{"self":[{"href":"https:\/\/news.canadamotorjobs.com\/fr\/wp-json\/wp\/v2\/posts\/181693"}],"collection":[{"href":"https:\/\/news.canadamotorjobs.com\/fr\/wp-json\/wp\/v2\/posts"}],"about":[{"href":"https:\/\/news.canadamotorjobs.com\/fr\/wp-json\/wp\/v2\/types\/post"}],"author":[{"embeddable":true,"href":"https:\/\/news.canadamotorjobs.com\/fr\/wp-json\/wp\/v2\/users\/8"}],"replies":[{"embeddable":true,"href":"https:\/\/news.canadamotorjobs.com\/fr\/wp-json\/wp\/v2\/comments?post=181693"}],"version-history":[{"count":2,"href":"https:\/\/news.canadamotorjobs.com\/fr\/wp-json\/wp\/v2\/posts\/181693\/revisions"}],"predecessor-version":[{"id":181697,"href":"https:\/\/news.canadamotorjobs.com\/fr\/wp-json\/wp\/v2\/posts\/181693\/revisions\/181697"}],"wp:featuredmedia":[{"embeddable":true,"href":"https:\/\/news.canadamotorjobs.com\/fr\/wp-json\/wp\/v2\/media\/181695"}],"wp:attachment":[{"href":"https:\/\/news.canadamotorjobs.com\/fr\/wp-json\/wp\/v2\/media?parent=181693"}],"wp:term":[{"taxonomy":"category","embeddable":true,"href":"https:\/\/news.canadamotorjobs.com\/fr\/wp-json\/wp\/v2\/categories?post=181693"},{"taxonomy":"post_tag","embeddable":true,"href":"https:\/\/news.canadamotorjobs.com\/fr\/wp-json\/wp\/v2\/tags?post=181693"}],"curies":[{"name":"wp","href":"https:\/\/api.w.org\/{rel}","templated":true}]}}