{"id":181668,"date":"2024-11-18T07:24:22","date_gmt":"2024-11-18T12:24:22","guid":{"rendered":"https:\/\/news.canadamotorjobs.com\/?p=181668"},"modified":"2024-11-18T07:28:57","modified_gmt":"2024-11-18T12:28:57","slug":"un-avenir-incertain-pour-le-jeep-gladiator","status":"publish","type":"post","link":"https:\/\/news.canadamotorjobs.com\/fr\/un-avenir-incertain-pour-le-jeep-gladiator\/","title":{"rendered":"Un avenir incertain pour le Jeep Gladiator"},"content":{"rendered":"<\/p>\n<p>Lanc\u00e9 en 2019, le Jeep Gladiator avait tout pour s\u00e9duire les amateurs de camionnettes interm\u00e9diaires : design distinctif, capacit\u00e9s tout-terrain h\u00e9rit\u00e9es du Wrangler, et une exp\u00e9rience de conduite en plein air gr\u00e2ce \u00e0 son toit et ses portes amovibles. Pourtant, malgr\u00e9 un d\u00e9marrage impressionnant, les ventes ont chut\u00e9 de mani\u00e8re significative ces deux derni\u00e8res ann\u00e9es, laissant le Gladiator en qu\u00eate d\u2019un second souffle.<\/p>\n<h3><strong>Des ventes en d\u00e9clin<\/strong><\/h3>\n<p>\nEntre 2020 et 2022, le Gladiator affichait une moyenne annuelle de 81 703 unit\u00e9s vendues aux \u00c9tats-Unis, culminant \u00e0 pr\u00e8s de 90 000 en 2021. Il s\u2019\u00e9tait alors impos\u00e9 comme un s\u00e9rieux concurrent aux Toyota Tacoma, Ford Ranger et Chevrolet Colorado. Cependant, en 2023, les ventes se sont effondr\u00e9es \u00e0 55 188 unit\u00e9s, et seulement 32 670 exemplaires ont \u00e9t\u00e9 livr\u00e9s entre janvier et septembre 2024. Face \u00e0 cette baisse, Jeep, propri\u00e9t\u00e9 de Stellantis, a annonc\u00e9 la suppression d\u2019un des deux quarts de travail \u00e0 l\u2019usine de Toledo South, entra\u00eenant le licenciement d\u2019environ 1 100 employ\u00e9s pour mieux aligner la production sur la demande.<\/p>\n<h3><strong>Les d\u00e9fis d\u2019un mod\u00e8le de niche<\/strong><\/h3>\n<p>\nCertains experts attribuent ce d\u00e9clin au positionnement premium du Gladiator, consid\u00e9r\u00e9 comme un v\u00e9hicule de niche. Son prix \u00e9lev\u00e9 le rend moins accessible pour une client\u00e8le large. Brian Moody, \u00e9diteur chez Autotrader, souligne que, si les fans de Jeep connaissent la valeur ajout\u00e9e du Gladiator, le consommateur moyen reste perplexe face \u00e0 son co\u00fbt. De plus, le Gladiator fait face \u00e0 une concurrence f\u00e9roce dans le segment des camionnettes interm\u00e9diaires, domin\u00e9 par le Tacoma, qui d\u00e9passe r\u00e9guli\u00e8rement les 230 000 ventes annuelles.<\/p>\n<h3><strong>Vers un renouveau avec l\u2019hybride ?<\/strong><\/h3>\n<p>\nLa version hybride rechargeable 4xe, attendue pour 2025, pourrait offrir une chance au Gladiator de redresser la barre. Inspir\u00e9 du succ\u00e8s du Wrangler 4xe, best-seller des hybrides rechargeables d\u00e8s son lancement en 2021, ce mod\u00e8le pourrait s\u00e9duire une nouvelle client\u00e8le. Pour renforcer son attrait, Jeep a \u00e9galement apport\u00e9 des mises \u00e0 jour significatives au Gladiator 2024, incluant un \u00e9cran de 12,3 pouces, le syst\u00e8me d\u2019infodivertissement Uconnect 5, et des si\u00e8ges avant \u00e9lectriques r\u00e9glables sur 12 positions. En 2025, Jeep a r\u00e9duit le prix de certaines versions de 8 300 $, avec une base \u00e0 39 995 $ incluant d\u00e9sormais une transmission automatique, autrefois factur\u00e9e 2 500 $.<\/p>\n<h3><strong>Un avenir incertain<\/strong><\/h3>\n<p>\nMalgr\u00e9 ces ajustements, les analystes restent sceptiques. Sam Fiorani, vice-pr\u00e9sident de AutoForecast Solutions, estime que le Gladiator pourrait ne pas avoir de seconde g\u00e9n\u00e9ration. Pour lui, le mod\u00e8le reste per\u00e7u comme une version camionnette du Wrangler, limitant son attrait. La cl\u00e9 du succ\u00e8s ? Selon les experts, davantage de remises et l\u2019ajout d\u2019une version hybride sont essentiels pour raviver l\u2019int\u00e9r\u00eat. Mais la question demeure : Jeep sera-t-elle pr\u00eate \u00e0 sacrifier sa rentabilit\u00e9 pour sauver le Gladiator ?<\/p>\n<h3>Avec des renseignement d&#8217;Automotive News<\/h3>\n<p>\n\u00a0<\/p>\n<p>Le texte <a rel=\"nofollow\" href=\"https:\/\/annuelauto.ca\/un-avenir-incertain-pour-le-jeep-gladiator\/\">Un avenir incertain pour le Jeep Gladiator<\/a> provient de <a rel=\"nofollow\" href=\"https:\/\/annuelauto.ca\">L&#8217;annuel de l&#8217;automobile &#8211; Actualit\u00e9 automobile<\/a><\/p>\n<p><\/p>\n","protected":false},"excerpt":{"rendered":"<p>Lanc\u00e9 en 2019, le Jeep Gladiator avait tout pour s\u00e9duire les amateurs de camionnettes interm\u00e9diaires : design distinctif, capacit\u00e9s tout-terrain h\u00e9rit\u00e9es du Wrangler, et une exp\u00e9rience de conduite en plein air gr\u00e2ce \u00e0 son toit et ses portes amovibles. Pourtant, malgr\u00e9 un d\u00e9marrage impressionnant, les ventes ont chut\u00e9 de mani\u00e8re significative ces deux derni\u00e8res ann\u00e9es, [&hellip;]<\/p>\n","protected":false},"author":8,"featured_media":181670,"comment_status":"close","ping_status":"closed","sticky":false,"template":"","format":"standard","meta":{"_monsterinsights_skip_tracking":false,"_monsterinsights_sitenote_active":false,"_monsterinsights_sitenote_note":"","_monsterinsights_sitenote_category":0,"footnotes":""},"categories":[101],"tags":[],"yoast_head":"<!-- This site is optimized with the Yoast SEO plugin v23.2 - https:\/\/yoast.com\/wordpress\/plugins\/seo\/ -->\n<title>Un avenir incertain pour le Jeep Gladiator - CanadaMotorJobs.com<\/title>\n<meta name=\"description\" content=\"Un avenir incertain pour le Jeep Gladiator - Benoit Charette - Annuel automobile - CanadaMotorJobs.com.\" \/>\n<meta name=\"robots\" content=\"index, follow, max-snippet:-1, max-image-preview:large, max-video-preview:-1\" \/>\n<meta property=\"og:locale\" content=\"fr_CA\" \/>\n<meta property=\"og:type\" content=\"article\" \/>\n<meta property=\"og:title\" content=\"Un avenir incertain pour le Jeep Gladiator - CanadaMotorJobs.com\" \/>\n<meta property=\"og:description\" content=\"Un avenir incertain pour le Jeep Gladiator - Benoit Charette - Annuel automobile - CanadaMotorJobs.com.\" \/>\n<meta property=\"og:url\" content=\"https:\/\/news.canadamotorjobs.com\/fr\/un-avenir-incertain-pour-le-jeep-gladiator\/\" \/>\n<meta property=\"og:site_name\" content=\"CanadaMotorJobs.com\" \/>\n<meta property=\"article:publisher\" content=\"https:\/\/www.facebook.com\/canadamotorjobs\/\" \/>\n<meta property=\"article:published_time\" content=\"2024-11-18T12:24:22+00:00\" \/>\n<meta property=\"article:modified_time\" content=\"2024-11-18T12:28:57+00:00\" \/>\n<meta property=\"og:image\" content=\"https:\/\/news.canadamotorjobs.com\/wp-content\/uploads\/2024\/11\/JP021_310GLi2qfdand0mhhgchjpudt5t28sj.jpg\" \/>\n\t<meta property=\"og:image:width\" content=\"1500\" \/>\n\t<meta property=\"og:image:height\" content=\"1000\" \/>\n\t<meta property=\"og:image:type\" content=\"image\/jpeg\" \/>\n<meta name=\"author\" content=\"Benoit Charette\" \/>\n<meta name=\"twitter:card\" content=\"summary_large_image\" \/>\n<meta name=\"twitter:creator\" content=\"@canadamotorjobs\" \/>\n<meta name=\"twitter:site\" content=\"@canadamotorjobs\" \/>\n<meta name=\"twitter:label1\" content=\"\u00c9crit par\" \/>\n\t<meta name=\"twitter:data1\" content=\"Benoit Charette\" \/>\n\t<meta name=\"twitter:label2\" content=\"Estimation du temps de lecture\" \/>\n\t<meta name=\"twitter:data2\" content=\"2 minutes\" \/>\n<!-- \/ Yoast SEO plugin. -->","yoast_head_json":{"title":"Un avenir incertain pour le Jeep Gladiator - CanadaMotorJobs.com","description":"Un avenir incertain pour le Jeep Gladiator - Benoit Charette - Annuel automobile - CanadaMotorJobs.com.","robots":{"index":"index","follow":"follow","max-snippet":"max-snippet:-1","max-image-preview":"max-image-preview:large","max-video-preview":"max-video-preview:-1"},"og_locale":"fr_CA","og_type":"article","og_title":"Un avenir incertain pour le Jeep Gladiator - CanadaMotorJobs.com","og_description":"Un avenir incertain pour le Jeep Gladiator - Benoit Charette - Annuel automobile - CanadaMotorJobs.com.","og_url":"https:\/\/news.canadamotorjobs.com\/fr\/un-avenir-incertain-pour-le-jeep-gladiator\/","og_site_name":"CanadaMotorJobs.com","article_publisher":"https:\/\/www.facebook.com\/canadamotorjobs\/","article_published_time":"2024-11-18T12:24:22+00:00","article_modified_time":"2024-11-18T12:28:57+00:00","og_image":[{"width":1500,"height":1000,"url":"https:\/\/news.canadamotorjobs.com\/wp-content\/uploads\/2024\/11\/JP021_310GLi2qfdand0mhhgchjpudt5t28sj.jpg","type":"image\/jpeg"}],"author":"Benoit Charette","twitter_card":"summary_large_image","twitter_creator":"@canadamotorjobs","twitter_site":"@canadamotorjobs","twitter_misc":{"\u00c9crit par":"Benoit Charette","Estimation du temps de lecture":"2 minutes"},"schema":{"@context":"https:\/\/schema.org","@graph":[{"@type":"Article","@id":"https:\/\/news.canadamotorjobs.com\/fr\/un-avenir-incertain-pour-le-jeep-gladiator\/#article","isPartOf":{"@id":"https:\/\/news.canadamotorjobs.com\/fr\/un-avenir-incertain-pour-le-jeep-gladiator\/"},"author":{"name":"Benoit Charette","@id":"https:\/\/news.canadamotorjobs.com\/#\/schema\/person\/51793d1f87d44011d7bcc2ed99269a90"},"headline":"Un avenir incertain pour le Jeep Gladiator","datePublished":"2024-11-18T12:24:22+00:00","dateModified":"2024-11-18T12:28:57+00:00","mainEntityOfPage":{"@id":"https:\/\/news.canadamotorjobs.com\/fr\/un-avenir-incertain-pour-le-jeep-gladiator\/"},"wordCount":501,"publisher":{"@id":"https:\/\/news.canadamotorjobs.com\/#organization"},"image":{"@id":"https:\/\/news.canadamotorjobs.com\/fr\/un-avenir-incertain-pour-le-jeep-gladiator\/#primaryimage"},"thumbnailUrl":"https:\/\/news.canadamotorjobs.com\/wp-content\/uploads\/2024\/11\/JP021_310GLi2qfdand0mhhgchjpudt5t28sj.jpg","articleSection":["Annuel automobile"],"inLanguage":"fr-CA"},{"@type":"WebPage","@id":"https:\/\/news.canadamotorjobs.com\/fr\/un-avenir-incertain-pour-le-jeep-gladiator\/","url":"https:\/\/news.canadamotorjobs.com\/fr\/un-avenir-incertain-pour-le-jeep-gladiator\/","name":"Un avenir incertain pour le Jeep Gladiator - CanadaMotorJobs.com","isPartOf":{"@id":"https:\/\/news.canadamotorjobs.com\/#website"},"primaryImageOfPage":{"@id":"https:\/\/news.canadamotorjobs.com\/fr\/un-avenir-incertain-pour-le-jeep-gladiator\/#primaryimage"},"image":{"@id":"https:\/\/news.canadamotorjobs.com\/fr\/un-avenir-incertain-pour-le-jeep-gladiator\/#primaryimage"},"thumbnailUrl":"https:\/\/news.canadamotorjobs.com\/wp-content\/uploads\/2024\/11\/JP021_310GLi2qfdand0mhhgchjpudt5t28sj.jpg","datePublished":"2024-11-18T12:24:22+00:00","dateModified":"2024-11-18T12:28:57+00:00","description":"Un avenir incertain pour le Jeep Gladiator - Benoit Charette - Annuel automobile - CanadaMotorJobs.com.","breadcrumb":{"@id":"https:\/\/news.canadamotorjobs.com\/fr\/un-avenir-incertain-pour-le-jeep-gladiator\/#breadcrumb"},"inLanguage":"fr-CA","potentialAction":[{"@type":"ReadAction","target":["https:\/\/news.canadamotorjobs.com\/fr\/un-avenir-incertain-pour-le-jeep-gladiator\/"]}]},{"@type":"ImageObject","inLanguage":"fr-CA","@id":"https:\/\/news.canadamotorjobs.com\/fr\/un-avenir-incertain-pour-le-jeep-gladiator\/#primaryimage","url":"https:\/\/news.canadamotorjobs.com\/wp-content\/uploads\/2024\/11\/JP021_310GLi2qfdand0mhhgchjpudt5t28sj.jpg","contentUrl":"https:\/\/news.canadamotorjobs.com\/wp-content\/uploads\/2024\/11\/JP021_310GLi2qfdand0mhhgchjpudt5t28sj.jpg","width":1500,"height":1000},{"@type":"BreadcrumbList","@id":"https:\/\/news.canadamotorjobs.com\/fr\/un-avenir-incertain-pour-le-jeep-gladiator\/#breadcrumb","itemListElement":[{"@type":"ListItem","position":1,"name":"Home","item":"https:\/\/news.canadamotorjobs.com\/fr\/blog\/"},{"@type":"ListItem","position":2,"name":"Un avenir incertain pour le Jeep Gladiator"}]},{"@type":"WebSite","@id":"https:\/\/news.canadamotorjobs.com\/#website","url":"https:\/\/news.canadamotorjobs.com\/","name":"CanadaMotorJobs.com","description":"Automotive Jobs","publisher":{"@id":"https:\/\/news.canadamotorjobs.com\/#organization"},"potentialAction":[{"@type":"SearchAction","target":{"@type":"EntryPoint","urlTemplate":"https:\/\/news.canadamotorjobs.com\/?s={search_term_string}"},"query-input":"required name=search_term_string"}],"inLanguage":"fr-CA"},{"@type":"Organization","@id":"https:\/\/news.canadamotorjobs.com\/#organization","name":"Canada Motor Jobs","url":"https:\/\/news.canadamotorjobs.com\/","logo":{"@type":"ImageObject","inLanguage":"fr-CA","@id":"https:\/\/news.canadamotorjobs.com\/#\/schema\/logo\/image\/","url":"https:\/\/news.canadamotorjobs.com\/wp-content\/uploads\/2022\/10\/logo-canada-motor-jobs-1.png","contentUrl":"https:\/\/news.canadamotorjobs.com\/wp-content\/uploads\/2022\/10\/logo-canada-motor-jobs-1.png","width":800,"height":400,"caption":"Canada Motor Jobs"},"image":{"@id":"https:\/\/news.canadamotorjobs.com\/#\/schema\/logo\/image\/"},"sameAs":["https:\/\/www.facebook.com\/canadamotorjobs\/","https:\/\/x.com\/canadamotorjobs","https:\/\/www.instagram.com\/canadamotorjobs\/","https:\/\/www.linkedin.com\/company\/canadamotorjobs"]},{"@type":"Person","@id":"https:\/\/news.canadamotorjobs.com\/#\/schema\/person\/51793d1f87d44011d7bcc2ed99269a90","name":"Benoit Charette","image":{"@type":"ImageObject","inLanguage":"fr-CA","@id":"https:\/\/news.canadamotorjobs.com\/#\/schema\/person\/image\/","url":"https:\/\/secure.gravatar.com\/avatar\/45f3d2eebcccd909668d7ce7ea7267b6?s=96&d=mm&r=g","contentUrl":"https:\/\/secure.gravatar.com\/avatar\/45f3d2eebcccd909668d7ce7ea7267b6?s=96&d=mm&r=g","caption":"Benoit Charette"},"description":"Benoit Charette \/ Propri\u00e9taire et r\u00e9dacteur en chef Benoit Charette pratique le journalisme automobile depuis bient\u00f4t 30 ans. Il a fait ses classes au c\u00f4t\u00e9 de Daniel H\u00e9raud et au Carnet de route de 1992 \u00e0 2001. Il est fondateur, copropri\u00e9taire et r\u00e9dacteur en chef de L\u2019Annuel de l\u2019automobile, qu\u2019il publie depuis 2001. Il a anim\u00e9 les \u00e9missions RPM et RPM+ sur V et les L\u00e9gendes de la route sur Historia. \u00c0 la radio depuis 1986, il reprend l\u2019antenne cette ann\u00e9e sur les ondes de Cogeco et participe pour la deuxi\u00e8me ann\u00e9e \u00e0 l\u2019\u00e9mission Passion Auto sur RDS en plus de mettre en ligne le site Web officiel de L\u2019Annuel de l\u2019automobile sur annuelauto.ca.","sameAs":["https:\/\/annuelauto.ca\/"],"url":"https:\/\/news.canadamotorjobs.com\/fr\/author\/benoit-charette\/"}]}},"_links":{"self":[{"href":"https:\/\/news.canadamotorjobs.com\/fr\/wp-json\/wp\/v2\/posts\/181668"}],"collection":[{"href":"https:\/\/news.canadamotorjobs.com\/fr\/wp-json\/wp\/v2\/posts"}],"about":[{"href":"https:\/\/news.canadamotorjobs.com\/fr\/wp-json\/wp\/v2\/types\/post"}],"author":[{"embeddable":true,"href":"https:\/\/news.canadamotorjobs.com\/fr\/wp-json\/wp\/v2\/users\/8"}],"replies":[{"embeddable":true,"href":"https:\/\/news.canadamotorjobs.com\/fr\/wp-json\/wp\/v2\/comments?post=181668"}],"version-history":[{"count":2,"href":"https:\/\/news.canadamotorjobs.com\/fr\/wp-json\/wp\/v2\/posts\/181668\/revisions"}],"predecessor-version":[{"id":181672,"href":"https:\/\/news.canadamotorjobs.com\/fr\/wp-json\/wp\/v2\/posts\/181668\/revisions\/181672"}],"wp:featuredmedia":[{"embeddable":true,"href":"https:\/\/news.canadamotorjobs.com\/fr\/wp-json\/wp\/v2\/media\/181670"}],"wp:attachment":[{"href":"https:\/\/news.canadamotorjobs.com\/fr\/wp-json\/wp\/v2\/media?parent=181668"}],"wp:term":[{"taxonomy":"category","embeddable":true,"href":"https:\/\/news.canadamotorjobs.com\/fr\/wp-json\/wp\/v2\/categories?post=181668"},{"taxonomy":"post_tag","embeddable":true,"href":"https:\/\/news.canadamotorjobs.com\/fr\/wp-json\/wp\/v2\/tags?post=181668"}],"curies":[{"name":"wp","href":"https:\/\/api.w.org\/{rel}","templated":true}]}}