{"id":181645,"date":"2024-11-18T06:58:47","date_gmt":"2024-11-18T11:58:47","guid":{"rendered":"https:\/\/news.canadamotorjobs.com\/?p=181645"},"modified":"2024-11-18T06:59:06","modified_gmt":"2024-11-18T11:59:06","slug":"crise-majeure-chez-northvolt","status":"publish","type":"post","link":"https:\/\/news.canadamotorjobs.com\/fr\/crise-majeure-chez-northvolt\/","title":{"rendered":"Crise majeure chez Northvolt"},"content":{"rendered":"<\/p>\n<p>Northvolt, per\u00e7u comme la r\u00e9ponse europ\u00e9enne \u00e0 la domination chinoise sur le march\u00e9 des batteries \u00e9lectriques, fait face \u00e0 des d\u00e9fis de production majeurs. Selon des documents internes et des sources proches de l\u2019entreprise, Northvolt peine \u00e0 atteindre ses objectifs de production au sein de son usine phare en Su\u00e8de.<\/p>\n<h3><strong>Des objectifs ambitieux mais hors de port\u00e9e<\/strong><\/h3>\n<p>\nDes documents marqu\u00e9s <em>\u00ab Production plan 2024 \u00bb<\/em> montrent que depuis septembre, l\u2019entreprise \u00e9choue syst\u00e9matiquement \u00e0 produire les cellules de batteries jug\u00e9es assez bonnes pour ses clients. Par exemple, pour la semaine du 21 octobre, l&#8217;objectif de 30 000 cellules livrables a \u00e9t\u00e9 manqu\u00e9, avec seulement 22 000 unit\u00e9s produites. Northvolt avait fix\u00e9 un cap ambitieux : 100 000 cellules livrables par semaine d\u2019ici fin 2024. Cependant, l\u2019entreprise a r\u00e9cemment indiqu\u00e9 \u00e0 Reuters qu&#8217;elle ne pr\u00e9voit plus atteindre cet objectif cette ann\u00e9e.<\/p>\n<h3><strong>Des d\u00e9cisions strat\u00e9giques difficiles<\/strong><\/h3>\n<p>\nPour survivre \u00e0 cette crise, Northvolt a licenci\u00e9 20 % de son personnel mondial en septembre et r\u00e9duit la production \u00e0 un cycle uniquement en semaine, abandonnant le fonctionnement 24\/7. La production dans l&#8217;un des deux b\u00e2timents de son usine de Skellefte\u00e5 a \u00e9galement \u00e9t\u00e9 suspendue. Ces mesures visent \u00e0 r\u00e9duire les co\u00fbts et \u00e0 concentrer les efforts sur les livraisons d\u00e9j\u00e0 contract\u00e9es, notamment pour Volkswagen et Scania, qui restent les principaux clients.<\/p>\n<h3><strong>Un march\u00e9 difficile \u00e0 conqu\u00e9rir<\/strong><\/h3>\n<p>\nLa fabrication de cellules de batteries est un processus d\u00e9licat et complexe. Des probl\u00e8mes li\u00e9s \u00e0 la machinerie, un personnel parfois inexp\u00e9riment\u00e9 et des ambitions irr\u00e9alistes compliquent la mont\u00e9e en puissance. Cependant, malgr\u00e9 les d\u00e9fis, Northvolt conserve une avance sur les autres fabricants europ\u00e9ens. Hans Eric Melin, consultant expert en batteries, explique que ralentir la production peut permettre de mieux contr\u00f4ler la qualit\u00e9 et de r\u00e9aliser des maintenances plus efficaces. Cela pourrait expliquer le recentrage strat\u00e9gique de l\u2019entreprise.<\/p>\n<h3><strong>L\u2019avenir de Northvolt en question<\/strong><\/h3>\n<p>\nAlors que les discussions sur une \u00e9ventuelle d\u00e9claration de faillite en vertu du <em>Chapter 11<\/em> aux \u00c9tats-Unis font surface, Northvolt insiste sur ses progr\u00e8s r\u00e9alis\u00e9s cette ann\u00e9e. Avec des ajustements et une concentration sur les volumes contract\u00e9s, l\u2019entreprise esp\u00e8re inverser la tendance.<\/p>\n<p>Avec des renseignements de Reuters<\/p>\n<p>\u00a0<\/p>\n<p>Le texte <a rel=\"nofollow\" href=\"https:\/\/annuelauto.ca\/crise-majeure-chez-northvolt\/\">Crise majeure chez Northvolt<\/a> provient de <a rel=\"nofollow\" href=\"https:\/\/annuelauto.ca\">L&#8217;annuel de l&#8217;automobile &#8211; Actualit\u00e9 automobile<\/a><\/p>\n<p><\/p>\n","protected":false},"excerpt":{"rendered":"<p>Northvolt, per\u00e7u comme la r\u00e9ponse europ\u00e9enne \u00e0 la domination chinoise sur le march\u00e9 des batteries \u00e9lectriques, fait face \u00e0 des d\u00e9fis de production majeurs. Selon des documents internes et des sources proches de l\u2019entreprise, Northvolt peine \u00e0 atteindre ses objectifs de production au sein de son usine phare en Su\u00e8de. Des objectifs ambitieux mais hors [&hellip;]<\/p>\n","protected":false},"author":8,"featured_media":181647,"comment_status":"close","ping_status":"closed","sticky":false,"template":"","format":"standard","meta":{"_monsterinsights_skip_tracking":false,"_monsterinsights_sitenote_active":false,"_monsterinsights_sitenote_note":"","_monsterinsights_sitenote_category":0,"footnotes":""},"categories":[101],"tags":[],"yoast_head":"<!-- This site is optimized with the Yoast SEO plugin v23.2 - https:\/\/yoast.com\/wordpress\/plugins\/seo\/ -->\n<title>Crise majeure chez Northvolt - CanadaMotorJobs.com<\/title>\n<meta name=\"description\" content=\"Crise majeure chez Northvolt - Benoit Charette - Annuel automobile - CanadaMotorJobs.com.\" \/>\n<meta name=\"robots\" content=\"index, follow, max-snippet:-1, max-image-preview:large, max-video-preview:-1\" \/>\n<meta property=\"og:locale\" content=\"fr_CA\" \/>\n<meta property=\"og:type\" content=\"article\" \/>\n<meta property=\"og:title\" content=\"Crise majeure chez Northvolt - CanadaMotorJobs.com\" \/>\n<meta property=\"og:description\" content=\"Crise majeure chez Northvolt - Benoit Charette - Annuel automobile - CanadaMotorJobs.com.\" \/>\n<meta property=\"og:url\" content=\"https:\/\/news.canadamotorjobs.com\/fr\/crise-majeure-chez-northvolt\/\" \/>\n<meta property=\"og:site_name\" content=\"CanadaMotorJobs.com\" \/>\n<meta property=\"article:publisher\" content=\"https:\/\/www.facebook.com\/canadamotorjobs\/\" \/>\n<meta property=\"article:published_time\" content=\"2024-11-18T11:58:47+00:00\" \/>\n<meta property=\"article:modified_time\" content=\"2024-11-18T11:59:06+00:00\" \/>\n<meta property=\"og:image\" content=\"https:\/\/news.canadamotorjobs.com\/wp-content\/uploads\/2024\/11\/image.png\" \/>\n\t<meta property=\"og:image:width\" content=\"1200\" \/>\n\t<meta property=\"og:image:height\" content=\"750\" \/>\n\t<meta property=\"og:image:type\" content=\"image\/png\" \/>\n<meta name=\"author\" content=\"Benoit Charette\" \/>\n<meta name=\"twitter:card\" content=\"summary_large_image\" \/>\n<meta name=\"twitter:creator\" content=\"@canadamotorjobs\" \/>\n<meta name=\"twitter:site\" content=\"@canadamotorjobs\" \/>\n<meta name=\"twitter:label1\" content=\"\u00c9crit par\" \/>\n\t<meta name=\"twitter:data1\" content=\"Benoit Charette\" \/>\n\t<meta name=\"twitter:label2\" content=\"Estimation du temps de lecture\" \/>\n\t<meta name=\"twitter:data2\" content=\"2 minutes\" \/>\n<!-- \/ Yoast SEO plugin. -->","yoast_head_json":{"title":"Crise majeure chez Northvolt - CanadaMotorJobs.com","description":"Crise majeure chez Northvolt - Benoit Charette - Annuel automobile - CanadaMotorJobs.com.","robots":{"index":"index","follow":"follow","max-snippet":"max-snippet:-1","max-image-preview":"max-image-preview:large","max-video-preview":"max-video-preview:-1"},"og_locale":"fr_CA","og_type":"article","og_title":"Crise majeure chez Northvolt - CanadaMotorJobs.com","og_description":"Crise majeure chez Northvolt - Benoit Charette - Annuel automobile - CanadaMotorJobs.com.","og_url":"https:\/\/news.canadamotorjobs.com\/fr\/crise-majeure-chez-northvolt\/","og_site_name":"CanadaMotorJobs.com","article_publisher":"https:\/\/www.facebook.com\/canadamotorjobs\/","article_published_time":"2024-11-18T11:58:47+00:00","article_modified_time":"2024-11-18T11:59:06+00:00","og_image":[{"width":1200,"height":750,"url":"https:\/\/news.canadamotorjobs.com\/wp-content\/uploads\/2024\/11\/image.png","type":"image\/png"}],"author":"Benoit Charette","twitter_card":"summary_large_image","twitter_creator":"@canadamotorjobs","twitter_site":"@canadamotorjobs","twitter_misc":{"\u00c9crit par":"Benoit Charette","Estimation du temps de lecture":"2 minutes"},"schema":{"@context":"https:\/\/schema.org","@graph":[{"@type":"Article","@id":"https:\/\/news.canadamotorjobs.com\/fr\/crise-majeure-chez-northvolt\/#article","isPartOf":{"@id":"https:\/\/news.canadamotorjobs.com\/fr\/crise-majeure-chez-northvolt\/"},"author":{"name":"Benoit Charette","@id":"https:\/\/news.canadamotorjobs.com\/#\/schema\/person\/51793d1f87d44011d7bcc2ed99269a90"},"headline":"Crise majeure chez Northvolt","datePublished":"2024-11-18T11:58:47+00:00","dateModified":"2024-11-18T11:59:06+00:00","mainEntityOfPage":{"@id":"https:\/\/news.canadamotorjobs.com\/fr\/crise-majeure-chez-northvolt\/"},"wordCount":394,"publisher":{"@id":"https:\/\/news.canadamotorjobs.com\/#organization"},"image":{"@id":"https:\/\/news.canadamotorjobs.com\/fr\/crise-majeure-chez-northvolt\/#primaryimage"},"thumbnailUrl":"https:\/\/news.canadamotorjobs.com\/wp-content\/uploads\/2024\/11\/image.png","articleSection":["Annuel automobile"],"inLanguage":"fr-CA"},{"@type":"WebPage","@id":"https:\/\/news.canadamotorjobs.com\/fr\/crise-majeure-chez-northvolt\/","url":"https:\/\/news.canadamotorjobs.com\/fr\/crise-majeure-chez-northvolt\/","name":"Crise majeure chez Northvolt - CanadaMotorJobs.com","isPartOf":{"@id":"https:\/\/news.canadamotorjobs.com\/#website"},"primaryImageOfPage":{"@id":"https:\/\/news.canadamotorjobs.com\/fr\/crise-majeure-chez-northvolt\/#primaryimage"},"image":{"@id":"https:\/\/news.canadamotorjobs.com\/fr\/crise-majeure-chez-northvolt\/#primaryimage"},"thumbnailUrl":"https:\/\/news.canadamotorjobs.com\/wp-content\/uploads\/2024\/11\/image.png","datePublished":"2024-11-18T11:58:47+00:00","dateModified":"2024-11-18T11:59:06+00:00","description":"Crise majeure chez Northvolt - Benoit Charette - Annuel automobile - CanadaMotorJobs.com.","breadcrumb":{"@id":"https:\/\/news.canadamotorjobs.com\/fr\/crise-majeure-chez-northvolt\/#breadcrumb"},"inLanguage":"fr-CA","potentialAction":[{"@type":"ReadAction","target":["https:\/\/news.canadamotorjobs.com\/fr\/crise-majeure-chez-northvolt\/"]}]},{"@type":"ImageObject","inLanguage":"fr-CA","@id":"https:\/\/news.canadamotorjobs.com\/fr\/crise-majeure-chez-northvolt\/#primaryimage","url":"https:\/\/news.canadamotorjobs.com\/wp-content\/uploads\/2024\/11\/image.png","contentUrl":"https:\/\/news.canadamotorjobs.com\/wp-content\/uploads\/2024\/11\/image.png","width":1200,"height":750},{"@type":"BreadcrumbList","@id":"https:\/\/news.canadamotorjobs.com\/fr\/crise-majeure-chez-northvolt\/#breadcrumb","itemListElement":[{"@type":"ListItem","position":1,"name":"Home","item":"https:\/\/news.canadamotorjobs.com\/fr\/blog\/"},{"@type":"ListItem","position":2,"name":"Crise majeure chez Northvolt"}]},{"@type":"WebSite","@id":"https:\/\/news.canadamotorjobs.com\/#website","url":"https:\/\/news.canadamotorjobs.com\/","name":"CanadaMotorJobs.com","description":"Automotive Jobs","publisher":{"@id":"https:\/\/news.canadamotorjobs.com\/#organization"},"potentialAction":[{"@type":"SearchAction","target":{"@type":"EntryPoint","urlTemplate":"https:\/\/news.canadamotorjobs.com\/?s={search_term_string}"},"query-input":"required name=search_term_string"}],"inLanguage":"fr-CA"},{"@type":"Organization","@id":"https:\/\/news.canadamotorjobs.com\/#organization","name":"Canada Motor Jobs","url":"https:\/\/news.canadamotorjobs.com\/","logo":{"@type":"ImageObject","inLanguage":"fr-CA","@id":"https:\/\/news.canadamotorjobs.com\/#\/schema\/logo\/image\/","url":"https:\/\/news.canadamotorjobs.com\/wp-content\/uploads\/2022\/10\/logo-canada-motor-jobs-1.png","contentUrl":"https:\/\/news.canadamotorjobs.com\/wp-content\/uploads\/2022\/10\/logo-canada-motor-jobs-1.png","width":800,"height":400,"caption":"Canada Motor Jobs"},"image":{"@id":"https:\/\/news.canadamotorjobs.com\/#\/schema\/logo\/image\/"},"sameAs":["https:\/\/www.facebook.com\/canadamotorjobs\/","https:\/\/x.com\/canadamotorjobs","https:\/\/www.instagram.com\/canadamotorjobs\/","https:\/\/www.linkedin.com\/company\/canadamotorjobs"]},{"@type":"Person","@id":"https:\/\/news.canadamotorjobs.com\/#\/schema\/person\/51793d1f87d44011d7bcc2ed99269a90","name":"Benoit Charette","image":{"@type":"ImageObject","inLanguage":"fr-CA","@id":"https:\/\/news.canadamotorjobs.com\/#\/schema\/person\/image\/","url":"https:\/\/secure.gravatar.com\/avatar\/45f3d2eebcccd909668d7ce7ea7267b6?s=96&d=mm&r=g","contentUrl":"https:\/\/secure.gravatar.com\/avatar\/45f3d2eebcccd909668d7ce7ea7267b6?s=96&d=mm&r=g","caption":"Benoit Charette"},"description":"Benoit Charette \/ Propri\u00e9taire et r\u00e9dacteur en chef Benoit Charette pratique le journalisme automobile depuis bient\u00f4t 30 ans. Il a fait ses classes au c\u00f4t\u00e9 de Daniel H\u00e9raud et au Carnet de route de 1992 \u00e0 2001. Il est fondateur, copropri\u00e9taire et r\u00e9dacteur en chef de L\u2019Annuel de l\u2019automobile, qu\u2019il publie depuis 2001. Il a anim\u00e9 les \u00e9missions RPM et RPM+ sur V et les L\u00e9gendes de la route sur Historia. \u00c0 la radio depuis 1986, il reprend l\u2019antenne cette ann\u00e9e sur les ondes de Cogeco et participe pour la deuxi\u00e8me ann\u00e9e \u00e0 l\u2019\u00e9mission Passion Auto sur RDS en plus de mettre en ligne le site Web officiel de L\u2019Annuel de l\u2019automobile sur annuelauto.ca.","sameAs":["https:\/\/annuelauto.ca\/"],"url":"https:\/\/news.canadamotorjobs.com\/fr\/author\/benoit-charette\/"}]}},"_links":{"self":[{"href":"https:\/\/news.canadamotorjobs.com\/fr\/wp-json\/wp\/v2\/posts\/181645"}],"collection":[{"href":"https:\/\/news.canadamotorjobs.com\/fr\/wp-json\/wp\/v2\/posts"}],"about":[{"href":"https:\/\/news.canadamotorjobs.com\/fr\/wp-json\/wp\/v2\/types\/post"}],"author":[{"embeddable":true,"href":"https:\/\/news.canadamotorjobs.com\/fr\/wp-json\/wp\/v2\/users\/8"}],"replies":[{"embeddable":true,"href":"https:\/\/news.canadamotorjobs.com\/fr\/wp-json\/wp\/v2\/comments?post=181645"}],"version-history":[{"count":2,"href":"https:\/\/news.canadamotorjobs.com\/fr\/wp-json\/wp\/v2\/posts\/181645\/revisions"}],"predecessor-version":[{"id":181649,"href":"https:\/\/news.canadamotorjobs.com\/fr\/wp-json\/wp\/v2\/posts\/181645\/revisions\/181649"}],"wp:featuredmedia":[{"embeddable":true,"href":"https:\/\/news.canadamotorjobs.com\/fr\/wp-json\/wp\/v2\/media\/181647"}],"wp:attachment":[{"href":"https:\/\/news.canadamotorjobs.com\/fr\/wp-json\/wp\/v2\/media?parent=181645"}],"wp:term":[{"taxonomy":"category","embeddable":true,"href":"https:\/\/news.canadamotorjobs.com\/fr\/wp-json\/wp\/v2\/categories?post=181645"},{"taxonomy":"post_tag","embeddable":true,"href":"https:\/\/news.canadamotorjobs.com\/fr\/wp-json\/wp\/v2\/tags?post=181645"}],"curies":[{"name":"wp","href":"https:\/\/api.w.org\/{rel}","templated":true}]}}