{"id":181566,"date":"2024-11-13T14:09:35","date_gmt":"2024-11-13T19:09:35","guid":{"rendered":"https:\/\/news.canadamotorjobs.com\/?p=181566"},"modified":"2024-11-13T14:13:58","modified_gmt":"2024-11-13T19:13:58","slug":"la-reference-en-formation-pour-lentretien-des-vehicules-electriques","status":"publish","type":"post","link":"https:\/\/news.canadamotorjobs.com\/fr\/la-reference-en-formation-pour-lentretien-des-vehicules-electriques\/","title":{"rendered":"La R\u00e9f\u00e9rence en Formation pour l\u2019Entretien des V\u00e9hicules \u00c9lectriques"},"content":{"rendered":"<\/p>\n<p>Avec l&#8217;essor rapide des v\u00e9hicules \u00e9lectriques (V\u00c9), nombreux sont ceux qui pensent que ces voitures sont sans entretien. Pourtant, comme tout v\u00e9hicule, les V\u00c9 n\u00e9cessitent une maintenance r\u00e9guli\u00e8re pour garantir leur bon fonctionnement et leur durabilit\u00e9. C\u2019est ici qu\u2019intervient <em>L&#8217;Atelier Branch\u00e9<\/em>, un centre de formation de pointe destin\u00e9 aux m\u00e9caniciens et techniciens d\u2019exp\u00e9rience souhaitant se perfectionner dans l\u2019entretien et la r\u00e9paration de v\u00e9hicules \u00e9lectriques.<\/p>\n<p><strong>Un Centre de Formation pour une Expertise en V\u00c9<\/strong><\/p>\n<p>Contrairement aux moteurs thermiques, les v\u00e9hicules \u00e9lectriques poss\u00e8dent des syst\u00e8mes sp\u00e9cifiques et complexes, tels que les batteries, les syst\u00e8mes de refroidissement, et les freins \u00e0 r\u00e9cup\u00e9ration d\u2019\u00e9nergie. Comprendre ces composants et savoir les entretenir exige une formation sp\u00e9cialis\u00e9e. <em>L&#8217;Atelier Branch\u00e9<\/em> met \u00e0 disposition un programme rigoureux et complet qui couvre l&#8217;ensemble des aspects li\u00e9s \u00e0 l&#8217;entretien de ces v\u00e9hicules, de l&#8217;inspection des syst\u00e8mes haute tension \u00e0 la maintenance des syst\u00e8mes \u00e9lectriques.<\/p>\n<p>Gr\u00e2ce \u00e0 ce centre de formation, les professionnels du secteur automobile peuvent se mettre \u00e0 jour avec les meilleures pratiques et les derni\u00e8res technologies en mati\u00e8re de v\u00e9hicules \u00e9lectriques. Les cours sont con\u00e7us pour r\u00e9pondre aux besoins des ateliers m\u00e9caniques qui cherchent \u00e0 se pr\u00e9parer aux exigences croissantes du march\u00e9 des V\u00c9.<\/p>\n<p><strong>Une R\u00e9pertoire des Ateliers Certifi\u00e9s<\/strong><\/p>\n<p>La mission de <em>L&#8217;Atelier Branch\u00e9<\/em> ne s\u2019arr\u00eate pas \u00e0 la formation. Sur leur site web, ils tiennent \u00e0 jour un<a href=\"https:\/\/atelierbranch\u00e9.com\/trouver-un-atelier\/\"> r\u00e9pertoire des ateliers m\u00e9caniques<\/a> ayant suivi cette formation sp\u00e9cialis\u00e9e. Les conducteurs de V\u00c9 peuvent ainsi facilement trouver un garage de confiance o\u00f9 leur v\u00e9hicule sera pris en charge par des experts certifi\u00e9s dans l&#8217;entretien et la r\u00e9paration des v\u00e9hicules \u00e9lectriques. Ce service permet de rassurer les propri\u00e9taires de V\u00c9 en leur offrant l\u2019acc\u00e8s \u00e0 des professionnels comp\u00e9tents et qualifi\u00e9s.<\/p>\n<p><strong>Pourquoi se Former avec L&#8217;Atelier Branch\u00e9 ?<\/strong><\/p>\n<p>Les m\u00e9caniciens form\u00e9s par <em>L&#8217;Atelier Branch\u00e9<\/em> acqui\u00e8rent des comp\u00e9tences pr\u00e9cieuses pour s\u2019adapter \u00e0 l\u2019\u00e9volution du march\u00e9 automobile. Avec une demande croissante pour l&#8217;entretien des v\u00e9hicules \u00e9lectriques, les ateliers certifi\u00e9s b\u00e9n\u00e9ficient d\u2019un avantage concurrentiel. En choisissant de se former avec <em>L&#8217;Atelier Branch\u00e9<\/em>, ils font le choix d&#8217;investir dans un savoir-faire de qualit\u00e9, appr\u00e9ci\u00e9 par une client\u00e8le en qu\u00eate d&#8217;expertise.<\/p>\n<p>En somme, <em>L&#8217;Atelier Branch\u00e9<\/em> est bien plus qu&#8217;un centre de formation. C\u2019est un partenaire essentiel pour les professionnels qui souhaitent non seulement suivre l\u2019\u00e9volution du secteur automobile, mais aussi se positionner comme des leaders dans l&#8217;entretien et la r\u00e9paration de v\u00e9hicules \u00e9lectriques.<\/p>\n<p>Cet article a \u00e9t\u00e9 r\u00e9dig\u00e9 avec les pr\u00e9cieux conseils du <a href=\"https:\/\/xn--atelierbranch-nhb.com\/\">Centre de formation m\u00e9canique L\u2019Atelier Branch\u00e9<\/a><\/p>\n<p>Le texte <a rel=\"nofollow\" href=\"https:\/\/annuelauto.ca\/la-reference-en-formation-pour-lentretien-des-vehicules-electriques\/\">La R\u00e9f\u00e9rence en Formation pour l\u2019Entretien des V\u00e9hicules \u00c9lectriques<\/a> provient de <a rel=\"nofollow\" href=\"https:\/\/annuelauto.ca\">L&#8217;annuel de l&#8217;automobile &#8211; Actualit\u00e9 automobile<\/a><\/p>\n<p><\/p>\n","protected":false},"excerpt":{"rendered":"<p>Avec l&#8217;essor rapide des v\u00e9hicules \u00e9lectriques (V\u00c9), nombreux sont ceux qui pensent que ces voitures sont sans entretien. Pourtant, comme tout v\u00e9hicule, les V\u00c9 n\u00e9cessitent une maintenance r\u00e9guli\u00e8re pour garantir leur bon fonctionnement et leur durabilit\u00e9. C\u2019est ici qu\u2019intervient L&#8217;Atelier Branch\u00e9, un centre de formation de pointe destin\u00e9 aux m\u00e9caniciens et techniciens d\u2019exp\u00e9rience souhaitant se [&hellip;]<\/p>\n","protected":false},"author":8,"featured_media":181568,"comment_status":"close","ping_status":"closed","sticky":false,"template":"","format":"standard","meta":{"_monsterinsights_skip_tracking":false,"_monsterinsights_sitenote_active":false,"_monsterinsights_sitenote_note":"","_monsterinsights_sitenote_category":0,"footnotes":""},"categories":[101],"tags":[],"yoast_head":"<!-- This site is optimized with the Yoast SEO plugin v23.2 - https:\/\/yoast.com\/wordpress\/plugins\/seo\/ -->\n<title>La R\u00e9f\u00e9rence en Formation pour l\u2019Entretien des V\u00e9hicules \u00c9lectriques - CanadaMotorJobs.com<\/title>\n<meta name=\"description\" content=\"La R\u00e9f\u00e9rence en Formation pour l\u2019Entretien des V\u00e9hicules \u00c9lectriques - Benoit Charette - Annuel automobile - CanadaMotorJobs.com.\" \/>\n<meta name=\"robots\" content=\"index, follow, max-snippet:-1, max-image-preview:large, max-video-preview:-1\" \/>\n<meta property=\"og:locale\" content=\"fr_CA\" \/>\n<meta property=\"og:type\" content=\"article\" \/>\n<meta property=\"og:title\" content=\"La R\u00e9f\u00e9rence en Formation pour l\u2019Entretien des V\u00e9hicules \u00c9lectriques - CanadaMotorJobs.com\" \/>\n<meta property=\"og:description\" content=\"La R\u00e9f\u00e9rence en Formation pour l\u2019Entretien des V\u00e9hicules \u00c9lectriques - Benoit Charette - Annuel automobile - CanadaMotorJobs.com.\" \/>\n<meta property=\"og:url\" content=\"https:\/\/news.canadamotorjobs.com\/fr\/la-reference-en-formation-pour-lentretien-des-vehicules-electriques\/\" \/>\n<meta property=\"og:site_name\" content=\"CanadaMotorJobs.com\" \/>\n<meta property=\"article:publisher\" content=\"https:\/\/www.facebook.com\/canadamotorjobs\/\" \/>\n<meta property=\"article:published_time\" content=\"2024-11-13T19:09:35+00:00\" \/>\n<meta property=\"article:modified_time\" content=\"2024-11-13T19:13:58+00:00\" \/>\n<meta property=\"og:image\" content=\"https:\/\/news.canadamotorjobs.com\/wp-content\/uploads\/2024\/11\/448239366_474638588414804_8976649974411056636_n.jpg\" \/>\n\t<meta property=\"og:image:width\" content=\"1024\" \/>\n\t<meta property=\"og:image:height\" content=\"768\" \/>\n\t<meta property=\"og:image:type\" content=\"image\/jpeg\" \/>\n<meta name=\"author\" content=\"Benoit Charette\" \/>\n<meta name=\"twitter:card\" content=\"summary_large_image\" \/>\n<meta name=\"twitter:creator\" content=\"@canadamotorjobs\" \/>\n<meta name=\"twitter:site\" content=\"@canadamotorjobs\" \/>\n<meta name=\"twitter:label1\" content=\"\u00c9crit par\" \/>\n\t<meta name=\"twitter:data1\" content=\"Benoit Charette\" \/>\n\t<meta name=\"twitter:label2\" content=\"Estimation du temps de lecture\" \/>\n\t<meta name=\"twitter:data2\" content=\"2 minutes\" \/>\n<!-- \/ Yoast SEO plugin. -->","yoast_head_json":{"title":"La R\u00e9f\u00e9rence en Formation pour l\u2019Entretien des V\u00e9hicules \u00c9lectriques - CanadaMotorJobs.com","description":"La R\u00e9f\u00e9rence en Formation pour l\u2019Entretien des V\u00e9hicules \u00c9lectriques - Benoit Charette - Annuel automobile - CanadaMotorJobs.com.","robots":{"index":"index","follow":"follow","max-snippet":"max-snippet:-1","max-image-preview":"max-image-preview:large","max-video-preview":"max-video-preview:-1"},"og_locale":"fr_CA","og_type":"article","og_title":"La R\u00e9f\u00e9rence en Formation pour l\u2019Entretien des V\u00e9hicules \u00c9lectriques - CanadaMotorJobs.com","og_description":"La R\u00e9f\u00e9rence en Formation pour l\u2019Entretien des V\u00e9hicules \u00c9lectriques - Benoit Charette - Annuel automobile - CanadaMotorJobs.com.","og_url":"https:\/\/news.canadamotorjobs.com\/fr\/la-reference-en-formation-pour-lentretien-des-vehicules-electriques\/","og_site_name":"CanadaMotorJobs.com","article_publisher":"https:\/\/www.facebook.com\/canadamotorjobs\/","article_published_time":"2024-11-13T19:09:35+00:00","article_modified_time":"2024-11-13T19:13:58+00:00","og_image":[{"width":1024,"height":768,"url":"https:\/\/news.canadamotorjobs.com\/wp-content\/uploads\/2024\/11\/448239366_474638588414804_8976649974411056636_n.jpg","type":"image\/jpeg"}],"author":"Benoit Charette","twitter_card":"summary_large_image","twitter_creator":"@canadamotorjobs","twitter_site":"@canadamotorjobs","twitter_misc":{"\u00c9crit par":"Benoit Charette","Estimation du temps de lecture":"2 minutes"},"schema":{"@context":"https:\/\/schema.org","@graph":[{"@type":"Article","@id":"https:\/\/news.canadamotorjobs.com\/fr\/la-reference-en-formation-pour-lentretien-des-vehicules-electriques\/#article","isPartOf":{"@id":"https:\/\/news.canadamotorjobs.com\/fr\/la-reference-en-formation-pour-lentretien-des-vehicules-electriques\/"},"author":{"name":"Benoit Charette","@id":"https:\/\/news.canadamotorjobs.com\/#\/schema\/person\/51793d1f87d44011d7bcc2ed99269a90"},"headline":"La R\u00e9f\u00e9rence en Formation pour l\u2019Entretien des V\u00e9hicules \u00c9lectriques","datePublished":"2024-11-13T19:09:35+00:00","dateModified":"2024-11-13T19:13:58+00:00","mainEntityOfPage":{"@id":"https:\/\/news.canadamotorjobs.com\/fr\/la-reference-en-formation-pour-lentretien-des-vehicules-electriques\/"},"wordCount":521,"publisher":{"@id":"https:\/\/news.canadamotorjobs.com\/#organization"},"image":{"@id":"https:\/\/news.canadamotorjobs.com\/fr\/la-reference-en-formation-pour-lentretien-des-vehicules-electriques\/#primaryimage"},"thumbnailUrl":"https:\/\/news.canadamotorjobs.com\/wp-content\/uploads\/2024\/11\/448239366_474638588414804_8976649974411056636_n.jpg","articleSection":["Annuel automobile"],"inLanguage":"fr-CA"},{"@type":"WebPage","@id":"https:\/\/news.canadamotorjobs.com\/fr\/la-reference-en-formation-pour-lentretien-des-vehicules-electriques\/","url":"https:\/\/news.canadamotorjobs.com\/fr\/la-reference-en-formation-pour-lentretien-des-vehicules-electriques\/","name":"La R\u00e9f\u00e9rence en Formation pour l\u2019Entretien des V\u00e9hicules \u00c9lectriques - CanadaMotorJobs.com","isPartOf":{"@id":"https:\/\/news.canadamotorjobs.com\/#website"},"primaryImageOfPage":{"@id":"https:\/\/news.canadamotorjobs.com\/fr\/la-reference-en-formation-pour-lentretien-des-vehicules-electriques\/#primaryimage"},"image":{"@id":"https:\/\/news.canadamotorjobs.com\/fr\/la-reference-en-formation-pour-lentretien-des-vehicules-electriques\/#primaryimage"},"thumbnailUrl":"https:\/\/news.canadamotorjobs.com\/wp-content\/uploads\/2024\/11\/448239366_474638588414804_8976649974411056636_n.jpg","datePublished":"2024-11-13T19:09:35+00:00","dateModified":"2024-11-13T19:13:58+00:00","description":"La R\u00e9f\u00e9rence en Formation pour l\u2019Entretien des V\u00e9hicules \u00c9lectriques - Benoit Charette - Annuel automobile - CanadaMotorJobs.com.","breadcrumb":{"@id":"https:\/\/news.canadamotorjobs.com\/fr\/la-reference-en-formation-pour-lentretien-des-vehicules-electriques\/#breadcrumb"},"inLanguage":"fr-CA","potentialAction":[{"@type":"ReadAction","target":["https:\/\/news.canadamotorjobs.com\/fr\/la-reference-en-formation-pour-lentretien-des-vehicules-electriques\/"]}]},{"@type":"ImageObject","inLanguage":"fr-CA","@id":"https:\/\/news.canadamotorjobs.com\/fr\/la-reference-en-formation-pour-lentretien-des-vehicules-electriques\/#primaryimage","url":"https:\/\/news.canadamotorjobs.com\/wp-content\/uploads\/2024\/11\/448239366_474638588414804_8976649974411056636_n.jpg","contentUrl":"https:\/\/news.canadamotorjobs.com\/wp-content\/uploads\/2024\/11\/448239366_474638588414804_8976649974411056636_n.jpg","width":1024,"height":768},{"@type":"BreadcrumbList","@id":"https:\/\/news.canadamotorjobs.com\/fr\/la-reference-en-formation-pour-lentretien-des-vehicules-electriques\/#breadcrumb","itemListElement":[{"@type":"ListItem","position":1,"name":"Home","item":"https:\/\/news.canadamotorjobs.com\/fr\/blog\/"},{"@type":"ListItem","position":2,"name":"La R\u00e9f\u00e9rence en Formation pour l\u2019Entretien des V\u00e9hicules \u00c9lectriques"}]},{"@type":"WebSite","@id":"https:\/\/news.canadamotorjobs.com\/#website","url":"https:\/\/news.canadamotorjobs.com\/","name":"CanadaMotorJobs.com","description":"Automotive Jobs","publisher":{"@id":"https:\/\/news.canadamotorjobs.com\/#organization"},"potentialAction":[{"@type":"SearchAction","target":{"@type":"EntryPoint","urlTemplate":"https:\/\/news.canadamotorjobs.com\/?s={search_term_string}"},"query-input":"required name=search_term_string"}],"inLanguage":"fr-CA"},{"@type":"Organization","@id":"https:\/\/news.canadamotorjobs.com\/#organization","name":"Canada Motor Jobs","url":"https:\/\/news.canadamotorjobs.com\/","logo":{"@type":"ImageObject","inLanguage":"fr-CA","@id":"https:\/\/news.canadamotorjobs.com\/#\/schema\/logo\/image\/","url":"https:\/\/news.canadamotorjobs.com\/wp-content\/uploads\/2022\/10\/logo-canada-motor-jobs-1.png","contentUrl":"https:\/\/news.canadamotorjobs.com\/wp-content\/uploads\/2022\/10\/logo-canada-motor-jobs-1.png","width":800,"height":400,"caption":"Canada Motor Jobs"},"image":{"@id":"https:\/\/news.canadamotorjobs.com\/#\/schema\/logo\/image\/"},"sameAs":["https:\/\/www.facebook.com\/canadamotorjobs\/","https:\/\/x.com\/canadamotorjobs","https:\/\/www.instagram.com\/canadamotorjobs\/","https:\/\/www.linkedin.com\/company\/canadamotorjobs"]},{"@type":"Person","@id":"https:\/\/news.canadamotorjobs.com\/#\/schema\/person\/51793d1f87d44011d7bcc2ed99269a90","name":"Benoit Charette","image":{"@type":"ImageObject","inLanguage":"fr-CA","@id":"https:\/\/news.canadamotorjobs.com\/#\/schema\/person\/image\/","url":"https:\/\/secure.gravatar.com\/avatar\/45f3d2eebcccd909668d7ce7ea7267b6?s=96&d=mm&r=g","contentUrl":"https:\/\/secure.gravatar.com\/avatar\/45f3d2eebcccd909668d7ce7ea7267b6?s=96&d=mm&r=g","caption":"Benoit Charette"},"description":"Benoit Charette \/ Propri\u00e9taire et r\u00e9dacteur en chef Benoit Charette pratique le journalisme automobile depuis bient\u00f4t 30 ans. Il a fait ses classes au c\u00f4t\u00e9 de Daniel H\u00e9raud et au Carnet de route de 1992 \u00e0 2001. Il est fondateur, copropri\u00e9taire et r\u00e9dacteur en chef de L\u2019Annuel de l\u2019automobile, qu\u2019il publie depuis 2001. Il a anim\u00e9 les \u00e9missions RPM et RPM+ sur V et les L\u00e9gendes de la route sur Historia. \u00c0 la radio depuis 1986, il reprend l\u2019antenne cette ann\u00e9e sur les ondes de Cogeco et participe pour la deuxi\u00e8me ann\u00e9e \u00e0 l\u2019\u00e9mission Passion Auto sur RDS en plus de mettre en ligne le site Web officiel de L\u2019Annuel de l\u2019automobile sur annuelauto.ca.","sameAs":["https:\/\/annuelauto.ca\/"],"url":"https:\/\/news.canadamotorjobs.com\/fr\/author\/benoit-charette\/"}]}},"_links":{"self":[{"href":"https:\/\/news.canadamotorjobs.com\/fr\/wp-json\/wp\/v2\/posts\/181566"}],"collection":[{"href":"https:\/\/news.canadamotorjobs.com\/fr\/wp-json\/wp\/v2\/posts"}],"about":[{"href":"https:\/\/news.canadamotorjobs.com\/fr\/wp-json\/wp\/v2\/types\/post"}],"author":[{"embeddable":true,"href":"https:\/\/news.canadamotorjobs.com\/fr\/wp-json\/wp\/v2\/users\/8"}],"replies":[{"embeddable":true,"href":"https:\/\/news.canadamotorjobs.com\/fr\/wp-json\/wp\/v2\/comments?post=181566"}],"version-history":[{"count":2,"href":"https:\/\/news.canadamotorjobs.com\/fr\/wp-json\/wp\/v2\/posts\/181566\/revisions"}],"predecessor-version":[{"id":181570,"href":"https:\/\/news.canadamotorjobs.com\/fr\/wp-json\/wp\/v2\/posts\/181566\/revisions\/181570"}],"wp:featuredmedia":[{"embeddable":true,"href":"https:\/\/news.canadamotorjobs.com\/fr\/wp-json\/wp\/v2\/media\/181568"}],"wp:attachment":[{"href":"https:\/\/news.canadamotorjobs.com\/fr\/wp-json\/wp\/v2\/media?parent=181566"}],"wp:term":[{"taxonomy":"category","embeddable":true,"href":"https:\/\/news.canadamotorjobs.com\/fr\/wp-json\/wp\/v2\/categories?post=181566"},{"taxonomy":"post_tag","embeddable":true,"href":"https:\/\/news.canadamotorjobs.com\/fr\/wp-json\/wp\/v2\/tags?post=181566"}],"curies":[{"name":"wp","href":"https:\/\/api.w.org\/{rel}","templated":true}]}}