{"id":181524,"date":"2024-11-13T05:51:49","date_gmt":"2024-11-13T10:51:49","guid":{"rendered":"https:\/\/news.canadamotorjobs.com\/?p=181524"},"modified":"2024-11-13T06:00:01","modified_gmt":"2024-11-13T11:00:01","slug":"rivian-et-volkswagen-sassocient-dans-une-entreprise-de-8-milliards-de-dollars","status":"publish","type":"post","link":"https:\/\/news.canadamotorjobs.com\/fr\/rivian-et-volkswagen-sassocient-dans-une-entreprise-de-8-milliards-de-dollars\/","title":{"rendered":"Rivian et Volkswagen s\u2019associent dans une entreprise de 8 milliards de dollars"},"content":{"rendered":"<\/p>\n<p>Le 12 novembre, Rivian Automotive et le groupe Volkswagen ont annonc\u00e9 officiellement le lancement de leur coentreprise de 8 milliards de dollars. Ce partenariat vise \u00e0 d\u00e9ployer une architecture \u00e9lectrique et un logiciel de nouvelle g\u00e9n\u00e9ration, s&#8217;appuyant sur la technologie existante de Rivian, et destin\u00e9e aux futurs v\u00e9hicules \u00e9lectriques des deux constructeurs. Initialement annonc\u00e9 en juin, le montant de l\u2019investissement a \u00e9t\u00e9 revu \u00e0 la hausse, passant de 5 \u00e0 5,8 milliards de dollars US.<\/p>\n<h3>Une alliance gagnant-gagnant pour les deux g\u00e9ants de l\u2019automobile<\/h3>\n<p>\nOliver Blume, PDG de Volkswagen, consid\u00e8re cette collaboration comme une avanc\u00e9e naturelle pour la strat\u00e9gie num\u00e9rique de VW. Selon lui, \u00ab le partenariat avec Rivian est l\u2019\u00e9tape logique suivante dans notre strat\u00e9gie logicielle. Nous renforcerons ainsi notre position concurrentielle mondiale. \u00bb<br \/>\nDu c\u00f4t\u00e9 de Rivian, son PDG RJ Scaringe partage cet enthousiasme : \u00ab Finaliser cette coentreprise avec le groupe Volkswagen est un pas important dans la transition mondiale vers les v\u00e9hicules \u00e9lectriques. \u00bb<\/p>\n<h3>Des v\u00e9hicules VW et Rivian connect\u00e9s pour 2026 et 2027<\/h3>\n<p>\nGr\u00e2ce \u00e0 l\u2019architecture \u00e9lectrique de Rivian, la prochaine R2 de Rivian devrait \u00eatre lanc\u00e9e en 2026, tandis que Volkswagen pr\u00e9voit de sortir ses premiers mod\u00e8les avec cette technologie d\u00e8s 2027. La coentreprise se concentrera sur les aspects \u00e9lectroniques, le r\u00e9seau d\u2019architecture et la pile logicielle. En revanche, d&#8217;autres aspects, tels que les moteurs \u00e9lectriques Rivian, restent exclus du partenariat.<\/p>\n<h3>Des mod\u00e8les Scout avec une architecture de pointe<\/h3>\n<p>\nLa marque Scout, nouvelle filiale de Volkswagen, sera l\u2019une des premi\u00e8res \u00e0 int\u00e9grer cette architecture \u00e9lectrique innovante. Scott Keogh, PDG de Scout Motors, s\u2019est exprim\u00e9 sur LinkedIn, pr\u00e9cisant que cette technologie permettra de concevoir des v\u00e9hicules qui s\u00e9duiront les amateurs de robustesse \u00e0 l\u2019am\u00e9ricaine. Les futurs mod\u00e8les comprendront un pick-up et un crossover inspir\u00e9s des Rivian R1T et R1S actuellement en vente.<\/p>\n<h3>Une collaboration technologique mondiale<\/h3>\n<p>\nL\u2019\u00e9quipe de la coentreprise, codirig\u00e9e par Wassym Bensaid de Rivian et Carsten Helbing de Volkswagen, sera bas\u00e9e \u00e0 Palo Alto, en Californie, avec trois autres sites en pr\u00e9paration en Am\u00e9rique du Nord et en Europe. Gr\u00e2ce \u00e0 cette coop\u00e9ration, les deux entreprises esp\u00e8rent r\u00e9duire les co\u00fbts de d\u00e9veloppement et acc\u00e9l\u00e9rer la commercialisation de technologies nouvelles.<\/p>\n<h3>D\u00e9fis financiers pour Rivian<\/h3>\n<p>\nAlors que Rivian mise sur ce partenariat pour consolider son avenir, le constructeur reste confront\u00e9 \u00e0 des d\u00e9fis financiers. Au troisi\u00e8me trimestre, il a enregistr\u00e9 une perte nette de 1,1 milliard de dollars, ses revenus ayant chut\u00e9 de 35 %, \u00e0 874 millions de dollars.<\/p>\n<p>Le texte <a rel=\"nofollow\" href=\"https:\/\/annuelauto.ca\/rivian-volkswagen-accord-electrification\/\">Rivian et Volkswagen s\u2019associent dans une entreprise de 8 milliards de dollars<\/a> provient de <a rel=\"nofollow\" href=\"https:\/\/annuelauto.ca\">L&#8217;annuel de l&#8217;automobile &#8211; Actualit\u00e9 automobile<\/a><\/p>\n<p><\/p>\n","protected":false},"excerpt":{"rendered":"<p>Le 12 novembre, Rivian Automotive et le groupe Volkswagen ont annonc\u00e9 officiellement le lancement de leur coentreprise de 8 milliards de dollars. Ce partenariat vise \u00e0 d\u00e9ployer une architecture \u00e9lectrique et un logiciel de nouvelle g\u00e9n\u00e9ration, s&#8217;appuyant sur la technologie existante de Rivian, et destin\u00e9e aux futurs v\u00e9hicules \u00e9lectriques des deux constructeurs. Initialement annonc\u00e9 en [&hellip;]<\/p>\n","protected":false},"author":8,"featured_media":181526,"comment_status":"close","ping_status":"closed","sticky":false,"template":"","format":"standard","meta":{"_monsterinsights_skip_tracking":false,"_monsterinsights_sitenote_active":false,"_monsterinsights_sitenote_note":"","_monsterinsights_sitenote_category":0,"footnotes":""},"categories":[101],"tags":[],"yoast_head":"<!-- This site is optimized with the Yoast SEO plugin v23.2 - https:\/\/yoast.com\/wordpress\/plugins\/seo\/ -->\n<title>Rivian et Volkswagen s\u2019associent dans une entreprise de 8 milliards de dollars - CanadaMotorJobs.com<\/title>\n<meta name=\"description\" content=\"Rivian et Volkswagen s\u2019associent dans une entreprise de 8 milliards de dollars - Benoit Charette - Annuel automobile - CanadaMotorJobs.com.\" \/>\n<meta name=\"robots\" content=\"index, follow, max-snippet:-1, max-image-preview:large, max-video-preview:-1\" \/>\n<meta property=\"og:locale\" content=\"fr_CA\" \/>\n<meta property=\"og:type\" content=\"article\" \/>\n<meta property=\"og:title\" content=\"Rivian et Volkswagen s\u2019associent dans une entreprise de 8 milliards de dollars - CanadaMotorJobs.com\" \/>\n<meta property=\"og:description\" content=\"Rivian et Volkswagen s\u2019associent dans une entreprise de 8 milliards de dollars - Benoit Charette - Annuel automobile - CanadaMotorJobs.com.\" \/>\n<meta property=\"og:url\" content=\"https:\/\/news.canadamotorjobs.com\/fr\/rivian-et-volkswagen-sassocient-dans-une-entreprise-de-8-milliards-de-dollars\/\" \/>\n<meta property=\"og:site_name\" content=\"CanadaMotorJobs.com\" \/>\n<meta property=\"article:publisher\" content=\"https:\/\/www.facebook.com\/canadamotorjobs\/\" \/>\n<meta property=\"article:published_time\" content=\"2024-11-13T10:51:49+00:00\" \/>\n<meta property=\"article:modified_time\" content=\"2024-11-13T11:00:01+00:00\" \/>\n<meta property=\"og:image\" content=\"https:\/\/news.canadamotorjobs.com\/wp-content\/uploads\/2024\/11\/rivian-et-volkswagen-sallient-pour-un-futur-electrique.jpeg\" \/>\n\t<meta property=\"og:image:width\" content=\"1312\" \/>\n\t<meta property=\"og:image:height\" content=\"736\" \/>\n\t<meta property=\"og:image:type\" content=\"image\/jpeg\" \/>\n<meta name=\"author\" content=\"Benoit Charette\" \/>\n<meta name=\"twitter:card\" content=\"summary_large_image\" \/>\n<meta name=\"twitter:creator\" content=\"@canadamotorjobs\" \/>\n<meta name=\"twitter:site\" content=\"@canadamotorjobs\" \/>\n<meta name=\"twitter:label1\" content=\"\u00c9crit par\" \/>\n\t<meta name=\"twitter:data1\" content=\"Benoit Charette\" \/>\n\t<meta name=\"twitter:label2\" content=\"Estimation du temps de lecture\" \/>\n\t<meta name=\"twitter:data2\" content=\"2 minutes\" \/>\n<!-- \/ Yoast SEO plugin. -->","yoast_head_json":{"title":"Rivian et Volkswagen s\u2019associent dans une entreprise de 8 milliards de dollars - CanadaMotorJobs.com","description":"Rivian et Volkswagen s\u2019associent dans une entreprise de 8 milliards de dollars - Benoit Charette - Annuel automobile - CanadaMotorJobs.com.","robots":{"index":"index","follow":"follow","max-snippet":"max-snippet:-1","max-image-preview":"max-image-preview:large","max-video-preview":"max-video-preview:-1"},"og_locale":"fr_CA","og_type":"article","og_title":"Rivian et Volkswagen s\u2019associent dans une entreprise de 8 milliards de dollars - CanadaMotorJobs.com","og_description":"Rivian et Volkswagen s\u2019associent dans une entreprise de 8 milliards de dollars - Benoit Charette - Annuel automobile - CanadaMotorJobs.com.","og_url":"https:\/\/news.canadamotorjobs.com\/fr\/rivian-et-volkswagen-sassocient-dans-une-entreprise-de-8-milliards-de-dollars\/","og_site_name":"CanadaMotorJobs.com","article_publisher":"https:\/\/www.facebook.com\/canadamotorjobs\/","article_published_time":"2024-11-13T10:51:49+00:00","article_modified_time":"2024-11-13T11:00:01+00:00","og_image":[{"width":1312,"height":736,"url":"https:\/\/news.canadamotorjobs.com\/wp-content\/uploads\/2024\/11\/rivian-et-volkswagen-sallient-pour-un-futur-electrique.jpeg","type":"image\/jpeg"}],"author":"Benoit Charette","twitter_card":"summary_large_image","twitter_creator":"@canadamotorjobs","twitter_site":"@canadamotorjobs","twitter_misc":{"\u00c9crit par":"Benoit Charette","Estimation du temps de lecture":"2 minutes"},"schema":{"@context":"https:\/\/schema.org","@graph":[{"@type":"Article","@id":"https:\/\/news.canadamotorjobs.com\/fr\/rivian-et-volkswagen-sassocient-dans-une-entreprise-de-8-milliards-de-dollars\/#article","isPartOf":{"@id":"https:\/\/news.canadamotorjobs.com\/fr\/rivian-et-volkswagen-sassocient-dans-une-entreprise-de-8-milliards-de-dollars\/"},"author":{"name":"Benoit Charette","@id":"https:\/\/news.canadamotorjobs.com\/#\/schema\/person\/51793d1f87d44011d7bcc2ed99269a90"},"headline":"Rivian et Volkswagen s\u2019associent dans une entreprise de 8 milliards de dollars","datePublished":"2024-11-13T10:51:49+00:00","dateModified":"2024-11-13T11:00:01+00:00","mainEntityOfPage":{"@id":"https:\/\/news.canadamotorjobs.com\/fr\/rivian-et-volkswagen-sassocient-dans-une-entreprise-de-8-milliards-de-dollars\/"},"wordCount":472,"publisher":{"@id":"https:\/\/news.canadamotorjobs.com\/#organization"},"image":{"@id":"https:\/\/news.canadamotorjobs.com\/fr\/rivian-et-volkswagen-sassocient-dans-une-entreprise-de-8-milliards-de-dollars\/#primaryimage"},"thumbnailUrl":"https:\/\/news.canadamotorjobs.com\/wp-content\/uploads\/2024\/11\/rivian-et-volkswagen-sallient-pour-un-futur-electrique.jpeg","articleSection":["Annuel automobile"],"inLanguage":"fr-CA"},{"@type":"WebPage","@id":"https:\/\/news.canadamotorjobs.com\/fr\/rivian-et-volkswagen-sassocient-dans-une-entreprise-de-8-milliards-de-dollars\/","url":"https:\/\/news.canadamotorjobs.com\/fr\/rivian-et-volkswagen-sassocient-dans-une-entreprise-de-8-milliards-de-dollars\/","name":"Rivian et Volkswagen s\u2019associent dans une entreprise de 8 milliards de dollars - CanadaMotorJobs.com","isPartOf":{"@id":"https:\/\/news.canadamotorjobs.com\/#website"},"primaryImageOfPage":{"@id":"https:\/\/news.canadamotorjobs.com\/fr\/rivian-et-volkswagen-sassocient-dans-une-entreprise-de-8-milliards-de-dollars\/#primaryimage"},"image":{"@id":"https:\/\/news.canadamotorjobs.com\/fr\/rivian-et-volkswagen-sassocient-dans-une-entreprise-de-8-milliards-de-dollars\/#primaryimage"},"thumbnailUrl":"https:\/\/news.canadamotorjobs.com\/wp-content\/uploads\/2024\/11\/rivian-et-volkswagen-sallient-pour-un-futur-electrique.jpeg","datePublished":"2024-11-13T10:51:49+00:00","dateModified":"2024-11-13T11:00:01+00:00","description":"Rivian et Volkswagen s\u2019associent dans une entreprise de 8 milliards de dollars - Benoit Charette - Annuel automobile - CanadaMotorJobs.com.","breadcrumb":{"@id":"https:\/\/news.canadamotorjobs.com\/fr\/rivian-et-volkswagen-sassocient-dans-une-entreprise-de-8-milliards-de-dollars\/#breadcrumb"},"inLanguage":"fr-CA","potentialAction":[{"@type":"ReadAction","target":["https:\/\/news.canadamotorjobs.com\/fr\/rivian-et-volkswagen-sassocient-dans-une-entreprise-de-8-milliards-de-dollars\/"]}]},{"@type":"ImageObject","inLanguage":"fr-CA","@id":"https:\/\/news.canadamotorjobs.com\/fr\/rivian-et-volkswagen-sassocient-dans-une-entreprise-de-8-milliards-de-dollars\/#primaryimage","url":"https:\/\/news.canadamotorjobs.com\/wp-content\/uploads\/2024\/11\/rivian-et-volkswagen-sallient-pour-un-futur-electrique.jpeg","contentUrl":"https:\/\/news.canadamotorjobs.com\/wp-content\/uploads\/2024\/11\/rivian-et-volkswagen-sallient-pour-un-futur-electrique.jpeg","width":1312,"height":736},{"@type":"BreadcrumbList","@id":"https:\/\/news.canadamotorjobs.com\/fr\/rivian-et-volkswagen-sassocient-dans-une-entreprise-de-8-milliards-de-dollars\/#breadcrumb","itemListElement":[{"@type":"ListItem","position":1,"name":"Home","item":"https:\/\/news.canadamotorjobs.com\/fr\/blog\/"},{"@type":"ListItem","position":2,"name":"Rivian et Volkswagen s\u2019associent dans une entreprise de 8 milliards de dollars"}]},{"@type":"WebSite","@id":"https:\/\/news.canadamotorjobs.com\/#website","url":"https:\/\/news.canadamotorjobs.com\/","name":"CanadaMotorJobs.com","description":"Automotive Jobs","publisher":{"@id":"https:\/\/news.canadamotorjobs.com\/#organization"},"potentialAction":[{"@type":"SearchAction","target":{"@type":"EntryPoint","urlTemplate":"https:\/\/news.canadamotorjobs.com\/?s={search_term_string}"},"query-input":"required name=search_term_string"}],"inLanguage":"fr-CA"},{"@type":"Organization","@id":"https:\/\/news.canadamotorjobs.com\/#organization","name":"Canada Motor Jobs","url":"https:\/\/news.canadamotorjobs.com\/","logo":{"@type":"ImageObject","inLanguage":"fr-CA","@id":"https:\/\/news.canadamotorjobs.com\/#\/schema\/logo\/image\/","url":"https:\/\/news.canadamotorjobs.com\/wp-content\/uploads\/2022\/10\/logo-canada-motor-jobs-1.png","contentUrl":"https:\/\/news.canadamotorjobs.com\/wp-content\/uploads\/2022\/10\/logo-canada-motor-jobs-1.png","width":800,"height":400,"caption":"Canada Motor Jobs"},"image":{"@id":"https:\/\/news.canadamotorjobs.com\/#\/schema\/logo\/image\/"},"sameAs":["https:\/\/www.facebook.com\/canadamotorjobs\/","https:\/\/x.com\/canadamotorjobs","https:\/\/www.instagram.com\/canadamotorjobs\/","https:\/\/www.linkedin.com\/company\/canadamotorjobs"]},{"@type":"Person","@id":"https:\/\/news.canadamotorjobs.com\/#\/schema\/person\/51793d1f87d44011d7bcc2ed99269a90","name":"Benoit Charette","image":{"@type":"ImageObject","inLanguage":"fr-CA","@id":"https:\/\/news.canadamotorjobs.com\/#\/schema\/person\/image\/","url":"https:\/\/secure.gravatar.com\/avatar\/45f3d2eebcccd909668d7ce7ea7267b6?s=96&d=mm&r=g","contentUrl":"https:\/\/secure.gravatar.com\/avatar\/45f3d2eebcccd909668d7ce7ea7267b6?s=96&d=mm&r=g","caption":"Benoit Charette"},"description":"Benoit Charette \/ Propri\u00e9taire et r\u00e9dacteur en chef Benoit Charette pratique le journalisme automobile depuis bient\u00f4t 30 ans. Il a fait ses classes au c\u00f4t\u00e9 de Daniel H\u00e9raud et au Carnet de route de 1992 \u00e0 2001. Il est fondateur, copropri\u00e9taire et r\u00e9dacteur en chef de L\u2019Annuel de l\u2019automobile, qu\u2019il publie depuis 2001. Il a anim\u00e9 les \u00e9missions RPM et RPM+ sur V et les L\u00e9gendes de la route sur Historia. \u00c0 la radio depuis 1986, il reprend l\u2019antenne cette ann\u00e9e sur les ondes de Cogeco et participe pour la deuxi\u00e8me ann\u00e9e \u00e0 l\u2019\u00e9mission Passion Auto sur RDS en plus de mettre en ligne le site Web officiel de L\u2019Annuel de l\u2019automobile sur annuelauto.ca.","sameAs":["https:\/\/annuelauto.ca\/"],"url":"https:\/\/news.canadamotorjobs.com\/fr\/author\/benoit-charette\/"}]}},"_links":{"self":[{"href":"https:\/\/news.canadamotorjobs.com\/fr\/wp-json\/wp\/v2\/posts\/181524"}],"collection":[{"href":"https:\/\/news.canadamotorjobs.com\/fr\/wp-json\/wp\/v2\/posts"}],"about":[{"href":"https:\/\/news.canadamotorjobs.com\/fr\/wp-json\/wp\/v2\/types\/post"}],"author":[{"embeddable":true,"href":"https:\/\/news.canadamotorjobs.com\/fr\/wp-json\/wp\/v2\/users\/8"}],"replies":[{"embeddable":true,"href":"https:\/\/news.canadamotorjobs.com\/fr\/wp-json\/wp\/v2\/comments?post=181524"}],"version-history":[{"count":2,"href":"https:\/\/news.canadamotorjobs.com\/fr\/wp-json\/wp\/v2\/posts\/181524\/revisions"}],"predecessor-version":[{"id":181528,"href":"https:\/\/news.canadamotorjobs.com\/fr\/wp-json\/wp\/v2\/posts\/181524\/revisions\/181528"}],"wp:featuredmedia":[{"embeddable":true,"href":"https:\/\/news.canadamotorjobs.com\/fr\/wp-json\/wp\/v2\/media\/181526"}],"wp:attachment":[{"href":"https:\/\/news.canadamotorjobs.com\/fr\/wp-json\/wp\/v2\/media?parent=181524"}],"wp:term":[{"taxonomy":"category","embeddable":true,"href":"https:\/\/news.canadamotorjobs.com\/fr\/wp-json\/wp\/v2\/categories?post=181524"},{"taxonomy":"post_tag","embeddable":true,"href":"https:\/\/news.canadamotorjobs.com\/fr\/wp-json\/wp\/v2\/tags?post=181524"}],"curies":[{"name":"wp","href":"https:\/\/api.w.org\/{rel}","templated":true}]}}