{"id":181478,"date":"2024-11-12T10:17:03","date_gmt":"2024-11-12T15:17:03","guid":{"rendered":"https:\/\/news.canadamotorjobs.com\/?p=181478"},"modified":"2024-11-12T10:28:46","modified_gmt":"2024-11-12T15:28:46","slug":"le-vistiq-se-joint-a-la-famille-electrique-de-gm","status":"publish","type":"post","link":"https:\/\/news.canadamotorjobs.com\/fr\/le-vistiq-se-joint-a-la-famille-electrique-de-gm\/","title":{"rendered":"Le Vistiq se joint \u00e0 la famille \u00e9lectrique de GM"},"content":{"rendered":"<\/p>\n<p>Cadillac s\u2019appr\u00eate \u00e0 marquer l\u2019industrie du luxe avec le lancement de son nouveau mod\u00e8le \u00e9lectrique, le <strong>Vistiq 2026<\/strong>, un VUS de trois rang\u00e9es. Pr\u00e9vu pour compl\u00e9ter la gamme \u00e9lectrique de Cadillac, le Vistiq s\u2019ins\u00e8re dans une niche de march\u00e9 encore peu d\u00e9velopp\u00e9e. Avec son arriv\u00e9e, Cadillac propose d\u00e9sormais des versions \u00e9lectriques pour tous ses VUS thermiques, offrant ainsi une alternative moderne pour chaque profil de consommateur.<\/p>\n<h3>Un design inspir\u00e9 de l\u2019Escalade<\/h3>\n<p>\n<strong>Brad Franz<\/strong>, directeur marketing mondial de Cadillac, compare affectueusement le Vistiq \u00e0 un \u00ab petit Escalade \u00bb. Plus accessible que l&#8217;Escalade IQ tout en \u00e9tant imposant, le Vistiq offre une option raffin\u00e9e pour les clients qui souhaitent un SUV spacieux mais moins massif. Avec ses lignes inspir\u00e9es et ses proportions dignes d&#8217;un mod\u00e8le de luxe, le Vistiq veut se d\u00e9marquer comme un choix \u00e9l\u00e9gant et plus abordable.<\/p>\n<h3>Made in USA<\/h3>\n<p>\nCadillac produira le Vistiq \u00e0 Spring Hill, Tennessee, d\u00e8s l\u2019ann\u00e9e prochaine. Aux \u00c9tats-Unis, le prix de lancement est fix\u00e9 \u00e0 <strong>78 790 $ <\/strong>tandis que le prix canadien sera annonc\u00e9 ult\u00e9rieurement. Dans le march\u00e9 des VUS \u00e9lectriques de trois rang\u00e9es, les concurrents directs du Vistiq sont peu nombreux. Il affrontera des mod\u00e8les tels que le Tesla Model X, le Rivian R1S et le Mercedes-Benz EQS VUS. Cadillac voit ce march\u00e9 en pleine croissance comme une opportunit\u00e9 de se positionner en t\u00eate, avant une explosion de la demande dans les ann\u00e9es \u00e0 venir.<\/p>\n<h3>Quatre versions<\/h3>\n<p>\nCadillac proposera le Vistiq en quatre finitions : <strong>Luxury<\/strong>, <strong>Sport<\/strong>, <strong>Premium Luxury<\/strong> et <strong>Platinum<\/strong>. D\u00e8s le lancement, les clients auront le choix entre les trois premiers mod\u00e8les, tandis que la version Platinum arrivera l&#8217;\u00e9t\u00e9 suivant. Chaque finition offre une gamme d&#8217;options sp\u00e9cifiques : les mod\u00e8les de base ont des roues de 21 pouces, tandis que les versions sup\u00e9rieures incluent des roues de 22 pouces et une suspension Air Ride Adaptive.<\/p>\n<h3>Une Puissance \u00c9lectrique Sans Compromis<\/h3>\n<p>\nLe Vistiq est \u00e9quip\u00e9 de la technologie <strong>dual-motor all-wheel drive<\/strong>, g\u00e9n\u00e9rant 615 chevaux et 650 lb-pi de couple. Sa batterie de 102 kWh assure une autonomie estim\u00e9e \u00e0 482 km et offre une recharge rapide permettant de r\u00e9cup\u00e9rer jusqu\u2019\u00e0 130 km d&#8217;autonomie en seulement 10 minutes. La fonction <strong>bidirectionnelle<\/strong> permet au Vistiq de fournir de l\u2019\u00e9nergie \u00e0 une maison \u00e9quip\u00e9e du mat\u00e9riel adapt\u00e9, ajoutant une utilit\u00e9 pr\u00e9cieuse au quotidien.<\/p>\n<h3>Les technologies<\/h3>\n<p>\nLa s\u00e9curit\u00e9 et l\u2019aide \u00e0 la conduite sont au c\u0153ur de la conception du Vistiq. Il inclut le syst\u00e8me <strong>Super Cruise<\/strong> de GM, permettant une conduite mains libres sur certaines routes. D\u2019autres options comme la vision nocturne, qui d\u00e9tecte les obstacles dans l\u2019obscurit\u00e9, sont disponibles sur les mod\u00e8les Premium Luxury et Platinum. Cadillac ajoute \u00e9galement un syst\u00e8me d\u2019infodivertissement de 33 pouces et un syst\u00e8me audio AKG de 23 haut-parleurs.<\/p>\n<h3>Clients plus jeune<\/h3>\n<p>\nCadillac envisage le Vistiq comme un choix id\u00e9al pour les familles modernes. Les acheteurs potentiels se situent dans la tranche des 30 \u00e0 50 ans, recherchant un SUV \u00e0 la fois spacieux et \u00e9l\u00e9gant, mais sans la taille imposante de l&#8217;Escalade. La marque Cadillac a d\u2019ailleurs pr\u00e9vu une campagne marketing d\u00e9di\u00e9e, qui accompagnera le lancement de l\u2019ensemble de sa famille de v\u00e9hicules \u00e9lectriques l\u2019ann\u00e9e prochaine.<\/p>\n<p>Source: GM<\/p>\n<p>Le texte <a rel=\"nofollow\" href=\"https:\/\/annuelauto.ca\/le-vistiq-se-joint-a-la-famille-electrique-de-gm\/\">Le Vistiq se joint \u00e0 la famille \u00e9lectrique de GM<\/a> provient de <a rel=\"nofollow\" href=\"https:\/\/annuelauto.ca\">L&#8217;annuel de l&#8217;automobile &#8211; Actualit\u00e9 automobile<\/a><\/p>\n<p><\/p>\n","protected":false},"excerpt":{"rendered":"<p>Cadillac s\u2019appr\u00eate \u00e0 marquer l\u2019industrie du luxe avec le lancement de son nouveau mod\u00e8le \u00e9lectrique, le Vistiq 2026, un VUS de trois rang\u00e9es. Pr\u00e9vu pour compl\u00e9ter la gamme \u00e9lectrique de Cadillac, le Vistiq s\u2019ins\u00e8re dans une niche de march\u00e9 encore peu d\u00e9velopp\u00e9e. Avec son arriv\u00e9e, Cadillac propose d\u00e9sormais des versions \u00e9lectriques pour tous ses VUS [&hellip;]<\/p>\n","protected":false},"author":8,"featured_media":181480,"comment_status":"close","ping_status":"closed","sticky":false,"template":"","format":"standard","meta":{"_monsterinsights_skip_tracking":false,"_monsterinsights_sitenote_active":false,"_monsterinsights_sitenote_note":"","_monsterinsights_sitenote_category":0,"footnotes":""},"categories":[101],"tags":[],"yoast_head":"<!-- This site is optimized with the Yoast SEO plugin v23.2 - https:\/\/yoast.com\/wordpress\/plugins\/seo\/ -->\n<title>Le Vistiq se joint \u00e0 la famille \u00e9lectrique de GM - CanadaMotorJobs.com<\/title>\n<meta name=\"description\" content=\"Le Vistiq se joint \u00e0 la famille \u00e9lectrique de GM - Benoit Charette - Annuel automobile - CanadaMotorJobs.com.\" \/>\n<meta name=\"robots\" content=\"index, follow, max-snippet:-1, max-image-preview:large, max-video-preview:-1\" \/>\n<meta property=\"og:locale\" content=\"fr_CA\" \/>\n<meta property=\"og:type\" content=\"article\" \/>\n<meta property=\"og:title\" content=\"Le Vistiq se joint \u00e0 la famille \u00e9lectrique de GM - CanadaMotorJobs.com\" \/>\n<meta property=\"og:description\" content=\"Le Vistiq se joint \u00e0 la famille \u00e9lectrique de GM - Benoit Charette - Annuel automobile - CanadaMotorJobs.com.\" \/>\n<meta property=\"og:url\" content=\"https:\/\/news.canadamotorjobs.com\/fr\/le-vistiq-se-joint-a-la-famille-electrique-de-gm\/\" \/>\n<meta property=\"og:site_name\" content=\"CanadaMotorJobs.com\" \/>\n<meta property=\"article:publisher\" content=\"https:\/\/www.facebook.com\/canadamotorjobs\/\" \/>\n<meta property=\"article:published_time\" content=\"2024-11-12T15:17:03+00:00\" \/>\n<meta property=\"article:modified_time\" content=\"2024-11-12T15:28:46+00:00\" \/>\n<meta property=\"og:image\" content=\"https:\/\/news.canadamotorjobs.com\/wp-content\/uploads\/2024\/11\/2026-cadillac-vistiq-01-1024x721-1.jpg\" \/>\n\t<meta property=\"og:image:width\" content=\"1024\" \/>\n\t<meta property=\"og:image:height\" content=\"721\" \/>\n\t<meta property=\"og:image:type\" content=\"image\/jpeg\" \/>\n<meta name=\"author\" content=\"Benoit Charette\" \/>\n<meta name=\"twitter:card\" content=\"summary_large_image\" \/>\n<meta name=\"twitter:creator\" content=\"@canadamotorjobs\" \/>\n<meta name=\"twitter:site\" content=\"@canadamotorjobs\" \/>\n<meta name=\"twitter:label1\" content=\"\u00c9crit par\" \/>\n\t<meta name=\"twitter:data1\" content=\"Benoit Charette\" \/>\n\t<meta name=\"twitter:label2\" content=\"Estimation du temps de lecture\" \/>\n\t<meta name=\"twitter:data2\" content=\"3 minutes\" \/>\n<!-- \/ Yoast SEO plugin. -->","yoast_head_json":{"title":"Le Vistiq se joint \u00e0 la famille \u00e9lectrique de GM - CanadaMotorJobs.com","description":"Le Vistiq se joint \u00e0 la famille \u00e9lectrique de GM - Benoit Charette - Annuel automobile - CanadaMotorJobs.com.","robots":{"index":"index","follow":"follow","max-snippet":"max-snippet:-1","max-image-preview":"max-image-preview:large","max-video-preview":"max-video-preview:-1"},"og_locale":"fr_CA","og_type":"article","og_title":"Le Vistiq se joint \u00e0 la famille \u00e9lectrique de GM - CanadaMotorJobs.com","og_description":"Le Vistiq se joint \u00e0 la famille \u00e9lectrique de GM - Benoit Charette - Annuel automobile - CanadaMotorJobs.com.","og_url":"https:\/\/news.canadamotorjobs.com\/fr\/le-vistiq-se-joint-a-la-famille-electrique-de-gm\/","og_site_name":"CanadaMotorJobs.com","article_publisher":"https:\/\/www.facebook.com\/canadamotorjobs\/","article_published_time":"2024-11-12T15:17:03+00:00","article_modified_time":"2024-11-12T15:28:46+00:00","og_image":[{"width":1024,"height":721,"url":"https:\/\/news.canadamotorjobs.com\/wp-content\/uploads\/2024\/11\/2026-cadillac-vistiq-01-1024x721-1.jpg","type":"image\/jpeg"}],"author":"Benoit Charette","twitter_card":"summary_large_image","twitter_creator":"@canadamotorjobs","twitter_site":"@canadamotorjobs","twitter_misc":{"\u00c9crit par":"Benoit Charette","Estimation du temps de lecture":"3 minutes"},"schema":{"@context":"https:\/\/schema.org","@graph":[{"@type":"Article","@id":"https:\/\/news.canadamotorjobs.com\/fr\/le-vistiq-se-joint-a-la-famille-electrique-de-gm\/#article","isPartOf":{"@id":"https:\/\/news.canadamotorjobs.com\/fr\/le-vistiq-se-joint-a-la-famille-electrique-de-gm\/"},"author":{"name":"Benoit Charette","@id":"https:\/\/news.canadamotorjobs.com\/#\/schema\/person\/51793d1f87d44011d7bcc2ed99269a90"},"headline":"Le Vistiq se joint \u00e0 la famille \u00e9lectrique de GM","datePublished":"2024-11-12T15:17:03+00:00","dateModified":"2024-11-12T15:28:46+00:00","mainEntityOfPage":{"@id":"https:\/\/news.canadamotorjobs.com\/fr\/le-vistiq-se-joint-a-la-famille-electrique-de-gm\/"},"wordCount":588,"publisher":{"@id":"https:\/\/news.canadamotorjobs.com\/#organization"},"image":{"@id":"https:\/\/news.canadamotorjobs.com\/fr\/le-vistiq-se-joint-a-la-famille-electrique-de-gm\/#primaryimage"},"thumbnailUrl":"https:\/\/news.canadamotorjobs.com\/wp-content\/uploads\/2024\/11\/2026-cadillac-vistiq-01-1024x721-1.jpg","articleSection":["Annuel automobile"],"inLanguage":"fr-CA"},{"@type":"WebPage","@id":"https:\/\/news.canadamotorjobs.com\/fr\/le-vistiq-se-joint-a-la-famille-electrique-de-gm\/","url":"https:\/\/news.canadamotorjobs.com\/fr\/le-vistiq-se-joint-a-la-famille-electrique-de-gm\/","name":"Le Vistiq se joint \u00e0 la famille \u00e9lectrique de GM - CanadaMotorJobs.com","isPartOf":{"@id":"https:\/\/news.canadamotorjobs.com\/#website"},"primaryImageOfPage":{"@id":"https:\/\/news.canadamotorjobs.com\/fr\/le-vistiq-se-joint-a-la-famille-electrique-de-gm\/#primaryimage"},"image":{"@id":"https:\/\/news.canadamotorjobs.com\/fr\/le-vistiq-se-joint-a-la-famille-electrique-de-gm\/#primaryimage"},"thumbnailUrl":"https:\/\/news.canadamotorjobs.com\/wp-content\/uploads\/2024\/11\/2026-cadillac-vistiq-01-1024x721-1.jpg","datePublished":"2024-11-12T15:17:03+00:00","dateModified":"2024-11-12T15:28:46+00:00","description":"Le Vistiq se joint \u00e0 la famille \u00e9lectrique de GM - Benoit Charette - Annuel automobile - CanadaMotorJobs.com.","breadcrumb":{"@id":"https:\/\/news.canadamotorjobs.com\/fr\/le-vistiq-se-joint-a-la-famille-electrique-de-gm\/#breadcrumb"},"inLanguage":"fr-CA","potentialAction":[{"@type":"ReadAction","target":["https:\/\/news.canadamotorjobs.com\/fr\/le-vistiq-se-joint-a-la-famille-electrique-de-gm\/"]}]},{"@type":"ImageObject","inLanguage":"fr-CA","@id":"https:\/\/news.canadamotorjobs.com\/fr\/le-vistiq-se-joint-a-la-famille-electrique-de-gm\/#primaryimage","url":"https:\/\/news.canadamotorjobs.com\/wp-content\/uploads\/2024\/11\/2026-cadillac-vistiq-01-1024x721-1.jpg","contentUrl":"https:\/\/news.canadamotorjobs.com\/wp-content\/uploads\/2024\/11\/2026-cadillac-vistiq-01-1024x721-1.jpg","width":1024,"height":721},{"@type":"BreadcrumbList","@id":"https:\/\/news.canadamotorjobs.com\/fr\/le-vistiq-se-joint-a-la-famille-electrique-de-gm\/#breadcrumb","itemListElement":[{"@type":"ListItem","position":1,"name":"Home","item":"https:\/\/news.canadamotorjobs.com\/fr\/blog\/"},{"@type":"ListItem","position":2,"name":"Le Vistiq se joint \u00e0 la famille \u00e9lectrique de GM"}]},{"@type":"WebSite","@id":"https:\/\/news.canadamotorjobs.com\/#website","url":"https:\/\/news.canadamotorjobs.com\/","name":"CanadaMotorJobs.com","description":"Automotive Jobs","publisher":{"@id":"https:\/\/news.canadamotorjobs.com\/#organization"},"potentialAction":[{"@type":"SearchAction","target":{"@type":"EntryPoint","urlTemplate":"https:\/\/news.canadamotorjobs.com\/?s={search_term_string}"},"query-input":"required name=search_term_string"}],"inLanguage":"fr-CA"},{"@type":"Organization","@id":"https:\/\/news.canadamotorjobs.com\/#organization","name":"Canada Motor Jobs","url":"https:\/\/news.canadamotorjobs.com\/","logo":{"@type":"ImageObject","inLanguage":"fr-CA","@id":"https:\/\/news.canadamotorjobs.com\/#\/schema\/logo\/image\/","url":"https:\/\/news.canadamotorjobs.com\/wp-content\/uploads\/2022\/10\/logo-canada-motor-jobs-1.png","contentUrl":"https:\/\/news.canadamotorjobs.com\/wp-content\/uploads\/2022\/10\/logo-canada-motor-jobs-1.png","width":800,"height":400,"caption":"Canada Motor Jobs"},"image":{"@id":"https:\/\/news.canadamotorjobs.com\/#\/schema\/logo\/image\/"},"sameAs":["https:\/\/www.facebook.com\/canadamotorjobs\/","https:\/\/x.com\/canadamotorjobs","https:\/\/www.instagram.com\/canadamotorjobs\/","https:\/\/www.linkedin.com\/company\/canadamotorjobs"]},{"@type":"Person","@id":"https:\/\/news.canadamotorjobs.com\/#\/schema\/person\/51793d1f87d44011d7bcc2ed99269a90","name":"Benoit Charette","image":{"@type":"ImageObject","inLanguage":"fr-CA","@id":"https:\/\/news.canadamotorjobs.com\/#\/schema\/person\/image\/","url":"https:\/\/secure.gravatar.com\/avatar\/45f3d2eebcccd909668d7ce7ea7267b6?s=96&d=mm&r=g","contentUrl":"https:\/\/secure.gravatar.com\/avatar\/45f3d2eebcccd909668d7ce7ea7267b6?s=96&d=mm&r=g","caption":"Benoit Charette"},"description":"Benoit Charette \/ Propri\u00e9taire et r\u00e9dacteur en chef Benoit Charette pratique le journalisme automobile depuis bient\u00f4t 30 ans. Il a fait ses classes au c\u00f4t\u00e9 de Daniel H\u00e9raud et au Carnet de route de 1992 \u00e0 2001. Il est fondateur, copropri\u00e9taire et r\u00e9dacteur en chef de L\u2019Annuel de l\u2019automobile, qu\u2019il publie depuis 2001. Il a anim\u00e9 les \u00e9missions RPM et RPM+ sur V et les L\u00e9gendes de la route sur Historia. \u00c0 la radio depuis 1986, il reprend l\u2019antenne cette ann\u00e9e sur les ondes de Cogeco et participe pour la deuxi\u00e8me ann\u00e9e \u00e0 l\u2019\u00e9mission Passion Auto sur RDS en plus de mettre en ligne le site Web officiel de L\u2019Annuel de l\u2019automobile sur annuelauto.ca.","sameAs":["https:\/\/annuelauto.ca\/"],"url":"https:\/\/news.canadamotorjobs.com\/fr\/author\/benoit-charette\/"}]}},"_links":{"self":[{"href":"https:\/\/news.canadamotorjobs.com\/fr\/wp-json\/wp\/v2\/posts\/181478"}],"collection":[{"href":"https:\/\/news.canadamotorjobs.com\/fr\/wp-json\/wp\/v2\/posts"}],"about":[{"href":"https:\/\/news.canadamotorjobs.com\/fr\/wp-json\/wp\/v2\/types\/post"}],"author":[{"embeddable":true,"href":"https:\/\/news.canadamotorjobs.com\/fr\/wp-json\/wp\/v2\/users\/8"}],"replies":[{"embeddable":true,"href":"https:\/\/news.canadamotorjobs.com\/fr\/wp-json\/wp\/v2\/comments?post=181478"}],"version-history":[{"count":2,"href":"https:\/\/news.canadamotorjobs.com\/fr\/wp-json\/wp\/v2\/posts\/181478\/revisions"}],"predecessor-version":[{"id":181482,"href":"https:\/\/news.canadamotorjobs.com\/fr\/wp-json\/wp\/v2\/posts\/181478\/revisions\/181482"}],"wp:featuredmedia":[{"embeddable":true,"href":"https:\/\/news.canadamotorjobs.com\/fr\/wp-json\/wp\/v2\/media\/181480"}],"wp:attachment":[{"href":"https:\/\/news.canadamotorjobs.com\/fr\/wp-json\/wp\/v2\/media?parent=181478"}],"wp:term":[{"taxonomy":"category","embeddable":true,"href":"https:\/\/news.canadamotorjobs.com\/fr\/wp-json\/wp\/v2\/categories?post=181478"},{"taxonomy":"post_tag","embeddable":true,"href":"https:\/\/news.canadamotorjobs.com\/fr\/wp-json\/wp\/v2\/tags?post=181478"}],"curies":[{"name":"wp","href":"https:\/\/api.w.org\/{rel}","templated":true}]}}