{"id":181430,"date":"2024-11-11T12:08:29","date_gmt":"2024-11-11T17:08:29","guid":{"rendered":"https:\/\/news.canadamotorjobs.com\/?p=181430"},"modified":"2024-11-11T12:14:37","modified_gmt":"2024-11-11T17:14:37","slug":"jaguar-devoile-un-concept-de-vehicule-electrique-a-miami-le-2-decembre","status":"publish","type":"post","link":"https:\/\/news.canadamotorjobs.com\/fr\/jaguar-devoile-un-concept-de-vehicule-electrique-a-miami-le-2-decembre\/","title":{"rendered":"Jaguar d\u00e9voile un concept de v\u00e9hicule \u00e9lectrique \u00e0 Miami le 2 d\u00e9cembre"},"content":{"rendered":"<\/p>\n<p>Jaguar se pr\u00e9pare \u00e0 r\u00e9v\u00e9ler un concept de v\u00e9hicule \u00e9lectrique tr\u00e8s attendu le 2 d\u00e9cembre, lors de la Miami Art Week. Ce mod\u00e8le conceptuel pr\u00e9figurera la premi\u00e8re des trois nouvelles voitures \u00e9lectriques de luxe que la marque entend introduire sur le march\u00e9. L\u2019objectif de Jaguar est de devenir une marque 100 % \u00e9lectrique de haute gamme d&#8217;ici 2025, une strat\u00e9gie audacieuse initi\u00e9e il y a trois ans.<\/p>\n<h4>Trois nouveaux mod\u00e8les EV d\u2019ici 2025<\/h4>\n<p>\nLanc\u00e9 sous la direction de l\u2019ancien PDG Thierry Bollor\u00e9, ce plan de transformation radical verra Jaguar remplacer l&#8217;ensemble de sa gamme actuelle par trois mod\u00e8les \u00e9lectriques exclusifs. Le premier mod\u00e8le de production, inspir\u00e9 du concept pr\u00e9sent\u00e9 \u00e0 Miami, devrait arriver en 2025. Jaguar a d\u00e9j\u00e0 commenc\u00e9 \u00e0 retirer certains de ses v\u00e9hicules des march\u00e9s cl\u00e9s, notamment au Royaume-Uni, afin de faire place aux futurs mod\u00e8les \u00e9lectriques.<\/p>\n<h4>Un grand tourer \u00e9lectrique de luxe en t\u00eate d&#8217;affiche<\/h4>\n<p>\nLe premier mod\u00e8le EV de la nouvelle g\u00e9n\u00e9ration sera un grand tourer (GT) quatre portes, propos\u00e9 \u00e0 partir de 100 000 livres (environ 189 000 $). Il sera bas\u00e9 sur une plateforme EV d\u00e9di\u00e9e, le JEA (Jaguar Electrified Architecture), qui int\u00e9grera un connecteur NACS pour les mod\u00e8les destin\u00e9s \u00e0 l\u2019Am\u00e9rique du Nord. Ce GT, qui promet une autonomie d&#8217;environ 500 km, sera le v\u00e9hicule de route le plus puissant jamais con\u00e7u par Jaguar.<\/p>\n<h4>Une plateforme d\u00e9di\u00e9e pour d\u00e9marquer Jaguar de Land Rover<\/h4>\n<p>\nBien que la production de ce mod\u00e8le soit assur\u00e9e dans l&#8217;usine de Solihull au Royaume-Uni, o\u00f9 les mod\u00e8les Range Rover sont \u00e9galement fabriqu\u00e9s, Jaguar souhaite diff\u00e9rencier sa gamme de celle de Land Rover gr\u00e2ce \u00e0 cette nouvelle plateforme. Outre le GT, Jaguar pr\u00e9voit \u00e9galement un mod\u00e8le sedan de luxe pour remplacer la XJ et un VUS de taille moyenne, qui viendrait concurrencer des mod\u00e8les comme le Bentley Bentayga et le Range Rover \u00e9lectrique.<\/p>\n<p>Avec des renseignements de Motor Authority<\/p>\n<p>Le texte <a rel=\"nofollow\" href=\"https:\/\/annuelauto.ca\/jaguar-concept-electrique-miami-art-week\/\">Jaguar d\u00e9voile un concept de v\u00e9hicule \u00e9lectrique \u00e0 Miami le 2 d\u00e9cembre<\/a> provient de <a rel=\"nofollow\" href=\"https:\/\/annuelauto.ca\">L&#8217;annuel de l&#8217;automobile &#8211; Actualit\u00e9 automobile<\/a><\/p>\n<p><\/p>\n","protected":false},"excerpt":{"rendered":"<p>Jaguar se pr\u00e9pare \u00e0 r\u00e9v\u00e9ler un concept de v\u00e9hicule \u00e9lectrique tr\u00e8s attendu le 2 d\u00e9cembre, lors de la Miami Art Week. Ce mod\u00e8le conceptuel pr\u00e9figurera la premi\u00e8re des trois nouvelles voitures \u00e9lectriques de luxe que la marque entend introduire sur le march\u00e9. L\u2019objectif de Jaguar est de devenir une marque 100 % \u00e9lectrique de haute [&hellip;]<\/p>\n","protected":false},"author":8,"featured_media":181432,"comment_status":"close","ping_status":"closed","sticky":false,"template":"","format":"standard","meta":{"_monsterinsights_skip_tracking":false,"_monsterinsights_sitenote_active":false,"_monsterinsights_sitenote_note":"","_monsterinsights_sitenote_category":0,"footnotes":""},"categories":[101],"tags":[],"yoast_head":"<!-- This site is optimized with the Yoast SEO plugin v23.2 - https:\/\/yoast.com\/wordpress\/plugins\/seo\/ -->\n<title>Jaguar d\u00e9voile un concept de v\u00e9hicule \u00e9lectrique \u00e0 Miami le 2 d\u00e9cembre - CanadaMotorJobs.com<\/title>\n<meta name=\"description\" content=\"Jaguar d\u00e9voile un concept de v\u00e9hicule \u00e9lectrique \u00e0 Miami le 2 d\u00e9cembre - Benoit Charette - Annuel automobile - CanadaMotorJobs.com.\" \/>\n<meta name=\"robots\" content=\"index, follow, max-snippet:-1, max-image-preview:large, max-video-preview:-1\" \/>\n<meta property=\"og:locale\" content=\"fr_CA\" \/>\n<meta property=\"og:type\" content=\"article\" \/>\n<meta property=\"og:title\" content=\"Jaguar d\u00e9voile un concept de v\u00e9hicule \u00e9lectrique \u00e0 Miami le 2 d\u00e9cembre - CanadaMotorJobs.com\" \/>\n<meta property=\"og:description\" content=\"Jaguar d\u00e9voile un concept de v\u00e9hicule \u00e9lectrique \u00e0 Miami le 2 d\u00e9cembre - Benoit Charette - Annuel automobile - CanadaMotorJobs.com.\" \/>\n<meta property=\"og:url\" content=\"https:\/\/news.canadamotorjobs.com\/fr\/jaguar-devoile-un-concept-de-vehicule-electrique-a-miami-le-2-decembre\/\" \/>\n<meta property=\"og:site_name\" content=\"CanadaMotorJobs.com\" \/>\n<meta property=\"article:publisher\" content=\"https:\/\/www.facebook.com\/canadamotorjobs\/\" \/>\n<meta property=\"article:published_time\" content=\"2024-11-11T17:08:29+00:00\" \/>\n<meta property=\"article:modified_time\" content=\"2024-11-11T17:14:37+00:00\" \/>\n<meta property=\"og:image\" content=\"https:\/\/news.canadamotorjobs.com\/wp-content\/uploads\/2024\/11\/maxresdefault.jpg\" \/>\n\t<meta property=\"og:image:width\" content=\"1280\" \/>\n\t<meta property=\"og:image:height\" content=\"720\" \/>\n\t<meta property=\"og:image:type\" content=\"image\/jpeg\" \/>\n<meta name=\"author\" content=\"Benoit Charette\" \/>\n<meta name=\"twitter:card\" content=\"summary_large_image\" \/>\n<meta name=\"twitter:creator\" content=\"@canadamotorjobs\" \/>\n<meta name=\"twitter:site\" content=\"@canadamotorjobs\" \/>\n<meta name=\"twitter:label1\" content=\"\u00c9crit par\" \/>\n\t<meta name=\"twitter:data1\" content=\"Benoit Charette\" \/>\n\t<meta name=\"twitter:label2\" content=\"Estimation du temps de lecture\" \/>\n\t<meta name=\"twitter:data2\" content=\"2 minutes\" \/>\n<!-- \/ Yoast SEO plugin. -->","yoast_head_json":{"title":"Jaguar d\u00e9voile un concept de v\u00e9hicule \u00e9lectrique \u00e0 Miami le 2 d\u00e9cembre - CanadaMotorJobs.com","description":"Jaguar d\u00e9voile un concept de v\u00e9hicule \u00e9lectrique \u00e0 Miami le 2 d\u00e9cembre - Benoit Charette - Annuel automobile - CanadaMotorJobs.com.","robots":{"index":"index","follow":"follow","max-snippet":"max-snippet:-1","max-image-preview":"max-image-preview:large","max-video-preview":"max-video-preview:-1"},"og_locale":"fr_CA","og_type":"article","og_title":"Jaguar d\u00e9voile un concept de v\u00e9hicule \u00e9lectrique \u00e0 Miami le 2 d\u00e9cembre - CanadaMotorJobs.com","og_description":"Jaguar d\u00e9voile un concept de v\u00e9hicule \u00e9lectrique \u00e0 Miami le 2 d\u00e9cembre - Benoit Charette - Annuel automobile - CanadaMotorJobs.com.","og_url":"https:\/\/news.canadamotorjobs.com\/fr\/jaguar-devoile-un-concept-de-vehicule-electrique-a-miami-le-2-decembre\/","og_site_name":"CanadaMotorJobs.com","article_publisher":"https:\/\/www.facebook.com\/canadamotorjobs\/","article_published_time":"2024-11-11T17:08:29+00:00","article_modified_time":"2024-11-11T17:14:37+00:00","og_image":[{"width":1280,"height":720,"url":"https:\/\/news.canadamotorjobs.com\/wp-content\/uploads\/2024\/11\/maxresdefault.jpg","type":"image\/jpeg"}],"author":"Benoit Charette","twitter_card":"summary_large_image","twitter_creator":"@canadamotorjobs","twitter_site":"@canadamotorjobs","twitter_misc":{"\u00c9crit par":"Benoit Charette","Estimation du temps de lecture":"2 minutes"},"schema":{"@context":"https:\/\/schema.org","@graph":[{"@type":"Article","@id":"https:\/\/news.canadamotorjobs.com\/fr\/jaguar-devoile-un-concept-de-vehicule-electrique-a-miami-le-2-decembre\/#article","isPartOf":{"@id":"https:\/\/news.canadamotorjobs.com\/fr\/jaguar-devoile-un-concept-de-vehicule-electrique-a-miami-le-2-decembre\/"},"author":{"name":"Benoit Charette","@id":"https:\/\/news.canadamotorjobs.com\/#\/schema\/person\/51793d1f87d44011d7bcc2ed99269a90"},"headline":"Jaguar d\u00e9voile un concept de v\u00e9hicule \u00e9lectrique \u00e0 Miami le 2 d\u00e9cembre","datePublished":"2024-11-11T17:08:29+00:00","dateModified":"2024-11-11T17:14:37+00:00","mainEntityOfPage":{"@id":"https:\/\/news.canadamotorjobs.com\/fr\/jaguar-devoile-un-concept-de-vehicule-electrique-a-miami-le-2-decembre\/"},"wordCount":381,"publisher":{"@id":"https:\/\/news.canadamotorjobs.com\/#organization"},"image":{"@id":"https:\/\/news.canadamotorjobs.com\/fr\/jaguar-devoile-un-concept-de-vehicule-electrique-a-miami-le-2-decembre\/#primaryimage"},"thumbnailUrl":"https:\/\/news.canadamotorjobs.com\/wp-content\/uploads\/2024\/11\/maxresdefault.jpg","articleSection":["Annuel automobile"],"inLanguage":"fr-CA"},{"@type":"WebPage","@id":"https:\/\/news.canadamotorjobs.com\/fr\/jaguar-devoile-un-concept-de-vehicule-electrique-a-miami-le-2-decembre\/","url":"https:\/\/news.canadamotorjobs.com\/fr\/jaguar-devoile-un-concept-de-vehicule-electrique-a-miami-le-2-decembre\/","name":"Jaguar d\u00e9voile un concept de v\u00e9hicule \u00e9lectrique \u00e0 Miami le 2 d\u00e9cembre - CanadaMotorJobs.com","isPartOf":{"@id":"https:\/\/news.canadamotorjobs.com\/#website"},"primaryImageOfPage":{"@id":"https:\/\/news.canadamotorjobs.com\/fr\/jaguar-devoile-un-concept-de-vehicule-electrique-a-miami-le-2-decembre\/#primaryimage"},"image":{"@id":"https:\/\/news.canadamotorjobs.com\/fr\/jaguar-devoile-un-concept-de-vehicule-electrique-a-miami-le-2-decembre\/#primaryimage"},"thumbnailUrl":"https:\/\/news.canadamotorjobs.com\/wp-content\/uploads\/2024\/11\/maxresdefault.jpg","datePublished":"2024-11-11T17:08:29+00:00","dateModified":"2024-11-11T17:14:37+00:00","description":"Jaguar d\u00e9voile un concept de v\u00e9hicule \u00e9lectrique \u00e0 Miami le 2 d\u00e9cembre - Benoit Charette - Annuel automobile - CanadaMotorJobs.com.","breadcrumb":{"@id":"https:\/\/news.canadamotorjobs.com\/fr\/jaguar-devoile-un-concept-de-vehicule-electrique-a-miami-le-2-decembre\/#breadcrumb"},"inLanguage":"fr-CA","potentialAction":[{"@type":"ReadAction","target":["https:\/\/news.canadamotorjobs.com\/fr\/jaguar-devoile-un-concept-de-vehicule-electrique-a-miami-le-2-decembre\/"]}]},{"@type":"ImageObject","inLanguage":"fr-CA","@id":"https:\/\/news.canadamotorjobs.com\/fr\/jaguar-devoile-un-concept-de-vehicule-electrique-a-miami-le-2-decembre\/#primaryimage","url":"https:\/\/news.canadamotorjobs.com\/wp-content\/uploads\/2024\/11\/maxresdefault.jpg","contentUrl":"https:\/\/news.canadamotorjobs.com\/wp-content\/uploads\/2024\/11\/maxresdefault.jpg","width":1280,"height":720},{"@type":"BreadcrumbList","@id":"https:\/\/news.canadamotorjobs.com\/fr\/jaguar-devoile-un-concept-de-vehicule-electrique-a-miami-le-2-decembre\/#breadcrumb","itemListElement":[{"@type":"ListItem","position":1,"name":"Home","item":"https:\/\/news.canadamotorjobs.com\/fr\/blog\/"},{"@type":"ListItem","position":2,"name":"Jaguar d\u00e9voile un concept de v\u00e9hicule \u00e9lectrique \u00e0 Miami le 2 d\u00e9cembre"}]},{"@type":"WebSite","@id":"https:\/\/news.canadamotorjobs.com\/#website","url":"https:\/\/news.canadamotorjobs.com\/","name":"CanadaMotorJobs.com","description":"Automotive Jobs","publisher":{"@id":"https:\/\/news.canadamotorjobs.com\/#organization"},"potentialAction":[{"@type":"SearchAction","target":{"@type":"EntryPoint","urlTemplate":"https:\/\/news.canadamotorjobs.com\/?s={search_term_string}"},"query-input":"required name=search_term_string"}],"inLanguage":"fr-CA"},{"@type":"Organization","@id":"https:\/\/news.canadamotorjobs.com\/#organization","name":"Canada Motor Jobs","url":"https:\/\/news.canadamotorjobs.com\/","logo":{"@type":"ImageObject","inLanguage":"fr-CA","@id":"https:\/\/news.canadamotorjobs.com\/#\/schema\/logo\/image\/","url":"https:\/\/news.canadamotorjobs.com\/wp-content\/uploads\/2022\/10\/logo-canada-motor-jobs-1.png","contentUrl":"https:\/\/news.canadamotorjobs.com\/wp-content\/uploads\/2022\/10\/logo-canada-motor-jobs-1.png","width":800,"height":400,"caption":"Canada Motor Jobs"},"image":{"@id":"https:\/\/news.canadamotorjobs.com\/#\/schema\/logo\/image\/"},"sameAs":["https:\/\/www.facebook.com\/canadamotorjobs\/","https:\/\/x.com\/canadamotorjobs","https:\/\/www.instagram.com\/canadamotorjobs\/","https:\/\/www.linkedin.com\/company\/canadamotorjobs"]},{"@type":"Person","@id":"https:\/\/news.canadamotorjobs.com\/#\/schema\/person\/51793d1f87d44011d7bcc2ed99269a90","name":"Benoit Charette","image":{"@type":"ImageObject","inLanguage":"fr-CA","@id":"https:\/\/news.canadamotorjobs.com\/#\/schema\/person\/image\/","url":"https:\/\/secure.gravatar.com\/avatar\/45f3d2eebcccd909668d7ce7ea7267b6?s=96&d=mm&r=g","contentUrl":"https:\/\/secure.gravatar.com\/avatar\/45f3d2eebcccd909668d7ce7ea7267b6?s=96&d=mm&r=g","caption":"Benoit Charette"},"description":"Benoit Charette \/ Propri\u00e9taire et r\u00e9dacteur en chef Benoit Charette pratique le journalisme automobile depuis bient\u00f4t 30 ans. Il a fait ses classes au c\u00f4t\u00e9 de Daniel H\u00e9raud et au Carnet de route de 1992 \u00e0 2001. Il est fondateur, copropri\u00e9taire et r\u00e9dacteur en chef de L\u2019Annuel de l\u2019automobile, qu\u2019il publie depuis 2001. Il a anim\u00e9 les \u00e9missions RPM et RPM+ sur V et les L\u00e9gendes de la route sur Historia. \u00c0 la radio depuis 1986, il reprend l\u2019antenne cette ann\u00e9e sur les ondes de Cogeco et participe pour la deuxi\u00e8me ann\u00e9e \u00e0 l\u2019\u00e9mission Passion Auto sur RDS en plus de mettre en ligne le site Web officiel de L\u2019Annuel de l\u2019automobile sur annuelauto.ca.","sameAs":["https:\/\/annuelauto.ca\/"],"url":"https:\/\/news.canadamotorjobs.com\/fr\/author\/benoit-charette\/"}]}},"_links":{"self":[{"href":"https:\/\/news.canadamotorjobs.com\/fr\/wp-json\/wp\/v2\/posts\/181430"}],"collection":[{"href":"https:\/\/news.canadamotorjobs.com\/fr\/wp-json\/wp\/v2\/posts"}],"about":[{"href":"https:\/\/news.canadamotorjobs.com\/fr\/wp-json\/wp\/v2\/types\/post"}],"author":[{"embeddable":true,"href":"https:\/\/news.canadamotorjobs.com\/fr\/wp-json\/wp\/v2\/users\/8"}],"replies":[{"embeddable":true,"href":"https:\/\/news.canadamotorjobs.com\/fr\/wp-json\/wp\/v2\/comments?post=181430"}],"version-history":[{"count":2,"href":"https:\/\/news.canadamotorjobs.com\/fr\/wp-json\/wp\/v2\/posts\/181430\/revisions"}],"predecessor-version":[{"id":181434,"href":"https:\/\/news.canadamotorjobs.com\/fr\/wp-json\/wp\/v2\/posts\/181430\/revisions\/181434"}],"wp:featuredmedia":[{"embeddable":true,"href":"https:\/\/news.canadamotorjobs.com\/fr\/wp-json\/wp\/v2\/media\/181432"}],"wp:attachment":[{"href":"https:\/\/news.canadamotorjobs.com\/fr\/wp-json\/wp\/v2\/media?parent=181430"}],"wp:term":[{"taxonomy":"category","embeddable":true,"href":"https:\/\/news.canadamotorjobs.com\/fr\/wp-json\/wp\/v2\/categories?post=181430"},{"taxonomy":"post_tag","embeddable":true,"href":"https:\/\/news.canadamotorjobs.com\/fr\/wp-json\/wp\/v2\/tags?post=181430"}],"curies":[{"name":"wp","href":"https:\/\/api.w.org\/{rel}","templated":true}]}}