{"id":181380,"date":"2024-11-11T10:45:42","date_gmt":"2024-11-11T15:45:42","guid":{"rendered":"https:\/\/news.canadamotorjobs.com\/?p=181380"},"modified":"2024-11-11T10:59:13","modified_gmt":"2024-11-11T15:59:13","slug":"le-responsable-des-investissements-chez-volks-quitte-northvolt","status":"publish","type":"post","link":"https:\/\/news.canadamotorjobs.com\/fr\/le-responsable-des-investissements-chez-volks-quitte-northvolt\/","title":{"rendered":"Le responsable des investissements chez Volks quitte Northvolt"},"content":{"rendered":"<\/p>\n<p>Volkswagen, le g\u00e9ant allemand de l&#8217;automobile et principal actionnaire de Northvolt avec 21 % des parts, voit l&#8217;un de ses hauts dirigeants quitter le conseil d&#8217;administration du fabricant su\u00e9dois de batteries. Selon le quotidien <em>Dagens Industri<\/em>, Sven Fuhrmann, responsable des investissements chez Volkswagen, a annonc\u00e9 son d\u00e9part, d\u2019apr\u00e8s les informations issues du registre des entreprises en Su\u00e8de.<\/p>\n<h3>Probl\u00e8mes de financement et de production chez Northvolt<\/h3>\n<p>\nNorthvolt, souvent pr\u00e9sent\u00e9 comme l\u2019espoir europ\u00e9en pour la production de batteries de v\u00e9hicules \u00e9lectriques, traverse une p\u00e9riode difficile. L\u2019entreprise est contrainte de r\u00e9duire ses effectifs et de simplifier ses op\u00e9rations, en raison de probl\u00e8mes de production, de la perte d\u2019un important contrat client, et de difficult\u00e9s \u00e0 mobiliser les financements n\u00e9cessaires pour maintenir son activit\u00e9 \u00e0 flot.<\/p>\n<h3>Pourquoi cela pourrait poser probl\u00e8me pour l\u2019usine qu\u00e9b\u00e9coise de Northvolt<\/h3>\n<p>\nL\u2019usine de batteries pr\u00e9vue au Qu\u00e9bec pourrait se retrouver en difficult\u00e9 face \u00e0 cette situation. La d\u00e9pendance de Northvolt \u00e0 ses financements europ\u00e9ens, combin\u00e9e aux turbulences actuelles de l\u2019entreprise, soul\u00e8ve des questions sur la stabilit\u00e9 des investissements n\u00e9cessaires pour r\u00e9aliser ce projet au Canada. Le d\u00e9part de Sven Fuhrmann, un acteur influent dans la strat\u00e9gie d\u2019investissement de Northvolt, pourrait \u00e9galement \u00e9branler la confiance des investisseurs dans le d\u00e9veloppement de l&#8217;usine au Qu\u00e9bec.<\/p>\n<h3>L&#8217;impact potentiel sur l&#8217;industrie canadienne<\/h3>\n<p>\nPour le Qu\u00e9bec, l&#8217;arriv\u00e9e de Northvolt repr\u00e9sentait une avanc\u00e9e majeure dans le secteur des batteries \u00e9lectriques, avec des retomb\u00e9es \u00e9conomiques importantes et un renforcement de la cha\u00eene d&#8217;approvisionnement locale. Cependant, si Northvolt peine \u00e0 stabiliser ses finances et \u00e0 assurer son d\u00e9veloppement en Europe, l\u2019avenir de l&#8217;usine qu\u00e9b\u00e9coise pourrait \u00eatre compromis, retardant ainsi l\u2019essor de l&#8217;industrie des batteries en Am\u00e9rique du Nord.<\/p>\n<h3>Avec des renseignements de Reuters<\/h3>\n<p>\n\u00a0<\/p>\n<p>Le texte <a rel=\"nofollow\" href=\"https:\/\/annuelauto.ca\/responsable-des-investissements-chez-volks-quitte-northvolt\/\">Le responsable des investissements chez Volks quitte Northvolt<\/a> provient de <a rel=\"nofollow\" href=\"https:\/\/annuelauto.ca\">L&#8217;annuel de l&#8217;automobile &#8211; Actualit\u00e9 automobile<\/a><\/p>\n<p><\/p>\n","protected":false},"excerpt":{"rendered":"<p>Volkswagen, le g\u00e9ant allemand de l&#8217;automobile et principal actionnaire de Northvolt avec 21 % des parts, voit l&#8217;un de ses hauts dirigeants quitter le conseil d&#8217;administration du fabricant su\u00e9dois de batteries. Selon le quotidien Dagens Industri, Sven Fuhrmann, responsable des investissements chez Volkswagen, a annonc\u00e9 son d\u00e9part, d\u2019apr\u00e8s les informations issues du registre des entreprises [&hellip;]<\/p>\n","protected":false},"author":8,"featured_media":181382,"comment_status":"close","ping_status":"closed","sticky":false,"template":"","format":"standard","meta":{"_monsterinsights_skip_tracking":false,"_monsterinsights_sitenote_active":false,"_monsterinsights_sitenote_note":"","_monsterinsights_sitenote_category":0,"footnotes":""},"categories":[101],"tags":[],"yoast_head":"<!-- This site is optimized with the Yoast SEO plugin v23.2 - https:\/\/yoast.com\/wordpress\/plugins\/seo\/ -->\n<title>Le responsable des investissements chez Volks quitte Northvolt - CanadaMotorJobs.com<\/title>\n<meta name=\"description\" content=\"Le responsable des investissements chez Volks quitte Northvolt - Benoit Charette - Annuel automobile - CanadaMotorJobs.com.\" \/>\n<meta name=\"robots\" content=\"index, follow, max-snippet:-1, max-image-preview:large, max-video-preview:-1\" \/>\n<meta property=\"og:locale\" content=\"fr_CA\" \/>\n<meta property=\"og:type\" content=\"article\" \/>\n<meta property=\"og:title\" content=\"Le responsable des investissements chez Volks quitte Northvolt - CanadaMotorJobs.com\" \/>\n<meta property=\"og:description\" content=\"Le responsable des investissements chez Volks quitte Northvolt - Benoit Charette - Annuel automobile - CanadaMotorJobs.com.\" \/>\n<meta property=\"og:url\" content=\"https:\/\/news.canadamotorjobs.com\/fr\/le-responsable-des-investissements-chez-volks-quitte-northvolt\/\" \/>\n<meta property=\"og:site_name\" content=\"CanadaMotorJobs.com\" \/>\n<meta property=\"article:publisher\" content=\"https:\/\/www.facebook.com\/canadamotorjobs\/\" \/>\n<meta property=\"article:published_time\" content=\"2024-11-11T15:45:42+00:00\" \/>\n<meta property=\"article:modified_time\" content=\"2024-11-11T15:59:13+00:00\" \/>\n<meta property=\"og:image\" content=\"https:\/\/news.canadamotorjobs.com\/wp-content\/uploads\/2024\/11\/Northvolt-Labs_NY.jpg\" \/>\n\t<meta property=\"og:image:width\" content=\"2096\" \/>\n\t<meta property=\"og:image:height\" content=\"1178\" \/>\n\t<meta property=\"og:image:type\" content=\"image\/jpeg\" \/>\n<meta name=\"author\" content=\"Benoit Charette\" \/>\n<meta name=\"twitter:card\" content=\"summary_large_image\" \/>\n<meta name=\"twitter:creator\" content=\"@canadamotorjobs\" \/>\n<meta name=\"twitter:site\" content=\"@canadamotorjobs\" \/>\n<meta name=\"twitter:label1\" content=\"\u00c9crit par\" \/>\n\t<meta name=\"twitter:data1\" content=\"Benoit Charette\" \/>\n\t<meta name=\"twitter:label2\" content=\"Estimation du temps de lecture\" \/>\n\t<meta name=\"twitter:data2\" content=\"2 minutes\" \/>\n<!-- \/ Yoast SEO plugin. -->","yoast_head_json":{"title":"Le responsable des investissements chez Volks quitte Northvolt - CanadaMotorJobs.com","description":"Le responsable des investissements chez Volks quitte Northvolt - Benoit Charette - Annuel automobile - CanadaMotorJobs.com.","robots":{"index":"index","follow":"follow","max-snippet":"max-snippet:-1","max-image-preview":"max-image-preview:large","max-video-preview":"max-video-preview:-1"},"og_locale":"fr_CA","og_type":"article","og_title":"Le responsable des investissements chez Volks quitte Northvolt - CanadaMotorJobs.com","og_description":"Le responsable des investissements chez Volks quitte Northvolt - Benoit Charette - Annuel automobile - CanadaMotorJobs.com.","og_url":"https:\/\/news.canadamotorjobs.com\/fr\/le-responsable-des-investissements-chez-volks-quitte-northvolt\/","og_site_name":"CanadaMotorJobs.com","article_publisher":"https:\/\/www.facebook.com\/canadamotorjobs\/","article_published_time":"2024-11-11T15:45:42+00:00","article_modified_time":"2024-11-11T15:59:13+00:00","og_image":[{"width":2096,"height":1178,"url":"https:\/\/news.canadamotorjobs.com\/wp-content\/uploads\/2024\/11\/Northvolt-Labs_NY.jpg","type":"image\/jpeg"}],"author":"Benoit Charette","twitter_card":"summary_large_image","twitter_creator":"@canadamotorjobs","twitter_site":"@canadamotorjobs","twitter_misc":{"\u00c9crit par":"Benoit Charette","Estimation du temps de lecture":"2 minutes"},"schema":{"@context":"https:\/\/schema.org","@graph":[{"@type":"Article","@id":"https:\/\/news.canadamotorjobs.com\/fr\/le-responsable-des-investissements-chez-volks-quitte-northvolt\/#article","isPartOf":{"@id":"https:\/\/news.canadamotorjobs.com\/fr\/le-responsable-des-investissements-chez-volks-quitte-northvolt\/"},"author":{"name":"Benoit Charette","@id":"https:\/\/news.canadamotorjobs.com\/#\/schema\/person\/51793d1f87d44011d7bcc2ed99269a90"},"headline":"Le responsable des investissements chez Volks quitte Northvolt","datePublished":"2024-11-11T15:45:42+00:00","dateModified":"2024-11-11T15:59:13+00:00","mainEntityOfPage":{"@id":"https:\/\/news.canadamotorjobs.com\/fr\/le-responsable-des-investissements-chez-volks-quitte-northvolt\/"},"wordCount":356,"publisher":{"@id":"https:\/\/news.canadamotorjobs.com\/#organization"},"image":{"@id":"https:\/\/news.canadamotorjobs.com\/fr\/le-responsable-des-investissements-chez-volks-quitte-northvolt\/#primaryimage"},"thumbnailUrl":"https:\/\/news.canadamotorjobs.com\/wp-content\/uploads\/2024\/11\/Northvolt-Labs_NY.jpg","articleSection":["Annuel automobile"],"inLanguage":"fr-CA"},{"@type":"WebPage","@id":"https:\/\/news.canadamotorjobs.com\/fr\/le-responsable-des-investissements-chez-volks-quitte-northvolt\/","url":"https:\/\/news.canadamotorjobs.com\/fr\/le-responsable-des-investissements-chez-volks-quitte-northvolt\/","name":"Le responsable des investissements chez Volks quitte Northvolt - CanadaMotorJobs.com","isPartOf":{"@id":"https:\/\/news.canadamotorjobs.com\/#website"},"primaryImageOfPage":{"@id":"https:\/\/news.canadamotorjobs.com\/fr\/le-responsable-des-investissements-chez-volks-quitte-northvolt\/#primaryimage"},"image":{"@id":"https:\/\/news.canadamotorjobs.com\/fr\/le-responsable-des-investissements-chez-volks-quitte-northvolt\/#primaryimage"},"thumbnailUrl":"https:\/\/news.canadamotorjobs.com\/wp-content\/uploads\/2024\/11\/Northvolt-Labs_NY.jpg","datePublished":"2024-11-11T15:45:42+00:00","dateModified":"2024-11-11T15:59:13+00:00","description":"Le responsable des investissements chez Volks quitte Northvolt - Benoit Charette - Annuel automobile - CanadaMotorJobs.com.","breadcrumb":{"@id":"https:\/\/news.canadamotorjobs.com\/fr\/le-responsable-des-investissements-chez-volks-quitte-northvolt\/#breadcrumb"},"inLanguage":"fr-CA","potentialAction":[{"@type":"ReadAction","target":["https:\/\/news.canadamotorjobs.com\/fr\/le-responsable-des-investissements-chez-volks-quitte-northvolt\/"]}]},{"@type":"ImageObject","inLanguage":"fr-CA","@id":"https:\/\/news.canadamotorjobs.com\/fr\/le-responsable-des-investissements-chez-volks-quitte-northvolt\/#primaryimage","url":"https:\/\/news.canadamotorjobs.com\/wp-content\/uploads\/2024\/11\/Northvolt-Labs_NY.jpg","contentUrl":"https:\/\/news.canadamotorjobs.com\/wp-content\/uploads\/2024\/11\/Northvolt-Labs_NY.jpg","width":2096,"height":1178},{"@type":"BreadcrumbList","@id":"https:\/\/news.canadamotorjobs.com\/fr\/le-responsable-des-investissements-chez-volks-quitte-northvolt\/#breadcrumb","itemListElement":[{"@type":"ListItem","position":1,"name":"Home","item":"https:\/\/news.canadamotorjobs.com\/fr\/blog\/"},{"@type":"ListItem","position":2,"name":"Le responsable des investissements chez Volks quitte Northvolt"}]},{"@type":"WebSite","@id":"https:\/\/news.canadamotorjobs.com\/#website","url":"https:\/\/news.canadamotorjobs.com\/","name":"CanadaMotorJobs.com","description":"Automotive Jobs","publisher":{"@id":"https:\/\/news.canadamotorjobs.com\/#organization"},"potentialAction":[{"@type":"SearchAction","target":{"@type":"EntryPoint","urlTemplate":"https:\/\/news.canadamotorjobs.com\/?s={search_term_string}"},"query-input":"required name=search_term_string"}],"inLanguage":"fr-CA"},{"@type":"Organization","@id":"https:\/\/news.canadamotorjobs.com\/#organization","name":"Canada Motor Jobs","url":"https:\/\/news.canadamotorjobs.com\/","logo":{"@type":"ImageObject","inLanguage":"fr-CA","@id":"https:\/\/news.canadamotorjobs.com\/#\/schema\/logo\/image\/","url":"https:\/\/news.canadamotorjobs.com\/wp-content\/uploads\/2022\/10\/logo-canada-motor-jobs-1.png","contentUrl":"https:\/\/news.canadamotorjobs.com\/wp-content\/uploads\/2022\/10\/logo-canada-motor-jobs-1.png","width":800,"height":400,"caption":"Canada Motor Jobs"},"image":{"@id":"https:\/\/news.canadamotorjobs.com\/#\/schema\/logo\/image\/"},"sameAs":["https:\/\/www.facebook.com\/canadamotorjobs\/","https:\/\/x.com\/canadamotorjobs","https:\/\/www.instagram.com\/canadamotorjobs\/","https:\/\/www.linkedin.com\/company\/canadamotorjobs"]},{"@type":"Person","@id":"https:\/\/news.canadamotorjobs.com\/#\/schema\/person\/51793d1f87d44011d7bcc2ed99269a90","name":"Benoit Charette","image":{"@type":"ImageObject","inLanguage":"fr-CA","@id":"https:\/\/news.canadamotorjobs.com\/#\/schema\/person\/image\/","url":"https:\/\/secure.gravatar.com\/avatar\/45f3d2eebcccd909668d7ce7ea7267b6?s=96&d=mm&r=g","contentUrl":"https:\/\/secure.gravatar.com\/avatar\/45f3d2eebcccd909668d7ce7ea7267b6?s=96&d=mm&r=g","caption":"Benoit Charette"},"description":"Benoit Charette \/ Propri\u00e9taire et r\u00e9dacteur en chef Benoit Charette pratique le journalisme automobile depuis bient\u00f4t 30 ans. Il a fait ses classes au c\u00f4t\u00e9 de Daniel H\u00e9raud et au Carnet de route de 1992 \u00e0 2001. Il est fondateur, copropri\u00e9taire et r\u00e9dacteur en chef de L\u2019Annuel de l\u2019automobile, qu\u2019il publie depuis 2001. Il a anim\u00e9 les \u00e9missions RPM et RPM+ sur V et les L\u00e9gendes de la route sur Historia. \u00c0 la radio depuis 1986, il reprend l\u2019antenne cette ann\u00e9e sur les ondes de Cogeco et participe pour la deuxi\u00e8me ann\u00e9e \u00e0 l\u2019\u00e9mission Passion Auto sur RDS en plus de mettre en ligne le site Web officiel de L\u2019Annuel de l\u2019automobile sur annuelauto.ca.","sameAs":["https:\/\/annuelauto.ca\/"],"url":"https:\/\/news.canadamotorjobs.com\/fr\/author\/benoit-charette\/"}]}},"_links":{"self":[{"href":"https:\/\/news.canadamotorjobs.com\/fr\/wp-json\/wp\/v2\/posts\/181380"}],"collection":[{"href":"https:\/\/news.canadamotorjobs.com\/fr\/wp-json\/wp\/v2\/posts"}],"about":[{"href":"https:\/\/news.canadamotorjobs.com\/fr\/wp-json\/wp\/v2\/types\/post"}],"author":[{"embeddable":true,"href":"https:\/\/news.canadamotorjobs.com\/fr\/wp-json\/wp\/v2\/users\/8"}],"replies":[{"embeddable":true,"href":"https:\/\/news.canadamotorjobs.com\/fr\/wp-json\/wp\/v2\/comments?post=181380"}],"version-history":[{"count":2,"href":"https:\/\/news.canadamotorjobs.com\/fr\/wp-json\/wp\/v2\/posts\/181380\/revisions"}],"predecessor-version":[{"id":181384,"href":"https:\/\/news.canadamotorjobs.com\/fr\/wp-json\/wp\/v2\/posts\/181380\/revisions\/181384"}],"wp:featuredmedia":[{"embeddable":true,"href":"https:\/\/news.canadamotorjobs.com\/fr\/wp-json\/wp\/v2\/media\/181382"}],"wp:attachment":[{"href":"https:\/\/news.canadamotorjobs.com\/fr\/wp-json\/wp\/v2\/media?parent=181380"}],"wp:term":[{"taxonomy":"category","embeddable":true,"href":"https:\/\/news.canadamotorjobs.com\/fr\/wp-json\/wp\/v2\/categories?post=181380"},{"taxonomy":"post_tag","embeddable":true,"href":"https:\/\/news.canadamotorjobs.com\/fr\/wp-json\/wp\/v2\/tags?post=181380"}],"curies":[{"name":"wp","href":"https:\/\/api.w.org\/{rel}","templated":true}]}}