{"id":181325,"date":"2024-11-10T10:40:12","date_gmt":"2024-11-10T15:40:12","guid":{"rendered":"https:\/\/news.canadamotorjobs.com\/?p=181325"},"modified":"2024-11-10T10:44:42","modified_gmt":"2024-11-10T15:44:42","slug":"pourquoi-fiat-et-maserati-pourraient-cesser-leurs-activites","status":"publish","type":"post","link":"https:\/\/news.canadamotorjobs.com\/fr\/pourquoi-fiat-et-maserati-pourraient-cesser-leurs-activites\/","title":{"rendered":"Pourquoi Fiat et Maserati pourraient cesser leurs activit\u00e9s"},"content":{"rendered":"<\/p>\n<p>Les sp\u00e9culations autour de la potentielle cessation des activit\u00e9s de Fiat et Maserati ont pris de l&#8217;ampleur, aliment\u00e9es par les r\u00e9centes analyses des m\u00e9dias sp\u00e9cialis\u00e9s comme Reuters, Automotive News et Bloomberg. Voici les principaux facteurs qui expliquent cette incertitude pour ces deux marques.<\/p>\n<h2>Difficult\u00e9s financi\u00e8res persistantes et faible rentabilit\u00e9<\/h2>\n<p>\nFiat et Maserati se battent depuis plusieurs ann\u00e9es pour maintenir leur rentabilit\u00e9. Fiat souffre d\u2019une gamme de produits vieillissante et d\u2019une popularit\u00e9 d\u00e9clinante en Europe et en Am\u00e9rique du Nord. Maserati, malgr\u00e9 des efforts pour percer dans le secteur du luxe avec des mod\u00e8les comme le VUS Levante, peine \u00e0 g\u00e9n\u00e9rer les marges n\u00e9cessaires pour rivaliser dans ce march\u00e9 exigeant. Pendant ce temps Fiat va fermer pour quelques semaines son usine de Mirafiori qui fonctionne \u00e0 20 % ce sa capacit\u00e9.<\/p>\n<h2>R\u00e9allocation strat\u00e9gique des ressources par Stellantis<\/h2>\n<p>\nStellantis, le groupe propri\u00e9taire issu de la fusion de PSA et FCA, a r\u00e9cemment r\u00e9orient\u00e9 ses investissements vers les marques les plus rentables et les march\u00e9s strat\u00e9giques. <strong>Automotive News<\/strong> souligne que la priorit\u00e9 est donn\u00e9e aux marques \u00e0 fort potentiel de croissance, comme Peugeot et Jeep, tandis que des marques comme Fiat et Maserati pourraient \u00eatre rel\u00e9gu\u00e9es au second plan.<\/p>\n<h2>Retard dans la transition vers l\u2019\u00e9lectrique<\/h2>\n<p>\nLa pression pour s\u2019adapter aux r\u00e9glementations strictes en mati\u00e8re d\u2019\u00e9missions de CO\u2082 ne fait qu\u2019augmenter en Europe et aux \u00c9tats-Unis. Cependant, ni Fiat ni Maserati n\u2019ont encore r\u00e9ussi \u00e0 imposer une offre solide de v\u00e9hicules \u00e9lectriques. D&#8217;apr\u00e8s <strong>Bloomberg<\/strong>, Stellantis souhaite optimiser ses ressources pour soutenir des marques mieux positionn\u00e9es dans la transition \u00e9nerg\u00e9tique, ce qui pourrait entra\u00eener une mise en veille ou m\u00eame l\u2019abandon de certaines gammes de v\u00e9hicules pour Fiat et Maserati.<\/p>\n<h2>Une restructuration strat\u00e9gique en cours<\/h2>\n<p>\nStellantis m\u00e8ne actuellement une vaste restructuration de ses op\u00e9rations mondiales pour concentrer ses ressources sur des segments en croissance. L\u2019avenir de Fiat et Maserati semble donc incertain, \u00e0 moins que de nouveaux investissements ou des changements majeurs ne permettent de relancer l\u2019int\u00e9r\u00eat pour ces marques.<\/p>\n<p>Le texte <a rel=\"nofollow\" href=\"https:\/\/annuelauto.ca\/fiat-maserati-cessation-activites\/\">Pourquoi Fiat et Maserati pourraient cesser leurs activit\u00e9s<\/a> provient de <a rel=\"nofollow\" href=\"https:\/\/annuelauto.ca\">L&#8217;annuel de l&#8217;automobile &#8211; Actualit\u00e9 automobile<\/a><\/p>\n<p><\/p>\n","protected":false},"excerpt":{"rendered":"<p>Les sp\u00e9culations autour de la potentielle cessation des activit\u00e9s de Fiat et Maserati ont pris de l&#8217;ampleur, aliment\u00e9es par les r\u00e9centes analyses des m\u00e9dias sp\u00e9cialis\u00e9s comme Reuters, Automotive News et Bloomberg. Voici les principaux facteurs qui expliquent cette incertitude pour ces deux marques. Difficult\u00e9s financi\u00e8res persistantes et faible rentabilit\u00e9 Fiat et Maserati se battent depuis [&hellip;]<\/p>\n","protected":false},"author":8,"featured_media":181327,"comment_status":"close","ping_status":"closed","sticky":false,"template":"","format":"standard","meta":{"_monsterinsights_skip_tracking":false,"_monsterinsights_sitenote_active":false,"_monsterinsights_sitenote_note":"","_monsterinsights_sitenote_category":0,"footnotes":""},"categories":[101],"tags":[],"yoast_head":"<!-- This site is optimized with the Yoast SEO plugin v23.2 - https:\/\/yoast.com\/wordpress\/plugins\/seo\/ -->\n<title>Pourquoi Fiat et Maserati pourraient cesser leurs activit\u00e9s - CanadaMotorJobs.com<\/title>\n<meta name=\"description\" content=\"Pourquoi Fiat et Maserati pourraient cesser leurs activit\u00e9s - Benoit Charette - Annuel automobile - CanadaMotorJobs.com.\" \/>\n<meta name=\"robots\" content=\"index, follow, max-snippet:-1, max-image-preview:large, max-video-preview:-1\" \/>\n<meta property=\"og:locale\" content=\"fr_CA\" \/>\n<meta property=\"og:type\" content=\"article\" \/>\n<meta property=\"og:title\" content=\"Pourquoi Fiat et Maserati pourraient cesser leurs activit\u00e9s - CanadaMotorJobs.com\" \/>\n<meta property=\"og:description\" content=\"Pourquoi Fiat et Maserati pourraient cesser leurs activit\u00e9s - Benoit Charette - Annuel automobile - CanadaMotorJobs.com.\" \/>\n<meta property=\"og:url\" content=\"https:\/\/news.canadamotorjobs.com\/fr\/pourquoi-fiat-et-maserati-pourraient-cesser-leurs-activites\/\" \/>\n<meta property=\"og:site_name\" content=\"CanadaMotorJobs.com\" \/>\n<meta property=\"article:publisher\" content=\"https:\/\/www.facebook.com\/canadamotorjobs\/\" \/>\n<meta property=\"article:published_time\" content=\"2024-11-10T15:40:12+00:00\" \/>\n<meta property=\"article:modified_time\" content=\"2024-11-10T15:44:42+00:00\" \/>\n<meta property=\"og:image\" content=\"https:\/\/news.canadamotorjobs.com\/wp-content\/uploads\/2024\/11\/Fiat_-_Mirafiori_building_Italy_2020.png\" \/>\n\t<meta property=\"og:image:width\" content=\"800\" \/>\n\t<meta property=\"og:image:height\" content=\"533\" \/>\n\t<meta property=\"og:image:type\" content=\"image\/png\" \/>\n<meta name=\"author\" content=\"Benoit Charette\" \/>\n<meta name=\"twitter:card\" content=\"summary_large_image\" \/>\n<meta name=\"twitter:creator\" content=\"@canadamotorjobs\" \/>\n<meta name=\"twitter:site\" content=\"@canadamotorjobs\" \/>\n<meta name=\"twitter:label1\" content=\"\u00c9crit par\" \/>\n\t<meta name=\"twitter:data1\" content=\"Benoit Charette\" \/>\n\t<meta name=\"twitter:label2\" content=\"Estimation du temps de lecture\" \/>\n\t<meta name=\"twitter:data2\" content=\"2 minutes\" \/>\n<!-- \/ Yoast SEO plugin. -->","yoast_head_json":{"title":"Pourquoi Fiat et Maserati pourraient cesser leurs activit\u00e9s - CanadaMotorJobs.com","description":"Pourquoi Fiat et Maserati pourraient cesser leurs activit\u00e9s - Benoit Charette - Annuel automobile - CanadaMotorJobs.com.","robots":{"index":"index","follow":"follow","max-snippet":"max-snippet:-1","max-image-preview":"max-image-preview:large","max-video-preview":"max-video-preview:-1"},"og_locale":"fr_CA","og_type":"article","og_title":"Pourquoi Fiat et Maserati pourraient cesser leurs activit\u00e9s - CanadaMotorJobs.com","og_description":"Pourquoi Fiat et Maserati pourraient cesser leurs activit\u00e9s - Benoit Charette - Annuel automobile - CanadaMotorJobs.com.","og_url":"https:\/\/news.canadamotorjobs.com\/fr\/pourquoi-fiat-et-maserati-pourraient-cesser-leurs-activites\/","og_site_name":"CanadaMotorJobs.com","article_publisher":"https:\/\/www.facebook.com\/canadamotorjobs\/","article_published_time":"2024-11-10T15:40:12+00:00","article_modified_time":"2024-11-10T15:44:42+00:00","og_image":[{"width":800,"height":533,"url":"https:\/\/news.canadamotorjobs.com\/wp-content\/uploads\/2024\/11\/Fiat_-_Mirafiori_building_Italy_2020.png","type":"image\/png"}],"author":"Benoit Charette","twitter_card":"summary_large_image","twitter_creator":"@canadamotorjobs","twitter_site":"@canadamotorjobs","twitter_misc":{"\u00c9crit par":"Benoit Charette","Estimation du temps de lecture":"2 minutes"},"schema":{"@context":"https:\/\/schema.org","@graph":[{"@type":"Article","@id":"https:\/\/news.canadamotorjobs.com\/fr\/pourquoi-fiat-et-maserati-pourraient-cesser-leurs-activites\/#article","isPartOf":{"@id":"https:\/\/news.canadamotorjobs.com\/fr\/pourquoi-fiat-et-maserati-pourraient-cesser-leurs-activites\/"},"author":{"name":"Benoit Charette","@id":"https:\/\/news.canadamotorjobs.com\/#\/schema\/person\/51793d1f87d44011d7bcc2ed99269a90"},"headline":"Pourquoi Fiat et Maserati pourraient cesser leurs activit\u00e9s","datePublished":"2024-11-10T15:40:12+00:00","dateModified":"2024-11-10T15:44:42+00:00","mainEntityOfPage":{"@id":"https:\/\/news.canadamotorjobs.com\/fr\/pourquoi-fiat-et-maserati-pourraient-cesser-leurs-activites\/"},"wordCount":401,"publisher":{"@id":"https:\/\/news.canadamotorjobs.com\/#organization"},"image":{"@id":"https:\/\/news.canadamotorjobs.com\/fr\/pourquoi-fiat-et-maserati-pourraient-cesser-leurs-activites\/#primaryimage"},"thumbnailUrl":"https:\/\/news.canadamotorjobs.com\/wp-content\/uploads\/2024\/11\/Fiat_-_Mirafiori_building_Italy_2020.png","articleSection":["Annuel automobile"],"inLanguage":"fr-CA"},{"@type":"WebPage","@id":"https:\/\/news.canadamotorjobs.com\/fr\/pourquoi-fiat-et-maserati-pourraient-cesser-leurs-activites\/","url":"https:\/\/news.canadamotorjobs.com\/fr\/pourquoi-fiat-et-maserati-pourraient-cesser-leurs-activites\/","name":"Pourquoi Fiat et Maserati pourraient cesser leurs activit\u00e9s - CanadaMotorJobs.com","isPartOf":{"@id":"https:\/\/news.canadamotorjobs.com\/#website"},"primaryImageOfPage":{"@id":"https:\/\/news.canadamotorjobs.com\/fr\/pourquoi-fiat-et-maserati-pourraient-cesser-leurs-activites\/#primaryimage"},"image":{"@id":"https:\/\/news.canadamotorjobs.com\/fr\/pourquoi-fiat-et-maserati-pourraient-cesser-leurs-activites\/#primaryimage"},"thumbnailUrl":"https:\/\/news.canadamotorjobs.com\/wp-content\/uploads\/2024\/11\/Fiat_-_Mirafiori_building_Italy_2020.png","datePublished":"2024-11-10T15:40:12+00:00","dateModified":"2024-11-10T15:44:42+00:00","description":"Pourquoi Fiat et Maserati pourraient cesser leurs activit\u00e9s - Benoit Charette - Annuel automobile - CanadaMotorJobs.com.","breadcrumb":{"@id":"https:\/\/news.canadamotorjobs.com\/fr\/pourquoi-fiat-et-maserati-pourraient-cesser-leurs-activites\/#breadcrumb"},"inLanguage":"fr-CA","potentialAction":[{"@type":"ReadAction","target":["https:\/\/news.canadamotorjobs.com\/fr\/pourquoi-fiat-et-maserati-pourraient-cesser-leurs-activites\/"]}]},{"@type":"ImageObject","inLanguage":"fr-CA","@id":"https:\/\/news.canadamotorjobs.com\/fr\/pourquoi-fiat-et-maserati-pourraient-cesser-leurs-activites\/#primaryimage","url":"https:\/\/news.canadamotorjobs.com\/wp-content\/uploads\/2024\/11\/Fiat_-_Mirafiori_building_Italy_2020.png","contentUrl":"https:\/\/news.canadamotorjobs.com\/wp-content\/uploads\/2024\/11\/Fiat_-_Mirafiori_building_Italy_2020.png","width":800,"height":533},{"@type":"BreadcrumbList","@id":"https:\/\/news.canadamotorjobs.com\/fr\/pourquoi-fiat-et-maserati-pourraient-cesser-leurs-activites\/#breadcrumb","itemListElement":[{"@type":"ListItem","position":1,"name":"Home","item":"https:\/\/news.canadamotorjobs.com\/fr\/blog\/"},{"@type":"ListItem","position":2,"name":"Pourquoi Fiat et Maserati pourraient cesser leurs activit\u00e9s"}]},{"@type":"WebSite","@id":"https:\/\/news.canadamotorjobs.com\/#website","url":"https:\/\/news.canadamotorjobs.com\/","name":"CanadaMotorJobs.com","description":"Automotive Jobs","publisher":{"@id":"https:\/\/news.canadamotorjobs.com\/#organization"},"potentialAction":[{"@type":"SearchAction","target":{"@type":"EntryPoint","urlTemplate":"https:\/\/news.canadamotorjobs.com\/?s={search_term_string}"},"query-input":"required name=search_term_string"}],"inLanguage":"fr-CA"},{"@type":"Organization","@id":"https:\/\/news.canadamotorjobs.com\/#organization","name":"Canada Motor Jobs","url":"https:\/\/news.canadamotorjobs.com\/","logo":{"@type":"ImageObject","inLanguage":"fr-CA","@id":"https:\/\/news.canadamotorjobs.com\/#\/schema\/logo\/image\/","url":"https:\/\/news.canadamotorjobs.com\/wp-content\/uploads\/2022\/10\/logo-canada-motor-jobs-1.png","contentUrl":"https:\/\/news.canadamotorjobs.com\/wp-content\/uploads\/2022\/10\/logo-canada-motor-jobs-1.png","width":800,"height":400,"caption":"Canada Motor Jobs"},"image":{"@id":"https:\/\/news.canadamotorjobs.com\/#\/schema\/logo\/image\/"},"sameAs":["https:\/\/www.facebook.com\/canadamotorjobs\/","https:\/\/x.com\/canadamotorjobs","https:\/\/www.instagram.com\/canadamotorjobs\/","https:\/\/www.linkedin.com\/company\/canadamotorjobs"]},{"@type":"Person","@id":"https:\/\/news.canadamotorjobs.com\/#\/schema\/person\/51793d1f87d44011d7bcc2ed99269a90","name":"Benoit Charette","image":{"@type":"ImageObject","inLanguage":"fr-CA","@id":"https:\/\/news.canadamotorjobs.com\/#\/schema\/person\/image\/","url":"https:\/\/secure.gravatar.com\/avatar\/45f3d2eebcccd909668d7ce7ea7267b6?s=96&d=mm&r=g","contentUrl":"https:\/\/secure.gravatar.com\/avatar\/45f3d2eebcccd909668d7ce7ea7267b6?s=96&d=mm&r=g","caption":"Benoit Charette"},"description":"Benoit Charette \/ Propri\u00e9taire et r\u00e9dacteur en chef Benoit Charette pratique le journalisme automobile depuis bient\u00f4t 30 ans. Il a fait ses classes au c\u00f4t\u00e9 de Daniel H\u00e9raud et au Carnet de route de 1992 \u00e0 2001. Il est fondateur, copropri\u00e9taire et r\u00e9dacteur en chef de L\u2019Annuel de l\u2019automobile, qu\u2019il publie depuis 2001. Il a anim\u00e9 les \u00e9missions RPM et RPM+ sur V et les L\u00e9gendes de la route sur Historia. \u00c0 la radio depuis 1986, il reprend l\u2019antenne cette ann\u00e9e sur les ondes de Cogeco et participe pour la deuxi\u00e8me ann\u00e9e \u00e0 l\u2019\u00e9mission Passion Auto sur RDS en plus de mettre en ligne le site Web officiel de L\u2019Annuel de l\u2019automobile sur annuelauto.ca.","sameAs":["https:\/\/annuelauto.ca\/"],"url":"https:\/\/news.canadamotorjobs.com\/fr\/author\/benoit-charette\/"}]}},"_links":{"self":[{"href":"https:\/\/news.canadamotorjobs.com\/fr\/wp-json\/wp\/v2\/posts\/181325"}],"collection":[{"href":"https:\/\/news.canadamotorjobs.com\/fr\/wp-json\/wp\/v2\/posts"}],"about":[{"href":"https:\/\/news.canadamotorjobs.com\/fr\/wp-json\/wp\/v2\/types\/post"}],"author":[{"embeddable":true,"href":"https:\/\/news.canadamotorjobs.com\/fr\/wp-json\/wp\/v2\/users\/8"}],"replies":[{"embeddable":true,"href":"https:\/\/news.canadamotorjobs.com\/fr\/wp-json\/wp\/v2\/comments?post=181325"}],"version-history":[{"count":2,"href":"https:\/\/news.canadamotorjobs.com\/fr\/wp-json\/wp\/v2\/posts\/181325\/revisions"}],"predecessor-version":[{"id":181329,"href":"https:\/\/news.canadamotorjobs.com\/fr\/wp-json\/wp\/v2\/posts\/181325\/revisions\/181329"}],"wp:featuredmedia":[{"embeddable":true,"href":"https:\/\/news.canadamotorjobs.com\/fr\/wp-json\/wp\/v2\/media\/181327"}],"wp:attachment":[{"href":"https:\/\/news.canadamotorjobs.com\/fr\/wp-json\/wp\/v2\/media?parent=181325"}],"wp:term":[{"taxonomy":"category","embeddable":true,"href":"https:\/\/news.canadamotorjobs.com\/fr\/wp-json\/wp\/v2\/categories?post=181325"},{"taxonomy":"post_tag","embeddable":true,"href":"https:\/\/news.canadamotorjobs.com\/fr\/wp-json\/wp\/v2\/tags?post=181325"}],"curies":[{"name":"wp","href":"https:\/\/api.w.org\/{rel}","templated":true}]}}