{"id":181127,"date":"2024-11-08T07:51:49","date_gmt":"2024-11-08T12:51:49","guid":{"rendered":"https:\/\/news.canadamotorjobs.com\/?p=181127"},"modified":"2024-11-08T07:59:22","modified_gmt":"2024-11-08T12:59:22","slug":"audi-prevoit-la-suppression-de-2-000-emplois-direct-en-europe","status":"publish","type":"post","link":"https:\/\/news.canadamotorjobs.com\/fr\/audi-prevoit-la-suppression-de-2-000-emplois-direct-en-europe\/","title":{"rendered":"Audi pr\u00e9voit la suppression de 2 000 emplois direct en Europe"},"content":{"rendered":"<\/p>\n<p><em>Le constructeur automobile allemand Audi envisage une r\u00e9duction significative de ses effectifs, avec plusieurs milliers d&#8217;emplois menac\u00e9s dans les fonctions hors production, selon un magazine \u00e9conomique allemand.<\/em><\/p>\n<h3>Des suppressions d&#8217;emplois dans les fonctions indirectes<\/h3>\n<p>\nD&#8217;apr\u00e8s le Manager Magazin, Audi projette de r\u00e9duire environ 15 % de ses postes indirects, principalement dans le secteur du d\u00e9veloppement. Ce plan pourrait toucher plus de 2 000 emplois dans cette seule cat\u00e9gorie. En Allemagne, ce sont pr\u00e8s de 4 500 postes indirects qui seraient en jeu, dans un effort pour diminuer les co\u00fbts et restructurer ses activit\u00e9s.<\/p>\n<h3>Des n\u00e9gociations en cours, mais aucune pr\u00e9cision sur le nombre<\/h3>\n<p>\nAudi a confirm\u00e9 \u00e0 Reuters que des n\u00e9gociations \u00e9taient en cours avec les repr\u00e9sentants des travailleurs, sans toutefois r\u00e9v\u00e9ler l&#8217;ampleur exacte des suppressions d&#8217;emplois envisag\u00e9es. L&#8217;entreprise reste donc discr\u00e8te quant aux chiffres pr\u00e9cis, mais les pourparlers actuels montrent un potentiel de r\u00e9ductions substantielles.<\/p>\n<h3>Une baisse de profits li\u00e9e \u00e0 la fermeture probable de l&#8217;usine de Bruxelles<\/h3>\n<p>\nLa situation financi\u00e8re d&#8217;Audi a subi un net recul au troisi\u00e8me trimestre, en partie \u00e0 cause des co\u00fbts \u00e9lev\u00e9s associ\u00e9s \u00e0 la probable fermeture de son usine de Bruxelles, qui emploie environ 3 000 personnes. Ce site, d\u00e9di\u00e9 \u00e0 la production du Q8 E-tron, souffre d&#8217;une faible demande pour ce mod\u00e8le, ce qui pousse Audi \u00e0 envisager la fermeture de cette installation.<\/p>\n<h3>Volkswagen envisage de fermer trois usines en Allemagne<\/h3>\n<p>\nAudi, filiale du groupe Volkswagen, pourrait ne pas \u00eatre la seule touch\u00e9e. Volkswagen envisagerait \u00e9galement la fermeture de trois usines en Allemagne pour r\u00e9duire les co\u00fbts dans le cadre de son plan de restructuration \u00e0 long terme.<\/p>\n<p>Avec des renseignements D&#8217;automotive News Europe<\/p>\n<p>Le texte <a rel=\"nofollow\" href=\"https:\/\/annuelauto.ca\/audi-suppressions-emplois-restructuration\/\">Audi pr\u00e9voit la suppression de 2 000 emplois direct en Europe<\/a> provient de <a rel=\"nofollow\" href=\"https:\/\/annuelauto.ca\">L&#8217;annuel de l&#8217;automobile &#8211; Actualit\u00e9 automobile<\/a><\/p>\n<p><\/p>\n","protected":false},"excerpt":{"rendered":"<p>Le constructeur automobile allemand Audi envisage une r\u00e9duction significative de ses effectifs, avec plusieurs milliers d&#8217;emplois menac\u00e9s dans les fonctions hors production, selon un magazine \u00e9conomique allemand. Des suppressions d&#8217;emplois dans les fonctions indirectes D&#8217;apr\u00e8s le Manager Magazin, Audi projette de r\u00e9duire environ 15 % de ses postes indirects, principalement dans le secteur du d\u00e9veloppement. [&hellip;]<\/p>\n","protected":false},"author":8,"featured_media":181129,"comment_status":"close","ping_status":"closed","sticky":false,"template":"","format":"standard","meta":{"_monsterinsights_skip_tracking":false,"_monsterinsights_sitenote_active":false,"_monsterinsights_sitenote_note":"","_monsterinsights_sitenote_category":0,"footnotes":""},"categories":[101],"tags":[],"yoast_head":"<!-- This site is optimized with the Yoast SEO plugin v23.2 - https:\/\/yoast.com\/wordpress\/plugins\/seo\/ -->\n<title>Audi pr\u00e9voit la suppression de 2 000 emplois direct en Europe - CanadaMotorJobs.com<\/title>\n<meta name=\"description\" content=\"Audi pr\u00e9voit la suppression de 2 000 emplois direct en Europe - Benoit Charette - Annuel automobile - CanadaMotorJobs.com.\" \/>\n<meta name=\"robots\" content=\"index, follow, max-snippet:-1, max-image-preview:large, max-video-preview:-1\" \/>\n<meta property=\"og:locale\" content=\"fr_CA\" \/>\n<meta property=\"og:type\" content=\"article\" \/>\n<meta property=\"og:title\" content=\"Audi pr\u00e9voit la suppression de 2 000 emplois direct en Europe - CanadaMotorJobs.com\" \/>\n<meta property=\"og:description\" content=\"Audi pr\u00e9voit la suppression de 2 000 emplois direct en Europe - Benoit Charette - Annuel automobile - CanadaMotorJobs.com.\" \/>\n<meta property=\"og:url\" content=\"https:\/\/news.canadamotorjobs.com\/fr\/audi-prevoit-la-suppression-de-2-000-emplois-direct-en-europe\/\" \/>\n<meta property=\"og:site_name\" content=\"CanadaMotorJobs.com\" \/>\n<meta property=\"article:publisher\" content=\"https:\/\/www.facebook.com\/canadamotorjobs\/\" \/>\n<meta property=\"article:published_time\" content=\"2024-11-08T12:51:49+00:00\" \/>\n<meta property=\"article:modified_time\" content=\"2024-11-08T12:59:22+00:00\" \/>\n<meta property=\"og:image\" content=\"https:\/\/news.canadamotorjobs.com\/wp-content\/uploads\/2024\/11\/A1812863_web_2880.jpg\" \/>\n\t<meta property=\"og:image:width\" content=\"2500\" \/>\n\t<meta property=\"og:image:height\" content=\"1667\" \/>\n\t<meta property=\"og:image:type\" content=\"image\/jpeg\" \/>\n<meta name=\"author\" content=\"Benoit Charette\" \/>\n<meta name=\"twitter:card\" content=\"summary_large_image\" \/>\n<meta name=\"twitter:creator\" content=\"@canadamotorjobs\" \/>\n<meta name=\"twitter:site\" content=\"@canadamotorjobs\" \/>\n<meta name=\"twitter:label1\" content=\"\u00c9crit par\" \/>\n\t<meta name=\"twitter:data1\" content=\"Benoit Charette\" \/>\n\t<meta name=\"twitter:label2\" content=\"Estimation du temps de lecture\" \/>\n\t<meta name=\"twitter:data2\" content=\"2 minutes\" \/>\n<!-- \/ Yoast SEO plugin. -->","yoast_head_json":{"title":"Audi pr\u00e9voit la suppression de 2 000 emplois direct en Europe - CanadaMotorJobs.com","description":"Audi pr\u00e9voit la suppression de 2 000 emplois direct en Europe - Benoit Charette - Annuel automobile - CanadaMotorJobs.com.","robots":{"index":"index","follow":"follow","max-snippet":"max-snippet:-1","max-image-preview":"max-image-preview:large","max-video-preview":"max-video-preview:-1"},"og_locale":"fr_CA","og_type":"article","og_title":"Audi pr\u00e9voit la suppression de 2 000 emplois direct en Europe - CanadaMotorJobs.com","og_description":"Audi pr\u00e9voit la suppression de 2 000 emplois direct en Europe - Benoit Charette - Annuel automobile - CanadaMotorJobs.com.","og_url":"https:\/\/news.canadamotorjobs.com\/fr\/audi-prevoit-la-suppression-de-2-000-emplois-direct-en-europe\/","og_site_name":"CanadaMotorJobs.com","article_publisher":"https:\/\/www.facebook.com\/canadamotorjobs\/","article_published_time":"2024-11-08T12:51:49+00:00","article_modified_time":"2024-11-08T12:59:22+00:00","og_image":[{"width":2500,"height":1667,"url":"https:\/\/news.canadamotorjobs.com\/wp-content\/uploads\/2024\/11\/A1812863_web_2880.jpg","type":"image\/jpeg"}],"author":"Benoit Charette","twitter_card":"summary_large_image","twitter_creator":"@canadamotorjobs","twitter_site":"@canadamotorjobs","twitter_misc":{"\u00c9crit par":"Benoit Charette","Estimation du temps de lecture":"2 minutes"},"schema":{"@context":"https:\/\/schema.org","@graph":[{"@type":"Article","@id":"https:\/\/news.canadamotorjobs.com\/fr\/audi-prevoit-la-suppression-de-2-000-emplois-direct-en-europe\/#article","isPartOf":{"@id":"https:\/\/news.canadamotorjobs.com\/fr\/audi-prevoit-la-suppression-de-2-000-emplois-direct-en-europe\/"},"author":{"name":"Benoit Charette","@id":"https:\/\/news.canadamotorjobs.com\/#\/schema\/person\/51793d1f87d44011d7bcc2ed99269a90"},"headline":"Audi pr\u00e9voit la suppression de 2 000 emplois direct en Europe","datePublished":"2024-11-08T12:51:49+00:00","dateModified":"2024-11-08T12:59:22+00:00","mainEntityOfPage":{"@id":"https:\/\/news.canadamotorjobs.com\/fr\/audi-prevoit-la-suppression-de-2-000-emplois-direct-en-europe\/"},"wordCount":328,"publisher":{"@id":"https:\/\/news.canadamotorjobs.com\/#organization"},"image":{"@id":"https:\/\/news.canadamotorjobs.com\/fr\/audi-prevoit-la-suppression-de-2-000-emplois-direct-en-europe\/#primaryimage"},"thumbnailUrl":"https:\/\/news.canadamotorjobs.com\/wp-content\/uploads\/2024\/11\/A1812863_web_2880.jpg","articleSection":["Annuel automobile"],"inLanguage":"fr-CA"},{"@type":"WebPage","@id":"https:\/\/news.canadamotorjobs.com\/fr\/audi-prevoit-la-suppression-de-2-000-emplois-direct-en-europe\/","url":"https:\/\/news.canadamotorjobs.com\/fr\/audi-prevoit-la-suppression-de-2-000-emplois-direct-en-europe\/","name":"Audi pr\u00e9voit la suppression de 2 000 emplois direct en Europe - CanadaMotorJobs.com","isPartOf":{"@id":"https:\/\/news.canadamotorjobs.com\/#website"},"primaryImageOfPage":{"@id":"https:\/\/news.canadamotorjobs.com\/fr\/audi-prevoit-la-suppression-de-2-000-emplois-direct-en-europe\/#primaryimage"},"image":{"@id":"https:\/\/news.canadamotorjobs.com\/fr\/audi-prevoit-la-suppression-de-2-000-emplois-direct-en-europe\/#primaryimage"},"thumbnailUrl":"https:\/\/news.canadamotorjobs.com\/wp-content\/uploads\/2024\/11\/A1812863_web_2880.jpg","datePublished":"2024-11-08T12:51:49+00:00","dateModified":"2024-11-08T12:59:22+00:00","description":"Audi pr\u00e9voit la suppression de 2 000 emplois direct en Europe - Benoit Charette - Annuel automobile - CanadaMotorJobs.com.","breadcrumb":{"@id":"https:\/\/news.canadamotorjobs.com\/fr\/audi-prevoit-la-suppression-de-2-000-emplois-direct-en-europe\/#breadcrumb"},"inLanguage":"fr-CA","potentialAction":[{"@type":"ReadAction","target":["https:\/\/news.canadamotorjobs.com\/fr\/audi-prevoit-la-suppression-de-2-000-emplois-direct-en-europe\/"]}]},{"@type":"ImageObject","inLanguage":"fr-CA","@id":"https:\/\/news.canadamotorjobs.com\/fr\/audi-prevoit-la-suppression-de-2-000-emplois-direct-en-europe\/#primaryimage","url":"https:\/\/news.canadamotorjobs.com\/wp-content\/uploads\/2024\/11\/A1812863_web_2880.jpg","contentUrl":"https:\/\/news.canadamotorjobs.com\/wp-content\/uploads\/2024\/11\/A1812863_web_2880.jpg","width":2500,"height":1667},{"@type":"BreadcrumbList","@id":"https:\/\/news.canadamotorjobs.com\/fr\/audi-prevoit-la-suppression-de-2-000-emplois-direct-en-europe\/#breadcrumb","itemListElement":[{"@type":"ListItem","position":1,"name":"Home","item":"https:\/\/news.canadamotorjobs.com\/fr\/blog\/"},{"@type":"ListItem","position":2,"name":"Audi pr\u00e9voit la suppression de 2 000 emplois direct en Europe"}]},{"@type":"WebSite","@id":"https:\/\/news.canadamotorjobs.com\/#website","url":"https:\/\/news.canadamotorjobs.com\/","name":"CanadaMotorJobs.com","description":"Automotive Jobs","publisher":{"@id":"https:\/\/news.canadamotorjobs.com\/#organization"},"potentialAction":[{"@type":"SearchAction","target":{"@type":"EntryPoint","urlTemplate":"https:\/\/news.canadamotorjobs.com\/?s={search_term_string}"},"query-input":"required name=search_term_string"}],"inLanguage":"fr-CA"},{"@type":"Organization","@id":"https:\/\/news.canadamotorjobs.com\/#organization","name":"Canada Motor Jobs","url":"https:\/\/news.canadamotorjobs.com\/","logo":{"@type":"ImageObject","inLanguage":"fr-CA","@id":"https:\/\/news.canadamotorjobs.com\/#\/schema\/logo\/image\/","url":"https:\/\/news.canadamotorjobs.com\/wp-content\/uploads\/2022\/10\/logo-canada-motor-jobs-1.png","contentUrl":"https:\/\/news.canadamotorjobs.com\/wp-content\/uploads\/2022\/10\/logo-canada-motor-jobs-1.png","width":800,"height":400,"caption":"Canada Motor Jobs"},"image":{"@id":"https:\/\/news.canadamotorjobs.com\/#\/schema\/logo\/image\/"},"sameAs":["https:\/\/www.facebook.com\/canadamotorjobs\/","https:\/\/x.com\/canadamotorjobs","https:\/\/www.instagram.com\/canadamotorjobs\/","https:\/\/www.linkedin.com\/company\/canadamotorjobs"]},{"@type":"Person","@id":"https:\/\/news.canadamotorjobs.com\/#\/schema\/person\/51793d1f87d44011d7bcc2ed99269a90","name":"Benoit Charette","image":{"@type":"ImageObject","inLanguage":"fr-CA","@id":"https:\/\/news.canadamotorjobs.com\/#\/schema\/person\/image\/","url":"https:\/\/secure.gravatar.com\/avatar\/45f3d2eebcccd909668d7ce7ea7267b6?s=96&d=mm&r=g","contentUrl":"https:\/\/secure.gravatar.com\/avatar\/45f3d2eebcccd909668d7ce7ea7267b6?s=96&d=mm&r=g","caption":"Benoit Charette"},"description":"Benoit Charette \/ Propri\u00e9taire et r\u00e9dacteur en chef Benoit Charette pratique le journalisme automobile depuis bient\u00f4t 30 ans. Il a fait ses classes au c\u00f4t\u00e9 de Daniel H\u00e9raud et au Carnet de route de 1992 \u00e0 2001. Il est fondateur, copropri\u00e9taire et r\u00e9dacteur en chef de L\u2019Annuel de l\u2019automobile, qu\u2019il publie depuis 2001. Il a anim\u00e9 les \u00e9missions RPM et RPM+ sur V et les L\u00e9gendes de la route sur Historia. \u00c0 la radio depuis 1986, il reprend l\u2019antenne cette ann\u00e9e sur les ondes de Cogeco et participe pour la deuxi\u00e8me ann\u00e9e \u00e0 l\u2019\u00e9mission Passion Auto sur RDS en plus de mettre en ligne le site Web officiel de L\u2019Annuel de l\u2019automobile sur annuelauto.ca.","sameAs":["https:\/\/annuelauto.ca\/"],"url":"https:\/\/news.canadamotorjobs.com\/fr\/author\/benoit-charette\/"}]}},"_links":{"self":[{"href":"https:\/\/news.canadamotorjobs.com\/fr\/wp-json\/wp\/v2\/posts\/181127"}],"collection":[{"href":"https:\/\/news.canadamotorjobs.com\/fr\/wp-json\/wp\/v2\/posts"}],"about":[{"href":"https:\/\/news.canadamotorjobs.com\/fr\/wp-json\/wp\/v2\/types\/post"}],"author":[{"embeddable":true,"href":"https:\/\/news.canadamotorjobs.com\/fr\/wp-json\/wp\/v2\/users\/8"}],"replies":[{"embeddable":true,"href":"https:\/\/news.canadamotorjobs.com\/fr\/wp-json\/wp\/v2\/comments?post=181127"}],"version-history":[{"count":2,"href":"https:\/\/news.canadamotorjobs.com\/fr\/wp-json\/wp\/v2\/posts\/181127\/revisions"}],"predecessor-version":[{"id":181131,"href":"https:\/\/news.canadamotorjobs.com\/fr\/wp-json\/wp\/v2\/posts\/181127\/revisions\/181131"}],"wp:featuredmedia":[{"embeddable":true,"href":"https:\/\/news.canadamotorjobs.com\/fr\/wp-json\/wp\/v2\/media\/181129"}],"wp:attachment":[{"href":"https:\/\/news.canadamotorjobs.com\/fr\/wp-json\/wp\/v2\/media?parent=181127"}],"wp:term":[{"taxonomy":"category","embeddable":true,"href":"https:\/\/news.canadamotorjobs.com\/fr\/wp-json\/wp\/v2\/categories?post=181127"},{"taxonomy":"post_tag","embeddable":true,"href":"https:\/\/news.canadamotorjobs.com\/fr\/wp-json\/wp\/v2\/tags?post=181127"}],"curies":[{"name":"wp","href":"https:\/\/api.w.org\/{rel}","templated":true}]}}