{"id":181104,"date":"2024-11-08T07:01:27","date_gmt":"2024-11-08T12:01:27","guid":{"rendered":"https:\/\/news.canadamotorjobs.com\/?p=181104"},"modified":"2024-11-08T07:14:18","modified_gmt":"2024-11-08T12:14:18","slug":"mazda-annonce-le-developpement-dun-nouveau-moteur-a-essence","status":"publish","type":"post","link":"https:\/\/news.canadamotorjobs.com\/fr\/mazda-annonce-le-developpement-dun-nouveau-moteur-a-essence\/","title":{"rendered":"Mazda annonce le d\u00e9veloppement d\u2019un nouveau moteur \u00e0 essence"},"content":{"rendered":"<\/p>\n<p>Mazda surprend avec l\u2019annonce de son prochain moteur thermique, le Skyactiv-Z, pr\u00e9vu pour 2027. En pleine transition vers l\u2019\u00e9lectrification, le constructeur japonais continue d\u2019am\u00e9liorer ses moteurs \u00e0 essence pour offrir un meilleur rendement \u00e9nerg\u00e9tique tout en restant fid\u00e8le \u00e0 la passion de conduite.<\/p>\n<h4>Mazda : l\u2019art de l&#8217;innovation dans les moteurs thermiques<\/h4>\n<p>\nAlors que Mazda a longtemps \u00e9t\u00e9 admir\u00e9e pour son approche innovante des moteurs thermiques, notamment avec le Skyactiv-X lanc\u00e9 en 2019, le constructeur a d\u00e9cid\u00e9 de pousser encore plus loin sa recherche en efficacit\u00e9 \u00e9nerg\u00e9tique. Le Skyactiv-X, qui combinait l\u2019allumage par compression, propre aux moteurs diesel, avec des bougies d\u2019allumage, \u00e9tait une prouesse technique marquante dans l\u2019industrie.<\/p>\n<p>Cependant, malgr\u00e9 ses performances et son originalit\u00e9, ce moteur sera bient\u00f4t remplac\u00e9 par le Skyactiv-Z, un quatre-cylindres plus sophistiqu\u00e9 tirant des enseignements des r\u00e9cents moteurs six-cylindres en ligne de Mazda.<\/p>\n<h4>Une combustion super pauvre pour des \u00e9missions r\u00e9duites<\/h4>\n<p>\nLe Skyactiv-Z adoptera une technologie de combustion innovante, appel\u00e9e lambda one, qui optimise l\u2019efficacit\u00e9 thermique. Selon Mazda, cette m\u00e9thode \u201cpermet une combustion super pauvre sur une plage de r\u00e9gimes \u00e9tendue, de bas en haut r\u00e9gime, offrant ainsi une performance environnementale et de conduite exceptionnelle\u201d. En d\u2019autres termes, ce moteur br\u00fblera le carburant de mani\u00e8re plus propre sur toute la plage de r\u00e9gime, un atout majeur pour r\u00e9duire les \u00e9missions tout en conservant le plaisir de conduire.<\/p>\n<p>Mazda vise les normes LEV4\/Tier 4 aux \u00c9tats-Unis, un indicateur de son engagement envers une r\u00e9duction significative des \u00e9missions.<\/p>\n<h4>L\u2019h\u00e9ritage des moteurs Skyactiv et l\u2019avenir de Mazda<\/h4>\n<p>\nLe Skyactiv-G, plateforme phare pour les moteurs \u00e0 haute compression de Mazda, sera lui aussi remplac\u00e9 par le Skyactiv-Z. Cependant, bien que le Skyactiv-G ait rempli son r\u00f4le en termes de rendement \u00e9nerg\u00e9tique, il n\u2019a jamais suscit\u00e9 la fascination technique que le Skyactiv-X a inspir\u00e9e. Le Skyactiv-Z, lui, pourrait bien devenir le nouveau mod\u00e8le d\u2019innovation thermique de Mazda. Mazda prouve ainsi qu\u2019il reste d\u00e9termin\u00e9 \u00e0 offrir des moteurs thermiques aussi longtemps que la l\u00e9gislation mondiale le permettra. Tandis que la plupart des constructeurs abandonnent les moteurs thermiques au profit de l\u2019\u00e9lectrique, Mazda continue de miser sur des solutions pour des conducteurs passionn\u00e9s par l\u2019exp\u00e9rience de conduite.<\/p>\n<p>Avec des renseignements de The Drive<\/p>\n<p>Le texte <a rel=\"nofollow\" href=\"https:\/\/annuelauto.ca\/nouveau-moteur-mazda-skyactiv-z-2027\/\">Mazda annonce le d\u00e9veloppement d\u2019un nouveau moteur \u00e0 essence<\/a> provient de <a rel=\"nofollow\" href=\"https:\/\/annuelauto.ca\">L&#8217;annuel de l&#8217;automobile &#8211; Actualit\u00e9 automobile<\/a><\/p>\n<p><\/p>\n","protected":false},"excerpt":{"rendered":"<p>Mazda surprend avec l\u2019annonce de son prochain moteur thermique, le Skyactiv-Z, pr\u00e9vu pour 2027. En pleine transition vers l\u2019\u00e9lectrification, le constructeur japonais continue d\u2019am\u00e9liorer ses moteurs \u00e0 essence pour offrir un meilleur rendement \u00e9nerg\u00e9tique tout en restant fid\u00e8le \u00e0 la passion de conduite. Mazda : l\u2019art de l&#8217;innovation dans les moteurs thermiques Alors que Mazda [&hellip;]<\/p>\n","protected":false},"author":8,"featured_media":181106,"comment_status":"close","ping_status":"closed","sticky":false,"template":"","format":"standard","meta":{"_monsterinsights_skip_tracking":false,"_monsterinsights_sitenote_active":false,"_monsterinsights_sitenote_note":"","_monsterinsights_sitenote_category":0,"footnotes":""},"categories":[101],"tags":[],"yoast_head":"<!-- This site is optimized with the Yoast SEO plugin v23.2 - https:\/\/yoast.com\/wordpress\/plugins\/seo\/ -->\n<title>Mazda annonce le d\u00e9veloppement d\u2019un nouveau moteur \u00e0 essence - CanadaMotorJobs.com<\/title>\n<meta name=\"description\" content=\"Mazda annonce le d\u00e9veloppement d\u2019un nouveau moteur \u00e0 essence - Benoit Charette - Annuel automobile - CanadaMotorJobs.com.\" \/>\n<meta name=\"robots\" content=\"index, follow, max-snippet:-1, max-image-preview:large, max-video-preview:-1\" \/>\n<meta property=\"og:locale\" content=\"fr_CA\" \/>\n<meta property=\"og:type\" content=\"article\" \/>\n<meta property=\"og:title\" content=\"Mazda annonce le d\u00e9veloppement d\u2019un nouveau moteur \u00e0 essence - CanadaMotorJobs.com\" \/>\n<meta property=\"og:description\" content=\"Mazda annonce le d\u00e9veloppement d\u2019un nouveau moteur \u00e0 essence - Benoit Charette - Annuel automobile - CanadaMotorJobs.com.\" \/>\n<meta property=\"og:url\" content=\"https:\/\/news.canadamotorjobs.com\/fr\/mazda-annonce-le-developpement-dun-nouveau-moteur-a-essence\/\" \/>\n<meta property=\"og:site_name\" content=\"CanadaMotorJobs.com\" \/>\n<meta property=\"article:publisher\" content=\"https:\/\/www.facebook.com\/canadamotorjobs\/\" \/>\n<meta property=\"article:published_time\" content=\"2024-11-08T12:01:27+00:00\" \/>\n<meta property=\"article:modified_time\" content=\"2024-11-08T12:14:18+00:00\" \/>\n<meta property=\"og:image\" content=\"https:\/\/news.canadamotorjobs.com\/wp-content\/uploads\/2024\/11\/Skyactiv-Z-4.jpg\" \/>\n\t<meta property=\"og:image:width\" content=\"1200\" \/>\n\t<meta property=\"og:image:height\" content=\"676\" \/>\n\t<meta property=\"og:image:type\" content=\"image\/jpeg\" \/>\n<meta name=\"author\" content=\"Benoit Charette\" \/>\n<meta name=\"twitter:card\" content=\"summary_large_image\" \/>\n<meta name=\"twitter:creator\" content=\"@canadamotorjobs\" \/>\n<meta name=\"twitter:site\" content=\"@canadamotorjobs\" \/>\n<meta name=\"twitter:label1\" content=\"\u00c9crit par\" \/>\n\t<meta name=\"twitter:data1\" content=\"Benoit Charette\" \/>\n\t<meta name=\"twitter:label2\" content=\"Estimation du temps de lecture\" \/>\n\t<meta name=\"twitter:data2\" content=\"2 minutes\" \/>\n<!-- \/ Yoast SEO plugin. -->","yoast_head_json":{"title":"Mazda annonce le d\u00e9veloppement d\u2019un nouveau moteur \u00e0 essence - CanadaMotorJobs.com","description":"Mazda annonce le d\u00e9veloppement d\u2019un nouveau moteur \u00e0 essence - Benoit Charette - Annuel automobile - CanadaMotorJobs.com.","robots":{"index":"index","follow":"follow","max-snippet":"max-snippet:-1","max-image-preview":"max-image-preview:large","max-video-preview":"max-video-preview:-1"},"og_locale":"fr_CA","og_type":"article","og_title":"Mazda annonce le d\u00e9veloppement d\u2019un nouveau moteur \u00e0 essence - CanadaMotorJobs.com","og_description":"Mazda annonce le d\u00e9veloppement d\u2019un nouveau moteur \u00e0 essence - Benoit Charette - Annuel automobile - CanadaMotorJobs.com.","og_url":"https:\/\/news.canadamotorjobs.com\/fr\/mazda-annonce-le-developpement-dun-nouveau-moteur-a-essence\/","og_site_name":"CanadaMotorJobs.com","article_publisher":"https:\/\/www.facebook.com\/canadamotorjobs\/","article_published_time":"2024-11-08T12:01:27+00:00","article_modified_time":"2024-11-08T12:14:18+00:00","og_image":[{"width":1200,"height":676,"url":"https:\/\/news.canadamotorjobs.com\/wp-content\/uploads\/2024\/11\/Skyactiv-Z-4.jpg","type":"image\/jpeg"}],"author":"Benoit Charette","twitter_card":"summary_large_image","twitter_creator":"@canadamotorjobs","twitter_site":"@canadamotorjobs","twitter_misc":{"\u00c9crit par":"Benoit Charette","Estimation du temps de lecture":"2 minutes"},"schema":{"@context":"https:\/\/schema.org","@graph":[{"@type":"Article","@id":"https:\/\/news.canadamotorjobs.com\/fr\/mazda-annonce-le-developpement-dun-nouveau-moteur-a-essence\/#article","isPartOf":{"@id":"https:\/\/news.canadamotorjobs.com\/fr\/mazda-annonce-le-developpement-dun-nouveau-moteur-a-essence\/"},"author":{"name":"Benoit Charette","@id":"https:\/\/news.canadamotorjobs.com\/#\/schema\/person\/51793d1f87d44011d7bcc2ed99269a90"},"headline":"Mazda annonce le d\u00e9veloppement d\u2019un nouveau moteur \u00e0 essence","datePublished":"2024-11-08T12:01:27+00:00","dateModified":"2024-11-08T12:14:18+00:00","mainEntityOfPage":{"@id":"https:\/\/news.canadamotorjobs.com\/fr\/mazda-annonce-le-developpement-dun-nouveau-moteur-a-essence\/"},"wordCount":431,"publisher":{"@id":"https:\/\/news.canadamotorjobs.com\/#organization"},"image":{"@id":"https:\/\/news.canadamotorjobs.com\/fr\/mazda-annonce-le-developpement-dun-nouveau-moteur-a-essence\/#primaryimage"},"thumbnailUrl":"https:\/\/news.canadamotorjobs.com\/wp-content\/uploads\/2024\/11\/Skyactiv-Z-4.jpg","articleSection":["Annuel automobile"],"inLanguage":"fr-CA"},{"@type":"WebPage","@id":"https:\/\/news.canadamotorjobs.com\/fr\/mazda-annonce-le-developpement-dun-nouveau-moteur-a-essence\/","url":"https:\/\/news.canadamotorjobs.com\/fr\/mazda-annonce-le-developpement-dun-nouveau-moteur-a-essence\/","name":"Mazda annonce le d\u00e9veloppement d\u2019un nouveau moteur \u00e0 essence - CanadaMotorJobs.com","isPartOf":{"@id":"https:\/\/news.canadamotorjobs.com\/#website"},"primaryImageOfPage":{"@id":"https:\/\/news.canadamotorjobs.com\/fr\/mazda-annonce-le-developpement-dun-nouveau-moteur-a-essence\/#primaryimage"},"image":{"@id":"https:\/\/news.canadamotorjobs.com\/fr\/mazda-annonce-le-developpement-dun-nouveau-moteur-a-essence\/#primaryimage"},"thumbnailUrl":"https:\/\/news.canadamotorjobs.com\/wp-content\/uploads\/2024\/11\/Skyactiv-Z-4.jpg","datePublished":"2024-11-08T12:01:27+00:00","dateModified":"2024-11-08T12:14:18+00:00","description":"Mazda annonce le d\u00e9veloppement d\u2019un nouveau moteur \u00e0 essence - Benoit Charette - Annuel automobile - CanadaMotorJobs.com.","breadcrumb":{"@id":"https:\/\/news.canadamotorjobs.com\/fr\/mazda-annonce-le-developpement-dun-nouveau-moteur-a-essence\/#breadcrumb"},"inLanguage":"fr-CA","potentialAction":[{"@type":"ReadAction","target":["https:\/\/news.canadamotorjobs.com\/fr\/mazda-annonce-le-developpement-dun-nouveau-moteur-a-essence\/"]}]},{"@type":"ImageObject","inLanguage":"fr-CA","@id":"https:\/\/news.canadamotorjobs.com\/fr\/mazda-annonce-le-developpement-dun-nouveau-moteur-a-essence\/#primaryimage","url":"https:\/\/news.canadamotorjobs.com\/wp-content\/uploads\/2024\/11\/Skyactiv-Z-4.jpg","contentUrl":"https:\/\/news.canadamotorjobs.com\/wp-content\/uploads\/2024\/11\/Skyactiv-Z-4.jpg","width":1200,"height":676},{"@type":"BreadcrumbList","@id":"https:\/\/news.canadamotorjobs.com\/fr\/mazda-annonce-le-developpement-dun-nouveau-moteur-a-essence\/#breadcrumb","itemListElement":[{"@type":"ListItem","position":1,"name":"Home","item":"https:\/\/news.canadamotorjobs.com\/fr\/blog\/"},{"@type":"ListItem","position":2,"name":"Mazda annonce le d\u00e9veloppement d\u2019un nouveau moteur \u00e0 essence"}]},{"@type":"WebSite","@id":"https:\/\/news.canadamotorjobs.com\/#website","url":"https:\/\/news.canadamotorjobs.com\/","name":"CanadaMotorJobs.com","description":"Automotive Jobs","publisher":{"@id":"https:\/\/news.canadamotorjobs.com\/#organization"},"potentialAction":[{"@type":"SearchAction","target":{"@type":"EntryPoint","urlTemplate":"https:\/\/news.canadamotorjobs.com\/?s={search_term_string}"},"query-input":"required name=search_term_string"}],"inLanguage":"fr-CA"},{"@type":"Organization","@id":"https:\/\/news.canadamotorjobs.com\/#organization","name":"Canada Motor Jobs","url":"https:\/\/news.canadamotorjobs.com\/","logo":{"@type":"ImageObject","inLanguage":"fr-CA","@id":"https:\/\/news.canadamotorjobs.com\/#\/schema\/logo\/image\/","url":"https:\/\/news.canadamotorjobs.com\/wp-content\/uploads\/2022\/10\/logo-canada-motor-jobs-1.png","contentUrl":"https:\/\/news.canadamotorjobs.com\/wp-content\/uploads\/2022\/10\/logo-canada-motor-jobs-1.png","width":800,"height":400,"caption":"Canada Motor Jobs"},"image":{"@id":"https:\/\/news.canadamotorjobs.com\/#\/schema\/logo\/image\/"},"sameAs":["https:\/\/www.facebook.com\/canadamotorjobs\/","https:\/\/x.com\/canadamotorjobs","https:\/\/www.instagram.com\/canadamotorjobs\/","https:\/\/www.linkedin.com\/company\/canadamotorjobs"]},{"@type":"Person","@id":"https:\/\/news.canadamotorjobs.com\/#\/schema\/person\/51793d1f87d44011d7bcc2ed99269a90","name":"Benoit Charette","image":{"@type":"ImageObject","inLanguage":"fr-CA","@id":"https:\/\/news.canadamotorjobs.com\/#\/schema\/person\/image\/","url":"https:\/\/secure.gravatar.com\/avatar\/45f3d2eebcccd909668d7ce7ea7267b6?s=96&d=mm&r=g","contentUrl":"https:\/\/secure.gravatar.com\/avatar\/45f3d2eebcccd909668d7ce7ea7267b6?s=96&d=mm&r=g","caption":"Benoit Charette"},"description":"Benoit Charette \/ Propri\u00e9taire et r\u00e9dacteur en chef Benoit Charette pratique le journalisme automobile depuis bient\u00f4t 30 ans. Il a fait ses classes au c\u00f4t\u00e9 de Daniel H\u00e9raud et au Carnet de route de 1992 \u00e0 2001. Il est fondateur, copropri\u00e9taire et r\u00e9dacteur en chef de L\u2019Annuel de l\u2019automobile, qu\u2019il publie depuis 2001. Il a anim\u00e9 les \u00e9missions RPM et RPM+ sur V et les L\u00e9gendes de la route sur Historia. \u00c0 la radio depuis 1986, il reprend l\u2019antenne cette ann\u00e9e sur les ondes de Cogeco et participe pour la deuxi\u00e8me ann\u00e9e \u00e0 l\u2019\u00e9mission Passion Auto sur RDS en plus de mettre en ligne le site Web officiel de L\u2019Annuel de l\u2019automobile sur annuelauto.ca.","sameAs":["https:\/\/annuelauto.ca\/"],"url":"https:\/\/news.canadamotorjobs.com\/fr\/author\/benoit-charette\/"}]}},"_links":{"self":[{"href":"https:\/\/news.canadamotorjobs.com\/fr\/wp-json\/wp\/v2\/posts\/181104"}],"collection":[{"href":"https:\/\/news.canadamotorjobs.com\/fr\/wp-json\/wp\/v2\/posts"}],"about":[{"href":"https:\/\/news.canadamotorjobs.com\/fr\/wp-json\/wp\/v2\/types\/post"}],"author":[{"embeddable":true,"href":"https:\/\/news.canadamotorjobs.com\/fr\/wp-json\/wp\/v2\/users\/8"}],"replies":[{"embeddable":true,"href":"https:\/\/news.canadamotorjobs.com\/fr\/wp-json\/wp\/v2\/comments?post=181104"}],"version-history":[{"count":2,"href":"https:\/\/news.canadamotorjobs.com\/fr\/wp-json\/wp\/v2\/posts\/181104\/revisions"}],"predecessor-version":[{"id":181108,"href":"https:\/\/news.canadamotorjobs.com\/fr\/wp-json\/wp\/v2\/posts\/181104\/revisions\/181108"}],"wp:featuredmedia":[{"embeddable":true,"href":"https:\/\/news.canadamotorjobs.com\/fr\/wp-json\/wp\/v2\/media\/181106"}],"wp:attachment":[{"href":"https:\/\/news.canadamotorjobs.com\/fr\/wp-json\/wp\/v2\/media?parent=181104"}],"wp:term":[{"taxonomy":"category","embeddable":true,"href":"https:\/\/news.canadamotorjobs.com\/fr\/wp-json\/wp\/v2\/categories?post=181104"},{"taxonomy":"post_tag","embeddable":true,"href":"https:\/\/news.canadamotorjobs.com\/fr\/wp-json\/wp\/v2\/tags?post=181104"}],"curies":[{"name":"wp","href":"https:\/\/api.w.org\/{rel}","templated":true}]}}