{"id":181081,"date":"2024-11-08T06:49:41","date_gmt":"2024-11-08T11:49:41","guid":{"rendered":"https:\/\/news.canadamotorjobs.com\/?p=181081"},"modified":"2024-11-08T06:58:53","modified_gmt":"2024-11-08T11:58:53","slug":"gm-arrete-la-production-du-cadillac-xt4-pour-se-concentrer-sur-les-vehicules-electriques","status":"publish","type":"post","link":"https:\/\/news.canadamotorjobs.com\/fr\/gm-arrete-la-production-du-cadillac-xt4-pour-se-concentrer-sur-les-vehicules-electriques\/","title":{"rendered":"GM arr\u00eate la production du Cadillac XT4 pour se concentrer sur les v\u00e9hicules \u00e9lectriques"},"content":{"rendered":"<\/p>\n<p>En pleine transition vers l\u2019\u00e9lectrique, General Motors (GM) annonce la fin de la production du Cadillac XT4 SUV \u00e0 essence d\u00e8s janvier. L\u2019usine de Fairfax, au Kansas, sera enti\u00e8rement d\u00e9di\u00e9e \u00e0 la fabrication des futurs Chevrolet Bolt EV, marquant un tournant strat\u00e9gique pour le constructeur de Detroit.<\/p>\n<h4>Un investissement de 390 millions pour les Chevrolet Bolt EV<\/h4>\n<p>\nGM investit massivement pour transformer son usine du Kansas, allouant 390 millions de dollars pour l\u2019assemblage de la nouvelle g\u00e9n\u00e9ration de Chevrolet Bolt EV. Bien que la production du Chevrolet Malibu y prenne \u00e9galement fin ce mois-ci, GM pr\u00e9voyait initialement de produire les mod\u00e8les Bolt et XT4 sur la m\u00eame ligne d\u2019assemblage d\u00e8s 2025. Cependant, le constructeur a d\u00e9cid\u00e9 de r\u00e9server cette ligne exclusivement aux v\u00e9hicules \u00e9lectriques.<\/p>\n<h4>Cadillac XT4 : une production stopp\u00e9e dans un contexte de ventes en baisse<\/h4>\n<p>\nLa d\u00e9cision de GM survient alors que les ventes du Cadillac XT4 ont baiss\u00e9 de 12 % cette ann\u00e9e, avec 17 807 unit\u00e9s vendues. Ce mod\u00e8le, pourtant populaire \u00e0 ses d\u00e9buts, n\u2019a pas \u00e9chapp\u00e9 \u00e0 la r\u00e9orientation strat\u00e9gique de GM vers une gamme plus verte.<\/p>\n<h4>Impact sur l\u2019emploi \u00e0 l\u2019usine de Fairfax<\/h4>\n<p>\nCette r\u00e9organisation n\u2019est pas sans cons\u00e9quence pour les travailleurs de Fairfax. GM a annonc\u00e9 en septembre le licenciement de 1 695 employ\u00e9s. La premi\u00e8re phase commence d\u00e8s le 18 novembre, affectant 686 travailleurs \u00e0 temps plein et 250 employ\u00e9s temporaires. La seconde phase, pr\u00e9vue pour le 12 janvier, verra le d\u00e9part de 759 employ\u00e9s suppl\u00e9mentaires. GM pr\u00e9voit de r\u00e9int\u00e9grer ses employ\u00e9s permanents lorsque la production des Bolt EV reprendra en 2025.<\/p>\n<h4>GM : une transition vers le tout \u00e9lectrique<\/h4>\n<p>\nLa fin de production du Cadillac XT4 et du Chevrolet Malibu s\u2019inscrit dans une strat\u00e9gie plus large de GM, qui abandonne progressivement les voitures traditionnelles pour se concentrer sur les SUV et les mod\u00e8les \u00e9lectriques. Apr\u00e8s l\u2019arr\u00eat de la production de la Camaro en fin d\u2019ann\u00e9e derni\u00e8re, le Malibu reste l\u2019unique mod\u00e8le automobile de la gamme Chevrolet aux \u00c9tats-Unis, avec pour exception la l\u00e9gendaire Corvette.<\/p>\n<p>GM ne cache pas sa vision de l\u2019avenir : l\u2019entreprise mise sur une transition vers des v\u00e9hicules plus \u00e9cologiques, confirmant ainsi son engagement en faveur de la mobilit\u00e9 durable.<\/p>\n<p>Le texte <a rel=\"nofollow\" href=\"https:\/\/annuelauto.ca\/fin-production-cadillac-xt4-ev-gm\/\">GM arr\u00eate la production du Cadillac XT4 pour se concentrer sur les v\u00e9hicules \u00e9lectriques<\/a> provient de <a rel=\"nofollow\" href=\"https:\/\/annuelauto.ca\">L&#8217;annuel de l&#8217;automobile &#8211; Actualit\u00e9 automobile<\/a><\/p>\n<p><\/p>\n","protected":false},"excerpt":{"rendered":"<p>En pleine transition vers l\u2019\u00e9lectrique, General Motors (GM) annonce la fin de la production du Cadillac XT4 SUV \u00e0 essence d\u00e8s janvier. L\u2019usine de Fairfax, au Kansas, sera enti\u00e8rement d\u00e9di\u00e9e \u00e0 la fabrication des futurs Chevrolet Bolt EV, marquant un tournant strat\u00e9gique pour le constructeur de Detroit. Un investissement de 390 millions pour les Chevrolet [&hellip;]<\/p>\n","protected":false},"author":8,"featured_media":181083,"comment_status":"close","ping_status":"closed","sticky":false,"template":"","format":"standard","meta":{"_monsterinsights_skip_tracking":false,"_monsterinsights_sitenote_active":false,"_monsterinsights_sitenote_note":"","_monsterinsights_sitenote_category":0,"footnotes":""},"categories":[101],"tags":[],"yoast_head":"<!-- This site is optimized with the Yoast SEO plugin v23.2 - https:\/\/yoast.com\/wordpress\/plugins\/seo\/ -->\n<title>GM arr\u00eate la production du Cadillac XT4 pour se concentrer sur les v\u00e9hicules \u00e9lectriques - CanadaMotorJobs.com<\/title>\n<meta name=\"description\" content=\"GM arr\u00eate la production du Cadillac XT4 pour se concentrer sur les v\u00e9hicules \u00e9lectriques - Benoit Charette - Annuel automobile - CanadaMotorJobs.com.\" \/>\n<meta name=\"robots\" content=\"index, follow, max-snippet:-1, max-image-preview:large, max-video-preview:-1\" \/>\n<meta property=\"og:locale\" content=\"fr_CA\" \/>\n<meta property=\"og:type\" content=\"article\" \/>\n<meta property=\"og:title\" content=\"GM arr\u00eate la production du Cadillac XT4 pour se concentrer sur les v\u00e9hicules \u00e9lectriques - CanadaMotorJobs.com\" \/>\n<meta property=\"og:description\" content=\"GM arr\u00eate la production du Cadillac XT4 pour se concentrer sur les v\u00e9hicules \u00e9lectriques - Benoit Charette - Annuel automobile - CanadaMotorJobs.com.\" \/>\n<meta property=\"og:url\" content=\"https:\/\/news.canadamotorjobs.com\/fr\/gm-arrete-la-production-du-cadillac-xt4-pour-se-concentrer-sur-les-vehicules-electriques\/\" \/>\n<meta property=\"og:site_name\" content=\"CanadaMotorJobs.com\" \/>\n<meta property=\"article:publisher\" content=\"https:\/\/www.facebook.com\/canadamotorjobs\/\" \/>\n<meta property=\"article:published_time\" content=\"2024-11-08T11:49:41+00:00\" \/>\n<meta property=\"article:modified_time\" content=\"2024-11-08T11:58:53+00:00\" \/>\n<meta property=\"og:image\" content=\"https:\/\/news.canadamotorjobs.com\/wp-content\/uploads\/2024\/11\/2024-cadillac-xt4-001.jpg\" \/>\n\t<meta property=\"og:image:width\" content=\"1366\" \/>\n\t<meta property=\"og:image:height\" content=\"800\" \/>\n\t<meta property=\"og:image:type\" content=\"image\/jpeg\" \/>\n<meta name=\"author\" content=\"Benoit Charette\" \/>\n<meta name=\"twitter:card\" content=\"summary_large_image\" \/>\n<meta name=\"twitter:creator\" content=\"@canadamotorjobs\" \/>\n<meta name=\"twitter:site\" content=\"@canadamotorjobs\" \/>\n<meta name=\"twitter:label1\" content=\"\u00c9crit par\" \/>\n\t<meta name=\"twitter:data1\" content=\"Benoit Charette\" \/>\n\t<meta name=\"twitter:label2\" content=\"Estimation du temps de lecture\" \/>\n\t<meta name=\"twitter:data2\" content=\"2 minutes\" \/>\n<!-- \/ Yoast SEO plugin. -->","yoast_head_json":{"title":"GM arr\u00eate la production du Cadillac XT4 pour se concentrer sur les v\u00e9hicules \u00e9lectriques - CanadaMotorJobs.com","description":"GM arr\u00eate la production du Cadillac XT4 pour se concentrer sur les v\u00e9hicules \u00e9lectriques - Benoit Charette - Annuel automobile - CanadaMotorJobs.com.","robots":{"index":"index","follow":"follow","max-snippet":"max-snippet:-1","max-image-preview":"max-image-preview:large","max-video-preview":"max-video-preview:-1"},"og_locale":"fr_CA","og_type":"article","og_title":"GM arr\u00eate la production du Cadillac XT4 pour se concentrer sur les v\u00e9hicules \u00e9lectriques - CanadaMotorJobs.com","og_description":"GM arr\u00eate la production du Cadillac XT4 pour se concentrer sur les v\u00e9hicules \u00e9lectriques - Benoit Charette - Annuel automobile - CanadaMotorJobs.com.","og_url":"https:\/\/news.canadamotorjobs.com\/fr\/gm-arrete-la-production-du-cadillac-xt4-pour-se-concentrer-sur-les-vehicules-electriques\/","og_site_name":"CanadaMotorJobs.com","article_publisher":"https:\/\/www.facebook.com\/canadamotorjobs\/","article_published_time":"2024-11-08T11:49:41+00:00","article_modified_time":"2024-11-08T11:58:53+00:00","og_image":[{"width":1366,"height":800,"url":"https:\/\/news.canadamotorjobs.com\/wp-content\/uploads\/2024\/11\/2024-cadillac-xt4-001.jpg","type":"image\/jpeg"}],"author":"Benoit Charette","twitter_card":"summary_large_image","twitter_creator":"@canadamotorjobs","twitter_site":"@canadamotorjobs","twitter_misc":{"\u00c9crit par":"Benoit Charette","Estimation du temps de lecture":"2 minutes"},"schema":{"@context":"https:\/\/schema.org","@graph":[{"@type":"Article","@id":"https:\/\/news.canadamotorjobs.com\/fr\/gm-arrete-la-production-du-cadillac-xt4-pour-se-concentrer-sur-les-vehicules-electriques\/#article","isPartOf":{"@id":"https:\/\/news.canadamotorjobs.com\/fr\/gm-arrete-la-production-du-cadillac-xt4-pour-se-concentrer-sur-les-vehicules-electriques\/"},"author":{"name":"Benoit Charette","@id":"https:\/\/news.canadamotorjobs.com\/#\/schema\/person\/51793d1f87d44011d7bcc2ed99269a90"},"headline":"GM arr\u00eate la production du Cadillac XT4 pour se concentrer sur les v\u00e9hicules \u00e9lectriques","datePublished":"2024-11-08T11:49:41+00:00","dateModified":"2024-11-08T11:58:53+00:00","mainEntityOfPage":{"@id":"https:\/\/news.canadamotorjobs.com\/fr\/gm-arrete-la-production-du-cadillac-xt4-pour-se-concentrer-sur-les-vehicules-electriques\/"},"wordCount":441,"publisher":{"@id":"https:\/\/news.canadamotorjobs.com\/#organization"},"image":{"@id":"https:\/\/news.canadamotorjobs.com\/fr\/gm-arrete-la-production-du-cadillac-xt4-pour-se-concentrer-sur-les-vehicules-electriques\/#primaryimage"},"thumbnailUrl":"https:\/\/news.canadamotorjobs.com\/wp-content\/uploads\/2024\/11\/2024-cadillac-xt4-001.jpg","articleSection":["Annuel automobile"],"inLanguage":"fr-CA"},{"@type":"WebPage","@id":"https:\/\/news.canadamotorjobs.com\/fr\/gm-arrete-la-production-du-cadillac-xt4-pour-se-concentrer-sur-les-vehicules-electriques\/","url":"https:\/\/news.canadamotorjobs.com\/fr\/gm-arrete-la-production-du-cadillac-xt4-pour-se-concentrer-sur-les-vehicules-electriques\/","name":"GM arr\u00eate la production du Cadillac XT4 pour se concentrer sur les v\u00e9hicules \u00e9lectriques - CanadaMotorJobs.com","isPartOf":{"@id":"https:\/\/news.canadamotorjobs.com\/#website"},"primaryImageOfPage":{"@id":"https:\/\/news.canadamotorjobs.com\/fr\/gm-arrete-la-production-du-cadillac-xt4-pour-se-concentrer-sur-les-vehicules-electriques\/#primaryimage"},"image":{"@id":"https:\/\/news.canadamotorjobs.com\/fr\/gm-arrete-la-production-du-cadillac-xt4-pour-se-concentrer-sur-les-vehicules-electriques\/#primaryimage"},"thumbnailUrl":"https:\/\/news.canadamotorjobs.com\/wp-content\/uploads\/2024\/11\/2024-cadillac-xt4-001.jpg","datePublished":"2024-11-08T11:49:41+00:00","dateModified":"2024-11-08T11:58:53+00:00","description":"GM arr\u00eate la production du Cadillac XT4 pour se concentrer sur les v\u00e9hicules \u00e9lectriques - Benoit Charette - Annuel automobile - CanadaMotorJobs.com.","breadcrumb":{"@id":"https:\/\/news.canadamotorjobs.com\/fr\/gm-arrete-la-production-du-cadillac-xt4-pour-se-concentrer-sur-les-vehicules-electriques\/#breadcrumb"},"inLanguage":"fr-CA","potentialAction":[{"@type":"ReadAction","target":["https:\/\/news.canadamotorjobs.com\/fr\/gm-arrete-la-production-du-cadillac-xt4-pour-se-concentrer-sur-les-vehicules-electriques\/"]}]},{"@type":"ImageObject","inLanguage":"fr-CA","@id":"https:\/\/news.canadamotorjobs.com\/fr\/gm-arrete-la-production-du-cadillac-xt4-pour-se-concentrer-sur-les-vehicules-electriques\/#primaryimage","url":"https:\/\/news.canadamotorjobs.com\/wp-content\/uploads\/2024\/11\/2024-cadillac-xt4-001.jpg","contentUrl":"https:\/\/news.canadamotorjobs.com\/wp-content\/uploads\/2024\/11\/2024-cadillac-xt4-001.jpg","width":1366,"height":800},{"@type":"BreadcrumbList","@id":"https:\/\/news.canadamotorjobs.com\/fr\/gm-arrete-la-production-du-cadillac-xt4-pour-se-concentrer-sur-les-vehicules-electriques\/#breadcrumb","itemListElement":[{"@type":"ListItem","position":1,"name":"Home","item":"https:\/\/news.canadamotorjobs.com\/fr\/blog\/"},{"@type":"ListItem","position":2,"name":"GM arr\u00eate la production du Cadillac XT4 pour se concentrer sur les v\u00e9hicules \u00e9lectriques"}]},{"@type":"WebSite","@id":"https:\/\/news.canadamotorjobs.com\/#website","url":"https:\/\/news.canadamotorjobs.com\/","name":"CanadaMotorJobs.com","description":"Automotive Jobs","publisher":{"@id":"https:\/\/news.canadamotorjobs.com\/#organization"},"potentialAction":[{"@type":"SearchAction","target":{"@type":"EntryPoint","urlTemplate":"https:\/\/news.canadamotorjobs.com\/?s={search_term_string}"},"query-input":"required name=search_term_string"}],"inLanguage":"fr-CA"},{"@type":"Organization","@id":"https:\/\/news.canadamotorjobs.com\/#organization","name":"Canada Motor Jobs","url":"https:\/\/news.canadamotorjobs.com\/","logo":{"@type":"ImageObject","inLanguage":"fr-CA","@id":"https:\/\/news.canadamotorjobs.com\/#\/schema\/logo\/image\/","url":"https:\/\/news.canadamotorjobs.com\/wp-content\/uploads\/2022\/10\/logo-canada-motor-jobs-1.png","contentUrl":"https:\/\/news.canadamotorjobs.com\/wp-content\/uploads\/2022\/10\/logo-canada-motor-jobs-1.png","width":800,"height":400,"caption":"Canada Motor Jobs"},"image":{"@id":"https:\/\/news.canadamotorjobs.com\/#\/schema\/logo\/image\/"},"sameAs":["https:\/\/www.facebook.com\/canadamotorjobs\/","https:\/\/x.com\/canadamotorjobs","https:\/\/www.instagram.com\/canadamotorjobs\/","https:\/\/www.linkedin.com\/company\/canadamotorjobs"]},{"@type":"Person","@id":"https:\/\/news.canadamotorjobs.com\/#\/schema\/person\/51793d1f87d44011d7bcc2ed99269a90","name":"Benoit Charette","image":{"@type":"ImageObject","inLanguage":"fr-CA","@id":"https:\/\/news.canadamotorjobs.com\/#\/schema\/person\/image\/","url":"https:\/\/secure.gravatar.com\/avatar\/45f3d2eebcccd909668d7ce7ea7267b6?s=96&d=mm&r=g","contentUrl":"https:\/\/secure.gravatar.com\/avatar\/45f3d2eebcccd909668d7ce7ea7267b6?s=96&d=mm&r=g","caption":"Benoit Charette"},"description":"Benoit Charette \/ Propri\u00e9taire et r\u00e9dacteur en chef Benoit Charette pratique le journalisme automobile depuis bient\u00f4t 30 ans. Il a fait ses classes au c\u00f4t\u00e9 de Daniel H\u00e9raud et au Carnet de route de 1992 \u00e0 2001. Il est fondateur, copropri\u00e9taire et r\u00e9dacteur en chef de L\u2019Annuel de l\u2019automobile, qu\u2019il publie depuis 2001. Il a anim\u00e9 les \u00e9missions RPM et RPM+ sur V et les L\u00e9gendes de la route sur Historia. \u00c0 la radio depuis 1986, il reprend l\u2019antenne cette ann\u00e9e sur les ondes de Cogeco et participe pour la deuxi\u00e8me ann\u00e9e \u00e0 l\u2019\u00e9mission Passion Auto sur RDS en plus de mettre en ligne le site Web officiel de L\u2019Annuel de l\u2019automobile sur annuelauto.ca.","sameAs":["https:\/\/annuelauto.ca\/"],"url":"https:\/\/news.canadamotorjobs.com\/fr\/author\/benoit-charette\/"}]}},"_links":{"self":[{"href":"https:\/\/news.canadamotorjobs.com\/fr\/wp-json\/wp\/v2\/posts\/181081"}],"collection":[{"href":"https:\/\/news.canadamotorjobs.com\/fr\/wp-json\/wp\/v2\/posts"}],"about":[{"href":"https:\/\/news.canadamotorjobs.com\/fr\/wp-json\/wp\/v2\/types\/post"}],"author":[{"embeddable":true,"href":"https:\/\/news.canadamotorjobs.com\/fr\/wp-json\/wp\/v2\/users\/8"}],"replies":[{"embeddable":true,"href":"https:\/\/news.canadamotorjobs.com\/fr\/wp-json\/wp\/v2\/comments?post=181081"}],"version-history":[{"count":2,"href":"https:\/\/news.canadamotorjobs.com\/fr\/wp-json\/wp\/v2\/posts\/181081\/revisions"}],"predecessor-version":[{"id":181085,"href":"https:\/\/news.canadamotorjobs.com\/fr\/wp-json\/wp\/v2\/posts\/181081\/revisions\/181085"}],"wp:featuredmedia":[{"embeddable":true,"href":"https:\/\/news.canadamotorjobs.com\/fr\/wp-json\/wp\/v2\/media\/181083"}],"wp:attachment":[{"href":"https:\/\/news.canadamotorjobs.com\/fr\/wp-json\/wp\/v2\/media?parent=181081"}],"wp:term":[{"taxonomy":"category","embeddable":true,"href":"https:\/\/news.canadamotorjobs.com\/fr\/wp-json\/wp\/v2\/categories?post=181081"},{"taxonomy":"post_tag","embeddable":true,"href":"https:\/\/news.canadamotorjobs.com\/fr\/wp-json\/wp\/v2\/tags?post=181081"}],"curies":[{"name":"wp","href":"https:\/\/api.w.org\/{rel}","templated":true}]}}