{"id":181058,"date":"2024-11-08T06:37:06","date_gmt":"2024-11-08T11:37:06","guid":{"rendered":"https:\/\/news.canadamotorjobs.com\/?p=181058"},"modified":"2024-11-08T06:43:52","modified_gmt":"2024-11-08T11:43:52","slug":"ln-retour-de-trump-une-menace-pour-lautomobile-canadienne","status":"publish","type":"post","link":"https:\/\/news.canadamotorjobs.com\/fr\/ln-retour-de-trump-une-menace-pour-lautomobile-canadienne\/","title":{"rendered":"Ln retour de Trump: une menace pour l\u2019automobile canadienne"},"content":{"rendered":"<\/p>\n<p>Le retour de Donald Trump \u00e0 la Maison-Blanche suscite de vives inqui\u00e9tudes au sein de l\u2019industrie automobile canadienne. Un mandat marqu\u00e9 par des tarifs douaniers \u00e9lev\u00e9s et un possible recul sur les politiques d\u2019\u00e9lectrification pourrait perturber une collaboration transfrontali\u00e8re qui perdure depuis pr\u00e8s de 60 ans. Flavio Volpe, pr\u00e9sident de l&#8217;Association des fabricants de pi\u00e8ces d\u2019automobiles (APMA), souligne que l\u2019approche protectionniste de Trump en mati\u00e8re de commerce pourrait mettre en p\u00e9ril des d\u00e9cennies d&#8217;int\u00e9gration entre les \u00c9tats-Unis et le Canada.<\/p>\n<h3><strong>Des tarifs am\u00e9ricains qui menacent l\u2019\u00e9conomie canadienne<\/strong><\/h3>\n<p>\nL\u2019imposition par Trump d\u2019une taxe de 10 % sur les importations mondiales pourrait co\u00fbter des dizaines de milliards au PIB canadien. Selon une analyse \u00e9conomique de TD, le secteur automobile canadien, qui d\u00e9pend \u00e0 80 % des exportations vers les \u00c9tats-Unis, subirait les effets les plus n\u00e9gatifs. En effet, environ la moiti\u00e9 des v\u00e9hicules produits au Canada sont construits par des entreprises am\u00e9ricaines comme Ford et General Motors. L\u2019impact de ces tarifs pourrait compromettre des milliers d\u2019emplois et l\u2019\u00e9quilibre des \u00e9changes automobiles entre les deux pays.<\/p>\n<h3><strong>USMCA : une \u00e9p\u00e9e \u00e0 double tranchant pour l\u2019industrie canadienne<\/strong><\/h3>\n<p>\nLes n\u00e9gociations de l&#8217;accord \u00c9tats-Unis-Mexique-Canada (USMCA) en 2026 pourraient \u00e9galement devenir une \u00e9pine dans le pied du Canada. Bien que le Canada ait, lors du premier mandat de Trump, r\u00e9ussi \u00e0 d\u00e9montrer la compl\u00e9mentarit\u00e9 de ses int\u00e9r\u00eats avec ceux des \u00c9tats-Unis, les risques d\u2019un second mandat apparaissent plus grands. David Adams, PDG de Global Automakers of Canada, craint une r\u00e9ouverture de l\u2019accord qui pourrait compliquer les relations commerciales canado-am\u00e9ricaines et nuire aux entreprises de part et d&#8217;autre de la fronti\u00e8re.<\/p>\n<h3><strong>\u00c9lectrification : un chantier compromis ?<\/strong><\/h3>\n<p>\nLe virage vert du secteur automobile pourrait \u00eatre ralenti, voire invers\u00e9, par Trump et les r\u00e9publicains, qui affichent une hostilit\u00e9 marqu\u00e9e envers les v\u00e9hicules \u00e9lectriques (VE). Les r\u00e8gles d\u2019\u00e9mission de l\u2019EPA, qui stimulent la demande pour les VE, pourraient \u00eatre assouplies, affectant ainsi le march\u00e9 nord-am\u00e9ricain. Cela inqui\u00e8te les entreprises canadiennes, qui ont investi plus de 50 milliards de dollars dans les VE au cours des derni\u00e8res ann\u00e9es, anticipant une forte demande am\u00e9ricaine. Pour Brendan Sweeney, directeur de Trillium Network for Advanced Manufacturing, la relation entre Trump et le PDG de Tesla, Elon Musk, pourrait jouer un r\u00f4le d\u00e9terminant pour influencer les d\u00e9cisions en mati\u00e8re de VE.<\/p>\n<h3><strong>Le Canada face \u00e0 un d\u00e9fi de taille<\/strong><\/h3>\n<p>\nAlors que les relations commerciales entre le Canada et les \u00c9tats-Unis risquent de se d\u00e9t\u00e9riorer sous une seconde pr\u00e9sidence Trump, les responsables canadiens intensifient leurs efforts pour maintenir une alliance solide. Flavio Volpe souligne que l\u2019industrie automobile canadienne doit d\u00e9montrer qu\u2019elle est un partenaire incontournable pour les \u00c9tats-Unis, en particulier face \u00e0 la mont\u00e9e en puissance de la Chine dans le secteur de l\u2019\u00e9lectrification. L\u2019enjeu est de taille : pr\u00e9server l\u2019avenir de l\u2019automobile canadienne dans un contexte mondial en pleine mutation.<\/p>\n<p><strong>Avec des renseignements d&#8217;Automotive News Canada<br \/>\n<\/strong><\/p>\n<p>Le texte <a rel=\"nofollow\" href=\"https:\/\/annuelauto.ca\/trump-automobile-canada-tarifs-echanges\/\">Ln retour de Trump: une menace pour l\u2019automobile canadienne<\/a> provient de <a rel=\"nofollow\" href=\"https:\/\/annuelauto.ca\">L&#8217;annuel de l&#8217;automobile &#8211; Actualit\u00e9 automobile<\/a><\/p>\n<p><\/p>\n","protected":false},"excerpt":{"rendered":"<p>Le retour de Donald Trump \u00e0 la Maison-Blanche suscite de vives inqui\u00e9tudes au sein de l\u2019industrie automobile canadienne. Un mandat marqu\u00e9 par des tarifs douaniers \u00e9lev\u00e9s et un possible recul sur les politiques d\u2019\u00e9lectrification pourrait perturber une collaboration transfrontali\u00e8re qui perdure depuis pr\u00e8s de 60 ans. Flavio Volpe, pr\u00e9sident de l&#8217;Association des fabricants de pi\u00e8ces [&hellip;]<\/p>\n","protected":false},"author":8,"featured_media":181060,"comment_status":"close","ping_status":"closed","sticky":false,"template":"","format":"standard","meta":{"_monsterinsights_skip_tracking":false,"_monsterinsights_sitenote_active":false,"_monsterinsights_sitenote_note":"","_monsterinsights_sitenote_category":0,"footnotes":""},"categories":[101],"tags":[],"yoast_head":"<!-- This site is optimized with the Yoast SEO plugin v23.2 - https:\/\/yoast.com\/wordpress\/plugins\/seo\/ -->\n<title>Ln retour de Trump: une menace pour l\u2019automobile canadienne - CanadaMotorJobs.com<\/title>\n<meta name=\"description\" content=\"Ln retour de Trump: une menace pour l\u2019automobile canadienne - Benoit Charette - Annuel automobile - CanadaMotorJobs.com.\" \/>\n<meta name=\"robots\" content=\"index, follow, max-snippet:-1, max-image-preview:large, max-video-preview:-1\" \/>\n<meta property=\"og:locale\" content=\"fr_CA\" \/>\n<meta property=\"og:type\" content=\"article\" \/>\n<meta property=\"og:title\" content=\"Ln retour de Trump: une menace pour l\u2019automobile canadienne - CanadaMotorJobs.com\" \/>\n<meta property=\"og:description\" content=\"Ln retour de Trump: une menace pour l\u2019automobile canadienne - Benoit Charette - Annuel automobile - CanadaMotorJobs.com.\" \/>\n<meta property=\"og:url\" content=\"https:\/\/news.canadamotorjobs.com\/fr\/ln-retour-de-trump-une-menace-pour-lautomobile-canadienne\/\" \/>\n<meta property=\"og:site_name\" content=\"CanadaMotorJobs.com\" \/>\n<meta property=\"article:publisher\" content=\"https:\/\/www.facebook.com\/canadamotorjobs\/\" \/>\n<meta property=\"article:published_time\" content=\"2024-11-08T11:37:06+00:00\" \/>\n<meta property=\"article:modified_time\" content=\"2024-11-08T11:43:52+00:00\" \/>\n<meta property=\"og:image\" content=\"https:\/\/news.canadamotorjobs.com\/wp-content\/uploads\/2024\/11\/Donald_J._Trump_at_Marriott_Marquis_NYC_September_7th_2016_04-4.jpg\" \/>\n\t<meta property=\"og:image:width\" content=\"1200\" \/>\n\t<meta property=\"og:image:height\" content=\"800\" \/>\n\t<meta property=\"og:image:type\" content=\"image\/jpeg\" \/>\n<meta name=\"author\" content=\"Benoit Charette\" \/>\n<meta name=\"twitter:card\" content=\"summary_large_image\" \/>\n<meta name=\"twitter:creator\" content=\"@canadamotorjobs\" \/>\n<meta name=\"twitter:site\" content=\"@canadamotorjobs\" \/>\n<meta name=\"twitter:label1\" content=\"\u00c9crit par\" \/>\n\t<meta name=\"twitter:data1\" content=\"Benoit Charette\" \/>\n\t<meta name=\"twitter:label2\" content=\"Estimation du temps de lecture\" \/>\n\t<meta name=\"twitter:data2\" content=\"3 minutes\" \/>\n<!-- \/ Yoast SEO plugin. -->","yoast_head_json":{"title":"Ln retour de Trump: une menace pour l\u2019automobile canadienne - CanadaMotorJobs.com","description":"Ln retour de Trump: une menace pour l\u2019automobile canadienne - Benoit Charette - Annuel automobile - CanadaMotorJobs.com.","robots":{"index":"index","follow":"follow","max-snippet":"max-snippet:-1","max-image-preview":"max-image-preview:large","max-video-preview":"max-video-preview:-1"},"og_locale":"fr_CA","og_type":"article","og_title":"Ln retour de Trump: une menace pour l\u2019automobile canadienne - CanadaMotorJobs.com","og_description":"Ln retour de Trump: une menace pour l\u2019automobile canadienne - Benoit Charette - Annuel automobile - CanadaMotorJobs.com.","og_url":"https:\/\/news.canadamotorjobs.com\/fr\/ln-retour-de-trump-une-menace-pour-lautomobile-canadienne\/","og_site_name":"CanadaMotorJobs.com","article_publisher":"https:\/\/www.facebook.com\/canadamotorjobs\/","article_published_time":"2024-11-08T11:37:06+00:00","article_modified_time":"2024-11-08T11:43:52+00:00","og_image":[{"width":1200,"height":800,"url":"https:\/\/news.canadamotorjobs.com\/wp-content\/uploads\/2024\/11\/Donald_J._Trump_at_Marriott_Marquis_NYC_September_7th_2016_04-4.jpg","type":"image\/jpeg"}],"author":"Benoit Charette","twitter_card":"summary_large_image","twitter_creator":"@canadamotorjobs","twitter_site":"@canadamotorjobs","twitter_misc":{"\u00c9crit par":"Benoit Charette","Estimation du temps de lecture":"3 minutes"},"schema":{"@context":"https:\/\/schema.org","@graph":[{"@type":"Article","@id":"https:\/\/news.canadamotorjobs.com\/fr\/ln-retour-de-trump-une-menace-pour-lautomobile-canadienne\/#article","isPartOf":{"@id":"https:\/\/news.canadamotorjobs.com\/fr\/ln-retour-de-trump-une-menace-pour-lautomobile-canadienne\/"},"author":{"name":"Benoit Charette","@id":"https:\/\/news.canadamotorjobs.com\/#\/schema\/person\/51793d1f87d44011d7bcc2ed99269a90"},"headline":"Ln retour de Trump: une menace pour l\u2019automobile canadienne","datePublished":"2024-11-08T11:37:06+00:00","dateModified":"2024-11-08T11:43:52+00:00","mainEntityOfPage":{"@id":"https:\/\/news.canadamotorjobs.com\/fr\/ln-retour-de-trump-une-menace-pour-lautomobile-canadienne\/"},"wordCount":558,"publisher":{"@id":"https:\/\/news.canadamotorjobs.com\/#organization"},"image":{"@id":"https:\/\/news.canadamotorjobs.com\/fr\/ln-retour-de-trump-une-menace-pour-lautomobile-canadienne\/#primaryimage"},"thumbnailUrl":"https:\/\/news.canadamotorjobs.com\/wp-content\/uploads\/2024\/11\/Donald_J._Trump_at_Marriott_Marquis_NYC_September_7th_2016_04-4.jpg","articleSection":["Annuel automobile"],"inLanguage":"fr-CA"},{"@type":"WebPage","@id":"https:\/\/news.canadamotorjobs.com\/fr\/ln-retour-de-trump-une-menace-pour-lautomobile-canadienne\/","url":"https:\/\/news.canadamotorjobs.com\/fr\/ln-retour-de-trump-une-menace-pour-lautomobile-canadienne\/","name":"Ln retour de Trump: une menace pour l\u2019automobile canadienne - CanadaMotorJobs.com","isPartOf":{"@id":"https:\/\/news.canadamotorjobs.com\/#website"},"primaryImageOfPage":{"@id":"https:\/\/news.canadamotorjobs.com\/fr\/ln-retour-de-trump-une-menace-pour-lautomobile-canadienne\/#primaryimage"},"image":{"@id":"https:\/\/news.canadamotorjobs.com\/fr\/ln-retour-de-trump-une-menace-pour-lautomobile-canadienne\/#primaryimage"},"thumbnailUrl":"https:\/\/news.canadamotorjobs.com\/wp-content\/uploads\/2024\/11\/Donald_J._Trump_at_Marriott_Marquis_NYC_September_7th_2016_04-4.jpg","datePublished":"2024-11-08T11:37:06+00:00","dateModified":"2024-11-08T11:43:52+00:00","description":"Ln retour de Trump: une menace pour l\u2019automobile canadienne - Benoit Charette - Annuel automobile - CanadaMotorJobs.com.","breadcrumb":{"@id":"https:\/\/news.canadamotorjobs.com\/fr\/ln-retour-de-trump-une-menace-pour-lautomobile-canadienne\/#breadcrumb"},"inLanguage":"fr-CA","potentialAction":[{"@type":"ReadAction","target":["https:\/\/news.canadamotorjobs.com\/fr\/ln-retour-de-trump-une-menace-pour-lautomobile-canadienne\/"]}]},{"@type":"ImageObject","inLanguage":"fr-CA","@id":"https:\/\/news.canadamotorjobs.com\/fr\/ln-retour-de-trump-une-menace-pour-lautomobile-canadienne\/#primaryimage","url":"https:\/\/news.canadamotorjobs.com\/wp-content\/uploads\/2024\/11\/Donald_J._Trump_at_Marriott_Marquis_NYC_September_7th_2016_04-4.jpg","contentUrl":"https:\/\/news.canadamotorjobs.com\/wp-content\/uploads\/2024\/11\/Donald_J._Trump_at_Marriott_Marquis_NYC_September_7th_2016_04-4.jpg","width":1200,"height":800},{"@type":"BreadcrumbList","@id":"https:\/\/news.canadamotorjobs.com\/fr\/ln-retour-de-trump-une-menace-pour-lautomobile-canadienne\/#breadcrumb","itemListElement":[{"@type":"ListItem","position":1,"name":"Home","item":"https:\/\/news.canadamotorjobs.com\/fr\/blog\/"},{"@type":"ListItem","position":2,"name":"Ln retour de Trump: une menace pour l\u2019automobile canadienne"}]},{"@type":"WebSite","@id":"https:\/\/news.canadamotorjobs.com\/#website","url":"https:\/\/news.canadamotorjobs.com\/","name":"CanadaMotorJobs.com","description":"Automotive Jobs","publisher":{"@id":"https:\/\/news.canadamotorjobs.com\/#organization"},"potentialAction":[{"@type":"SearchAction","target":{"@type":"EntryPoint","urlTemplate":"https:\/\/news.canadamotorjobs.com\/?s={search_term_string}"},"query-input":"required name=search_term_string"}],"inLanguage":"fr-CA"},{"@type":"Organization","@id":"https:\/\/news.canadamotorjobs.com\/#organization","name":"Canada Motor Jobs","url":"https:\/\/news.canadamotorjobs.com\/","logo":{"@type":"ImageObject","inLanguage":"fr-CA","@id":"https:\/\/news.canadamotorjobs.com\/#\/schema\/logo\/image\/","url":"https:\/\/news.canadamotorjobs.com\/wp-content\/uploads\/2022\/10\/logo-canada-motor-jobs-1.png","contentUrl":"https:\/\/news.canadamotorjobs.com\/wp-content\/uploads\/2022\/10\/logo-canada-motor-jobs-1.png","width":800,"height":400,"caption":"Canada Motor Jobs"},"image":{"@id":"https:\/\/news.canadamotorjobs.com\/#\/schema\/logo\/image\/"},"sameAs":["https:\/\/www.facebook.com\/canadamotorjobs\/","https:\/\/x.com\/canadamotorjobs","https:\/\/www.instagram.com\/canadamotorjobs\/","https:\/\/www.linkedin.com\/company\/canadamotorjobs"]},{"@type":"Person","@id":"https:\/\/news.canadamotorjobs.com\/#\/schema\/person\/51793d1f87d44011d7bcc2ed99269a90","name":"Benoit Charette","image":{"@type":"ImageObject","inLanguage":"fr-CA","@id":"https:\/\/news.canadamotorjobs.com\/#\/schema\/person\/image\/","url":"https:\/\/secure.gravatar.com\/avatar\/45f3d2eebcccd909668d7ce7ea7267b6?s=96&d=mm&r=g","contentUrl":"https:\/\/secure.gravatar.com\/avatar\/45f3d2eebcccd909668d7ce7ea7267b6?s=96&d=mm&r=g","caption":"Benoit Charette"},"description":"Benoit Charette \/ Propri\u00e9taire et r\u00e9dacteur en chef Benoit Charette pratique le journalisme automobile depuis bient\u00f4t 30 ans. Il a fait ses classes au c\u00f4t\u00e9 de Daniel H\u00e9raud et au Carnet de route de 1992 \u00e0 2001. Il est fondateur, copropri\u00e9taire et r\u00e9dacteur en chef de L\u2019Annuel de l\u2019automobile, qu\u2019il publie depuis 2001. Il a anim\u00e9 les \u00e9missions RPM et RPM+ sur V et les L\u00e9gendes de la route sur Historia. \u00c0 la radio depuis 1986, il reprend l\u2019antenne cette ann\u00e9e sur les ondes de Cogeco et participe pour la deuxi\u00e8me ann\u00e9e \u00e0 l\u2019\u00e9mission Passion Auto sur RDS en plus de mettre en ligne le site Web officiel de L\u2019Annuel de l\u2019automobile sur annuelauto.ca.","sameAs":["https:\/\/annuelauto.ca\/"],"url":"https:\/\/news.canadamotorjobs.com\/fr\/author\/benoit-charette\/"}]}},"_links":{"self":[{"href":"https:\/\/news.canadamotorjobs.com\/fr\/wp-json\/wp\/v2\/posts\/181058"}],"collection":[{"href":"https:\/\/news.canadamotorjobs.com\/fr\/wp-json\/wp\/v2\/posts"}],"about":[{"href":"https:\/\/news.canadamotorjobs.com\/fr\/wp-json\/wp\/v2\/types\/post"}],"author":[{"embeddable":true,"href":"https:\/\/news.canadamotorjobs.com\/fr\/wp-json\/wp\/v2\/users\/8"}],"replies":[{"embeddable":true,"href":"https:\/\/news.canadamotorjobs.com\/fr\/wp-json\/wp\/v2\/comments?post=181058"}],"version-history":[{"count":2,"href":"https:\/\/news.canadamotorjobs.com\/fr\/wp-json\/wp\/v2\/posts\/181058\/revisions"}],"predecessor-version":[{"id":181062,"href":"https:\/\/news.canadamotorjobs.com\/fr\/wp-json\/wp\/v2\/posts\/181058\/revisions\/181062"}],"wp:featuredmedia":[{"embeddable":true,"href":"https:\/\/news.canadamotorjobs.com\/fr\/wp-json\/wp\/v2\/media\/181060"}],"wp:attachment":[{"href":"https:\/\/news.canadamotorjobs.com\/fr\/wp-json\/wp\/v2\/media?parent=181058"}],"wp:term":[{"taxonomy":"category","embeddable":true,"href":"https:\/\/news.canadamotorjobs.com\/fr\/wp-json\/wp\/v2\/categories?post=181058"},{"taxonomy":"post_tag","embeddable":true,"href":"https:\/\/news.canadamotorjobs.com\/fr\/wp-json\/wp\/v2\/tags?post=181058"}],"curies":[{"name":"wp","href":"https:\/\/api.w.org\/{rel}","templated":true}]}}