{"id":181004,"date":"2024-11-07T08:55:52","date_gmt":"2024-11-07T13:55:52","guid":{"rendered":"https:\/\/news.canadamotorjobs.com\/?p=181004"},"modified":"2024-11-07T08:58:46","modified_gmt":"2024-11-07T13:58:46","slug":"audi-rsq8-2025","status":"publish","type":"post","link":"https:\/\/news.canadamotorjobs.com\/fr\/audi-rsq8-2025\/","title":{"rendered":"Audi RSQ8 2025\u00a0"},"content":{"rendered":"<\/p>\n<p>Barcelone, Espagne- Imaginez un hippopotame qui d\u00e9cide de s&#8217;inscrire \u00e0 une course de 400 m\u00e8tres, tout en portant un surv\u00eatement de haute couture. C\u2019est un peu l\u2019effet que fait l\u2019Audi RSQ8 2025 : un mastodonte qui peut vous \u00e9craser d\u2019un coup de p\u00e9dale, mais qui le fait avec une \u00e9l\u00e9gance d\u00e9concertante. Ce VUS fait partie de cette classe de v\u00e9hicules que l\u2019on aime en se demandant pourquoi. \u00a0Sur les routes du Qu\u00e9bec, entre nids-de-poule et c\u00f4nes orange, est-ce qu\u2019un monstre pareil a r\u00e9ellement sa place avec ses roues de 23 pouces ou est-ce simplement une d\u00e9monstration de muscles qui se cherche une raison d\u2019\u00eatre?<\/p>\n<h3>Une version performance pour en remettre une couche<\/h3>\n<p>\nIl faut voir ce VUS comme un camion qui veut tout faire : \u00eatre rapide comme des coup\u00e9s sport, luxueux comme des limousines et assez pratiques pour transporter une \u00e9quipe de hockey. Est-ce que \u00e7a a vraiment du sens pour les routes du Qu\u00e9bec? Pas du tout. Avec ses 631 chevaux sous le capot et un prix qui fr\u00f4le celui d\u2019une maison de campagne, le RSQ8 est une extravagance et rendu l\u00e0 une extravagance de plus ou de moins ne changera rien \u00e0 la facture. Mais c\u2019est justement l\u00e0 tout l\u2019int\u00e9r\u00eat. Parce que quand on parle de performance et de luxe, le sens pratique passe au second plan.<\/p>\n<h3><strong>Quoi de neuf<\/strong><\/h3>\n<p>\nPour 2025, Audi a gard\u00e9 l&#8217;essence m\u00eame de son RSQ8, mais avec quelques ajustements. Le V8 biturbo de 4,0 litres est toujours l\u00e0 (et on ne s\u2019en plaint pas!), mais il a \u00e9t\u00e9 retravaill\u00e9 pour offrir un peu plus de oumph avec 631 chevaux au lieu de 591. Audi a \u00e9galement mis \u00e0 jour certaines technologies embarqu\u00e9es, y compris un nouveau syst\u00e8me d\u2019infodivertissement encore plus r\u00e9actif et des aides \u00e0 la conduite am\u00e9lior\u00e9es. Le ch\u00e2ssis a \u00e9t\u00e9 l\u00e9g\u00e8rement ajust\u00e9 pour mieux g\u00e9rer ce poids imposant dans les virages, m\u00eame si l\u2019id\u00e9e d\u2019un VUS qui attaque les courbes reste un concept un peu&#8230; contradictoire. On s\u2019approche des 657 chevaux du Lamborghini Urus.<\/p>\n<h3><strong>Design 8,5\/10<\/strong><\/h3>\n<p>\nC\u00f4t\u00e9 design, il faut avouer que l\u2019Audi RSQ8 a de la gueule. Ce n\u2019est pas un VUS qui se cache derri\u00e8re des courbes douces et subtiles. Non, ici tout est muscl\u00e9. La calandre b\u00e9ante, les prises d\u2019air agressives et les passages de roues \u00e9largis annoncent clairement ses intentions : c\u2019est un char d\u2019assaut. Mais un char d\u2019assaut avec du style, s\u2019il vous pla\u00eet! Les jantes de 23 pouces semblent ridiculement grandes sur n\u2019importe quel autre v\u00e9hicule, mais ici, elles semblent parfaitement \u00e0 l\u2019\u00e9chelle et ajoutent une touche de \u00ab bad boy \u00bb qui lui sied \u00e0 merveille. Et les prises d\u2019air? Elles sont si \u00e9normes qu\u2019on pourrait presque y installer une famille de pigeons sans qu\u2019elles ne g\u00eanent le flux d\u2019air. Bref, \u00a0le RSQ8 ne cherche pas \u00e0 passer inaper\u00e7u. C\u2019est un mastodonte qui, peu importe l\u2019angle, crie \u00ab j\u2019arrive, d\u00e9gagez! \u00bb<\/p>\n<h3><strong>Int\u00e9rieur 9\/10<\/strong><\/h3>\n<p>\n\u00c0 l\u2019int\u00e9rieur, c\u2019est un autre univers. On vous plonge dans un cocon de luxe absolu. Les cuirs finement cousus, l\u2019Alcantara, les inserts en carbone et en aluminium bross\u00e9 transforment chaque trajet en une exp\u00e9rience cinq \u00e9toiles. Les si\u00e8ges avant, chauffants et ventil\u00e9s, vous tiennent bien en place, m\u00eame si vous d\u00e9cidez toute la cavalerie. \u00c0 l\u2019arri\u00e8re, il y a suffisamment de place pour que vos passagers se croient dans une limousine. L\u2019insonorisation est telle qu\u2019on pourrait presque croire que le bruit des c\u00f4nes de construction et des nids-de-poule dispara\u00eet par magie (presque\u2026 car la suspension finit par vous rappeler la r\u00e9alit\u00e9 qu\u00e9b\u00e9coise), surtout sur des roues de 23 pouces)<\/p>\n<h3><strong>Technologie 9\/10<\/strong><\/h3>\n<p>\nLe tableau de bord num\u00e9rique \u00ab Virtual Cockpit \u00bb est impressionnant, avec des affichages personnalisables allant de la navigation GPS aux donn\u00e9es de performance. L\u2019\u00e9cran tactile central de 10,1 pouces est aussi r\u00e9actif que celui de votre dernier t\u00e9l\u00e9phone, et le syst\u00e8me d\u2019infodivertissement MMI est toujours aussi intuitif. En prime, le syst\u00e8me audio Bang &amp; Olufsen brille par sa clart\u00e9 sonore. Mais ce n\u2019est pas tout : comme bien des mod\u00e8les Audi, le RSQ8 est aussi \u00e9quip\u00e9 de toute une armada de syst\u00e8mes d\u2019aide \u00e0 la conduite, dont le r\u00e9gulateur de vitesse adaptatif, l\u2019assistance au maintien de voie et une cam\u00e9ra 360\u00b0 pour vous aider \u00e0 stationner en ville.<\/p>\n<h3><strong>Motorisation 9\/10<\/strong><\/h3>\n<p>\nLe c\u0153ur de la b\u00eate, c\u2019est son moteur V8 biturbo de 4,0 litres qui d\u00e9veloppe maintenant 631 chevaux et 590 lb-pi de couple. \u00c7a, c\u2019est assez pour propulser ce pachyderme de 0 \u00e0 100 km\/h en seulement 3,6 secondes. Oui, vous avez bien lu, un VUS de plus de deux tonnes peut atteindre des vitesses r\u00e9serv\u00e9es habituellement aux coup\u00e9 deux places exotiques. C\u2019est l\u00e0 que le cynisme entre en jeu : sur les routes du Qu\u00e9bec, entre les bouchons de circulation et les zones de travaux, il est presque criminel de poss\u00e9der une telle puissance sans pouvoir en profiter pleinement. Mais la magie du RSQ8, c\u2019est qu\u2019il vous fait sourire, m\u00eame quand vous roulez \u00e0 30 km\/h derri\u00e8re un tracteur de chantier.<\/p>\n<h3><strong>Conduite 9\/10<\/strong><\/h3>\n<p>\nGr\u00e2ce \u00e0 la suspension pneumatique adaptative, il peut passer du confort d\u2019un tapis volant \u00e0 la rigidit\u00e9 d\u2019une voiture de sport en un clic. En mode confort, il absorbe relativement bien les imperfections de la route, m\u00eame si les pires nids-de-poule finiront quand m\u00eame par se faire sentir. En mode dynamique, il se transfigure, avec une tenue de route qui vous fera douter des lois de la physique pour un v\u00e9hicule de cette taille. Nous l\u2019avons tester sur circuit et les r\u00e9sultats sont inpressionnants. La direction est pr\u00e9cise, et gr\u00e2ce au syst\u00e8me de roues arri\u00e8re directrices, il se man\u0153uvre avec une agilit\u00e9 surprenante. Mais soyons r\u00e9alistes : peu de gens pousseront cette machine \u00e0 ses limites sur le chemin du retour de l\u2019\u00e9picerie. Nous avons fait une s\u00e9ance de circuit plus que convaincante, mais personne ne va acheter un VUS pour aller des s\u00e9ances de courses sur un circuit routier.<\/p>\n<h3><strong>Consommation 7\/10<\/strong><\/h3>\n<p>\nOn ne s\u2019attend pas \u00e0 des miracles de la part d\u2019un V8 aussi puissant. Avec une consommation annonc\u00e9e \u00e0 16 L\/100 km en ville (et probablement bien plus en r\u00e9alit\u00e9 si vous jouez trop souvent avec l\u2019acc\u00e9l\u00e9rateur), ce n\u2019est pas l\u2019option la plus \u00e9cologique sur le march\u00e9. Mais encore une fois, est-ce que quelqu\u2019un ach\u00e8te un RSQ8 en pensant \u00e0 la plan\u00e8te? Disons que c\u2019est un compromis : vous ne pourrez pas passer \u00e0 la station-service sans fr\u00e9mir un peu, mais chaque litre d\u2019essence br\u00fbl\u00e9 vous offrira un plaisir de conduite incomparable.<\/p>\n<h3>Conclusion<\/h3>\n<p>\nL\u2019Audi RSQ8 2025 est une d\u00e9monstration de puissance brute et de luxe raffin\u00e9, le tout emball\u00e9 dans un VUS capable de tout, sauf d\u2019\u00eatre discret. Sur les routes du Qu\u00e9bec, c\u2019est une esp\u00e8ce de paradoxe roulant. D\u2019un c\u00f4t\u00e9, il est presque absurde d\u2019avoir autant de puissance pour un r\u00e9seau routier en \u00e9ternelle r\u00e9paration, mais de l\u2019autre, il est difficile de ne pas succomber \u00e0 son charme imposant et \u00e0 son raffinement sans pareil. Si vous voulez un VUS qui vous donne l\u2019impression de dominer le monde, le RSQ8 est un choix difficile \u00e0 battre.<\/p>\n<h3><strong>Forces :<\/strong><\/h3>\n<p><\/p>\n<ul><\/p>\n<li>Puissance colossale et acc\u00e9l\u00e9rations dignes d\u2019une voiture sport<\/li>\n<p><\/p>\n<li>Int\u00e9rieur luxueux et spacieux<\/li>\n<p><\/p>\n<li>Technologie embarqu\u00e9e de pointe<\/li>\n<p><\/p>\n<li>Agilit\u00e9 surprenante pour sa taille<\/li>\n<p><\/p>\n<li>Capacit\u00e9 \u00e0 s&#8217;adapter aux trajets de tous les jours\u2026 ou presque<\/li>\n<p>\n<\/ul>\n<p><\/p>\n<h3><strong>Faiblesses :<\/strong><\/h3>\n<p><\/p>\n<ul><\/p>\n<li>Consommation de carburant \u00e9lev\u00e9e (pr\u00e9parez le portefeuille)<\/li>\n<p><\/p>\n<li>Un prix \u00e0 la hauteur de la puissance<\/li>\n<p><\/p>\n<li>Suspension parfois rude sur les routes en mauvais \u00e9tat<\/li>\n<p>\n<\/ul>\n<p>\n\u00a0<\/p>\n<p>\u00a0<\/p>\n<p>\u00a0<\/p>\n<p>\u00a0<\/p>\n<p>\u00a0<\/p>\n<p>\u00a0<\/p>\n<p>Le texte <a rel=\"nofollow\" href=\"https:\/\/annuelauto.ca\/audi-rsq8-2025\/\">Audi RSQ8 2025\u00a0<\/a> provient de <a rel=\"nofollow\" href=\"https:\/\/annuelauto.ca\">L&#8217;annuel de l&#8217;automobile &#8211; Actualit\u00e9 automobile<\/a><\/p>\n<p><\/p>\n","protected":false},"excerpt":{"rendered":"<p>Barcelone, Espagne- Imaginez un hippopotame qui d\u00e9cide de s&#8217;inscrire \u00e0 une course de 400 m\u00e8tres, tout en portant un surv\u00eatement de haute couture. C\u2019est un peu l\u2019effet que fait l\u2019Audi RSQ8 2025 : un mastodonte qui peut vous \u00e9craser d\u2019un coup de p\u00e9dale, mais qui le fait avec une \u00e9l\u00e9gance d\u00e9concertante. Ce VUS fait partie [&hellip;]<\/p>\n","protected":false},"author":8,"featured_media":181006,"comment_status":"close","ping_status":"closed","sticky":false,"template":"","format":"standard","meta":{"_monsterinsights_skip_tracking":false,"_monsterinsights_sitenote_active":false,"_monsterinsights_sitenote_note":"","_monsterinsights_sitenote_category":0,"footnotes":""},"categories":[101],"tags":[],"yoast_head":"<!-- This site is optimized with the Yoast SEO plugin v23.2 - https:\/\/yoast.com\/wordpress\/plugins\/seo\/ -->\n<title>Audi RSQ8 2025\u00a0 - CanadaMotorJobs.com<\/title>\n<meta name=\"description\" content=\"Audi RSQ8 2025\u00a0 - Benoit Charette - Annuel automobile - CanadaMotorJobs.com.\" \/>\n<meta name=\"robots\" content=\"index, follow, max-snippet:-1, max-image-preview:large, max-video-preview:-1\" \/>\n<meta property=\"og:locale\" content=\"fr_CA\" \/>\n<meta property=\"og:type\" content=\"article\" \/>\n<meta property=\"og:title\" content=\"Audi RSQ8 2025\u00a0 - CanadaMotorJobs.com\" \/>\n<meta property=\"og:description\" content=\"Audi RSQ8 2025\u00a0 - Benoit Charette - Annuel automobile - CanadaMotorJobs.com.\" \/>\n<meta property=\"og:url\" content=\"https:\/\/news.canadamotorjobs.com\/fr\/audi-rsq8-2025\/\" \/>\n<meta property=\"og:site_name\" content=\"CanadaMotorJobs.com\" \/>\n<meta property=\"article:publisher\" content=\"https:\/\/www.facebook.com\/canadamotorjobs\/\" \/>\n<meta property=\"article:published_time\" content=\"2024-11-07T13:55:52+00:00\" \/>\n<meta property=\"article:modified_time\" content=\"2024-11-07T13:58:46+00:00\" \/>\n<meta property=\"og:image\" content=\"https:\/\/news.canadamotorjobs.com\/wp-content\/uploads\/2024\/11\/Audi_RS_Q8_performance_satelite_silver_DSF3002.jpg\" \/>\n\t<meta property=\"og:image:width\" content=\"1067\" \/>\n\t<meta property=\"og:image:height\" content=\"800\" \/>\n\t<meta property=\"og:image:type\" content=\"image\/jpeg\" \/>\n<meta name=\"author\" content=\"Benoit Charette\" \/>\n<meta name=\"twitter:card\" content=\"summary_large_image\" \/>\n<meta name=\"twitter:creator\" content=\"@canadamotorjobs\" \/>\n<meta name=\"twitter:site\" content=\"@canadamotorjobs\" \/>\n<meta name=\"twitter:label1\" content=\"\u00c9crit par\" \/>\n\t<meta name=\"twitter:data1\" content=\"Benoit Charette\" \/>\n\t<meta name=\"twitter:label2\" content=\"Estimation du temps de lecture\" \/>\n\t<meta name=\"twitter:data2\" content=\"7 minutes\" \/>\n<!-- \/ Yoast SEO plugin. -->","yoast_head_json":{"title":"Audi RSQ8 2025\u00a0 - CanadaMotorJobs.com","description":"Audi RSQ8 2025\u00a0 - Benoit Charette - Annuel automobile - CanadaMotorJobs.com.","robots":{"index":"index","follow":"follow","max-snippet":"max-snippet:-1","max-image-preview":"max-image-preview:large","max-video-preview":"max-video-preview:-1"},"og_locale":"fr_CA","og_type":"article","og_title":"Audi RSQ8 2025\u00a0 - CanadaMotorJobs.com","og_description":"Audi RSQ8 2025\u00a0 - Benoit Charette - Annuel automobile - CanadaMotorJobs.com.","og_url":"https:\/\/news.canadamotorjobs.com\/fr\/audi-rsq8-2025\/","og_site_name":"CanadaMotorJobs.com","article_publisher":"https:\/\/www.facebook.com\/canadamotorjobs\/","article_published_time":"2024-11-07T13:55:52+00:00","article_modified_time":"2024-11-07T13:58:46+00:00","og_image":[{"width":1067,"height":800,"url":"https:\/\/news.canadamotorjobs.com\/wp-content\/uploads\/2024\/11\/Audi_RS_Q8_performance_satelite_silver_DSF3002.jpg","type":"image\/jpeg"}],"author":"Benoit Charette","twitter_card":"summary_large_image","twitter_creator":"@canadamotorjobs","twitter_site":"@canadamotorjobs","twitter_misc":{"\u00c9crit par":"Benoit Charette","Estimation du temps de lecture":"7 minutes"},"schema":{"@context":"https:\/\/schema.org","@graph":[{"@type":"Article","@id":"https:\/\/news.canadamotorjobs.com\/fr\/audi-rsq8-2025\/#article","isPartOf":{"@id":"https:\/\/news.canadamotorjobs.com\/fr\/audi-rsq8-2025\/"},"author":{"name":"Benoit Charette","@id":"https:\/\/news.canadamotorjobs.com\/#\/schema\/person\/51793d1f87d44011d7bcc2ed99269a90"},"headline":"Audi RSQ8 2025\u00a0","datePublished":"2024-11-07T13:55:52+00:00","dateModified":"2024-11-07T13:58:46+00:00","mainEntityOfPage":{"@id":"https:\/\/news.canadamotorjobs.com\/fr\/audi-rsq8-2025\/"},"wordCount":1347,"publisher":{"@id":"https:\/\/news.canadamotorjobs.com\/#organization"},"image":{"@id":"https:\/\/news.canadamotorjobs.com\/fr\/audi-rsq8-2025\/#primaryimage"},"thumbnailUrl":"https:\/\/news.canadamotorjobs.com\/wp-content\/uploads\/2024\/11\/Audi_RS_Q8_performance_satelite_silver_DSF3002.jpg","articleSection":["Annuel automobile"],"inLanguage":"fr-CA"},{"@type":"WebPage","@id":"https:\/\/news.canadamotorjobs.com\/fr\/audi-rsq8-2025\/","url":"https:\/\/news.canadamotorjobs.com\/fr\/audi-rsq8-2025\/","name":"Audi RSQ8 2025\u00a0 - CanadaMotorJobs.com","isPartOf":{"@id":"https:\/\/news.canadamotorjobs.com\/#website"},"primaryImageOfPage":{"@id":"https:\/\/news.canadamotorjobs.com\/fr\/audi-rsq8-2025\/#primaryimage"},"image":{"@id":"https:\/\/news.canadamotorjobs.com\/fr\/audi-rsq8-2025\/#primaryimage"},"thumbnailUrl":"https:\/\/news.canadamotorjobs.com\/wp-content\/uploads\/2024\/11\/Audi_RS_Q8_performance_satelite_silver_DSF3002.jpg","datePublished":"2024-11-07T13:55:52+00:00","dateModified":"2024-11-07T13:58:46+00:00","description":"Audi RSQ8 2025\u00a0 - Benoit Charette - Annuel automobile - CanadaMotorJobs.com.","breadcrumb":{"@id":"https:\/\/news.canadamotorjobs.com\/fr\/audi-rsq8-2025\/#breadcrumb"},"inLanguage":"fr-CA","potentialAction":[{"@type":"ReadAction","target":["https:\/\/news.canadamotorjobs.com\/fr\/audi-rsq8-2025\/"]}]},{"@type":"ImageObject","inLanguage":"fr-CA","@id":"https:\/\/news.canadamotorjobs.com\/fr\/audi-rsq8-2025\/#primaryimage","url":"https:\/\/news.canadamotorjobs.com\/wp-content\/uploads\/2024\/11\/Audi_RS_Q8_performance_satelite_silver_DSF3002.jpg","contentUrl":"https:\/\/news.canadamotorjobs.com\/wp-content\/uploads\/2024\/11\/Audi_RS_Q8_performance_satelite_silver_DSF3002.jpg","width":1067,"height":800},{"@type":"BreadcrumbList","@id":"https:\/\/news.canadamotorjobs.com\/fr\/audi-rsq8-2025\/#breadcrumb","itemListElement":[{"@type":"ListItem","position":1,"name":"Home","item":"https:\/\/news.canadamotorjobs.com\/fr\/blog\/"},{"@type":"ListItem","position":2,"name":"Audi RSQ8 2025\u00a0"}]},{"@type":"WebSite","@id":"https:\/\/news.canadamotorjobs.com\/#website","url":"https:\/\/news.canadamotorjobs.com\/","name":"CanadaMotorJobs.com","description":"Automotive Jobs","publisher":{"@id":"https:\/\/news.canadamotorjobs.com\/#organization"},"potentialAction":[{"@type":"SearchAction","target":{"@type":"EntryPoint","urlTemplate":"https:\/\/news.canadamotorjobs.com\/?s={search_term_string}"},"query-input":"required name=search_term_string"}],"inLanguage":"fr-CA"},{"@type":"Organization","@id":"https:\/\/news.canadamotorjobs.com\/#organization","name":"Canada Motor Jobs","url":"https:\/\/news.canadamotorjobs.com\/","logo":{"@type":"ImageObject","inLanguage":"fr-CA","@id":"https:\/\/news.canadamotorjobs.com\/#\/schema\/logo\/image\/","url":"https:\/\/news.canadamotorjobs.com\/wp-content\/uploads\/2022\/10\/logo-canada-motor-jobs-1.png","contentUrl":"https:\/\/news.canadamotorjobs.com\/wp-content\/uploads\/2022\/10\/logo-canada-motor-jobs-1.png","width":800,"height":400,"caption":"Canada Motor Jobs"},"image":{"@id":"https:\/\/news.canadamotorjobs.com\/#\/schema\/logo\/image\/"},"sameAs":["https:\/\/www.facebook.com\/canadamotorjobs\/","https:\/\/x.com\/canadamotorjobs","https:\/\/www.instagram.com\/canadamotorjobs\/","https:\/\/www.linkedin.com\/company\/canadamotorjobs"]},{"@type":"Person","@id":"https:\/\/news.canadamotorjobs.com\/#\/schema\/person\/51793d1f87d44011d7bcc2ed99269a90","name":"Benoit Charette","image":{"@type":"ImageObject","inLanguage":"fr-CA","@id":"https:\/\/news.canadamotorjobs.com\/#\/schema\/person\/image\/","url":"https:\/\/secure.gravatar.com\/avatar\/45f3d2eebcccd909668d7ce7ea7267b6?s=96&d=mm&r=g","contentUrl":"https:\/\/secure.gravatar.com\/avatar\/45f3d2eebcccd909668d7ce7ea7267b6?s=96&d=mm&r=g","caption":"Benoit Charette"},"description":"Benoit Charette \/ Propri\u00e9taire et r\u00e9dacteur en chef Benoit Charette pratique le journalisme automobile depuis bient\u00f4t 30 ans. Il a fait ses classes au c\u00f4t\u00e9 de Daniel H\u00e9raud et au Carnet de route de 1992 \u00e0 2001. Il est fondateur, copropri\u00e9taire et r\u00e9dacteur en chef de L\u2019Annuel de l\u2019automobile, qu\u2019il publie depuis 2001. Il a anim\u00e9 les \u00e9missions RPM et RPM+ sur V et les L\u00e9gendes de la route sur Historia. \u00c0 la radio depuis 1986, il reprend l\u2019antenne cette ann\u00e9e sur les ondes de Cogeco et participe pour la deuxi\u00e8me ann\u00e9e \u00e0 l\u2019\u00e9mission Passion Auto sur RDS en plus de mettre en ligne le site Web officiel de L\u2019Annuel de l\u2019automobile sur annuelauto.ca.","sameAs":["https:\/\/annuelauto.ca\/"],"url":"https:\/\/news.canadamotorjobs.com\/fr\/author\/benoit-charette\/"}]}},"_links":{"self":[{"href":"https:\/\/news.canadamotorjobs.com\/fr\/wp-json\/wp\/v2\/posts\/181004"}],"collection":[{"href":"https:\/\/news.canadamotorjobs.com\/fr\/wp-json\/wp\/v2\/posts"}],"about":[{"href":"https:\/\/news.canadamotorjobs.com\/fr\/wp-json\/wp\/v2\/types\/post"}],"author":[{"embeddable":true,"href":"https:\/\/news.canadamotorjobs.com\/fr\/wp-json\/wp\/v2\/users\/8"}],"replies":[{"embeddable":true,"href":"https:\/\/news.canadamotorjobs.com\/fr\/wp-json\/wp\/v2\/comments?post=181004"}],"version-history":[{"count":2,"href":"https:\/\/news.canadamotorjobs.com\/fr\/wp-json\/wp\/v2\/posts\/181004\/revisions"}],"predecessor-version":[{"id":181008,"href":"https:\/\/news.canadamotorjobs.com\/fr\/wp-json\/wp\/v2\/posts\/181004\/revisions\/181008"}],"wp:featuredmedia":[{"embeddable":true,"href":"https:\/\/news.canadamotorjobs.com\/fr\/wp-json\/wp\/v2\/media\/181006"}],"wp:attachment":[{"href":"https:\/\/news.canadamotorjobs.com\/fr\/wp-json\/wp\/v2\/media?parent=181004"}],"wp:term":[{"taxonomy":"category","embeddable":true,"href":"https:\/\/news.canadamotorjobs.com\/fr\/wp-json\/wp\/v2\/categories?post=181004"},{"taxonomy":"post_tag","embeddable":true,"href":"https:\/\/news.canadamotorjobs.com\/fr\/wp-json\/wp\/v2\/tags?post=181004"}],"curies":[{"name":"wp","href":"https:\/\/api.w.org\/{rel}","templated":true}]}}