{"id":180981,"date":"2024-11-07T08:20:54","date_gmt":"2024-11-07T13:20:54","guid":{"rendered":"https:\/\/news.canadamotorjobs.com\/?p=180981"},"modified":"2024-11-07T08:28:56","modified_gmt":"2024-11-07T13:28:56","slug":"byd-annule-son-plan-dexpansion-au-canada","status":"publish","type":"post","link":"https:\/\/news.canadamotorjobs.com\/fr\/byd-annule-son-plan-dexpansion-au-canada\/","title":{"rendered":"BYD annule son plan d\u2019expansion au Canada"},"content":{"rendered":"<\/p>\n<p>Le constructeur chinois BYD Auto Co. a d\u00e9cid\u00e9 de suspendre ses plans d&#8217;entr\u00e9e sur le march\u00e9 canadien des v\u00e9hicules \u00e9lectriques, en r\u00e9ponse \u00e0 un tarif douanier f\u00e9d\u00e9ral de 100 % appliqu\u00e9 aux importations de v\u00e9hicules \u00e9lectriques (VE) en provenance de Chine. Durant l&#8217;\u00e9t\u00e9, BYD avait multipli\u00e9 les rencontres avec des concessionnaires canadiens pour envisager un r\u00e9seau de distribution et engag\u00e9 des lobbyistes pour travailler avec les gouvernements f\u00e9d\u00e9ral et ontarien.<\/p>\n<h3>Fin des discussions avec le gouvernement canadien<\/h3>\n<p>\nLe 26 ao\u00fbt dernier, le Canada a adopt\u00e9 des tarifs douaniers similaires \u00e0 ceux des \u00c9tats-Unis, imposant une taxe lourde sur les v\u00e9hicules chinois. Depuis cette d\u00e9cision, BYD a interrompu ses dialogues avec les autorit\u00e9s canadiennes, mettant ainsi en veille son projet de commercialisation de VE au Canada. Les n\u00e9gociations avec les partenaires potentiels en distribution sont maintenant en pause, selon des sources de l&#8217;industrie, bien qu&#8217;aucune d\u00e9cision d\u00e9finitive n&#8217;ait \u00e9t\u00e9 prise.<\/p>\n<h3>BYD et la capacit\u00e9 \u00e0 absorber les co\u00fbts<\/h3>\n<p>\nBien que certains mod\u00e8les phares de BYD, comme l\u2019Atto 3 et le Seal, soient d\u00e9j\u00e0 en vente en Europe \u00e0 des prix comp\u00e9titifs, le tarif de 100 % impos\u00e9 au Canada ferait grimper leurs co\u00fbts pour les consommateurs canadiens. Selon Lei Xing, analyste sp\u00e9cialis\u00e9 dans l&#8217;industrie automobile chinoise, m\u00eame si BYD a la capacit\u00e9 de lancer certains mod\u00e8les malgr\u00e9 la taxe, il reste incertain si les prix resteront attrayants pour les Canadiens.<\/p>\n<h3>Une strat\u00e9gie de production locale \u00e0 envisager<\/h3>\n<p>\nMalgr\u00e9 les d\u00e9fis, plusieurs analystes estiment que les marques chinoises, dont BYD, poursuivront leurs efforts pour percer le march\u00e9 nord-am\u00e9ricain \u00e0 long terme. Sam Fiorani, vice-pr\u00e9sident de la pr\u00e9vision automobile globale chez AutoForecast Solutions, pr\u00e9voit que ces marques chercheront \u00e0 imiter le mod\u00e8le japonais des ann\u00e9es 1980 et 1990 en construisant des usines en Am\u00e9rique du Nord, renfor\u00e7ant ainsi leur part de march\u00e9 et leur notori\u00e9t\u00e9.<\/p>\n<h3>Une option d&#8217;importation indirecte?<\/h3>\n<p>\nFace aux restrictions, une option pour BYD pourrait \u00eatre d&#8217;importer ses v\u00e9hicules \u00e0 partir de pays tiers pour \u00e9viter les tarifs canadiens, actuellement limit\u00e9s aux VE en provenance de Chine. Cependant, le r\u00e9seau de production de BYD hors de Chine est actuellement con\u00e7u pour des march\u00e9s r\u00e9gionaux, ce qui limite les alternatives.<\/p>\n<h3>Vers des restrictions technologiques<\/h3>\n<p>\nEn septembre, le d\u00e9partement du Commerce des \u00c9tats-Unis a propos\u00e9 une interdiction des technologies chinoises pour les v\u00e9hicules connect\u00e9s, invoquant des raisons de s\u00e9curit\u00e9 nationale. Le Canada envisage des mesures similaires, ce qui pourrait compliquer davantage l&#8217;entr\u00e9e de BYD sur le march\u00e9 nord-am\u00e9ricain. Avec ces d\u00e9fis, l&#8217;entr\u00e9e de BYD au Canada semble remise en question pour le moment, bien que les ambitions du constructeur pour le march\u00e9 nord-am\u00e9ricain demeurent.<\/p>\n<p>Avec des renseignements d&#8217;automotive News Canada<\/p>\n<p>Le texte <a rel=\"nofollow\" href=\"https:\/\/annuelauto.ca\/byd-annule-son-plan-dexpansion-au-canada\/\">BYD annule son plan d\u2019expansion au Canada<\/a> provient de <a rel=\"nofollow\" href=\"https:\/\/annuelauto.ca\">L&#8217;annuel de l&#8217;automobile &#8211; Actualit\u00e9 automobile<\/a><\/p>\n<p><\/p>\n","protected":false},"excerpt":{"rendered":"<p>Le constructeur chinois BYD Auto Co. a d\u00e9cid\u00e9 de suspendre ses plans d&#8217;entr\u00e9e sur le march\u00e9 canadien des v\u00e9hicules \u00e9lectriques, en r\u00e9ponse \u00e0 un tarif douanier f\u00e9d\u00e9ral de 100 % appliqu\u00e9 aux importations de v\u00e9hicules \u00e9lectriques (VE) en provenance de Chine. Durant l&#8217;\u00e9t\u00e9, BYD avait multipli\u00e9 les rencontres avec des concessionnaires canadiens pour envisager un [&hellip;]<\/p>\n","protected":false},"author":8,"featured_media":180983,"comment_status":"close","ping_status":"closed","sticky":false,"template":"","format":"standard","meta":{"_monsterinsights_skip_tracking":false,"_monsterinsights_sitenote_active":false,"_monsterinsights_sitenote_note":"","_monsterinsights_sitenote_category":0,"footnotes":""},"categories":[101],"tags":[],"yoast_head":"<!-- This site is optimized with the Yoast SEO plugin v23.2 - https:\/\/yoast.com\/wordpress\/plugins\/seo\/ -->\n<title>BYD annule son plan d\u2019expansion au Canada - CanadaMotorJobs.com<\/title>\n<meta name=\"description\" content=\"BYD annule son plan d\u2019expansion au Canada - Benoit Charette - Annuel automobile - CanadaMotorJobs.com.\" \/>\n<meta name=\"robots\" content=\"index, follow, max-snippet:-1, max-image-preview:large, max-video-preview:-1\" \/>\n<meta property=\"og:locale\" content=\"fr_CA\" \/>\n<meta property=\"og:type\" content=\"article\" \/>\n<meta property=\"og:title\" content=\"BYD annule son plan d\u2019expansion au Canada - CanadaMotorJobs.com\" \/>\n<meta property=\"og:description\" content=\"BYD annule son plan d\u2019expansion au Canada - Benoit Charette - Annuel automobile - CanadaMotorJobs.com.\" \/>\n<meta property=\"og:url\" content=\"https:\/\/news.canadamotorjobs.com\/fr\/byd-annule-son-plan-dexpansion-au-canada\/\" \/>\n<meta property=\"og:site_name\" content=\"CanadaMotorJobs.com\" \/>\n<meta property=\"article:publisher\" content=\"https:\/\/www.facebook.com\/canadamotorjobs\/\" \/>\n<meta property=\"article:published_time\" content=\"2024-11-07T13:20:54+00:00\" \/>\n<meta property=\"article:modified_time\" content=\"2024-11-07T13:28:56+00:00\" \/>\n<meta property=\"og:image\" content=\"https:\/\/news.canadamotorjobs.com\/wp-content\/uploads\/2024\/11\/unnamed.jpg\" \/>\n\t<meta property=\"og:image:width\" content=\"900\" \/>\n\t<meta property=\"og:image:height\" content=\"900\" \/>\n\t<meta property=\"og:image:type\" content=\"image\/jpeg\" \/>\n<meta name=\"author\" content=\"Benoit Charette\" \/>\n<meta name=\"twitter:card\" content=\"summary_large_image\" \/>\n<meta name=\"twitter:creator\" content=\"@canadamotorjobs\" \/>\n<meta name=\"twitter:site\" content=\"@canadamotorjobs\" \/>\n<meta name=\"twitter:label1\" content=\"\u00c9crit par\" \/>\n\t<meta name=\"twitter:data1\" content=\"Benoit Charette\" \/>\n\t<meta name=\"twitter:label2\" content=\"Estimation du temps de lecture\" \/>\n\t<meta name=\"twitter:data2\" content=\"2 minutes\" \/>\n<!-- \/ Yoast SEO plugin. -->","yoast_head_json":{"title":"BYD annule son plan d\u2019expansion au Canada - CanadaMotorJobs.com","description":"BYD annule son plan d\u2019expansion au Canada - Benoit Charette - Annuel automobile - CanadaMotorJobs.com.","robots":{"index":"index","follow":"follow","max-snippet":"max-snippet:-1","max-image-preview":"max-image-preview:large","max-video-preview":"max-video-preview:-1"},"og_locale":"fr_CA","og_type":"article","og_title":"BYD annule son plan d\u2019expansion au Canada - CanadaMotorJobs.com","og_description":"BYD annule son plan d\u2019expansion au Canada - Benoit Charette - Annuel automobile - CanadaMotorJobs.com.","og_url":"https:\/\/news.canadamotorjobs.com\/fr\/byd-annule-son-plan-dexpansion-au-canada\/","og_site_name":"CanadaMotorJobs.com","article_publisher":"https:\/\/www.facebook.com\/canadamotorjobs\/","article_published_time":"2024-11-07T13:20:54+00:00","article_modified_time":"2024-11-07T13:28:56+00:00","og_image":[{"width":900,"height":900,"url":"https:\/\/news.canadamotorjobs.com\/wp-content\/uploads\/2024\/11\/unnamed.jpg","type":"image\/jpeg"}],"author":"Benoit Charette","twitter_card":"summary_large_image","twitter_creator":"@canadamotorjobs","twitter_site":"@canadamotorjobs","twitter_misc":{"\u00c9crit par":"Benoit Charette","Estimation du temps de lecture":"2 minutes"},"schema":{"@context":"https:\/\/schema.org","@graph":[{"@type":"Article","@id":"https:\/\/news.canadamotorjobs.com\/fr\/byd-annule-son-plan-dexpansion-au-canada\/#article","isPartOf":{"@id":"https:\/\/news.canadamotorjobs.com\/fr\/byd-annule-son-plan-dexpansion-au-canada\/"},"author":{"name":"Benoit Charette","@id":"https:\/\/news.canadamotorjobs.com\/#\/schema\/person\/51793d1f87d44011d7bcc2ed99269a90"},"headline":"BYD annule son plan d\u2019expansion au Canada","datePublished":"2024-11-07T13:20:54+00:00","dateModified":"2024-11-07T13:28:56+00:00","mainEntityOfPage":{"@id":"https:\/\/news.canadamotorjobs.com\/fr\/byd-annule-son-plan-dexpansion-au-canada\/"},"wordCount":511,"publisher":{"@id":"https:\/\/news.canadamotorjobs.com\/#organization"},"image":{"@id":"https:\/\/news.canadamotorjobs.com\/fr\/byd-annule-son-plan-dexpansion-au-canada\/#primaryimage"},"thumbnailUrl":"https:\/\/news.canadamotorjobs.com\/wp-content\/uploads\/2024\/11\/unnamed.jpg","articleSection":["Annuel automobile"],"inLanguage":"fr-CA"},{"@type":"WebPage","@id":"https:\/\/news.canadamotorjobs.com\/fr\/byd-annule-son-plan-dexpansion-au-canada\/","url":"https:\/\/news.canadamotorjobs.com\/fr\/byd-annule-son-plan-dexpansion-au-canada\/","name":"BYD annule son plan d\u2019expansion au Canada - CanadaMotorJobs.com","isPartOf":{"@id":"https:\/\/news.canadamotorjobs.com\/#website"},"primaryImageOfPage":{"@id":"https:\/\/news.canadamotorjobs.com\/fr\/byd-annule-son-plan-dexpansion-au-canada\/#primaryimage"},"image":{"@id":"https:\/\/news.canadamotorjobs.com\/fr\/byd-annule-son-plan-dexpansion-au-canada\/#primaryimage"},"thumbnailUrl":"https:\/\/news.canadamotorjobs.com\/wp-content\/uploads\/2024\/11\/unnamed.jpg","datePublished":"2024-11-07T13:20:54+00:00","dateModified":"2024-11-07T13:28:56+00:00","description":"BYD annule son plan d\u2019expansion au Canada - Benoit Charette - Annuel automobile - CanadaMotorJobs.com.","breadcrumb":{"@id":"https:\/\/news.canadamotorjobs.com\/fr\/byd-annule-son-plan-dexpansion-au-canada\/#breadcrumb"},"inLanguage":"fr-CA","potentialAction":[{"@type":"ReadAction","target":["https:\/\/news.canadamotorjobs.com\/fr\/byd-annule-son-plan-dexpansion-au-canada\/"]}]},{"@type":"ImageObject","inLanguage":"fr-CA","@id":"https:\/\/news.canadamotorjobs.com\/fr\/byd-annule-son-plan-dexpansion-au-canada\/#primaryimage","url":"https:\/\/news.canadamotorjobs.com\/wp-content\/uploads\/2024\/11\/unnamed.jpg","contentUrl":"https:\/\/news.canadamotorjobs.com\/wp-content\/uploads\/2024\/11\/unnamed.jpg","width":900,"height":900},{"@type":"BreadcrumbList","@id":"https:\/\/news.canadamotorjobs.com\/fr\/byd-annule-son-plan-dexpansion-au-canada\/#breadcrumb","itemListElement":[{"@type":"ListItem","position":1,"name":"Home","item":"https:\/\/news.canadamotorjobs.com\/fr\/blog\/"},{"@type":"ListItem","position":2,"name":"BYD annule son plan d\u2019expansion au Canada"}]},{"@type":"WebSite","@id":"https:\/\/news.canadamotorjobs.com\/#website","url":"https:\/\/news.canadamotorjobs.com\/","name":"CanadaMotorJobs.com","description":"Automotive Jobs","publisher":{"@id":"https:\/\/news.canadamotorjobs.com\/#organization"},"potentialAction":[{"@type":"SearchAction","target":{"@type":"EntryPoint","urlTemplate":"https:\/\/news.canadamotorjobs.com\/?s={search_term_string}"},"query-input":"required name=search_term_string"}],"inLanguage":"fr-CA"},{"@type":"Organization","@id":"https:\/\/news.canadamotorjobs.com\/#organization","name":"Canada Motor Jobs","url":"https:\/\/news.canadamotorjobs.com\/","logo":{"@type":"ImageObject","inLanguage":"fr-CA","@id":"https:\/\/news.canadamotorjobs.com\/#\/schema\/logo\/image\/","url":"https:\/\/news.canadamotorjobs.com\/wp-content\/uploads\/2022\/10\/logo-canada-motor-jobs-1.png","contentUrl":"https:\/\/news.canadamotorjobs.com\/wp-content\/uploads\/2022\/10\/logo-canada-motor-jobs-1.png","width":800,"height":400,"caption":"Canada Motor Jobs"},"image":{"@id":"https:\/\/news.canadamotorjobs.com\/#\/schema\/logo\/image\/"},"sameAs":["https:\/\/www.facebook.com\/canadamotorjobs\/","https:\/\/x.com\/canadamotorjobs","https:\/\/www.instagram.com\/canadamotorjobs\/","https:\/\/www.linkedin.com\/company\/canadamotorjobs"]},{"@type":"Person","@id":"https:\/\/news.canadamotorjobs.com\/#\/schema\/person\/51793d1f87d44011d7bcc2ed99269a90","name":"Benoit Charette","image":{"@type":"ImageObject","inLanguage":"fr-CA","@id":"https:\/\/news.canadamotorjobs.com\/#\/schema\/person\/image\/","url":"https:\/\/secure.gravatar.com\/avatar\/45f3d2eebcccd909668d7ce7ea7267b6?s=96&d=mm&r=g","contentUrl":"https:\/\/secure.gravatar.com\/avatar\/45f3d2eebcccd909668d7ce7ea7267b6?s=96&d=mm&r=g","caption":"Benoit Charette"},"description":"Benoit Charette \/ Propri\u00e9taire et r\u00e9dacteur en chef Benoit Charette pratique le journalisme automobile depuis bient\u00f4t 30 ans. Il a fait ses classes au c\u00f4t\u00e9 de Daniel H\u00e9raud et au Carnet de route de 1992 \u00e0 2001. Il est fondateur, copropri\u00e9taire et r\u00e9dacteur en chef de L\u2019Annuel de l\u2019automobile, qu\u2019il publie depuis 2001. Il a anim\u00e9 les \u00e9missions RPM et RPM+ sur V et les L\u00e9gendes de la route sur Historia. \u00c0 la radio depuis 1986, il reprend l\u2019antenne cette ann\u00e9e sur les ondes de Cogeco et participe pour la deuxi\u00e8me ann\u00e9e \u00e0 l\u2019\u00e9mission Passion Auto sur RDS en plus de mettre en ligne le site Web officiel de L\u2019Annuel de l\u2019automobile sur annuelauto.ca.","sameAs":["https:\/\/annuelauto.ca\/"],"url":"https:\/\/news.canadamotorjobs.com\/fr\/author\/benoit-charette\/"}]}},"_links":{"self":[{"href":"https:\/\/news.canadamotorjobs.com\/fr\/wp-json\/wp\/v2\/posts\/180981"}],"collection":[{"href":"https:\/\/news.canadamotorjobs.com\/fr\/wp-json\/wp\/v2\/posts"}],"about":[{"href":"https:\/\/news.canadamotorjobs.com\/fr\/wp-json\/wp\/v2\/types\/post"}],"author":[{"embeddable":true,"href":"https:\/\/news.canadamotorjobs.com\/fr\/wp-json\/wp\/v2\/users\/8"}],"replies":[{"embeddable":true,"href":"https:\/\/news.canadamotorjobs.com\/fr\/wp-json\/wp\/v2\/comments?post=180981"}],"version-history":[{"count":2,"href":"https:\/\/news.canadamotorjobs.com\/fr\/wp-json\/wp\/v2\/posts\/180981\/revisions"}],"predecessor-version":[{"id":180985,"href":"https:\/\/news.canadamotorjobs.com\/fr\/wp-json\/wp\/v2\/posts\/180981\/revisions\/180985"}],"wp:featuredmedia":[{"embeddable":true,"href":"https:\/\/news.canadamotorjobs.com\/fr\/wp-json\/wp\/v2\/media\/180983"}],"wp:attachment":[{"href":"https:\/\/news.canadamotorjobs.com\/fr\/wp-json\/wp\/v2\/media?parent=180981"}],"wp:term":[{"taxonomy":"category","embeddable":true,"href":"https:\/\/news.canadamotorjobs.com\/fr\/wp-json\/wp\/v2\/categories?post=180981"},{"taxonomy":"post_tag","embeddable":true,"href":"https:\/\/news.canadamotorjobs.com\/fr\/wp-json\/wp\/v2\/tags?post=180981"}],"curies":[{"name":"wp","href":"https:\/\/api.w.org\/{rel}","templated":true}]}}