{"id":180950,"date":"2024-11-07T08:08:30","date_gmt":"2024-11-07T13:08:30","guid":{"rendered":"https:\/\/news.canadamotorjobs.com\/?p=180950"},"modified":"2024-11-07T08:13:56","modified_gmt":"2024-11-07T13:13:56","slug":"nissan-va-supprimer-9-000-emplois-et-reduire-sa-capacite-de-production","status":"publish","type":"post","link":"https:\/\/news.canadamotorjobs.com\/fr\/nissan-va-supprimer-9-000-emplois-et-reduire-sa-capacite-de-production\/","title":{"rendered":"Nissan va supprimer 9 000 emplois et r\u00e9duire sa capacit\u00e9 de production"},"content":{"rendered":"<\/p>\n<h3>Une crise sans pr\u00e9c\u00e9dent<\/h3>\n<p>\nUne semaine apr\u00e8s Volkswagen, le PDG de Nissan, Makoto Uchida, a annonc\u00e9 une s\u00e9rie de mesures drastiques pour redresser l\u2019entreprise, affirmant que la situation actuelle est \u00ab extr\u00eamement difficile \u00bb. \u00c0 la cl\u00e9 : suppression de 9 000 emplois, r\u00e9duction de 20 % de la capacit\u00e9 de production mondiale et vente d\u2019une partie des actions d\u00e9tenues dans Mitsubishi Motors.<\/p>\n<h3>Une perte financi\u00e8re qui force la main<\/h3>\n<p>\nLors de la pr\u00e9sentation des r\u00e9sultats du dernier trimestre, Uchida a d\u00e9clar\u00e9 que Nissan avait subi une perte nette et qu&#8217;il allait r\u00e9duire ses pr\u00e9visions de ventes et de b\u00e9n\u00e9fices pour l&#8217;ann\u00e9e. En plus, il a annul\u00e9 les objectifs pr\u00e9c\u00e9dents, invoquant l\u2019impr\u00e9visibilit\u00e9 du march\u00e9.<\/p>\n<h3>Restructuration de la direction<\/h3>\n<p>\nGuillaume Cartier est promu au poste de chef de la performance pour superviser les ventes et les profits dans les r\u00e9gions d\u2019Europe, d\u2019Afrique, du Moyen-Orient, de l\u2019Inde et de l\u2019Oc\u00e9anie. Uchida a aussi pr\u00e9cis\u00e9 qu\u2019il allait r\u00e9duire de moiti\u00e9 sa propre r\u00e9mun\u00e9ration pour assumer la responsabilit\u00e9 de cette crise.<\/p>\n<h3>Objectifs de r\u00e9duction des co\u00fbts<\/h3>\n<p>\nNissan vise une r\u00e9duction des co\u00fbts fixes de 300 milliards de yens (2,12 milliards de dollars US) et des co\u00fbts variables de 100 milliards de yens (703,2 millions de dollars US). La restructuration inclut une diminution du nombre de lignes de production, ce qui, selon le directeur des op\u00e9rations Hideyuki Sakamoto, augmentera l\u2019efficacit\u00e9 de l\u2019entreprise.<\/p>\n<h3>Retrait partiel de Mitsubishi Motors<\/h3>\n<p>\nNissan vendra pr\u00e8s d\u2019un tiers de sa participation de 34 % dans Mitsubishi Motors pour renforcer sa flexibilit\u00e9 financi\u00e8re et d\u00e9gager des opportunit\u00e9s de croissance.<\/p>\n<h3>R\u00e9sultats en chute libre<\/h3>\n<p>\nLa production de Nissan a chut\u00e9 de 8,3 % au cours du dernier trimestre, avec une baisse des ventes dans des march\u00e9s cl\u00e9s comme l\u2019Europe et la Chine. Les incitatifs co\u00fbteux offerts aux \u00c9tats-Unis ont contribu\u00e9 \u00e0 diminuer le b\u00e9n\u00e9fice d\u2019exploitation de l\u2019entreprise, impactant la rentabilit\u00e9 globale.<\/p>\n<h3>Nouvelles orientations produits<\/h3>\n<p>\nNissan acc\u00e9l\u00e8re le d\u00e9veloppement de mod\u00e8les hybrides pour r\u00e9pondre \u00e0 la demande croissante de v\u00e9hicules \u00e9lectrifi\u00e9s. Deux versions hybrides du populaire Rogue sont attendues, dont une hybride rechargeable en partenariat avec Mitsubishi. De plus, Nissan envisage d\u2019\u00e9liminer deux mod\u00e8les de berlines d\u2019ici la fin de la d\u00e9cennie.<\/p>\n<h3>Pr\u00e9visions r\u00e9duites pour 2025<\/h3>\n<p>\nPour l\u2019ann\u00e9e fiscale en cours, Nissan a revu \u00e0 la baisse ses pr\u00e9visions de profit op\u00e9rationnel et de ventes. Les livraisons mondiales devraient chuter de 1,2 %, atteignant 3,4 millions de v\u00e9hicules.<\/p>\n<p>Avec des renseignements d&#8217;Automotive News<\/p>\n<p>Le texte <a rel=\"nofollow\" href=\"https:\/\/annuelauto.ca\/nissan-va-supprimer-9-000-emplois\/\">Nissan va supprimer 9 000 emplois et r\u00e9duire sa capacit\u00e9 de production<\/a> provient de <a rel=\"nofollow\" href=\"https:\/\/annuelauto.ca\">L&#8217;annuel de l&#8217;automobile &#8211; Actualit\u00e9 automobile<\/a><\/p>\n<p><\/p>\n","protected":false},"excerpt":{"rendered":"<p>Une crise sans pr\u00e9c\u00e9dent Une semaine apr\u00e8s Volkswagen, le PDG de Nissan, Makoto Uchida, a annonc\u00e9 une s\u00e9rie de mesures drastiques pour redresser l\u2019entreprise, affirmant que la situation actuelle est \u00ab extr\u00eamement difficile \u00bb. \u00c0 la cl\u00e9 : suppression de 9 000 emplois, r\u00e9duction de 20 % de la capacit\u00e9 de production mondiale et vente [&hellip;]<\/p>\n","protected":false},"author":8,"featured_media":180952,"comment_status":"close","ping_status":"closed","sticky":false,"template":"","format":"standard","meta":{"_monsterinsights_skip_tracking":false,"_monsterinsights_sitenote_active":false,"_monsterinsights_sitenote_note":"","_monsterinsights_sitenote_category":0,"footnotes":""},"categories":[101],"tags":[],"yoast_head":"<!-- This site is optimized with the Yoast SEO plugin v23.2 - https:\/\/yoast.com\/wordpress\/plugins\/seo\/ -->\n<title>Nissan va supprimer 9 000 emplois et r\u00e9duire sa capacit\u00e9 de production - CanadaMotorJobs.com<\/title>\n<meta name=\"description\" content=\"Nissan va supprimer 9 000 emplois et r\u00e9duire sa capacit\u00e9 de production - Benoit Charette - Annuel automobile - CanadaMotorJobs.com.\" \/>\n<meta name=\"robots\" content=\"index, follow, max-snippet:-1, max-image-preview:large, max-video-preview:-1\" \/>\n<meta property=\"og:locale\" content=\"fr_CA\" \/>\n<meta property=\"og:type\" content=\"article\" \/>\n<meta property=\"og:title\" content=\"Nissan va supprimer 9 000 emplois et r\u00e9duire sa capacit\u00e9 de production - CanadaMotorJobs.com\" \/>\n<meta property=\"og:description\" content=\"Nissan va supprimer 9 000 emplois et r\u00e9duire sa capacit\u00e9 de production - Benoit Charette - Annuel automobile - CanadaMotorJobs.com.\" \/>\n<meta property=\"og:url\" content=\"https:\/\/news.canadamotorjobs.com\/fr\/nissan-va-supprimer-9-000-emplois-et-reduire-sa-capacite-de-production\/\" \/>\n<meta property=\"og:site_name\" content=\"CanadaMotorJobs.com\" \/>\n<meta property=\"article:publisher\" content=\"https:\/\/www.facebook.com\/canadamotorjobs\/\" \/>\n<meta property=\"article:published_time\" content=\"2024-11-07T13:08:30+00:00\" \/>\n<meta property=\"article:modified_time\" content=\"2024-11-07T13:13:56+00:00\" \/>\n<meta property=\"og:image\" content=\"https:\/\/news.canadamotorjobs.com\/wp-content\/uploads\/2024\/11\/Nissan-Logo-2001-scaled-1.jpg\" \/>\n\t<meta property=\"og:image:width\" content=\"2560\" \/>\n\t<meta property=\"og:image:height\" content=\"1440\" \/>\n\t<meta property=\"og:image:type\" content=\"image\/jpeg\" \/>\n<meta name=\"author\" content=\"Benoit Charette\" \/>\n<meta name=\"twitter:card\" content=\"summary_large_image\" \/>\n<meta name=\"twitter:creator\" content=\"@canadamotorjobs\" \/>\n<meta name=\"twitter:site\" content=\"@canadamotorjobs\" \/>\n<meta name=\"twitter:label1\" content=\"\u00c9crit par\" \/>\n\t<meta name=\"twitter:data1\" content=\"Benoit Charette\" \/>\n\t<meta name=\"twitter:label2\" content=\"Estimation du temps de lecture\" \/>\n\t<meta name=\"twitter:data2\" content=\"2 minutes\" \/>\n<!-- \/ Yoast SEO plugin. -->","yoast_head_json":{"title":"Nissan va supprimer 9 000 emplois et r\u00e9duire sa capacit\u00e9 de production - CanadaMotorJobs.com","description":"Nissan va supprimer 9 000 emplois et r\u00e9duire sa capacit\u00e9 de production - Benoit Charette - Annuel automobile - CanadaMotorJobs.com.","robots":{"index":"index","follow":"follow","max-snippet":"max-snippet:-1","max-image-preview":"max-image-preview:large","max-video-preview":"max-video-preview:-1"},"og_locale":"fr_CA","og_type":"article","og_title":"Nissan va supprimer 9 000 emplois et r\u00e9duire sa capacit\u00e9 de production - CanadaMotorJobs.com","og_description":"Nissan va supprimer 9 000 emplois et r\u00e9duire sa capacit\u00e9 de production - Benoit Charette - Annuel automobile - CanadaMotorJobs.com.","og_url":"https:\/\/news.canadamotorjobs.com\/fr\/nissan-va-supprimer-9-000-emplois-et-reduire-sa-capacite-de-production\/","og_site_name":"CanadaMotorJobs.com","article_publisher":"https:\/\/www.facebook.com\/canadamotorjobs\/","article_published_time":"2024-11-07T13:08:30+00:00","article_modified_time":"2024-11-07T13:13:56+00:00","og_image":[{"width":2560,"height":1440,"url":"https:\/\/news.canadamotorjobs.com\/wp-content\/uploads\/2024\/11\/Nissan-Logo-2001-scaled-1.jpg","type":"image\/jpeg"}],"author":"Benoit Charette","twitter_card":"summary_large_image","twitter_creator":"@canadamotorjobs","twitter_site":"@canadamotorjobs","twitter_misc":{"\u00c9crit par":"Benoit Charette","Estimation du temps de lecture":"2 minutes"},"schema":{"@context":"https:\/\/schema.org","@graph":[{"@type":"Article","@id":"https:\/\/news.canadamotorjobs.com\/fr\/nissan-va-supprimer-9-000-emplois-et-reduire-sa-capacite-de-production\/#article","isPartOf":{"@id":"https:\/\/news.canadamotorjobs.com\/fr\/nissan-va-supprimer-9-000-emplois-et-reduire-sa-capacite-de-production\/"},"author":{"name":"Benoit Charette","@id":"https:\/\/news.canadamotorjobs.com\/#\/schema\/person\/51793d1f87d44011d7bcc2ed99269a90"},"headline":"Nissan va supprimer 9 000 emplois et r\u00e9duire sa capacit\u00e9 de production","datePublished":"2024-11-07T13:08:30+00:00","dateModified":"2024-11-07T13:13:56+00:00","mainEntityOfPage":{"@id":"https:\/\/news.canadamotorjobs.com\/fr\/nissan-va-supprimer-9-000-emplois-et-reduire-sa-capacite-de-production\/"},"wordCount":485,"publisher":{"@id":"https:\/\/news.canadamotorjobs.com\/#organization"},"image":{"@id":"https:\/\/news.canadamotorjobs.com\/fr\/nissan-va-supprimer-9-000-emplois-et-reduire-sa-capacite-de-production\/#primaryimage"},"thumbnailUrl":"https:\/\/news.canadamotorjobs.com\/wp-content\/uploads\/2024\/11\/Nissan-Logo-2001-scaled-1.jpg","articleSection":["Annuel automobile"],"inLanguage":"fr-CA"},{"@type":"WebPage","@id":"https:\/\/news.canadamotorjobs.com\/fr\/nissan-va-supprimer-9-000-emplois-et-reduire-sa-capacite-de-production\/","url":"https:\/\/news.canadamotorjobs.com\/fr\/nissan-va-supprimer-9-000-emplois-et-reduire-sa-capacite-de-production\/","name":"Nissan va supprimer 9 000 emplois et r\u00e9duire sa capacit\u00e9 de production - CanadaMotorJobs.com","isPartOf":{"@id":"https:\/\/news.canadamotorjobs.com\/#website"},"primaryImageOfPage":{"@id":"https:\/\/news.canadamotorjobs.com\/fr\/nissan-va-supprimer-9-000-emplois-et-reduire-sa-capacite-de-production\/#primaryimage"},"image":{"@id":"https:\/\/news.canadamotorjobs.com\/fr\/nissan-va-supprimer-9-000-emplois-et-reduire-sa-capacite-de-production\/#primaryimage"},"thumbnailUrl":"https:\/\/news.canadamotorjobs.com\/wp-content\/uploads\/2024\/11\/Nissan-Logo-2001-scaled-1.jpg","datePublished":"2024-11-07T13:08:30+00:00","dateModified":"2024-11-07T13:13:56+00:00","description":"Nissan va supprimer 9 000 emplois et r\u00e9duire sa capacit\u00e9 de production - Benoit Charette - Annuel automobile - CanadaMotorJobs.com.","breadcrumb":{"@id":"https:\/\/news.canadamotorjobs.com\/fr\/nissan-va-supprimer-9-000-emplois-et-reduire-sa-capacite-de-production\/#breadcrumb"},"inLanguage":"fr-CA","potentialAction":[{"@type":"ReadAction","target":["https:\/\/news.canadamotorjobs.com\/fr\/nissan-va-supprimer-9-000-emplois-et-reduire-sa-capacite-de-production\/"]}]},{"@type":"ImageObject","inLanguage":"fr-CA","@id":"https:\/\/news.canadamotorjobs.com\/fr\/nissan-va-supprimer-9-000-emplois-et-reduire-sa-capacite-de-production\/#primaryimage","url":"https:\/\/news.canadamotorjobs.com\/wp-content\/uploads\/2024\/11\/Nissan-Logo-2001-scaled-1.jpg","contentUrl":"https:\/\/news.canadamotorjobs.com\/wp-content\/uploads\/2024\/11\/Nissan-Logo-2001-scaled-1.jpg","width":2560,"height":1440},{"@type":"BreadcrumbList","@id":"https:\/\/news.canadamotorjobs.com\/fr\/nissan-va-supprimer-9-000-emplois-et-reduire-sa-capacite-de-production\/#breadcrumb","itemListElement":[{"@type":"ListItem","position":1,"name":"Home","item":"https:\/\/news.canadamotorjobs.com\/fr\/blog\/"},{"@type":"ListItem","position":2,"name":"Nissan va supprimer 9 000 emplois et r\u00e9duire sa capacit\u00e9 de production"}]},{"@type":"WebSite","@id":"https:\/\/news.canadamotorjobs.com\/#website","url":"https:\/\/news.canadamotorjobs.com\/","name":"CanadaMotorJobs.com","description":"Automotive Jobs","publisher":{"@id":"https:\/\/news.canadamotorjobs.com\/#organization"},"potentialAction":[{"@type":"SearchAction","target":{"@type":"EntryPoint","urlTemplate":"https:\/\/news.canadamotorjobs.com\/?s={search_term_string}"},"query-input":"required name=search_term_string"}],"inLanguage":"fr-CA"},{"@type":"Organization","@id":"https:\/\/news.canadamotorjobs.com\/#organization","name":"Canada Motor Jobs","url":"https:\/\/news.canadamotorjobs.com\/","logo":{"@type":"ImageObject","inLanguage":"fr-CA","@id":"https:\/\/news.canadamotorjobs.com\/#\/schema\/logo\/image\/","url":"https:\/\/news.canadamotorjobs.com\/wp-content\/uploads\/2022\/10\/logo-canada-motor-jobs-1.png","contentUrl":"https:\/\/news.canadamotorjobs.com\/wp-content\/uploads\/2022\/10\/logo-canada-motor-jobs-1.png","width":800,"height":400,"caption":"Canada Motor Jobs"},"image":{"@id":"https:\/\/news.canadamotorjobs.com\/#\/schema\/logo\/image\/"},"sameAs":["https:\/\/www.facebook.com\/canadamotorjobs\/","https:\/\/x.com\/canadamotorjobs","https:\/\/www.instagram.com\/canadamotorjobs\/","https:\/\/www.linkedin.com\/company\/canadamotorjobs"]},{"@type":"Person","@id":"https:\/\/news.canadamotorjobs.com\/#\/schema\/person\/51793d1f87d44011d7bcc2ed99269a90","name":"Benoit Charette","image":{"@type":"ImageObject","inLanguage":"fr-CA","@id":"https:\/\/news.canadamotorjobs.com\/#\/schema\/person\/image\/","url":"https:\/\/secure.gravatar.com\/avatar\/45f3d2eebcccd909668d7ce7ea7267b6?s=96&d=mm&r=g","contentUrl":"https:\/\/secure.gravatar.com\/avatar\/45f3d2eebcccd909668d7ce7ea7267b6?s=96&d=mm&r=g","caption":"Benoit Charette"},"description":"Benoit Charette \/ Propri\u00e9taire et r\u00e9dacteur en chef Benoit Charette pratique le journalisme automobile depuis bient\u00f4t 30 ans. Il a fait ses classes au c\u00f4t\u00e9 de Daniel H\u00e9raud et au Carnet de route de 1992 \u00e0 2001. Il est fondateur, copropri\u00e9taire et r\u00e9dacteur en chef de L\u2019Annuel de l\u2019automobile, qu\u2019il publie depuis 2001. Il a anim\u00e9 les \u00e9missions RPM et RPM+ sur V et les L\u00e9gendes de la route sur Historia. \u00c0 la radio depuis 1986, il reprend l\u2019antenne cette ann\u00e9e sur les ondes de Cogeco et participe pour la deuxi\u00e8me ann\u00e9e \u00e0 l\u2019\u00e9mission Passion Auto sur RDS en plus de mettre en ligne le site Web officiel de L\u2019Annuel de l\u2019automobile sur annuelauto.ca.","sameAs":["https:\/\/annuelauto.ca\/"],"url":"https:\/\/news.canadamotorjobs.com\/fr\/author\/benoit-charette\/"}]}},"_links":{"self":[{"href":"https:\/\/news.canadamotorjobs.com\/fr\/wp-json\/wp\/v2\/posts\/180950"}],"collection":[{"href":"https:\/\/news.canadamotorjobs.com\/fr\/wp-json\/wp\/v2\/posts"}],"about":[{"href":"https:\/\/news.canadamotorjobs.com\/fr\/wp-json\/wp\/v2\/types\/post"}],"author":[{"embeddable":true,"href":"https:\/\/news.canadamotorjobs.com\/fr\/wp-json\/wp\/v2\/users\/8"}],"replies":[{"embeddable":true,"href":"https:\/\/news.canadamotorjobs.com\/fr\/wp-json\/wp\/v2\/comments?post=180950"}],"version-history":[{"count":2,"href":"https:\/\/news.canadamotorjobs.com\/fr\/wp-json\/wp\/v2\/posts\/180950\/revisions"}],"predecessor-version":[{"id":180954,"href":"https:\/\/news.canadamotorjobs.com\/fr\/wp-json\/wp\/v2\/posts\/180950\/revisions\/180954"}],"wp:featuredmedia":[{"embeddable":true,"href":"https:\/\/news.canadamotorjobs.com\/fr\/wp-json\/wp\/v2\/media\/180952"}],"wp:attachment":[{"href":"https:\/\/news.canadamotorjobs.com\/fr\/wp-json\/wp\/v2\/media?parent=180950"}],"wp:term":[{"taxonomy":"category","embeddable":true,"href":"https:\/\/news.canadamotorjobs.com\/fr\/wp-json\/wp\/v2\/categories?post=180950"},{"taxonomy":"post_tag","embeddable":true,"href":"https:\/\/news.canadamotorjobs.com\/fr\/wp-json\/wp\/v2\/tags?post=180950"}],"curies":[{"name":"wp","href":"https:\/\/api.w.org\/{rel}","templated":true}]}}